{"id":218514,"date":"2023-09-13T11:59:50","date_gmt":"2023-09-13T14:59:50","guid":{"rendered":"https:\/\/www.manaus.am.gov.br\/semcom\/prefeitura-de-manaus-divulga-programacao-semanal-do-sine-nos-bairros\/"},"modified":"2023-09-13T11:59:52","modified_gmt":"2023-09-13T14:59:52","slug":"prefeitura-de-manaus-divulga-programacao-semanal-do-sine-nos-bairros","status":"publish","type":"post","link":"https:\/\/www.manaus.am.gov.br\/semcom\/prefeitura-de-manaus-divulga-programacao-semanal-do-sine-nos-bairros\/","title":{"rendered":"<strong>Prefeitura de Manaus divulga programa\u00e7\u00e3o semanal do \u2018Sine nos Bairros\u2019<\/strong>"},"content":{"rendered":"\n<p>Com a proposta de expandir os servi\u00e7os de empregabilidade na capital, a Prefeitura de Manaus, por meio da Secretaria Municipal do Trabalho, Empreendedorismo e Inova\u00e7\u00e3o (Semtepi), divulga, nesta quarta-feira, 13\/9, as a\u00e7\u00f5es itinerantes do \u201cSine nos Bairros\u201d, que acontece de 14 a 16\/9, em diversos pontos da cidade.<\/p>\n\n\n\n<p>Nesta quinta e sexta-feira, 14 e 15\/9, das 7h \u00e0s 17h, a van itinerante estar\u00e1 estacionada no Centro de Conviv\u00eancia da Fam\u00edlia &#8211; Padre Pedro Vignola, localizado na rua Tupinamb\u00e1, n\u00ba 119, no bairro Cidade Nova, zona Norte.<\/p>\n\n\n\n<p>\u201cN\u00f3s acreditamos que o acesso \u00e0 empregabilidade \u00e9 um direito fundamental para todos os cidad\u00e3os. Por isso, criamos o Sine nos Bairros com o objetivo de tornar nossos servi\u00e7os mais acess\u00edveis, f\u00e1ceis e convenientes para todos. Quero agradecer a todos os parceiros e colaboradores que t\u00eam apoiado este programa\u201d, destacou o diretor do Sine Manaus, F\u00e1bio Ara\u00fajo.<\/p>\n\n\n\n<p>No s\u00e1bado, 16\/9, das 8h \u00e0s 12h, as a\u00e7\u00f5es ir\u00e3o acontecer em dois pontos diferentes: na Igreja Nossa Senhora Aparecida, localizada na rua S\u00e9rgio Vieira de Melo, no conjunto Carlos Braga, no bairro Monte das Oliveiras, zona Norte; e na escola estadual Irm\u00e3 Gabrielle Cogels, na rua Princesa Diana, Bela Vista, no bairro Puraquequara, zona Leste.<\/p>\n\n\n\n<p>Entre as a\u00e7\u00f5es, que ser\u00e3o executadas pela equipe do Sine, est\u00e3o a oferta de vagas de emprego para diversas \u00e1reas, cadastro e orienta\u00e7\u00e3o para Carteira de Trabalho e Previd\u00eancia Social (CTPS Digital) e seguro-desemprego. O prop\u00f3sito \u00e9 levar os servi\u00e7os do Sine Manaus diretamente aos bairros, atendendo os moradores que enfrentam dificuldades de acesso de locomo\u00e7\u00e3o aos servi\u00e7os municipais.<\/p>\n\n\n\n<p>&#8212; &#8212; &#8212;<\/p>\n\n\n\n<p><strong>Texto \u2013 <\/strong>Fabiane Monteiro \/ Semtepi<\/p>\n\n\n\n<p><strong>Foto \u2013 <\/strong>Divulga\u00e7\u00e3o \/ Semtepi<\/p>\n","protected":false},"excerpt":{"rendered":"","protected":false},"author":39,"featured_media":218515,"comment_status":"closed","ping_status":"closed","sticky":false,"template":"","format":"standard","meta":{"footnotes":""},"categories":[46],"tags":[7793,77,7794,6433],"acf":[],"yoast_head":"<!-- This site is optimized with the Yoast SEO plugin v23.0 - https:\/\/yoast.com\/wordpress\/plugins\/seo\/ -->\n<title>Prefeitura de Manaus divulga programa\u00e7\u00e3o semanal do \u2018Sine nos Bairros\u2019<\/title>\n<meta name=\"description\" content=\"Com a proposta de expandir os servi\u00e7os de empregabilidade na capital, a Prefeitura de Manaus, por meio da Secretaria Municipal do Trabalho, Empreendedorismo e Inova\u00e7\u00e3o (Semtepi), divulga, nesta quarta-feira, 13\/9, as a\u00e7\u00f5es itinerantes do \u201cSine nos Bairros\u201d, que acontece de 14 a 16\/9, em diversos pontos da cidade.\" \/>\n<meta name=\"robots\" content=\"index, follow, max-snippet:-1, max-image-preview:large, max-video-preview:-1\" \/>\n<link rel=\"canonical\" href=\"https:\/\/www.manaus.am.gov.br\/semcom\/prefeitura-de-manaus-divulga-programacao-semanal-do-sine-nos-bairros\/\" \/>\n<meta property=\"og:locale\" content=\"pt_BR\" \/>\n<meta property=\"og:type\" content=\"article\" \/>\n<meta property=\"og:title\" content=\"Prefeitura de Manaus divulga programa\u00e7\u00e3o semanal do \u2018Sine nos Bairros\u2019\" \/>\n<meta property=\"og:description\" content=\"Com a proposta de expandir os servi\u00e7os de empregabilidade na capital, a Prefeitura de Manaus, por meio da Secretaria Municipal do Trabalho, Empreendedorismo e Inova\u00e7\u00e3o (Semtepi), divulga, nesta quarta-feira, 13\/9, as a\u00e7\u00f5es itinerantes do \u201cSine nos Bairros\u201d, que acontece de 14 a 16\/9, em diversos pontos da cidade.\" \/>\n<meta property=\"og:url\" content=\"https:\/\/www.manaus.am.gov.br\/semcom\/prefeitura-de-manaus-divulga-programacao-semanal-do-sine-nos-bairros\/\" \/>\n<meta property=\"og:site_name\" content=\"SEMCOM\" \/>\n<meta property=\"article:published_time\" content=\"2023-09-13T14:59:50+00:00\" \/>\n<meta property=\"article:modified_time\" content=\"2023-09-13T14:59:52+00:00\" \/>\n<meta property=\"og:image\" content=\"https:\/\/www.manaus.am.gov.br\/semcom\/wp-content\/uploads\/sites\/5\/2023\/09\/Sine-nos-Bairros-1.png\" \/>\n\t<meta property=\"og:image:width\" content=\"1000\" \/>\n\t<meta property=\"og:image:height\" content=\"750\" \/>\n\t<meta property=\"og:image:type\" content=\"image\/png\" \/>\n<meta name=\"author\" content=\"Bruna Greco\" \/>\n<meta name=\"twitter:card\" content=\"summary_large_image\" \/>\n<meta name=\"twitter:label1\" content=\"Written by\" \/>\n\t<meta name=\"twitter:data1\" content=\"Bruna Greco\" \/>\n\t<meta name=\"twitter:label2\" content=\"Est. reading time\" \/>\n\t<meta name=\"twitter:data2\" content=\"2 minutos\" \/>\n<script type=\"application\/ld+json\" class=\"yoast-schema-graph\">{\"@context\":\"https:\/\/schema.org\",\"@graph\":[{\"@type\":\"WebPage\",\"@id\":\"https:\/\/www.manaus.am.gov.br\/semcom\/prefeitura-de-manaus-divulga-programacao-semanal-do-sine-nos-bairros\/\",\"url\":\"https:\/\/www.manaus.am.gov.br\/semcom\/prefeitura-de-manaus-divulga-programacao-semanal-do-sine-nos-bairros\/\",\"name\":\"Prefeitura de Manaus divulga programa\u00e7\u00e3o semanal do \u2018Sine nos Bairros\u2019\",\"isPartOf\":{\"@id\":\"https:\/\/www.manaus.am.gov.br\/semcom\/#website\"},\"primaryImageOfPage\":{\"@id\":\"https:\/\/www.manaus.am.gov.br\/semcom\/prefeitura-de-manaus-divulga-programacao-semanal-do-sine-nos-bairros\/#primaryimage\"},\"image\":{\"@id\":\"https:\/\/www.manaus.am.gov.br\/semcom\/prefeitura-de-manaus-divulga-programacao-semanal-do-sine-nos-bairros\/#primaryimage\"},\"thumbnailUrl\":\"https:\/\/www.manaus.am.gov.br\/semcom\/wp-content\/uploads\/sites\/5\/2023\/09\/Sine-nos-Bairros-1.png\",\"datePublished\":\"2023-09-13T14:59:50+00:00\",\"dateModified\":\"2023-09-13T14:59:52+00:00\",\"author\":{\"@id\":\"https:\/\/www.manaus.am.gov.br\/semcom\/#\/schema\/person\/05d223aea2bf115f9883a6ff3683d81b\"},\"description\":\"Com a proposta de expandir os servi\u00e7os de empregabilidade na capital, a Prefeitura de Manaus, por meio da Secretaria Municipal do Trabalho, Empreendedorismo e Inova\u00e7\u00e3o (Semtepi), divulga, nesta quarta-feira, 13\/9, as a\u00e7\u00f5es itinerantes do \u201cSine nos Bairros\u201d, que acontece de 14 a 16\/9, em diversos pontos da cidade.\",\"inLanguage\":\"pt-BR\",\"potentialAction\":[{\"@type\":\"ReadAction\",\"target\":[\"https:\/\/www.manaus.am.gov.br\/semcom\/prefeitura-de-manaus-divulga-programacao-semanal-do-sine-nos-bairros\/\"]}]},{\"@type\":\"ImageObject\",\"inLanguage\":\"pt-BR\",\"@id\":\"https:\/\/www.manaus.am.gov.br\/semcom\/prefeitura-de-manaus-divulga-programacao-semanal-do-sine-nos-bairros\/#primaryimage\",\"url\":\"https:\/\/www.manaus.am.gov.br\/semcom\/wp-content\/uploads\/sites\/5\/2023\/09\/Sine-nos-Bairros-1.png\",\"contentUrl\":\"https:\/\/www.manaus.am.gov.br\/semcom\/wp-content\/uploads\/sites\/5\/2023\/09\/Sine-nos-Bairros-1.png\",\"width\":1000,\"height\":750},{\"@type\":\"WebSite\",\"@id\":\"https:\/\/www.manaus.am.gov.br\/semcom\/#website\",\"url\":\"https:\/\/www.manaus.am.gov.br\/semcom\/\",\"name\":\"SEMCOM\",\"description\":\"Secretaria Municipal de Comunica\u00e7\u00e3o\",\"potentialAction\":[{\"@type\":\"SearchAction\",\"target\":{\"@type\":\"EntryPoint\",\"urlTemplate\":\"https:\/\/www.manaus.am.gov.br\/semcom\/?s={search_term_string}\"},\"query-input\":\"required name=search_term_string\"}],\"inLanguage\":\"pt-BR\"},{\"@type\":\"Person\",\"@id\":\"https:\/\/www.manaus.am.gov.br\/semcom\/#\/schema\/person\/05d223aea2bf115f9883a6ff3683d81b\",\"name\":\"Bruna Greco\",\"image\":{\"@type\":\"ImageObject\",\"inLanguage\":\"pt-BR\",\"@id\":\"https:\/\/www.manaus.am.gov.br\/semcom\/#\/schema\/person\/image\/\",\"url\":\"https:\/\/secure.gravatar.com\/avatar\/9c877d1a6adc2a055330e5c09a8653ce?s=96&d=mm&r=g\",\"contentUrl\":\"https:\/\/secure.gravatar.com\/avatar\/9c877d1a6adc2a055330e5c09a8653ce?s=96&d=mm&r=g\",\"caption\":\"Bruna Greco\"}}]}<\/script>\n<!-- \/ Yoast SEO plugin. -->","yoast_head_json":{"title":"Prefeitura de Manaus divulga programa\u00e7\u00e3o semanal do \u2018Sine nos Bairros\u2019","description":"Com a proposta de expandir os servi\u00e7os de empregabilidade na capital, a Prefeitura de Manaus, por meio da Secretaria Municipal do Trabalho, Empreendedorismo e Inova\u00e7\u00e3o (Semtepi), divulga, nesta quarta-feira, 13\/9, as a\u00e7\u00f5es itinerantes do \u201cSine nos Bairros\u201d, que acontece de 14 a 16\/9, em diversos pontos da cidade.","robots":{"index":"index","follow":"follow","max-snippet":"max-snippet:-1","max-image-preview":"max-image-preview:large","max-video-preview":"max-video-preview:-1"},"canonical":"https:\/\/www.manaus.am.gov.br\/semcom\/prefeitura-de-manaus-divulga-programacao-semanal-do-sine-nos-bairros\/","og_locale":"pt_BR","og_type":"article","og_title":"Prefeitura de Manaus divulga programa\u00e7\u00e3o semanal do \u2018Sine nos Bairros\u2019","og_description":"Com a proposta de expandir os servi\u00e7os de empregabilidade na capital, a Prefeitura de Manaus, por meio da Secretaria Municipal do Trabalho, Empreendedorismo e Inova\u00e7\u00e3o (Semtepi), divulga, nesta quarta-feira, 13\/9, as a\u00e7\u00f5es itinerantes do \u201cSine nos Bairros\u201d, que acontece de 14 a 16\/9, em diversos pontos da cidade.","og_url":"https:\/\/www.manaus.am.gov.br\/semcom\/prefeitura-de-manaus-divulga-programacao-semanal-do-sine-nos-bairros\/","og_site_name":"SEMCOM","article_published_time":"2023-09-13T14:59:50+00:00","article_modified_time":"2023-09-13T14:59:52+00:00","og_image":[{"width":1000,"height":750,"url":"https:\/\/www.manaus.am.gov.br\/semcom\/wp-content\/uploads\/sites\/5\/2023\/09\/Sine-nos-Bairros-1.png","type":"image\/png"}],"author":"Bruna Greco","twitter_card":"summary_large_image","twitter_misc":{"Written by":"Bruna Greco","Est. reading time":"2 minutos"},"schema":{"@context":"https:\/\/schema.org","@graph":[{"@type":"WebPage","@id":"https:\/\/www.manaus.am.gov.br\/semcom\/prefeitura-de-manaus-divulga-programacao-semanal-do-sine-nos-bairros\/","url":"https:\/\/www.manaus.am.gov.br\/semcom\/prefeitura-de-manaus-divulga-programacao-semanal-do-sine-nos-bairros\/","name":"Prefeitura de Manaus divulga programa\u00e7\u00e3o semanal do \u2018Sine nos Bairros\u2019","isPartOf":{"@id":"https:\/\/www.manaus.am.gov.br\/semcom\/#website"},"primaryImageOfPage":{"@id":"https:\/\/www.manaus.am.gov.br\/semcom\/prefeitura-de-manaus-divulga-programacao-semanal-do-sine-nos-bairros\/#primaryimage"},"image":{"@id":"https:\/\/www.manaus.am.gov.br\/semcom\/prefeitura-de-manaus-divulga-programacao-semanal-do-sine-nos-bairros\/#primaryimage"},"thumbnailUrl":"https:\/\/www.manaus.am.gov.br\/semcom\/wp-content\/uploads\/sites\/5\/2023\/09\/Sine-nos-Bairros-1.png","datePublished":"2023-09-13T14:59:50+00:00","dateModified":"2023-09-13T14:59:52+00:00","author":{"@id":"https:\/\/www.manaus.am.gov.br\/semcom\/#\/schema\/person\/05d223aea2bf115f9883a6ff3683d81b"},"description":"Com a proposta de expandir os servi\u00e7os de empregabilidade na capital, a Prefeitura de Manaus, por meio da Secretaria Municipal do Trabalho, Empreendedorismo e Inova\u00e7\u00e3o (Semtepi), divulga, nesta quarta-feira, 13\/9, as a\u00e7\u00f5es itinerantes do \u201cSine nos Bairros\u201d, que acontece de 14 a 16\/9, em diversos pontos da cidade.","inLanguage":"pt-BR","potentialAction":[{"@type":"ReadAction","target":["https:\/\/www.manaus.am.gov.br\/semcom\/prefeitura-de-manaus-divulga-programacao-semanal-do-sine-nos-bairros\/"]}]},{"@type":"ImageObject","inLanguage":"pt-BR","@id":"https:\/\/www.manaus.am.gov.br\/semcom\/prefeitura-de-manaus-divulga-programacao-semanal-do-sine-nos-bairros\/#primaryimage","url":"https:\/\/www.manaus.am.gov.br\/semcom\/wp-content\/uploads\/sites\/5\/2023\/09\/Sine-nos-Bairros-1.png","contentUrl":"https:\/\/www.manaus.am.gov.br\/semcom\/wp-content\/uploads\/sites\/5\/2023\/09\/Sine-nos-Bairros-1.png","width":1000,"height":750},{"@type":"WebSite","@id":"https:\/\/www.manaus.am.gov.br\/semcom\/#website","url":"https:\/\/www.manaus.am.gov.br\/semcom\/","name":"SEMCOM","description":"Secretaria Municipal de Comunica\u00e7\u00e3o","potentialAction":[{"@type":"SearchAction","target":{"@type":"EntryPoint","urlTemplate":"https:\/\/www.manaus.am.gov.br\/semcom\/?s={search_term_string}"},"query-input":"required name=search_term_string"}],"inLanguage":"pt-BR"},{"@type":"Person","@id":"https:\/\/www.manaus.am.gov.br\/semcom\/#\/schema\/person\/05d223aea2bf115f9883a6ff3683d81b","name":"Bruna Greco","image":{"@type":"ImageObject","inLanguage":"pt-BR","@id":"https:\/\/www.manaus.am.gov.br\/semcom\/#\/schema\/person\/image\/","url":"https:\/\/secure.gravatar.com\/avatar\/9c877d1a6adc2a055330e5c09a8653ce?s=96&d=mm&r=g","contentUrl":"https:\/\/secure.gravatar.com\/avatar\/9c877d1a6adc2a055330e5c09a8653ce?s=96&d=mm&r=g","caption":"Bruna Greco"}}]}},"_links":{"self":[{"href":"https:\/\/www.manaus.am.gov.br\/semcom\/wp-json\/wp\/v2\/posts\/218514"}],"collection":[{"href":"https:\/\/www.manaus.am.gov.br\/semcom\/wp-json\/wp\/v2\/posts"}],"about":[{"href":"https:\/\/www.manaus.am.gov.br\/semcom\/wp-json\/wp\/v2\/types\/post"}],"author":[{"embeddable":true,"href":"https:\/\/www.manaus.am.gov.br\/semcom\/wp-json\/wp\/v2\/users\/39"}],"replies":[{"embeddable":true,"href":"https:\/\/www.manaus.am.gov.br\/semcom\/wp-json\/wp\/v2\/comments?post=218514"}],"version-history":[{"count":0,"href":"https:\/\/www.manaus.am.gov.br\/semcom\/wp-json\/wp\/v2\/posts\/218514\/revisions"}],"wp:featuredmedia":[{"embeddable":true,"href":"https:\/\/www.manaus.am.gov.br\/semcom\/wp-json\/wp\/v2\/media\/218515"}],"wp:attachment":[{"href":"https:\/\/www.manaus.am.gov.br\/semcom\/wp-json\/wp\/v2\/media?parent=218514"}],"wp:term":[{"taxonomy":"category","embeddable":true,"href":"https:\/\/www.manaus.am.gov.br\/semcom\/wp-json\/wp\/v2\/categories?post=218514"},{"taxonomy":"post_tag","embeddable":true,"href":"https:\/\/www.manaus.am.gov.br\/semcom\/wp-json\/wp\/v2\/tags?post=218514"}],"curies":[{"name":"wp","href":"https:\/\/api.w.org\/{rel}","templated":true}]}}