{"id":218483,"date":"2023-09-12T17:53:26","date_gmt":"2023-09-12T20:53:26","guid":{"rendered":"https:\/\/www.manaus.am.gov.br\/semcom\/prefeitura-de-manaus-abre-mil-vagas-para-inscricoes-no-programa-english-manaus\/"},"modified":"2023-09-12T17:53:27","modified_gmt":"2023-09-12T20:53:27","slug":"prefeitura-de-manaus-abre-mil-vagas-para-inscricoes-no-programa-english-manaus","status":"publish","type":"post","link":"https:\/\/www.manaus.am.gov.br\/semcom\/prefeitura-de-manaus-abre-mil-vagas-para-inscricoes-no-programa-english-manaus\/","title":{"rendered":"<strong>Prefeitura de Manaus abre mil vagas para inscri\u00e7\u00f5es no programa \u2018English Manaus\u2019<\/strong>"},"content":{"rendered":"\n<p>Visando ampliar a oportunidade e conhecimento para todos os empreendedores da cidade, a Prefeitura de Manaus, por meio da Secretaria Municipal do Trabalho, Empreendedorismo e Inova\u00e7\u00e3o (Semtepi) e do Fundo Municipal de Empreendedorismo e Inova\u00e7\u00e3o (Fumipeq), abre, nesta ter\u00e7a-feira, 12\/9, as inscri\u00e7\u00f5es para o programa \u201cEnglish Manaus\u201d, que vai ofertar mil vagas adicionais. O lan\u00e7amento do programa aconteceu em 31 de mar\u00e7o deste ano, no Casar\u00e3o da Inova\u00e7\u00e3o Cassina, no centro hist\u00f3rico.<\/p>\n\n\n\n<p>Executado pela Federa\u00e7\u00e3o Amazonense de E-Sports (Faesp), a proposta da abertura de novas vagas \u00e9 proporcionar oportunidade aos demais empreendedores da cidade, al\u00e9m dos permission\u00e1rios que j\u00e1 se cadastraram desde o in\u00edcio das aulas.<\/p>\n\n\n\n<p>\u201cAnunciando a disponibilidade de novas oportunidades de inscri\u00e7\u00e3o para o English Manaus, visionamos um programa projetado para atender a todos os empreendedores da cidade de Manaus. Atrav\u00e9s dessa a\u00e7\u00e3o, a prefeitura est\u00e1 comprometida em aprimorar a comunica\u00e7\u00e3o com os visitantes da cidade, fortalecendo, assim, o setor tur\u00edstico e capacitando os empres\u00e1rios locais\u201d, afirmou o secret\u00e1rio executivo do Fumipeq, Geison Assis.<\/p>\n\n\n\n<p>De acordo com o facilitador e coordenador do programa, Leonardo Andrade, as aulas para os novos alunos ser\u00e3o iniciadas a partir do primeiro m\u00f3dulo, com carga hor\u00e1ria de 200 horas.<\/p>\n\n\n\n<p>\u201cEsse curso \u00e9 voltado n\u00e3o apenas para os permission\u00e1rios, mas tamb\u00e9m para empreendedores em geral, especialmente os lojistas que t\u00eam contato direto com turistas. Este curso foi desenvolvido com o objetivo de impulsionar as vendas e estimular a economia local, al\u00e9m da categoria poder aprimorar suas habilidades lingu\u00edsticas e ampliar suas oportunidades de neg\u00f3cios\u201d, frisou Leonardo.<\/p>\n\n\n\n<p>Os participantes que conclu\u00edrem todos os m\u00f3dulos ir\u00e3o receber o certificado durante a cerim\u00f4nia de formatura do curso prevista para janeiro de 2024. Com metodologia adaptada para neg\u00f3cios, as aulas poder\u00e3o ser assistidas a partir do aplicativo do English Manaus, tendo dez meses de dura\u00e7\u00e3o.<\/p>\n\n\n\n<p>Os interessados devem se inscrever pelo site&nbsp;<a href=\"https:\/\/englishmanaus.com.br\/registro\/\" target=\"_blank\" rel=\"noreferrer noopener\">https:\/\/englishmanaus.com.br\/registro\/<\/a>, e atentar aos seguintes prazos: o encerramento das inscri\u00e7\u00f5es e a divulga\u00e7\u00e3o da lista de selecionados, respectivamente, nos dias 22 e 26\/9.<\/p>\n\n\n\n<p>&#8212; &#8212; &#8212;&nbsp;<\/p>\n\n\n\n<p><strong>Texto \u2013 <\/strong>Fabiane Monteiro \/ Semtepi<\/p>\n\n\n\n<p><strong>Fotos \u2013 <\/strong>Cl\u00f3vis Miranda e Jo\u00e3o Viana \/ Arquivo Semcom<\/p>\n\n\n\n<p><strong>Dispon\u00edveis em &#8211; <\/strong><a href=\"https:\/\/flic.kr\/s\/aHBqjAyHdK\">https:\/\/flic.kr\/s\/aHBqjAyHdK<\/a> e <a href=\"https:\/\/flic.kr\/s\/aHBqjAy4HP\">https:\/\/flic.kr\/s\/aHBqjAy4HP<\/a><\/p>\n","protected":false},"excerpt":{"rendered":"","protected":false},"author":39,"featured_media":218484,"comment_status":"closed","ping_status":"closed","sticky":false,"template":"","format":"standard","meta":{"footnotes":""},"categories":[6002],"tags":[7777,4219,6127,2992,77,7778,22],"acf":[],"yoast_head":"<!-- This site is optimized with the Yoast SEO plugin v23.0 - https:\/\/yoast.com\/wordpress\/plugins\/seo\/ -->\n<title>Prefeitura de Manaus abre mil vagas para inscri\u00e7\u00f5es no programa \u2018English Manaus\u2019<\/title>\n<meta name=\"description\" content=\"Visando ampliar a oportunidade e conhecimento para todos os empreendedores da cidade, a Prefeitura de Manaus, por meio da Secretaria Municipal do Trabalho, Empreendedorismo e Inova\u00e7\u00e3o (Semtepi) e do Fundo Municipal de Empreendedorismo e Inova\u00e7\u00e3o (Fumipeq), abre, nesta ter\u00e7a-feira, 12\/9, as inscri\u00e7\u00f5es para o programa \u201cEnglish Manaus\u201d, que vai ofertar mil vagas adicionais.\" \/>\n<meta name=\"robots\" content=\"index, follow, max-snippet:-1, max-image-preview:large, max-video-preview:-1\" \/>\n<link rel=\"canonical\" href=\"https:\/\/www.manaus.am.gov.br\/semcom\/prefeitura-de-manaus-abre-mil-vagas-para-inscricoes-no-programa-english-manaus\/\" \/>\n<meta property=\"og:locale\" content=\"pt_BR\" \/>\n<meta property=\"og:type\" content=\"article\" \/>\n<meta property=\"og:title\" content=\"Prefeitura de Manaus abre mil vagas para inscri\u00e7\u00f5es no programa \u2018English Manaus\u2019\" \/>\n<meta property=\"og:description\" content=\"Visando ampliar a oportunidade e conhecimento para todos os empreendedores da cidade, a Prefeitura de Manaus, por meio da Secretaria Municipal do Trabalho, Empreendedorismo e Inova\u00e7\u00e3o (Semtepi) e do Fundo Municipal de Empreendedorismo e Inova\u00e7\u00e3o (Fumipeq), abre, nesta ter\u00e7a-feira, 12\/9, as inscri\u00e7\u00f5es para o programa \u201cEnglish Manaus\u201d, que vai ofertar mil vagas adicionais.\" \/>\n<meta property=\"og:url\" content=\"https:\/\/www.manaus.am.gov.br\/semcom\/prefeitura-de-manaus-abre-mil-vagas-para-inscricoes-no-programa-english-manaus\/\" \/>\n<meta property=\"og:site_name\" content=\"SEMCOM\" \/>\n<meta property=\"article:published_time\" content=\"2023-09-12T20:53:26+00:00\" \/>\n<meta property=\"article:modified_time\" content=\"2023-09-12T20:53:27+00:00\" \/>\n<meta property=\"og:image\" content=\"https:\/\/www.manaus.am.gov.br\/semcom\/wp-content\/uploads\/sites\/5\/2023\/09\/Programa-English-Manaus.jpg\" \/>\n\t<meta property=\"og:image:width\" content=\"2048\" \/>\n\t<meta property=\"og:image:height\" content=\"1365\" \/>\n\t<meta property=\"og:image:type\" content=\"image\/jpeg\" \/>\n<meta name=\"author\" content=\"Bruna Greco\" \/>\n<meta name=\"twitter:card\" content=\"summary_large_image\" \/>\n<meta name=\"twitter:label1\" content=\"Written by\" \/>\n\t<meta name=\"twitter:data1\" content=\"Bruna Greco\" \/>\n\t<meta name=\"twitter:label2\" content=\"Est. reading time\" \/>\n\t<meta name=\"twitter:data2\" content=\"2 minutos\" \/>\n<script type=\"application\/ld+json\" class=\"yoast-schema-graph\">{\"@context\":\"https:\/\/schema.org\",\"@graph\":[{\"@type\":\"WebPage\",\"@id\":\"https:\/\/www.manaus.am.gov.br\/semcom\/prefeitura-de-manaus-abre-mil-vagas-para-inscricoes-no-programa-english-manaus\/\",\"url\":\"https:\/\/www.manaus.am.gov.br\/semcom\/prefeitura-de-manaus-abre-mil-vagas-para-inscricoes-no-programa-english-manaus\/\",\"name\":\"Prefeitura de Manaus abre mil vagas para inscri\u00e7\u00f5es no programa \u2018English Manaus\u2019\",\"isPartOf\":{\"@id\":\"https:\/\/www.manaus.am.gov.br\/semcom\/#website\"},\"primaryImageOfPage\":{\"@id\":\"https:\/\/www.manaus.am.gov.br\/semcom\/prefeitura-de-manaus-abre-mil-vagas-para-inscricoes-no-programa-english-manaus\/#primaryimage\"},\"image\":{\"@id\":\"https:\/\/www.manaus.am.gov.br\/semcom\/prefeitura-de-manaus-abre-mil-vagas-para-inscricoes-no-programa-english-manaus\/#primaryimage\"},\"thumbnailUrl\":\"https:\/\/www.manaus.am.gov.br\/semcom\/wp-content\/uploads\/sites\/5\/2023\/09\/Programa-English-Manaus.jpg\",\"datePublished\":\"2023-09-12T20:53:26+00:00\",\"dateModified\":\"2023-09-12T20:53:27+00:00\",\"author\":{\"@id\":\"https:\/\/www.manaus.am.gov.br\/semcom\/#\/schema\/person\/05d223aea2bf115f9883a6ff3683d81b\"},\"description\":\"Visando ampliar a oportunidade e conhecimento para todos os empreendedores da cidade, a Prefeitura de Manaus, por meio da Secretaria Municipal do Trabalho, Empreendedorismo e Inova\u00e7\u00e3o (Semtepi) e do Fundo Municipal de Empreendedorismo e Inova\u00e7\u00e3o (Fumipeq), abre, nesta ter\u00e7a-feira, 12\/9, as inscri\u00e7\u00f5es para o programa \u201cEnglish Manaus\u201d, que vai ofertar mil vagas adicionais.\",\"inLanguage\":\"pt-BR\",\"potentialAction\":[{\"@type\":\"ReadAction\",\"target\":[\"https:\/\/www.manaus.am.gov.br\/semcom\/prefeitura-de-manaus-abre-mil-vagas-para-inscricoes-no-programa-english-manaus\/\"]}]},{\"@type\":\"ImageObject\",\"inLanguage\":\"pt-BR\",\"@id\":\"https:\/\/www.manaus.am.gov.br\/semcom\/prefeitura-de-manaus-abre-mil-vagas-para-inscricoes-no-programa-english-manaus\/#primaryimage\",\"url\":\"https:\/\/www.manaus.am.gov.br\/semcom\/wp-content\/uploads\/sites\/5\/2023\/09\/Programa-English-Manaus.jpg\",\"contentUrl\":\"https:\/\/www.manaus.am.gov.br\/semcom\/wp-content\/uploads\/sites\/5\/2023\/09\/Programa-English-Manaus.jpg\",\"width\":2048,\"height\":1365},{\"@type\":\"WebSite\",\"@id\":\"https:\/\/www.manaus.am.gov.br\/semcom\/#website\",\"url\":\"https:\/\/www.manaus.am.gov.br\/semcom\/\",\"name\":\"SEMCOM\",\"description\":\"Secretaria Municipal de Comunica\u00e7\u00e3o\",\"potentialAction\":[{\"@type\":\"SearchAction\",\"target\":{\"@type\":\"EntryPoint\",\"urlTemplate\":\"https:\/\/www.manaus.am.gov.br\/semcom\/?s={search_term_string}\"},\"query-input\":\"required name=search_term_string\"}],\"inLanguage\":\"pt-BR\"},{\"@type\":\"Person\",\"@id\":\"https:\/\/www.manaus.am.gov.br\/semcom\/#\/schema\/person\/05d223aea2bf115f9883a6ff3683d81b\",\"name\":\"Bruna Greco\",\"image\":{\"@type\":\"ImageObject\",\"inLanguage\":\"pt-BR\",\"@id\":\"https:\/\/www.manaus.am.gov.br\/semcom\/#\/schema\/person\/image\/\",\"url\":\"https:\/\/secure.gravatar.com\/avatar\/9c877d1a6adc2a055330e5c09a8653ce?s=96&d=mm&r=g\",\"contentUrl\":\"https:\/\/secure.gravatar.com\/avatar\/9c877d1a6adc2a055330e5c09a8653ce?s=96&d=mm&r=g\",\"caption\":\"Bruna Greco\"}}]}<\/script>\n<!-- \/ Yoast SEO plugin. -->","yoast_head_json":{"title":"Prefeitura de Manaus abre mil vagas para inscri\u00e7\u00f5es no programa \u2018English Manaus\u2019","description":"Visando ampliar a oportunidade e conhecimento para todos os empreendedores da cidade, a Prefeitura de Manaus, por meio da Secretaria Municipal do Trabalho, Empreendedorismo e Inova\u00e7\u00e3o (Semtepi) e do Fundo Municipal de Empreendedorismo e Inova\u00e7\u00e3o (Fumipeq), abre, nesta ter\u00e7a-feira, 12\/9, as inscri\u00e7\u00f5es para o programa \u201cEnglish Manaus\u201d, que vai ofertar mil vagas adicionais.","robots":{"index":"index","follow":"follow","max-snippet":"max-snippet:-1","max-image-preview":"max-image-preview:large","max-video-preview":"max-video-preview:-1"},"canonical":"https:\/\/www.manaus.am.gov.br\/semcom\/prefeitura-de-manaus-abre-mil-vagas-para-inscricoes-no-programa-english-manaus\/","og_locale":"pt_BR","og_type":"article","og_title":"Prefeitura de Manaus abre mil vagas para inscri\u00e7\u00f5es no programa \u2018English Manaus\u2019","og_description":"Visando ampliar a oportunidade e conhecimento para todos os empreendedores da cidade, a Prefeitura de Manaus, por meio da Secretaria Municipal do Trabalho, Empreendedorismo e Inova\u00e7\u00e3o (Semtepi) e do Fundo Municipal de Empreendedorismo e Inova\u00e7\u00e3o (Fumipeq), abre, nesta ter\u00e7a-feira, 12\/9, as inscri\u00e7\u00f5es para o programa \u201cEnglish Manaus\u201d, que vai ofertar mil vagas adicionais.","og_url":"https:\/\/www.manaus.am.gov.br\/semcom\/prefeitura-de-manaus-abre-mil-vagas-para-inscricoes-no-programa-english-manaus\/","og_site_name":"SEMCOM","article_published_time":"2023-09-12T20:53:26+00:00","article_modified_time":"2023-09-12T20:53:27+00:00","og_image":[{"width":2048,"height":1365,"url":"https:\/\/www.manaus.am.gov.br\/semcom\/wp-content\/uploads\/sites\/5\/2023\/09\/Programa-English-Manaus.jpg","type":"image\/jpeg"}],"author":"Bruna Greco","twitter_card":"summary_large_image","twitter_misc":{"Written by":"Bruna Greco","Est. reading time":"2 minutos"},"schema":{"@context":"https:\/\/schema.org","@graph":[{"@type":"WebPage","@id":"https:\/\/www.manaus.am.gov.br\/semcom\/prefeitura-de-manaus-abre-mil-vagas-para-inscricoes-no-programa-english-manaus\/","url":"https:\/\/www.manaus.am.gov.br\/semcom\/prefeitura-de-manaus-abre-mil-vagas-para-inscricoes-no-programa-english-manaus\/","name":"Prefeitura de Manaus abre mil vagas para inscri\u00e7\u00f5es no programa \u2018English Manaus\u2019","isPartOf":{"@id":"https:\/\/www.manaus.am.gov.br\/semcom\/#website"},"primaryImageOfPage":{"@id":"https:\/\/www.manaus.am.gov.br\/semcom\/prefeitura-de-manaus-abre-mil-vagas-para-inscricoes-no-programa-english-manaus\/#primaryimage"},"image":{"@id":"https:\/\/www.manaus.am.gov.br\/semcom\/prefeitura-de-manaus-abre-mil-vagas-para-inscricoes-no-programa-english-manaus\/#primaryimage"},"thumbnailUrl":"https:\/\/www.manaus.am.gov.br\/semcom\/wp-content\/uploads\/sites\/5\/2023\/09\/Programa-English-Manaus.jpg","datePublished":"2023-09-12T20:53:26+00:00","dateModified":"2023-09-12T20:53:27+00:00","author":{"@id":"https:\/\/www.manaus.am.gov.br\/semcom\/#\/schema\/person\/05d223aea2bf115f9883a6ff3683d81b"},"description":"Visando ampliar a oportunidade e conhecimento para todos os empreendedores da cidade, a Prefeitura de Manaus, por meio da Secretaria Municipal do Trabalho, Empreendedorismo e Inova\u00e7\u00e3o (Semtepi) e do Fundo Municipal de Empreendedorismo e Inova\u00e7\u00e3o (Fumipeq), abre, nesta ter\u00e7a-feira, 12\/9, as inscri\u00e7\u00f5es para o programa \u201cEnglish Manaus\u201d, que vai ofertar mil vagas adicionais.","inLanguage":"pt-BR","potentialAction":[{"@type":"ReadAction","target":["https:\/\/www.manaus.am.gov.br\/semcom\/prefeitura-de-manaus-abre-mil-vagas-para-inscricoes-no-programa-english-manaus\/"]}]},{"@type":"ImageObject","inLanguage":"pt-BR","@id":"https:\/\/www.manaus.am.gov.br\/semcom\/prefeitura-de-manaus-abre-mil-vagas-para-inscricoes-no-programa-english-manaus\/#primaryimage","url":"https:\/\/www.manaus.am.gov.br\/semcom\/wp-content\/uploads\/sites\/5\/2023\/09\/Programa-English-Manaus.jpg","contentUrl":"https:\/\/www.manaus.am.gov.br\/semcom\/wp-content\/uploads\/sites\/5\/2023\/09\/Programa-English-Manaus.jpg","width":2048,"height":1365},{"@type":"WebSite","@id":"https:\/\/www.manaus.am.gov.br\/semcom\/#website","url":"https:\/\/www.manaus.am.gov.br\/semcom\/","name":"SEMCOM","description":"Secretaria Municipal de Comunica\u00e7\u00e3o","potentialAction":[{"@type":"SearchAction","target":{"@type":"EntryPoint","urlTemplate":"https:\/\/www.manaus.am.gov.br\/semcom\/?s={search_term_string}"},"query-input":"required name=search_term_string"}],"inLanguage":"pt-BR"},{"@type":"Person","@id":"https:\/\/www.manaus.am.gov.br\/semcom\/#\/schema\/person\/05d223aea2bf115f9883a6ff3683d81b","name":"Bruna Greco","image":{"@type":"ImageObject","inLanguage":"pt-BR","@id":"https:\/\/www.manaus.am.gov.br\/semcom\/#\/schema\/person\/image\/","url":"https:\/\/secure.gravatar.com\/avatar\/9c877d1a6adc2a055330e5c09a8653ce?s=96&d=mm&r=g","contentUrl":"https:\/\/secure.gravatar.com\/avatar\/9c877d1a6adc2a055330e5c09a8653ce?s=96&d=mm&r=g","caption":"Bruna Greco"}}]}},"_links":{"self":[{"href":"https:\/\/www.manaus.am.gov.br\/semcom\/wp-json\/wp\/v2\/posts\/218483"}],"collection":[{"href":"https:\/\/www.manaus.am.gov.br\/semcom\/wp-json\/wp\/v2\/posts"}],"about":[{"href":"https:\/\/www.manaus.am.gov.br\/semcom\/wp-json\/wp\/v2\/types\/post"}],"author":[{"embeddable":true,"href":"https:\/\/www.manaus.am.gov.br\/semcom\/wp-json\/wp\/v2\/users\/39"}],"replies":[{"embeddable":true,"href":"https:\/\/www.manaus.am.gov.br\/semcom\/wp-json\/wp\/v2\/comments?post=218483"}],"version-history":[{"count":0,"href":"https:\/\/www.manaus.am.gov.br\/semcom\/wp-json\/wp\/v2\/posts\/218483\/revisions"}],"wp:featuredmedia":[{"embeddable":true,"href":"https:\/\/www.manaus.am.gov.br\/semcom\/wp-json\/wp\/v2\/media\/218484"}],"wp:attachment":[{"href":"https:\/\/www.manaus.am.gov.br\/semcom\/wp-json\/wp\/v2\/media?parent=218483"}],"wp:term":[{"taxonomy":"category","embeddable":true,"href":"https:\/\/www.manaus.am.gov.br\/semcom\/wp-json\/wp\/v2\/categories?post=218483"},{"taxonomy":"post_tag","embeddable":true,"href":"https:\/\/www.manaus.am.gov.br\/semcom\/wp-json\/wp\/v2\/tags?post=218483"}],"curies":[{"name":"wp","href":"https:\/\/api.w.org\/{rel}","templated":true}]}}