{"id":218430,"date":"2023-09-11T19:00:49","date_gmt":"2023-09-11T22:00:49","guid":{"rendered":"https:\/\/www.manaus.am.gov.br\/semcom\/prefeitura-anuncia-revitalizacao-da-praca-dos-remedios-e-construcao-da-nova-feira-manaus-moderna\/"},"modified":"2023-09-11T19:00:50","modified_gmt":"2023-09-11T22:00:50","slug":"prefeitura-anuncia-revitalizacao-da-praca-dos-remedios-e-construcao-da-nova-feira-manaus-moderna","status":"publish","type":"post","link":"https:\/\/www.manaus.am.gov.br\/semcom\/prefeitura-anuncia-revitalizacao-da-praca-dos-remedios-e-construcao-da-nova-feira-manaus-moderna\/","title":{"rendered":"<strong>Prefeitura anuncia revitaliza\u00e7\u00e3o da pra\u00e7a dos Rem\u00e9dios&nbsp; e constru\u00e7\u00e3o da nova feira &#8216;Manaus Moderna&#8217;<\/strong>"},"content":{"rendered":"\n<p>A Prefeitura de Manaus, por meio da Secretaria Municipal de Infraestrutura (Seminf), anunciou, nesta segunda-feira, 11\/9, que uma das mais hist\u00f3ricas pra\u00e7as da capital amazonense, a \u201cdos Rem\u00e9dios\u201d, localizada no Centro, ser\u00e1 totalmente revitalizada pela gest\u00e3o municipal em parceria com a C\u00e2mara de Dirigentes Lojistas de Manaus (CDL Manaus).<\/p>\n\n\n\n<p>\u201cDesde quando o prefeito David Almeida&nbsp; assumiu sua gest\u00e3o tem determinado uma aten\u00e7\u00e3o&nbsp; especial ao centro da cidade, onde temos atuado frequentemente. Hoje, anunciamos a reforma da pra\u00e7a dos Rem\u00e9dios, onde&nbsp; faremos uma grande homenagem a todos os padres que por aqui passaram. A determina\u00e7\u00e3o do prefeito David Almeida \u00e9 estimular a utiliza\u00e7\u00e3o de espa\u00e7os importantes de Manaus e essa hist\u00f3rica pra\u00e7a n\u00e3o poderia ficar de fora\u201d, anunciou Renato Junior, secret\u00e1rio de Obras.<\/p>\n\n\n\n<p>A Seminf atua ainda com frequ\u00eancia na recupera\u00e7\u00e3o das redes de drenagem que sofrem as marcas do tempo, uma vez que foram constru\u00eddas h\u00e1 mais de cem anos pelos ingleses. Cerca de 12 pontos em LED de ilumina\u00e7\u00e3o p\u00fablica j\u00e1 foram instalados na \u00e1rea.&nbsp;<\/p>\n\n\n\n<p>O centro da cidade tamb\u00e9m \u00e9 beneficiado pelo programa \u201cAsfalta Manaus\u201d, onde 29 ruas receberam asfalto novo, por meio dos servi\u00e7os de recapeamento, como na avenida 7 de Setembro e&nbsp; rua Saldanha Marinho.&nbsp;<\/p>\n\n\n\n<p>O secret\u00e1rio de Obras anunciou ainda a execu\u00e7\u00e3o do projeto de constru\u00e7\u00e3o da nova feira da \u201cManaus Moderna\u201d que avan\u00e7ar\u00e1 68 metros na margem do rio, proporcionando&nbsp; 650 novas vagas de estacionamento.<\/p>\n\n\n\n<p>&#8220;O projeto \u00e9 moderno, est\u00e1 aprovado, licenciado e ser\u00e1 executado com a parceria do Governo do Estado sem prejudicar os feirantes que trabalhar\u00e3o&nbsp; normalmente em seus atuais espa\u00e7os at\u00e9 a conclus\u00e3o das obras&#8221;, finaliza Renato Junior.<\/p>\n\n\n\n<p>&#8212; &#8212; &#8212;<\/p>\n\n\n\n<p><strong>Texto<\/strong>&nbsp;&#8211; Valesca Martins \/ Seminf<\/p>\n\n\n\n<p><strong>Fotos&nbsp;<\/strong>&#8211; M\u00e1rcio Melo \/ Seminf&nbsp;<\/p>\n","protected":false},"excerpt":{"rendered":"","protected":false},"author":31,"featured_media":218431,"comment_status":"closed","ping_status":"closed","sticky":false,"template":"","format":"standard","meta":{"footnotes":""},"categories":[8],"tags":[7758,96,450],"acf":[],"yoast_head":"<!-- This site is optimized with the Yoast SEO plugin v23.0 - https:\/\/yoast.com\/wordpress\/plugins\/seo\/ -->\n<title>Prefeitura anuncia revitaliza\u00e7\u00e3o da pra\u00e7a dos Rem\u00e9dios&nbsp; e constru\u00e7\u00e3o da nova feira &#039;Manaus Moderna&#039; - SEMCOM<\/title>\n<meta name=\"robots\" content=\"index, follow, max-snippet:-1, max-image-preview:large, max-video-preview:-1\" \/>\n<link rel=\"canonical\" href=\"https:\/\/www.manaus.am.gov.br\/semcom\/prefeitura-anuncia-revitalizacao-da-praca-dos-remedios-e-construcao-da-nova-feira-manaus-moderna\/\" \/>\n<meta property=\"og:locale\" content=\"pt_BR\" \/>\n<meta property=\"og:type\" content=\"article\" \/>\n<meta property=\"og:title\" content=\"Prefeitura anuncia revitaliza\u00e7\u00e3o da pra\u00e7a dos Rem\u00e9dios&nbsp; e constru\u00e7\u00e3o da nova feira &#039;Manaus Moderna&#039; - SEMCOM\" \/>\n<meta property=\"og:url\" content=\"https:\/\/www.manaus.am.gov.br\/semcom\/prefeitura-anuncia-revitalizacao-da-praca-dos-remedios-e-construcao-da-nova-feira-manaus-moderna\/\" \/>\n<meta property=\"og:site_name\" content=\"SEMCOM\" \/>\n<meta property=\"article:published_time\" content=\"2023-09-11T22:00:49+00:00\" \/>\n<meta property=\"article:modified_time\" content=\"2023-09-11T22:00:50+00:00\" \/>\n<meta property=\"og:image\" content=\"https:\/\/www.manaus.am.gov.br\/semcom\/wp-content\/uploads\/sites\/5\/2023\/09\/MELO9351-1024x683.jpg\" \/>\n\t<meta property=\"og:image:width\" content=\"1024\" \/>\n\t<meta property=\"og:image:height\" content=\"683\" \/>\n\t<meta property=\"og:image:type\" content=\"image\/jpeg\" \/>\n<meta name=\"author\" content=\"Renata Felix\" \/>\n<meta name=\"twitter:card\" content=\"summary_large_image\" \/>\n<meta name=\"twitter:label1\" content=\"Written by\" \/>\n\t<meta name=\"twitter:data1\" content=\"Renata Felix\" \/>\n\t<meta name=\"twitter:label2\" content=\"Est. reading time\" \/>\n\t<meta name=\"twitter:data2\" content=\"2 minutos\" \/>\n<script type=\"application\/ld+json\" class=\"yoast-schema-graph\">{\"@context\":\"https:\/\/schema.org\",\"@graph\":[{\"@type\":\"WebPage\",\"@id\":\"https:\/\/www.manaus.am.gov.br\/semcom\/prefeitura-anuncia-revitalizacao-da-praca-dos-remedios-e-construcao-da-nova-feira-manaus-moderna\/\",\"url\":\"https:\/\/www.manaus.am.gov.br\/semcom\/prefeitura-anuncia-revitalizacao-da-praca-dos-remedios-e-construcao-da-nova-feira-manaus-moderna\/\",\"name\":\"Prefeitura anuncia revitaliza\u00e7\u00e3o da pra\u00e7a dos Rem\u00e9dios&nbsp; e constru\u00e7\u00e3o da nova feira 'Manaus Moderna' - SEMCOM\",\"isPartOf\":{\"@id\":\"https:\/\/www.manaus.am.gov.br\/semcom\/#website\"},\"primaryImageOfPage\":{\"@id\":\"https:\/\/www.manaus.am.gov.br\/semcom\/prefeitura-anuncia-revitalizacao-da-praca-dos-remedios-e-construcao-da-nova-feira-manaus-moderna\/#primaryimage\"},\"image\":{\"@id\":\"https:\/\/www.manaus.am.gov.br\/semcom\/prefeitura-anuncia-revitalizacao-da-praca-dos-remedios-e-construcao-da-nova-feira-manaus-moderna\/#primaryimage\"},\"thumbnailUrl\":\"https:\/\/www.manaus.am.gov.br\/semcom\/wp-content\/uploads\/sites\/5\/2023\/09\/MELO9351.jpg\",\"datePublished\":\"2023-09-11T22:00:49+00:00\",\"dateModified\":\"2023-09-11T22:00:50+00:00\",\"author\":{\"@id\":\"https:\/\/www.manaus.am.gov.br\/semcom\/#\/schema\/person\/4eea2a8f78dc853097abb026f728aa06\"},\"inLanguage\":\"pt-BR\",\"potentialAction\":[{\"@type\":\"ReadAction\",\"target\":[\"https:\/\/www.manaus.am.gov.br\/semcom\/prefeitura-anuncia-revitalizacao-da-praca-dos-remedios-e-construcao-da-nova-feira-manaus-moderna\/\"]}]},{\"@type\":\"ImageObject\",\"inLanguage\":\"pt-BR\",\"@id\":\"https:\/\/www.manaus.am.gov.br\/semcom\/prefeitura-anuncia-revitalizacao-da-praca-dos-remedios-e-construcao-da-nova-feira-manaus-moderna\/#primaryimage\",\"url\":\"https:\/\/www.manaus.am.gov.br\/semcom\/wp-content\/uploads\/sites\/5\/2023\/09\/MELO9351.jpg\",\"contentUrl\":\"https:\/\/www.manaus.am.gov.br\/semcom\/wp-content\/uploads\/sites\/5\/2023\/09\/MELO9351.jpg\",\"width\":6720,\"height\":4480},{\"@type\":\"WebSite\",\"@id\":\"https:\/\/www.manaus.am.gov.br\/semcom\/#website\",\"url\":\"https:\/\/www.manaus.am.gov.br\/semcom\/\",\"name\":\"SEMCOM\",\"description\":\"Secretaria Municipal de Comunica\u00e7\u00e3o\",\"potentialAction\":[{\"@type\":\"SearchAction\",\"target\":{\"@type\":\"EntryPoint\",\"urlTemplate\":\"https:\/\/www.manaus.am.gov.br\/semcom\/?s={search_term_string}\"},\"query-input\":\"required name=search_term_string\"}],\"inLanguage\":\"pt-BR\"},{\"@type\":\"Person\",\"@id\":\"https:\/\/www.manaus.am.gov.br\/semcom\/#\/schema\/person\/4eea2a8f78dc853097abb026f728aa06\",\"name\":\"Renata Felix\",\"image\":{\"@type\":\"ImageObject\",\"inLanguage\":\"pt-BR\",\"@id\":\"https:\/\/www.manaus.am.gov.br\/semcom\/#\/schema\/person\/image\/\",\"url\":\"https:\/\/secure.gravatar.com\/avatar\/3c196cf9d3b837b24c8edb2c50fd8f29?s=96&d=mm&r=g\",\"contentUrl\":\"https:\/\/secure.gravatar.com\/avatar\/3c196cf9d3b837b24c8edb2c50fd8f29?s=96&d=mm&r=g\",\"caption\":\"Renata Felix\"}}]}<\/script>\n<!-- \/ Yoast SEO plugin. -->","yoast_head_json":{"title":"Prefeitura anuncia revitaliza\u00e7\u00e3o da pra\u00e7a dos Rem\u00e9dios&nbsp; e constru\u00e7\u00e3o da nova feira 'Manaus Moderna' - SEMCOM","robots":{"index":"index","follow":"follow","max-snippet":"max-snippet:-1","max-image-preview":"max-image-preview:large","max-video-preview":"max-video-preview:-1"},"canonical":"https:\/\/www.manaus.am.gov.br\/semcom\/prefeitura-anuncia-revitalizacao-da-praca-dos-remedios-e-construcao-da-nova-feira-manaus-moderna\/","og_locale":"pt_BR","og_type":"article","og_title":"Prefeitura anuncia revitaliza\u00e7\u00e3o da pra\u00e7a dos Rem\u00e9dios&nbsp; e constru\u00e7\u00e3o da nova feira 'Manaus Moderna' - SEMCOM","og_url":"https:\/\/www.manaus.am.gov.br\/semcom\/prefeitura-anuncia-revitalizacao-da-praca-dos-remedios-e-construcao-da-nova-feira-manaus-moderna\/","og_site_name":"SEMCOM","article_published_time":"2023-09-11T22:00:49+00:00","article_modified_time":"2023-09-11T22:00:50+00:00","og_image":[{"width":1024,"height":683,"url":"https:\/\/www.manaus.am.gov.br\/semcom\/wp-content\/uploads\/sites\/5\/2023\/09\/MELO9351-1024x683.jpg","type":"image\/jpeg"}],"author":"Renata Felix","twitter_card":"summary_large_image","twitter_misc":{"Written by":"Renata Felix","Est. reading time":"2 minutos"},"schema":{"@context":"https:\/\/schema.org","@graph":[{"@type":"WebPage","@id":"https:\/\/www.manaus.am.gov.br\/semcom\/prefeitura-anuncia-revitalizacao-da-praca-dos-remedios-e-construcao-da-nova-feira-manaus-moderna\/","url":"https:\/\/www.manaus.am.gov.br\/semcom\/prefeitura-anuncia-revitalizacao-da-praca-dos-remedios-e-construcao-da-nova-feira-manaus-moderna\/","name":"Prefeitura anuncia revitaliza\u00e7\u00e3o da pra\u00e7a dos Rem\u00e9dios&nbsp; e constru\u00e7\u00e3o da nova feira 'Manaus Moderna' - SEMCOM","isPartOf":{"@id":"https:\/\/www.manaus.am.gov.br\/semcom\/#website"},"primaryImageOfPage":{"@id":"https:\/\/www.manaus.am.gov.br\/semcom\/prefeitura-anuncia-revitalizacao-da-praca-dos-remedios-e-construcao-da-nova-feira-manaus-moderna\/#primaryimage"},"image":{"@id":"https:\/\/www.manaus.am.gov.br\/semcom\/prefeitura-anuncia-revitalizacao-da-praca-dos-remedios-e-construcao-da-nova-feira-manaus-moderna\/#primaryimage"},"thumbnailUrl":"https:\/\/www.manaus.am.gov.br\/semcom\/wp-content\/uploads\/sites\/5\/2023\/09\/MELO9351.jpg","datePublished":"2023-09-11T22:00:49+00:00","dateModified":"2023-09-11T22:00:50+00:00","author":{"@id":"https:\/\/www.manaus.am.gov.br\/semcom\/#\/schema\/person\/4eea2a8f78dc853097abb026f728aa06"},"inLanguage":"pt-BR","potentialAction":[{"@type":"ReadAction","target":["https:\/\/www.manaus.am.gov.br\/semcom\/prefeitura-anuncia-revitalizacao-da-praca-dos-remedios-e-construcao-da-nova-feira-manaus-moderna\/"]}]},{"@type":"ImageObject","inLanguage":"pt-BR","@id":"https:\/\/www.manaus.am.gov.br\/semcom\/prefeitura-anuncia-revitalizacao-da-praca-dos-remedios-e-construcao-da-nova-feira-manaus-moderna\/#primaryimage","url":"https:\/\/www.manaus.am.gov.br\/semcom\/wp-content\/uploads\/sites\/5\/2023\/09\/MELO9351.jpg","contentUrl":"https:\/\/www.manaus.am.gov.br\/semcom\/wp-content\/uploads\/sites\/5\/2023\/09\/MELO9351.jpg","width":6720,"height":4480},{"@type":"WebSite","@id":"https:\/\/www.manaus.am.gov.br\/semcom\/#website","url":"https:\/\/www.manaus.am.gov.br\/semcom\/","name":"SEMCOM","description":"Secretaria Municipal de Comunica\u00e7\u00e3o","potentialAction":[{"@type":"SearchAction","target":{"@type":"EntryPoint","urlTemplate":"https:\/\/www.manaus.am.gov.br\/semcom\/?s={search_term_string}"},"query-input":"required name=search_term_string"}],"inLanguage":"pt-BR"},{"@type":"Person","@id":"https:\/\/www.manaus.am.gov.br\/semcom\/#\/schema\/person\/4eea2a8f78dc853097abb026f728aa06","name":"Renata Felix","image":{"@type":"ImageObject","inLanguage":"pt-BR","@id":"https:\/\/www.manaus.am.gov.br\/semcom\/#\/schema\/person\/image\/","url":"https:\/\/secure.gravatar.com\/avatar\/3c196cf9d3b837b24c8edb2c50fd8f29?s=96&d=mm&r=g","contentUrl":"https:\/\/secure.gravatar.com\/avatar\/3c196cf9d3b837b24c8edb2c50fd8f29?s=96&d=mm&r=g","caption":"Renata Felix"}}]}},"_links":{"self":[{"href":"https:\/\/www.manaus.am.gov.br\/semcom\/wp-json\/wp\/v2\/posts\/218430"}],"collection":[{"href":"https:\/\/www.manaus.am.gov.br\/semcom\/wp-json\/wp\/v2\/posts"}],"about":[{"href":"https:\/\/www.manaus.am.gov.br\/semcom\/wp-json\/wp\/v2\/types\/post"}],"author":[{"embeddable":true,"href":"https:\/\/www.manaus.am.gov.br\/semcom\/wp-json\/wp\/v2\/users\/31"}],"replies":[{"embeddable":true,"href":"https:\/\/www.manaus.am.gov.br\/semcom\/wp-json\/wp\/v2\/comments?post=218430"}],"version-history":[{"count":0,"href":"https:\/\/www.manaus.am.gov.br\/semcom\/wp-json\/wp\/v2\/posts\/218430\/revisions"}],"wp:featuredmedia":[{"embeddable":true,"href":"https:\/\/www.manaus.am.gov.br\/semcom\/wp-json\/wp\/v2\/media\/218431"}],"wp:attachment":[{"href":"https:\/\/www.manaus.am.gov.br\/semcom\/wp-json\/wp\/v2\/media?parent=218430"}],"wp:term":[{"taxonomy":"category","embeddable":true,"href":"https:\/\/www.manaus.am.gov.br\/semcom\/wp-json\/wp\/v2\/categories?post=218430"},{"taxonomy":"post_tag","embeddable":true,"href":"https:\/\/www.manaus.am.gov.br\/semcom\/wp-json\/wp\/v2\/tags?post=218430"}],"curies":[{"name":"wp","href":"https:\/\/api.w.org\/{rel}","templated":true}]}}