{"id":218204,"date":"2023-09-06T18:54:22","date_gmt":"2023-09-06T21:54:22","guid":{"rendered":"https:\/\/www.manaus.am.gov.br\/semcom\/prefeitura-de-manaus-realiza-plantio-em-area-degradada-por-incendio-em-alusao-ao-dia-da-amazonia\/"},"modified":"2023-11-22T16:12:56","modified_gmt":"2023-11-22T19:12:56","slug":"prefeitura-de-manaus-realiza-plantio-em-area-degradada-por-incendio-em-alusao-ao-dia-da-amazonia","status":"publish","type":"post","link":"https:\/\/www.manaus.am.gov.br\/semcom\/prefeitura-de-manaus-realiza-plantio-em-area-degradada-por-incendio-em-alusao-ao-dia-da-amazonia\/","title":{"rendered":"Prefeitura de Manaus realiza plantio em \u00e1rea degradada por inc\u00eandio em alus\u00e3o ao Dia da Amaz\u00f4nia"},"content":{"rendered":"\n<p>A Prefeitura de Manaus, por meio da Secretaria Municipal de Meio Ambiente e Sustentabilidade (Semmas), realizou, na manh\u00e3 desta quarta-feira, 6\/9, o plantio de mudas nativas em \u00c1rea de Preserva\u00e7\u00e3o do Permanente (APP) do igarap\u00e9 do Mindu, em um trecho com degrada\u00e7\u00e3o da vegeta\u00e7\u00e3o devido a um inc\u00eandio. A atividade \u00e9 em alus\u00e3o ao Dia da Amaz\u00f4nia, celebrado em 5 de setembro.<\/p>\n\n\n\n<p>A \u00e1rea, que recebeu as novas mudas, fica na avenida Alphaville Norte, entre os bairros Novo Aleixo e S\u00e3o Jos\u00e9, zona Norte de Manaus. Na ocasi\u00e3o, tamb\u00e9m foi realizada a distribui\u00e7\u00e3o de mudas para a popula\u00e7\u00e3o e orienta\u00e7\u00f5es sobre o combate \u00e0s queimadas urbanas. No plantio em alus\u00e3o ao Dia da Amaz\u00f4nia, as esp\u00e9cies utilizadas foram: munguba, jutairana e oiti.<\/p>\n\n\n\n<p>A \u00e1rea da avenida Alphaville Norte, \u00e0s margens do igarap\u00e9 do Mindu, recebe a\u00e7\u00f5es de arboriza\u00e7\u00e3o e manuten\u00e7\u00e3o, realizadas pela Prefeitura de Manaus, por meio da Semmas, desde 2018. Na \u00e9poca, o local n\u00e3o possu\u00eda \u00e1rvores. Com o trabalho da Semmas, foi poss\u00edvel recuperar a vegeta\u00e7\u00e3o ao longo das margens do igarap\u00e9, apesar de perdas, ocupa\u00e7\u00f5es irregulares e inc\u00eandios causados pela queima de res\u00edduos.<\/p>\n\n\n\n<p>\u201cA equipe de Arboriza\u00e7\u00e3o da Semmas dar\u00e1 continuidade aos trabalhos de conserva\u00e7\u00e3o, podas, aduba\u00e7\u00e3o e regas nesta e em outras \u00e1reas. Ainda neste m\u00eas, haver\u00e1 mais um ato simb\u00f3lico de plantio de mudas no dia 21 de setembro, no Dia da \u00c1rvore\u201d, afirmou o diretor de Arboriza\u00e7\u00e3o da Semmas, Deyvson Braga.&nbsp;<\/p>\n\n\n\n<p>Um dos moradores da \u00e1rea que participou da a\u00e7\u00e3o foi Lucas Mota, de 17 anos, que trabalha como vendedor em frente \u00e0 \u00e1rea do plantio, em uma loja de materiais de constru\u00e7\u00e3o. O jovem plantou a primeira \u00e1rvore de sua vida, uma munguba. \u201cInfelizmente atearam fogo aqui e ficou descontrolado. Eu acho bom que est\u00e1 sendo reflorestado aqui\u201d, afirmou Lucas.<\/p>\n\n\n\n<p>Uma das pessoas que aproveitou a distribui\u00e7\u00e3o itinerante de mudas foi a Alcenice Andrade de Lima, moradora do bairro Cidade de Deus, que estava a caminho de seu trabalho. Ela disse que tem mais de seis esp\u00e9cies de \u00e1rvores frut\u00edferas no quintal de casa. \u201cJ\u00e1 temos coqueiro, p\u00e9 de manga, bananeiras, p\u00e9 de cupua\u00e7u, de pitanga e at\u00e9 cana. Se eu pudesse, passava o dia plantando mais\u201d, enfatizou com alegria.<\/p>\n\n\n\n<h2 class=\"wp-block-heading\">Arboriza\u00e7\u00e3o de Manaus<\/h2>\n\n\n\n<p>Por meio do Programa Manaus Verde, da Prefeitura de Manaus, no per\u00edodo de janeiro a julho de 2023, foram produzidas 141.018 mudas, a serem utilizadas no plantio e distribui\u00e7\u00e3o. No mesmo per\u00edodo, foram doadas 44.889 mudas, em 36 a\u00e7\u00f5es de distribui\u00e7\u00e3o itinerante em bairros de todas as zonas da cidade e em atendimentos aos 173 eventos ambientais de institui\u00e7\u00f5es que solicitaram o apoio da Semmas. Houve, no mesmo semestre, o plantio de 3.390 mudas de esp\u00e9cies arb\u00f3reas.<\/p>\n\n\n\n<p>Todos os dados superam as metas previstas no plano de a\u00e7\u00f5es do Manaus Verde para o bi\u00eanio 2023\/2024, relacionadas aos \u00faltimos seis meses.<\/p>\n\n\n\n<p>&#8212; &#8212; &#8212;<\/p>\n\n\n\n<p><strong>Texto &#8211;<\/strong> Taiana Castro \/ Semmas<\/p>\n\n\n\n<p><strong>Foto &#8211;<\/strong> Taiana Castro e Vanessa Parintins \/ Semmas<\/p>\n","protected":false},"excerpt":{"rendered":"","protected":false},"author":39,"featured_media":218205,"comment_status":"closed","ping_status":"closed","sticky":false,"template":"","format":"standard","meta":{"footnotes":""},"categories":[3878],"tags":[7661,9253,7663,77,19],"acf":[],"yoast_head":"<!-- This site is optimized with the Yoast SEO plugin v23.0 - https:\/\/yoast.com\/wordpress\/plugins\/seo\/ -->\n<title>Prefeitura de Manaus realiza plantio em \u00e1rea degradada por inc\u00eandio em alus\u00e3o ao Dia da Amaz\u00f4nia<\/title>\n<meta name=\"description\" content=\"A Prefeitura de Manaus, por meio da Secretaria Municipal de Meio Ambiente e Sustentabilidade (Semmas), realizou, na manh\u00e3 desta quarta-feira, 6\/9, o plantio de mudas nativas em \u00c1rea de Preserva\u00e7\u00e3o do Permanente (APP) do igarap\u00e9 do Mindu, em um trecho com degrada\u00e7\u00e3o da vegeta\u00e7\u00e3o devido a um inc\u00eandio. A atividade \u00e9 em alus\u00e3o ao Dia da Amaz\u00f4nia, celebrado em 5 de setembro.\" \/>\n<meta name=\"robots\" content=\"index, follow, max-snippet:-1, max-image-preview:large, max-video-preview:-1\" \/>\n<link rel=\"canonical\" href=\"https:\/\/www.manaus.am.gov.br\/semcom\/prefeitura-de-manaus-realiza-plantio-em-area-degradada-por-incendio-em-alusao-ao-dia-da-amazonia\/\" \/>\n<meta property=\"og:locale\" content=\"pt_BR\" \/>\n<meta property=\"og:type\" content=\"article\" \/>\n<meta property=\"og:title\" content=\"Prefeitura de Manaus realiza plantio em \u00e1rea degradada por inc\u00eandio em alus\u00e3o ao Dia da Amaz\u00f4nia\" \/>\n<meta property=\"og:description\" content=\"A Prefeitura de Manaus, por meio da Secretaria Municipal de Meio Ambiente e Sustentabilidade (Semmas), realizou, na manh\u00e3 desta quarta-feira, 6\/9, o plantio de mudas nativas em \u00c1rea de Preserva\u00e7\u00e3o do Permanente (APP) do igarap\u00e9 do Mindu, em um trecho com degrada\u00e7\u00e3o da vegeta\u00e7\u00e3o devido a um inc\u00eandio. A atividade \u00e9 em alus\u00e3o ao Dia da Amaz\u00f4nia, celebrado em 5 de setembro.\" \/>\n<meta property=\"og:url\" content=\"https:\/\/www.manaus.am.gov.br\/semcom\/prefeitura-de-manaus-realiza-plantio-em-area-degradada-por-incendio-em-alusao-ao-dia-da-amazonia\/\" \/>\n<meta property=\"og:site_name\" content=\"SEMCOM\" \/>\n<meta property=\"article:published_time\" content=\"2023-09-06T21:54:22+00:00\" \/>\n<meta property=\"article:modified_time\" content=\"2023-11-22T19:12:56+00:00\" \/>\n<meta property=\"og:image\" content=\"https:\/\/www.manaus.am.gov.br\/semcom\/wp-content\/uploads\/sites\/5\/2023\/09\/Plantio-em-area-degradada-por-incendio-em-alusao-ao-Dia-da-Amazonia-1.jpeg\" \/>\n\t<meta property=\"og:image:width\" content=\"1600\" \/>\n\t<meta property=\"og:image:height\" content=\"1200\" \/>\n\t<meta property=\"og:image:type\" content=\"image\/jpeg\" \/>\n<meta name=\"author\" content=\"Bruna Greco\" \/>\n<meta name=\"twitter:card\" content=\"summary_large_image\" \/>\n<meta name=\"twitter:label1\" content=\"Written by\" \/>\n\t<meta name=\"twitter:data1\" content=\"Bruna Greco\" \/>\n\t<meta name=\"twitter:label2\" content=\"Est. reading time\" \/>\n\t<meta name=\"twitter:data2\" content=\"3 minutos\" \/>\n<script type=\"application\/ld+json\" class=\"yoast-schema-graph\">{\"@context\":\"https:\/\/schema.org\",\"@graph\":[{\"@type\":\"WebPage\",\"@id\":\"https:\/\/www.manaus.am.gov.br\/semcom\/prefeitura-de-manaus-realiza-plantio-em-area-degradada-por-incendio-em-alusao-ao-dia-da-amazonia\/\",\"url\":\"https:\/\/www.manaus.am.gov.br\/semcom\/prefeitura-de-manaus-realiza-plantio-em-area-degradada-por-incendio-em-alusao-ao-dia-da-amazonia\/\",\"name\":\"Prefeitura de Manaus realiza plantio em \u00e1rea degradada por inc\u00eandio em alus\u00e3o ao Dia da Amaz\u00f4nia\",\"isPartOf\":{\"@id\":\"https:\/\/www.manaus.am.gov.br\/semcom\/#website\"},\"primaryImageOfPage\":{\"@id\":\"https:\/\/www.manaus.am.gov.br\/semcom\/prefeitura-de-manaus-realiza-plantio-em-area-degradada-por-incendio-em-alusao-ao-dia-da-amazonia\/#primaryimage\"},\"image\":{\"@id\":\"https:\/\/www.manaus.am.gov.br\/semcom\/prefeitura-de-manaus-realiza-plantio-em-area-degradada-por-incendio-em-alusao-ao-dia-da-amazonia\/#primaryimage\"},\"thumbnailUrl\":\"https:\/\/www.manaus.am.gov.br\/semcom\/wp-content\/uploads\/sites\/5\/2023\/09\/Plantio-em-area-degradada-por-incendio-em-alusao-ao-Dia-da-Amazonia-1.jpeg\",\"datePublished\":\"2023-09-06T21:54:22+00:00\",\"dateModified\":\"2023-11-22T19:12:56+00:00\",\"author\":{\"@id\":\"https:\/\/www.manaus.am.gov.br\/semcom\/#\/schema\/person\/05d223aea2bf115f9883a6ff3683d81b\"},\"description\":\"A Prefeitura de Manaus, por meio da Secretaria Municipal de Meio Ambiente e Sustentabilidade (Semmas), realizou, na manh\u00e3 desta quarta-feira, 6\/9, o plantio de mudas nativas em \u00c1rea de Preserva\u00e7\u00e3o do Permanente (APP) do igarap\u00e9 do Mindu, em um trecho com degrada\u00e7\u00e3o da vegeta\u00e7\u00e3o devido a um inc\u00eandio. A atividade \u00e9 em alus\u00e3o ao Dia da Amaz\u00f4nia, celebrado em 5 de setembro.\",\"inLanguage\":\"pt-BR\",\"potentialAction\":[{\"@type\":\"ReadAction\",\"target\":[\"https:\/\/www.manaus.am.gov.br\/semcom\/prefeitura-de-manaus-realiza-plantio-em-area-degradada-por-incendio-em-alusao-ao-dia-da-amazonia\/\"]}]},{\"@type\":\"ImageObject\",\"inLanguage\":\"pt-BR\",\"@id\":\"https:\/\/www.manaus.am.gov.br\/semcom\/prefeitura-de-manaus-realiza-plantio-em-area-degradada-por-incendio-em-alusao-ao-dia-da-amazonia\/#primaryimage\",\"url\":\"https:\/\/www.manaus.am.gov.br\/semcom\/wp-content\/uploads\/sites\/5\/2023\/09\/Plantio-em-area-degradada-por-incendio-em-alusao-ao-Dia-da-Amazonia-1.jpeg\",\"contentUrl\":\"https:\/\/www.manaus.am.gov.br\/semcom\/wp-content\/uploads\/sites\/5\/2023\/09\/Plantio-em-area-degradada-por-incendio-em-alusao-ao-Dia-da-Amazonia-1.jpeg\",\"width\":1600,\"height\":1200},{\"@type\":\"WebSite\",\"@id\":\"https:\/\/www.manaus.am.gov.br\/semcom\/#website\",\"url\":\"https:\/\/www.manaus.am.gov.br\/semcom\/\",\"name\":\"SEMCOM\",\"description\":\"Secretaria Municipal de Comunica\u00e7\u00e3o\",\"potentialAction\":[{\"@type\":\"SearchAction\",\"target\":{\"@type\":\"EntryPoint\",\"urlTemplate\":\"https:\/\/www.manaus.am.gov.br\/semcom\/?s={search_term_string}\"},\"query-input\":\"required name=search_term_string\"}],\"inLanguage\":\"pt-BR\"},{\"@type\":\"Person\",\"@id\":\"https:\/\/www.manaus.am.gov.br\/semcom\/#\/schema\/person\/05d223aea2bf115f9883a6ff3683d81b\",\"name\":\"Bruna Greco\",\"image\":{\"@type\":\"ImageObject\",\"inLanguage\":\"pt-BR\",\"@id\":\"https:\/\/www.manaus.am.gov.br\/semcom\/#\/schema\/person\/image\/\",\"url\":\"https:\/\/secure.gravatar.com\/avatar\/9c877d1a6adc2a055330e5c09a8653ce?s=96&d=mm&r=g\",\"contentUrl\":\"https:\/\/secure.gravatar.com\/avatar\/9c877d1a6adc2a055330e5c09a8653ce?s=96&d=mm&r=g\",\"caption\":\"Bruna Greco\"}}]}<\/script>\n<!-- \/ Yoast SEO plugin. -->","yoast_head_json":{"title":"Prefeitura de Manaus realiza plantio em \u00e1rea degradada por inc\u00eandio em alus\u00e3o ao Dia da Amaz\u00f4nia","description":"A Prefeitura de Manaus, por meio da Secretaria Municipal de Meio Ambiente e Sustentabilidade (Semmas), realizou, na manh\u00e3 desta quarta-feira, 6\/9, o plantio de mudas nativas em \u00c1rea de Preserva\u00e7\u00e3o do Permanente (APP) do igarap\u00e9 do Mindu, em um trecho com degrada\u00e7\u00e3o da vegeta\u00e7\u00e3o devido a um inc\u00eandio. A atividade \u00e9 em alus\u00e3o ao Dia da Amaz\u00f4nia, celebrado em 5 de setembro.","robots":{"index":"index","follow":"follow","max-snippet":"max-snippet:-1","max-image-preview":"max-image-preview:large","max-video-preview":"max-video-preview:-1"},"canonical":"https:\/\/www.manaus.am.gov.br\/semcom\/prefeitura-de-manaus-realiza-plantio-em-area-degradada-por-incendio-em-alusao-ao-dia-da-amazonia\/","og_locale":"pt_BR","og_type":"article","og_title":"Prefeitura de Manaus realiza plantio em \u00e1rea degradada por inc\u00eandio em alus\u00e3o ao Dia da Amaz\u00f4nia","og_description":"A Prefeitura de Manaus, por meio da Secretaria Municipal de Meio Ambiente e Sustentabilidade (Semmas), realizou, na manh\u00e3 desta quarta-feira, 6\/9, o plantio de mudas nativas em \u00c1rea de Preserva\u00e7\u00e3o do Permanente (APP) do igarap\u00e9 do Mindu, em um trecho com degrada\u00e7\u00e3o da vegeta\u00e7\u00e3o devido a um inc\u00eandio. A atividade \u00e9 em alus\u00e3o ao Dia da Amaz\u00f4nia, celebrado em 5 de setembro.","og_url":"https:\/\/www.manaus.am.gov.br\/semcom\/prefeitura-de-manaus-realiza-plantio-em-area-degradada-por-incendio-em-alusao-ao-dia-da-amazonia\/","og_site_name":"SEMCOM","article_published_time":"2023-09-06T21:54:22+00:00","article_modified_time":"2023-11-22T19:12:56+00:00","og_image":[{"width":1600,"height":1200,"url":"https:\/\/www.manaus.am.gov.br\/semcom\/wp-content\/uploads\/sites\/5\/2023\/09\/Plantio-em-area-degradada-por-incendio-em-alusao-ao-Dia-da-Amazonia-1.jpeg","type":"image\/jpeg"}],"author":"Bruna Greco","twitter_card":"summary_large_image","twitter_misc":{"Written by":"Bruna Greco","Est. reading time":"3 minutos"},"schema":{"@context":"https:\/\/schema.org","@graph":[{"@type":"WebPage","@id":"https:\/\/www.manaus.am.gov.br\/semcom\/prefeitura-de-manaus-realiza-plantio-em-area-degradada-por-incendio-em-alusao-ao-dia-da-amazonia\/","url":"https:\/\/www.manaus.am.gov.br\/semcom\/prefeitura-de-manaus-realiza-plantio-em-area-degradada-por-incendio-em-alusao-ao-dia-da-amazonia\/","name":"Prefeitura de Manaus realiza plantio em \u00e1rea degradada por inc\u00eandio em alus\u00e3o ao Dia da Amaz\u00f4nia","isPartOf":{"@id":"https:\/\/www.manaus.am.gov.br\/semcom\/#website"},"primaryImageOfPage":{"@id":"https:\/\/www.manaus.am.gov.br\/semcom\/prefeitura-de-manaus-realiza-plantio-em-area-degradada-por-incendio-em-alusao-ao-dia-da-amazonia\/#primaryimage"},"image":{"@id":"https:\/\/www.manaus.am.gov.br\/semcom\/prefeitura-de-manaus-realiza-plantio-em-area-degradada-por-incendio-em-alusao-ao-dia-da-amazonia\/#primaryimage"},"thumbnailUrl":"https:\/\/www.manaus.am.gov.br\/semcom\/wp-content\/uploads\/sites\/5\/2023\/09\/Plantio-em-area-degradada-por-incendio-em-alusao-ao-Dia-da-Amazonia-1.jpeg","datePublished":"2023-09-06T21:54:22+00:00","dateModified":"2023-11-22T19:12:56+00:00","author":{"@id":"https:\/\/www.manaus.am.gov.br\/semcom\/#\/schema\/person\/05d223aea2bf115f9883a6ff3683d81b"},"description":"A Prefeitura de Manaus, por meio da Secretaria Municipal de Meio Ambiente e Sustentabilidade (Semmas), realizou, na manh\u00e3 desta quarta-feira, 6\/9, o plantio de mudas nativas em \u00c1rea de Preserva\u00e7\u00e3o do Permanente (APP) do igarap\u00e9 do Mindu, em um trecho com degrada\u00e7\u00e3o da vegeta\u00e7\u00e3o devido a um inc\u00eandio. A atividade \u00e9 em alus\u00e3o ao Dia da Amaz\u00f4nia, celebrado em 5 de setembro.","inLanguage":"pt-BR","potentialAction":[{"@type":"ReadAction","target":["https:\/\/www.manaus.am.gov.br\/semcom\/prefeitura-de-manaus-realiza-plantio-em-area-degradada-por-incendio-em-alusao-ao-dia-da-amazonia\/"]}]},{"@type":"ImageObject","inLanguage":"pt-BR","@id":"https:\/\/www.manaus.am.gov.br\/semcom\/prefeitura-de-manaus-realiza-plantio-em-area-degradada-por-incendio-em-alusao-ao-dia-da-amazonia\/#primaryimage","url":"https:\/\/www.manaus.am.gov.br\/semcom\/wp-content\/uploads\/sites\/5\/2023\/09\/Plantio-em-area-degradada-por-incendio-em-alusao-ao-Dia-da-Amazonia-1.jpeg","contentUrl":"https:\/\/www.manaus.am.gov.br\/semcom\/wp-content\/uploads\/sites\/5\/2023\/09\/Plantio-em-area-degradada-por-incendio-em-alusao-ao-Dia-da-Amazonia-1.jpeg","width":1600,"height":1200},{"@type":"WebSite","@id":"https:\/\/www.manaus.am.gov.br\/semcom\/#website","url":"https:\/\/www.manaus.am.gov.br\/semcom\/","name":"SEMCOM","description":"Secretaria Municipal de Comunica\u00e7\u00e3o","potentialAction":[{"@type":"SearchAction","target":{"@type":"EntryPoint","urlTemplate":"https:\/\/www.manaus.am.gov.br\/semcom\/?s={search_term_string}"},"query-input":"required name=search_term_string"}],"inLanguage":"pt-BR"},{"@type":"Person","@id":"https:\/\/www.manaus.am.gov.br\/semcom\/#\/schema\/person\/05d223aea2bf115f9883a6ff3683d81b","name":"Bruna Greco","image":{"@type":"ImageObject","inLanguage":"pt-BR","@id":"https:\/\/www.manaus.am.gov.br\/semcom\/#\/schema\/person\/image\/","url":"https:\/\/secure.gravatar.com\/avatar\/9c877d1a6adc2a055330e5c09a8653ce?s=96&d=mm&r=g","contentUrl":"https:\/\/secure.gravatar.com\/avatar\/9c877d1a6adc2a055330e5c09a8653ce?s=96&d=mm&r=g","caption":"Bruna Greco"}}]}},"_links":{"self":[{"href":"https:\/\/www.manaus.am.gov.br\/semcom\/wp-json\/wp\/v2\/posts\/218204"}],"collection":[{"href":"https:\/\/www.manaus.am.gov.br\/semcom\/wp-json\/wp\/v2\/posts"}],"about":[{"href":"https:\/\/www.manaus.am.gov.br\/semcom\/wp-json\/wp\/v2\/types\/post"}],"author":[{"embeddable":true,"href":"https:\/\/www.manaus.am.gov.br\/semcom\/wp-json\/wp\/v2\/users\/39"}],"replies":[{"embeddable":true,"href":"https:\/\/www.manaus.am.gov.br\/semcom\/wp-json\/wp\/v2\/comments?post=218204"}],"version-history":[{"count":1,"href":"https:\/\/www.manaus.am.gov.br\/semcom\/wp-json\/wp\/v2\/posts\/218204\/revisions"}],"predecessor-version":[{"id":221549,"href":"https:\/\/www.manaus.am.gov.br\/semcom\/wp-json\/wp\/v2\/posts\/218204\/revisions\/221549"}],"wp:featuredmedia":[{"embeddable":true,"href":"https:\/\/www.manaus.am.gov.br\/semcom\/wp-json\/wp\/v2\/media\/218205"}],"wp:attachment":[{"href":"https:\/\/www.manaus.am.gov.br\/semcom\/wp-json\/wp\/v2\/media?parent=218204"}],"wp:term":[{"taxonomy":"category","embeddable":true,"href":"https:\/\/www.manaus.am.gov.br\/semcom\/wp-json\/wp\/v2\/categories?post=218204"},{"taxonomy":"post_tag","embeddable":true,"href":"https:\/\/www.manaus.am.gov.br\/semcom\/wp-json\/wp\/v2\/tags?post=218204"}],"curies":[{"name":"wp","href":"https:\/\/api.w.org\/{rel}","templated":true}]}}