{"id":217860,"date":"2023-08-28T21:07:36","date_gmt":"2023-08-29T00:07:36","guid":{"rendered":"https:\/\/www.manaus.am.gov.br\/semcom\/prefeito-destaca-investimento-nos-produtores-locais-durante-amostra-da-agricultura-familiar\/"},"modified":"2023-08-28T21:32:28","modified_gmt":"2023-08-29T00:32:28","slug":"prefeito-destaca-investimento-nos-produtores-locais-durante-amostra-da-agricultura-familiar","status":"publish","type":"post","link":"https:\/\/www.manaus.am.gov.br\/semcom\/prefeito-destaca-investimento-nos-produtores-locais-durante-amostra-da-agricultura-familiar\/","title":{"rendered":"<strong>Prefeito destaca investimento nos produtores locais durante \u2018Amostra da Agricultura Familiar&#8217;<\/strong>"},"content":{"rendered":"\n<p>O prefeito de Manaus, David Almeida, participou, na tarde desta segunda-feira, 28\/8, da &#8220;Amostra de Agricultura Familiar 2023\/2024&#8221;. O evento, organizado pela Secretaria Municipal de Educa\u00e7\u00e3o (Semed), serviu para apresentar uma parte dos itens que ser\u00e3o utilizados na merenda escolar e distribu\u00eddos nas unidades de ensino municipal.<\/p>\n\n\n\n<p>Durante a a\u00e7\u00e3o, David Almeida destacou que a compra faz parte do Programa Nacional de Alimenta\u00e7\u00e3o Escolar (Pnae), conforme determina a Lei n\u00ba 8.666, de 1993. Ser\u00e3o inseridos 27 itens novos, que ser\u00e3o utilizados na merenda escolar distribu\u00edda nas unidades de ensino municipal.<\/p>\n\n\n\n<p>\u201cEsses produtores rurais est\u00e3o tendo o apoio da prefeitura. Para voc\u00eas verem que \u00e9 uma cadeia. Voc\u00ea melhora o ramal para que os produtores possam escoar a produ\u00e7\u00e3o, a prefeitura melhora as escolas, as crian\u00e7as v\u00e3o estudar, os produtores produzem e vendem para a prefeitura, que entrega esse material para abastecer os refeit\u00f3rios para que as crian\u00e7as tenham uma melhor condi\u00e7\u00e3o para o aprendizado. Essa \u00e9 a realidade\u201d, enfatizou Almeida.<\/p>\n\n\n\n<p>De acordo com dados da Semed, ser\u00e3o 700 fam\u00edlias beneficiadas com a agricultura familiar, mais de 2 mil pessoas trabalhando na produ\u00e7\u00e3o. As entregas dos alimentos come\u00e7am nesta quarta-feira, 30\/8, sendo que a prioridade s\u00e3o as creches, depois os Centros Municipais de Educa\u00e7\u00e3o Infantil (Cmeis).<\/p>\n\n\n\n<p>\u201cQuatorze milh\u00f5es para investir em 27 produtos que s\u00e3o produzidos pelos nossos produtores rurais. Est\u00e3o de parab\u00e9ns todos aqueles que est\u00e3o envolvidos neste projeto para que n\u00f3s possamos fomentar a produ\u00e7\u00e3o rural na cidade de Manaus e que possamos fazer um cintur\u00e3o de abastecimento na cidade que n\u00f3s vivemos\u201d, concluiu o prefeito.<\/p>\n\n\n\n<p>Ser\u00e1 fornecido pela Agricultura Familiar \u00e0s unidades de ensino na rede municipal de Educa\u00e7\u00e3o: frutas, legumes e verduras como banana, mam\u00e3o, melancia, laranjas, macaxeira, jerimum, alface, repolho, pepino, entre outros. Mas, a grande novidade est\u00e1 no oferecimento da pitaya, uma fruta pouco comum na mesa dos amazonenses.<\/p>\n\n\n\n<p>\u201cNossas estudantes t\u00eam na merenda escolar alimentos saud\u00e1veis. S\u00e3o frutas, verduras e legumes sem agrot\u00f3xicos. E a grande novidade \u00e9 a pitaya, que o nosso aluno vai ter na sua mesa, porque ela j\u00e1 est\u00e1 no card\u00e1pio da merenda e ser\u00e1 servida para todos\u201d, informou o diretor de log\u00edstica da alimenta\u00e7\u00e3o escolar, William Dias.<\/p>\n\n\n\n<p>O agricultor Paulo Abreu j\u00e1 participa do programa h\u00e1 10 anos, e emprega cerca de 90 pessoas. \u201cN\u00f3s, agricultores, ficamos muito felizes com a iniciativa do prefeito David e da secret\u00e1ria Dulce em continuar com esse programa, que \u00e9 bom para os trabalhadores e para as crian\u00e7as, que recebem uma alimenta\u00e7\u00e3o saud\u00e1vel, fresquinha, sem agrot\u00f3xicos\u201d, comentou o agricultor.<\/p>\n\n\n\n<p>&#8212; &#8212; &#8212;<\/p>\n\n\n\n<p><strong>Texto &#8211;<\/strong> Thiago Fernando \/ Semcom e \u00c9rica Marinho \/ Semed<\/p>\n\n\n\n<p><strong>Fotos \u2013 <\/strong>Ruan Souza \/ Semcom<\/p>\n\n\n\n<p><strong>Dispon\u00edveis em &#8211; <\/strong><a href=\"https:\/\/flic.kr\/s\/aHBqjASMmU\">https:\/\/flic.kr\/s\/aHBqjASMmU<\/a><\/p>\n","protected":false},"excerpt":{"rendered":"","protected":false},"author":39,"featured_media":217861,"comment_status":"closed","ping_status":"closed","sticky":false,"template":"","format":"standard","meta":{"footnotes":""},"categories":[561],"tags":[7429,7430,7431,35,7432,7433,7434,7435,77,62],"acf":[],"yoast_head":"<!-- This site is optimized with the Yoast SEO plugin v23.0 - https:\/\/yoast.com\/wordpress\/plugins\/seo\/ -->\n<title>Prefeito destaca investimento nos produtores locais durante Amostra da Agricultura Familiar<\/title>\n<meta name=\"description\" content=\"O prefeito de Manaus, David Almeida, participou, na tarde desta segunda-feira, 28\/8, da &quot;Amostra de Agricultura Familiar 2023\/2024&quot;. O evento, organizado pela Secretaria Municipal de Educa\u00e7\u00e3o (Semed), serviu para apresentar uma parte dos itens que ser\u00e3o utilizados na merenda escolar e distribu\u00eddos nas unidades de ensino municipal.\" \/>\n<meta name=\"robots\" content=\"index, follow, max-snippet:-1, max-image-preview:large, max-video-preview:-1\" \/>\n<link rel=\"canonical\" href=\"https:\/\/www.manaus.am.gov.br\/semcom\/prefeito-destaca-investimento-nos-produtores-locais-durante-amostra-da-agricultura-familiar\/\" \/>\n<meta property=\"og:locale\" content=\"pt_BR\" \/>\n<meta property=\"og:type\" content=\"article\" \/>\n<meta property=\"og:title\" content=\"Prefeito destaca investimento nos produtores locais durante Amostra da Agricultura Familiar\" \/>\n<meta property=\"og:description\" content=\"O prefeito de Manaus, David Almeida, participou, na tarde desta segunda-feira, 28\/8, da &quot;Amostra de Agricultura Familiar 2023\/2024&quot;. O evento, organizado pela Secretaria Municipal de Educa\u00e7\u00e3o (Semed), serviu para apresentar uma parte dos itens que ser\u00e3o utilizados na merenda escolar e distribu\u00eddos nas unidades de ensino municipal.\" \/>\n<meta property=\"og:url\" content=\"https:\/\/www.manaus.am.gov.br\/semcom\/prefeito-destaca-investimento-nos-produtores-locais-durante-amostra-da-agricultura-familiar\/\" \/>\n<meta property=\"og:site_name\" content=\"SEMCOM\" \/>\n<meta property=\"article:published_time\" content=\"2023-08-29T00:07:36+00:00\" \/>\n<meta property=\"article:modified_time\" content=\"2023-08-29T00:32:28+00:00\" \/>\n<meta property=\"og:image\" content=\"https:\/\/www.manaus.am.gov.br\/semcom\/wp-content\/uploads\/sites\/5\/2023\/08\/IMG_8753.jpg\" \/>\n\t<meta property=\"og:image:width\" content=\"1920\" \/>\n\t<meta property=\"og:image:height\" content=\"1280\" \/>\n\t<meta property=\"og:image:type\" content=\"image\/jpeg\" \/>\n<meta name=\"author\" content=\"Bruna Greco\" \/>\n<meta name=\"twitter:card\" content=\"summary_large_image\" \/>\n<meta name=\"twitter:label1\" content=\"Written by\" \/>\n\t<meta name=\"twitter:data1\" content=\"Bruna Greco\" \/>\n\t<meta name=\"twitter:label2\" content=\"Est. reading time\" \/>\n\t<meta name=\"twitter:data2\" content=\"3 minutos\" \/>\n<script type=\"application\/ld+json\" class=\"yoast-schema-graph\">{\"@context\":\"https:\/\/schema.org\",\"@graph\":[{\"@type\":\"WebPage\",\"@id\":\"https:\/\/www.manaus.am.gov.br\/semcom\/prefeito-destaca-investimento-nos-produtores-locais-durante-amostra-da-agricultura-familiar\/\",\"url\":\"https:\/\/www.manaus.am.gov.br\/semcom\/prefeito-destaca-investimento-nos-produtores-locais-durante-amostra-da-agricultura-familiar\/\",\"name\":\"Prefeito destaca investimento nos produtores locais durante Amostra da Agricultura Familiar\",\"isPartOf\":{\"@id\":\"https:\/\/www.manaus.am.gov.br\/semcom\/#website\"},\"primaryImageOfPage\":{\"@id\":\"https:\/\/www.manaus.am.gov.br\/semcom\/prefeito-destaca-investimento-nos-produtores-locais-durante-amostra-da-agricultura-familiar\/#primaryimage\"},\"image\":{\"@id\":\"https:\/\/www.manaus.am.gov.br\/semcom\/prefeito-destaca-investimento-nos-produtores-locais-durante-amostra-da-agricultura-familiar\/#primaryimage\"},\"thumbnailUrl\":\"https:\/\/www.manaus.am.gov.br\/semcom\/wp-content\/uploads\/sites\/5\/2023\/08\/IMG_8753.jpg\",\"datePublished\":\"2023-08-29T00:07:36+00:00\",\"dateModified\":\"2023-08-29T00:32:28+00:00\",\"author\":{\"@id\":\"https:\/\/www.manaus.am.gov.br\/semcom\/#\/schema\/person\/05d223aea2bf115f9883a6ff3683d81b\"},\"description\":\"O prefeito de Manaus, David Almeida, participou, na tarde desta segunda-feira, 28\/8, da \\\"Amostra de Agricultura Familiar 2023\/2024\\\". O evento, organizado pela Secretaria Municipal de Educa\u00e7\u00e3o (Semed), serviu para apresentar uma parte dos itens que ser\u00e3o utilizados na merenda escolar e distribu\u00eddos nas unidades de ensino municipal.\",\"inLanguage\":\"pt-BR\",\"potentialAction\":[{\"@type\":\"ReadAction\",\"target\":[\"https:\/\/www.manaus.am.gov.br\/semcom\/prefeito-destaca-investimento-nos-produtores-locais-durante-amostra-da-agricultura-familiar\/\"]}]},{\"@type\":\"ImageObject\",\"inLanguage\":\"pt-BR\",\"@id\":\"https:\/\/www.manaus.am.gov.br\/semcom\/prefeito-destaca-investimento-nos-produtores-locais-durante-amostra-da-agricultura-familiar\/#primaryimage\",\"url\":\"https:\/\/www.manaus.am.gov.br\/semcom\/wp-content\/uploads\/sites\/5\/2023\/08\/IMG_8753.jpg\",\"contentUrl\":\"https:\/\/www.manaus.am.gov.br\/semcom\/wp-content\/uploads\/sites\/5\/2023\/08\/IMG_8753.jpg\",\"width\":1920,\"height\":1280},{\"@type\":\"WebSite\",\"@id\":\"https:\/\/www.manaus.am.gov.br\/semcom\/#website\",\"url\":\"https:\/\/www.manaus.am.gov.br\/semcom\/\",\"name\":\"SEMCOM\",\"description\":\"Secretaria Municipal de Comunica\u00e7\u00e3o\",\"potentialAction\":[{\"@type\":\"SearchAction\",\"target\":{\"@type\":\"EntryPoint\",\"urlTemplate\":\"https:\/\/www.manaus.am.gov.br\/semcom\/?s={search_term_string}\"},\"query-input\":\"required name=search_term_string\"}],\"inLanguage\":\"pt-BR\"},{\"@type\":\"Person\",\"@id\":\"https:\/\/www.manaus.am.gov.br\/semcom\/#\/schema\/person\/05d223aea2bf115f9883a6ff3683d81b\",\"name\":\"Bruna Greco\",\"image\":{\"@type\":\"ImageObject\",\"inLanguage\":\"pt-BR\",\"@id\":\"https:\/\/www.manaus.am.gov.br\/semcom\/#\/schema\/person\/image\/\",\"url\":\"https:\/\/secure.gravatar.com\/avatar\/9c877d1a6adc2a055330e5c09a8653ce?s=96&d=mm&r=g\",\"contentUrl\":\"https:\/\/secure.gravatar.com\/avatar\/9c877d1a6adc2a055330e5c09a8653ce?s=96&d=mm&r=g\",\"caption\":\"Bruna Greco\"}}]}<\/script>\n<!-- \/ Yoast SEO plugin. -->","yoast_head_json":{"title":"Prefeito destaca investimento nos produtores locais durante Amostra da Agricultura Familiar","description":"O prefeito de Manaus, David Almeida, participou, na tarde desta segunda-feira, 28\/8, da \"Amostra de Agricultura Familiar 2023\/2024\". O evento, organizado pela Secretaria Municipal de Educa\u00e7\u00e3o (Semed), serviu para apresentar uma parte dos itens que ser\u00e3o utilizados na merenda escolar e distribu\u00eddos nas unidades de ensino municipal.","robots":{"index":"index","follow":"follow","max-snippet":"max-snippet:-1","max-image-preview":"max-image-preview:large","max-video-preview":"max-video-preview:-1"},"canonical":"https:\/\/www.manaus.am.gov.br\/semcom\/prefeito-destaca-investimento-nos-produtores-locais-durante-amostra-da-agricultura-familiar\/","og_locale":"pt_BR","og_type":"article","og_title":"Prefeito destaca investimento nos produtores locais durante Amostra da Agricultura Familiar","og_description":"O prefeito de Manaus, David Almeida, participou, na tarde desta segunda-feira, 28\/8, da \"Amostra de Agricultura Familiar 2023\/2024\". O evento, organizado pela Secretaria Municipal de Educa\u00e7\u00e3o (Semed), serviu para apresentar uma parte dos itens que ser\u00e3o utilizados na merenda escolar e distribu\u00eddos nas unidades de ensino municipal.","og_url":"https:\/\/www.manaus.am.gov.br\/semcom\/prefeito-destaca-investimento-nos-produtores-locais-durante-amostra-da-agricultura-familiar\/","og_site_name":"SEMCOM","article_published_time":"2023-08-29T00:07:36+00:00","article_modified_time":"2023-08-29T00:32:28+00:00","og_image":[{"width":1920,"height":1280,"url":"https:\/\/www.manaus.am.gov.br\/semcom\/wp-content\/uploads\/sites\/5\/2023\/08\/IMG_8753.jpg","type":"image\/jpeg"}],"author":"Bruna Greco","twitter_card":"summary_large_image","twitter_misc":{"Written by":"Bruna Greco","Est. reading time":"3 minutos"},"schema":{"@context":"https:\/\/schema.org","@graph":[{"@type":"WebPage","@id":"https:\/\/www.manaus.am.gov.br\/semcom\/prefeito-destaca-investimento-nos-produtores-locais-durante-amostra-da-agricultura-familiar\/","url":"https:\/\/www.manaus.am.gov.br\/semcom\/prefeito-destaca-investimento-nos-produtores-locais-durante-amostra-da-agricultura-familiar\/","name":"Prefeito destaca investimento nos produtores locais durante Amostra da Agricultura Familiar","isPartOf":{"@id":"https:\/\/www.manaus.am.gov.br\/semcom\/#website"},"primaryImageOfPage":{"@id":"https:\/\/www.manaus.am.gov.br\/semcom\/prefeito-destaca-investimento-nos-produtores-locais-durante-amostra-da-agricultura-familiar\/#primaryimage"},"image":{"@id":"https:\/\/www.manaus.am.gov.br\/semcom\/prefeito-destaca-investimento-nos-produtores-locais-durante-amostra-da-agricultura-familiar\/#primaryimage"},"thumbnailUrl":"https:\/\/www.manaus.am.gov.br\/semcom\/wp-content\/uploads\/sites\/5\/2023\/08\/IMG_8753.jpg","datePublished":"2023-08-29T00:07:36+00:00","dateModified":"2023-08-29T00:32:28+00:00","author":{"@id":"https:\/\/www.manaus.am.gov.br\/semcom\/#\/schema\/person\/05d223aea2bf115f9883a6ff3683d81b"},"description":"O prefeito de Manaus, David Almeida, participou, na tarde desta segunda-feira, 28\/8, da \"Amostra de Agricultura Familiar 2023\/2024\". O evento, organizado pela Secretaria Municipal de Educa\u00e7\u00e3o (Semed), serviu para apresentar uma parte dos itens que ser\u00e3o utilizados na merenda escolar e distribu\u00eddos nas unidades de ensino municipal.","inLanguage":"pt-BR","potentialAction":[{"@type":"ReadAction","target":["https:\/\/www.manaus.am.gov.br\/semcom\/prefeito-destaca-investimento-nos-produtores-locais-durante-amostra-da-agricultura-familiar\/"]}]},{"@type":"ImageObject","inLanguage":"pt-BR","@id":"https:\/\/www.manaus.am.gov.br\/semcom\/prefeito-destaca-investimento-nos-produtores-locais-durante-amostra-da-agricultura-familiar\/#primaryimage","url":"https:\/\/www.manaus.am.gov.br\/semcom\/wp-content\/uploads\/sites\/5\/2023\/08\/IMG_8753.jpg","contentUrl":"https:\/\/www.manaus.am.gov.br\/semcom\/wp-content\/uploads\/sites\/5\/2023\/08\/IMG_8753.jpg","width":1920,"height":1280},{"@type":"WebSite","@id":"https:\/\/www.manaus.am.gov.br\/semcom\/#website","url":"https:\/\/www.manaus.am.gov.br\/semcom\/","name":"SEMCOM","description":"Secretaria Municipal de Comunica\u00e7\u00e3o","potentialAction":[{"@type":"SearchAction","target":{"@type":"EntryPoint","urlTemplate":"https:\/\/www.manaus.am.gov.br\/semcom\/?s={search_term_string}"},"query-input":"required name=search_term_string"}],"inLanguage":"pt-BR"},{"@type":"Person","@id":"https:\/\/www.manaus.am.gov.br\/semcom\/#\/schema\/person\/05d223aea2bf115f9883a6ff3683d81b","name":"Bruna Greco","image":{"@type":"ImageObject","inLanguage":"pt-BR","@id":"https:\/\/www.manaus.am.gov.br\/semcom\/#\/schema\/person\/image\/","url":"https:\/\/secure.gravatar.com\/avatar\/9c877d1a6adc2a055330e5c09a8653ce?s=96&d=mm&r=g","contentUrl":"https:\/\/secure.gravatar.com\/avatar\/9c877d1a6adc2a055330e5c09a8653ce?s=96&d=mm&r=g","caption":"Bruna Greco"}}]}},"_links":{"self":[{"href":"https:\/\/www.manaus.am.gov.br\/semcom\/wp-json\/wp\/v2\/posts\/217860"}],"collection":[{"href":"https:\/\/www.manaus.am.gov.br\/semcom\/wp-json\/wp\/v2\/posts"}],"about":[{"href":"https:\/\/www.manaus.am.gov.br\/semcom\/wp-json\/wp\/v2\/types\/post"}],"author":[{"embeddable":true,"href":"https:\/\/www.manaus.am.gov.br\/semcom\/wp-json\/wp\/v2\/users\/39"}],"replies":[{"embeddable":true,"href":"https:\/\/www.manaus.am.gov.br\/semcom\/wp-json\/wp\/v2\/comments?post=217860"}],"version-history":[{"count":1,"href":"https:\/\/www.manaus.am.gov.br\/semcom\/wp-json\/wp\/v2\/posts\/217860\/revisions"}],"predecessor-version":[{"id":217863,"href":"https:\/\/www.manaus.am.gov.br\/semcom\/wp-json\/wp\/v2\/posts\/217860\/revisions\/217863"}],"wp:featuredmedia":[{"embeddable":true,"href":"https:\/\/www.manaus.am.gov.br\/semcom\/wp-json\/wp\/v2\/media\/217861"}],"wp:attachment":[{"href":"https:\/\/www.manaus.am.gov.br\/semcom\/wp-json\/wp\/v2\/media?parent=217860"}],"wp:term":[{"taxonomy":"category","embeddable":true,"href":"https:\/\/www.manaus.am.gov.br\/semcom\/wp-json\/wp\/v2\/categories?post=217860"},{"taxonomy":"post_tag","embeddable":true,"href":"https:\/\/www.manaus.am.gov.br\/semcom\/wp-json\/wp\/v2\/tags?post=217860"}],"curies":[{"name":"wp","href":"https:\/\/api.w.org\/{rel}","templated":true}]}}