{"id":217818,"date":"2023-08-27T15:55:49","date_gmt":"2023-08-27T18:55:49","guid":{"rendered":"https:\/\/www.manaus.am.gov.br\/semcom\/prefeitura-de-manaus-inicia-montagem-do-palco-amazona-do-sou-manaus-2023\/"},"modified":"2023-08-27T15:55:51","modified_gmt":"2023-08-27T18:55:51","slug":"prefeitura-de-manaus-inicia-montagem-do-palco-amazona-do-sou-manaus-2023","status":"publish","type":"post","link":"https:\/\/www.manaus.am.gov.br\/semcom\/prefeitura-de-manaus-inicia-montagem-do-palco-amazona-do-sou-manaus-2023\/","title":{"rendered":"<strong>Prefeitura de Manaus inicia montagem do Palco Amazona do #SouManaus 2023<\/strong>"},"content":{"rendered":"\n<p>O palco Amazona, ao lado do pr\u00e9dio centen\u00e1rio da Alf\u00e2ndega, come\u00e7ou a ser montado neste domingo, 27\/8, para o festival \u201c#SouManaus Passo a Pa\u00e7o 2023\u201d, de 5 a 7 de setembro, no centro hist\u00f3rico de Manaus. A Prefeitura de Manaus, por meio da Funda\u00e7\u00e3o Municipal de Cultura, Turismo e Eventos (Manauscult), \u00e9 a respons\u00e1vel por todo processo de montagem dos palcos que receber\u00e3o gratuitamente mais de 150 mil pessoas por dia.<\/p>\n\n\n\n<p>O festival #SouManaus \u00e9 um evento multicultural que conecta gastronomia regional, m\u00fasica, teatro, dan\u00e7a, exposi\u00e7\u00f5es de arte, dentre outras manifesta\u00e7\u00f5es culturais. Gerando mais de cinco mil empregos diretos e indiretos e beneficiando duzentos microempreendedores. Cenografia e infraestrutura est\u00e3o sendo realizadas por artistas e trabalhadores amazonenses, al\u00e9m da organiza\u00e7\u00e3o do maior festival de artes integradas da Amaz\u00f4nia.<\/p>\n\n\n\n<p>De acordo com o diretor-presidente da Manauscult, Osvaldo Cardoso, acompanhar todo o processo \u00e9 fundamental para garantir um evento seguro e de qualidade para o p\u00fablico. \u201cEstamos acompanhando todo o processo de montagem dos palcos, locais das trocas de pulseiras, tudo para que a popula\u00e7\u00e3o tenha a melhor experi\u00eancia no festival. Aqui nesse palco passar\u00e3o artistas consagrados que agradam a todos os p\u00fablicos, mantendo a ess\u00eancia do #SouManaus, que \u00e9 dar pluralidade aos espet\u00e1culos\u201d, pontuou.<\/p>\n\n\n\n<p><strong>Economia criativa<\/strong><\/p>\n\n\n\n<p>Passar\u00e3o pelo palco Amazona medalh\u00f5es da m\u00fasica nacional, como Humberto Gessinger, Lob\u00e3o e Biquini, como tamb\u00e9m o cantor sertanejo Murilo Huff. Al\u00e9m das 13 atra\u00e7\u00f5es nacionais e da atra\u00e7\u00e3o internacional, o DJ franc\u00eas David Guetta.<\/p>\n\n\n\n<p>Est\u00e3o envolvidos no #SouManaus mais de 600 profissionais da cultura manauara, nas dez \u00e1reas de interven\u00e7\u00e3o do festival no centro hist\u00f3rico. \u201cNa pr\u00f3xima semana, come\u00e7a a montagem da cenografia dos palcos, onde a popula\u00e7\u00e3o j\u00e1 poder\u00e1 ver a magia tomar forma. Imaginamos para este ano um espet\u00e1culo tamb\u00e9m nos palcos. O primeiro palco do #SouManaus com cenografia especial e tem\u00e1tica c\u00eanica\u201d, comenta Osvaldo Cardoso.<\/p>\n\n\n\n<p>&#8212;-<\/p>\n\n\n\n<p><strong>Texto &#8211;<\/strong> Moara Cabral \/ ManausCult<\/p>\n\n\n\n<p><strong>Foto \u2013<\/strong> Cl\u00f3vis Miranda \/ Semcom<\/p>\n\n\n\n<p><strong>Dispon\u00edveis em &#8211;<\/strong> https:\/\/flic.kr\/s\/aHBqjASwJq<\/p>\n","protected":false},"excerpt":{"rendered":"","protected":false},"author":52,"featured_media":217819,"comment_status":"closed","ping_status":"closed","sticky":false,"template":"","format":"standard","meta":{"footnotes":""},"categories":[2013],"tags":[307,77,5840],"acf":[],"yoast_head":"<!-- This site is optimized with the Yoast SEO plugin v23.0 - https:\/\/yoast.com\/wordpress\/plugins\/seo\/ -->\n<title>Prefeitura de Manaus inicia montagem do Palco Amazona do #SouManaus 2023<\/title>\n<meta name=\"description\" content=\"O palco Amazona, ao lado do pr\u00e9dio centen\u00e1rio da Alf\u00e2ndega, come\u00e7ou a ser montado neste domingo, 27\/8, para o festival \u201c#SouManaus.\" \/>\n<meta name=\"robots\" content=\"index, follow, max-snippet:-1, max-image-preview:large, max-video-preview:-1\" \/>\n<link rel=\"canonical\" href=\"https:\/\/www.manaus.am.gov.br\/semcom\/prefeitura-de-manaus-inicia-montagem-do-palco-amazona-do-sou-manaus-2023\/\" \/>\n<meta property=\"og:locale\" content=\"pt_BR\" \/>\n<meta property=\"og:type\" content=\"article\" \/>\n<meta property=\"og:title\" content=\"Prefeitura de Manaus inicia montagem do Palco Amazona do #SouManaus 2023\" \/>\n<meta property=\"og:description\" content=\"O palco Amazona, ao lado do pr\u00e9dio centen\u00e1rio da Alf\u00e2ndega, come\u00e7ou a ser montado neste domingo, 27\/8, para o festival \u201c#SouManaus.\" \/>\n<meta property=\"og:url\" content=\"https:\/\/www.manaus.am.gov.br\/semcom\/prefeitura-de-manaus-inicia-montagem-do-palco-amazona-do-sou-manaus-2023\/\" \/>\n<meta property=\"og:site_name\" content=\"SEMCOM\" \/>\n<meta property=\"article:published_time\" content=\"2023-08-27T18:55:49+00:00\" \/>\n<meta property=\"article:modified_time\" content=\"2023-08-27T18:55:51+00:00\" \/>\n<meta property=\"og:image\" content=\"https:\/\/www.manaus.am.gov.br\/semcom\/wp-content\/uploads\/sites\/5\/2023\/08\/Montagem-do-Placo-Amazona_SouManaus.jpg\" \/>\n\t<meta property=\"og:image:width\" content=\"2048\" \/>\n\t<meta property=\"og:image:height\" content=\"1365\" \/>\n\t<meta property=\"og:image:type\" content=\"image\/jpeg\" \/>\n<meta name=\"author\" content=\"csilveira\" \/>\n<meta name=\"twitter:card\" content=\"summary_large_image\" \/>\n<meta name=\"twitter:label1\" content=\"Written by\" \/>\n\t<meta name=\"twitter:data1\" content=\"csilveira\" \/>\n\t<meta name=\"twitter:label2\" content=\"Est. reading time\" \/>\n\t<meta name=\"twitter:data2\" content=\"2 minutos\" \/>\n<script type=\"application\/ld+json\" class=\"yoast-schema-graph\">{\"@context\":\"https:\/\/schema.org\",\"@graph\":[{\"@type\":\"WebPage\",\"@id\":\"https:\/\/www.manaus.am.gov.br\/semcom\/prefeitura-de-manaus-inicia-montagem-do-palco-amazona-do-sou-manaus-2023\/\",\"url\":\"https:\/\/www.manaus.am.gov.br\/semcom\/prefeitura-de-manaus-inicia-montagem-do-palco-amazona-do-sou-manaus-2023\/\",\"name\":\"Prefeitura de Manaus inicia montagem do Palco Amazona do #SouManaus 2023\",\"isPartOf\":{\"@id\":\"https:\/\/www.manaus.am.gov.br\/semcom\/#website\"},\"primaryImageOfPage\":{\"@id\":\"https:\/\/www.manaus.am.gov.br\/semcom\/prefeitura-de-manaus-inicia-montagem-do-palco-amazona-do-sou-manaus-2023\/#primaryimage\"},\"image\":{\"@id\":\"https:\/\/www.manaus.am.gov.br\/semcom\/prefeitura-de-manaus-inicia-montagem-do-palco-amazona-do-sou-manaus-2023\/#primaryimage\"},\"thumbnailUrl\":\"https:\/\/www.manaus.am.gov.br\/semcom\/wp-content\/uploads\/sites\/5\/2023\/08\/Montagem-do-Placo-Amazona_SouManaus.jpg\",\"datePublished\":\"2023-08-27T18:55:49+00:00\",\"dateModified\":\"2023-08-27T18:55:51+00:00\",\"author\":{\"@id\":\"https:\/\/www.manaus.am.gov.br\/semcom\/#\/schema\/person\/bfafc779be2e19b3d3ef4a59d418b606\"},\"description\":\"O palco Amazona, ao lado do pr\u00e9dio centen\u00e1rio da Alf\u00e2ndega, come\u00e7ou a ser montado neste domingo, 27\/8, para o festival \u201c#SouManaus.\",\"inLanguage\":\"pt-BR\",\"potentialAction\":[{\"@type\":\"ReadAction\",\"target\":[\"https:\/\/www.manaus.am.gov.br\/semcom\/prefeitura-de-manaus-inicia-montagem-do-palco-amazona-do-sou-manaus-2023\/\"]}]},{\"@type\":\"ImageObject\",\"inLanguage\":\"pt-BR\",\"@id\":\"https:\/\/www.manaus.am.gov.br\/semcom\/prefeitura-de-manaus-inicia-montagem-do-palco-amazona-do-sou-manaus-2023\/#primaryimage\",\"url\":\"https:\/\/www.manaus.am.gov.br\/semcom\/wp-content\/uploads\/sites\/5\/2023\/08\/Montagem-do-Placo-Amazona_SouManaus.jpg\",\"contentUrl\":\"https:\/\/www.manaus.am.gov.br\/semcom\/wp-content\/uploads\/sites\/5\/2023\/08\/Montagem-do-Placo-Amazona_SouManaus.jpg\",\"width\":2048,\"height\":1365},{\"@type\":\"WebSite\",\"@id\":\"https:\/\/www.manaus.am.gov.br\/semcom\/#website\",\"url\":\"https:\/\/www.manaus.am.gov.br\/semcom\/\",\"name\":\"SEMCOM\",\"description\":\"Secretaria Municipal de Comunica\u00e7\u00e3o\",\"potentialAction\":[{\"@type\":\"SearchAction\",\"target\":{\"@type\":\"EntryPoint\",\"urlTemplate\":\"https:\/\/www.manaus.am.gov.br\/semcom\/?s={search_term_string}\"},\"query-input\":\"required name=search_term_string\"}],\"inLanguage\":\"pt-BR\"},{\"@type\":\"Person\",\"@id\":\"https:\/\/www.manaus.am.gov.br\/semcom\/#\/schema\/person\/bfafc779be2e19b3d3ef4a59d418b606\",\"name\":\"csilveira\",\"image\":{\"@type\":\"ImageObject\",\"inLanguage\":\"pt-BR\",\"@id\":\"https:\/\/www.manaus.am.gov.br\/semcom\/#\/schema\/person\/image\/\",\"url\":\"https:\/\/secure.gravatar.com\/avatar\/9c2e2f00138fcd35401c748bd030d3b5?s=96&d=mm&r=g\",\"contentUrl\":\"https:\/\/secure.gravatar.com\/avatar\/9c2e2f00138fcd35401c748bd030d3b5?s=96&d=mm&r=g\",\"caption\":\"csilveira\"}}]}<\/script>\n<!-- \/ Yoast SEO plugin. -->","yoast_head_json":{"title":"Prefeitura de Manaus inicia montagem do Palco Amazona do #SouManaus 2023","description":"O palco Amazona, ao lado do pr\u00e9dio centen\u00e1rio da Alf\u00e2ndega, come\u00e7ou a ser montado neste domingo, 27\/8, para o festival \u201c#SouManaus.","robots":{"index":"index","follow":"follow","max-snippet":"max-snippet:-1","max-image-preview":"max-image-preview:large","max-video-preview":"max-video-preview:-1"},"canonical":"https:\/\/www.manaus.am.gov.br\/semcom\/prefeitura-de-manaus-inicia-montagem-do-palco-amazona-do-sou-manaus-2023\/","og_locale":"pt_BR","og_type":"article","og_title":"Prefeitura de Manaus inicia montagem do Palco Amazona do #SouManaus 2023","og_description":"O palco Amazona, ao lado do pr\u00e9dio centen\u00e1rio da Alf\u00e2ndega, come\u00e7ou a ser montado neste domingo, 27\/8, para o festival \u201c#SouManaus.","og_url":"https:\/\/www.manaus.am.gov.br\/semcom\/prefeitura-de-manaus-inicia-montagem-do-palco-amazona-do-sou-manaus-2023\/","og_site_name":"SEMCOM","article_published_time":"2023-08-27T18:55:49+00:00","article_modified_time":"2023-08-27T18:55:51+00:00","og_image":[{"width":2048,"height":1365,"url":"https:\/\/www.manaus.am.gov.br\/semcom\/wp-content\/uploads\/sites\/5\/2023\/08\/Montagem-do-Placo-Amazona_SouManaus.jpg","type":"image\/jpeg"}],"author":"csilveira","twitter_card":"summary_large_image","twitter_misc":{"Written by":"csilveira","Est. reading time":"2 minutos"},"schema":{"@context":"https:\/\/schema.org","@graph":[{"@type":"WebPage","@id":"https:\/\/www.manaus.am.gov.br\/semcom\/prefeitura-de-manaus-inicia-montagem-do-palco-amazona-do-sou-manaus-2023\/","url":"https:\/\/www.manaus.am.gov.br\/semcom\/prefeitura-de-manaus-inicia-montagem-do-palco-amazona-do-sou-manaus-2023\/","name":"Prefeitura de Manaus inicia montagem do Palco Amazona do #SouManaus 2023","isPartOf":{"@id":"https:\/\/www.manaus.am.gov.br\/semcom\/#website"},"primaryImageOfPage":{"@id":"https:\/\/www.manaus.am.gov.br\/semcom\/prefeitura-de-manaus-inicia-montagem-do-palco-amazona-do-sou-manaus-2023\/#primaryimage"},"image":{"@id":"https:\/\/www.manaus.am.gov.br\/semcom\/prefeitura-de-manaus-inicia-montagem-do-palco-amazona-do-sou-manaus-2023\/#primaryimage"},"thumbnailUrl":"https:\/\/www.manaus.am.gov.br\/semcom\/wp-content\/uploads\/sites\/5\/2023\/08\/Montagem-do-Placo-Amazona_SouManaus.jpg","datePublished":"2023-08-27T18:55:49+00:00","dateModified":"2023-08-27T18:55:51+00:00","author":{"@id":"https:\/\/www.manaus.am.gov.br\/semcom\/#\/schema\/person\/bfafc779be2e19b3d3ef4a59d418b606"},"description":"O palco Amazona, ao lado do pr\u00e9dio centen\u00e1rio da Alf\u00e2ndega, come\u00e7ou a ser montado neste domingo, 27\/8, para o festival \u201c#SouManaus.","inLanguage":"pt-BR","potentialAction":[{"@type":"ReadAction","target":["https:\/\/www.manaus.am.gov.br\/semcom\/prefeitura-de-manaus-inicia-montagem-do-palco-amazona-do-sou-manaus-2023\/"]}]},{"@type":"ImageObject","inLanguage":"pt-BR","@id":"https:\/\/www.manaus.am.gov.br\/semcom\/prefeitura-de-manaus-inicia-montagem-do-palco-amazona-do-sou-manaus-2023\/#primaryimage","url":"https:\/\/www.manaus.am.gov.br\/semcom\/wp-content\/uploads\/sites\/5\/2023\/08\/Montagem-do-Placo-Amazona_SouManaus.jpg","contentUrl":"https:\/\/www.manaus.am.gov.br\/semcom\/wp-content\/uploads\/sites\/5\/2023\/08\/Montagem-do-Placo-Amazona_SouManaus.jpg","width":2048,"height":1365},{"@type":"WebSite","@id":"https:\/\/www.manaus.am.gov.br\/semcom\/#website","url":"https:\/\/www.manaus.am.gov.br\/semcom\/","name":"SEMCOM","description":"Secretaria Municipal de Comunica\u00e7\u00e3o","potentialAction":[{"@type":"SearchAction","target":{"@type":"EntryPoint","urlTemplate":"https:\/\/www.manaus.am.gov.br\/semcom\/?s={search_term_string}"},"query-input":"required name=search_term_string"}],"inLanguage":"pt-BR"},{"@type":"Person","@id":"https:\/\/www.manaus.am.gov.br\/semcom\/#\/schema\/person\/bfafc779be2e19b3d3ef4a59d418b606","name":"csilveira","image":{"@type":"ImageObject","inLanguage":"pt-BR","@id":"https:\/\/www.manaus.am.gov.br\/semcom\/#\/schema\/person\/image\/","url":"https:\/\/secure.gravatar.com\/avatar\/9c2e2f00138fcd35401c748bd030d3b5?s=96&d=mm&r=g","contentUrl":"https:\/\/secure.gravatar.com\/avatar\/9c2e2f00138fcd35401c748bd030d3b5?s=96&d=mm&r=g","caption":"csilveira"}}]}},"_links":{"self":[{"href":"https:\/\/www.manaus.am.gov.br\/semcom\/wp-json\/wp\/v2\/posts\/217818"}],"collection":[{"href":"https:\/\/www.manaus.am.gov.br\/semcom\/wp-json\/wp\/v2\/posts"}],"about":[{"href":"https:\/\/www.manaus.am.gov.br\/semcom\/wp-json\/wp\/v2\/types\/post"}],"author":[{"embeddable":true,"href":"https:\/\/www.manaus.am.gov.br\/semcom\/wp-json\/wp\/v2\/users\/52"}],"replies":[{"embeddable":true,"href":"https:\/\/www.manaus.am.gov.br\/semcom\/wp-json\/wp\/v2\/comments?post=217818"}],"version-history":[{"count":0,"href":"https:\/\/www.manaus.am.gov.br\/semcom\/wp-json\/wp\/v2\/posts\/217818\/revisions"}],"wp:featuredmedia":[{"embeddable":true,"href":"https:\/\/www.manaus.am.gov.br\/semcom\/wp-json\/wp\/v2\/media\/217819"}],"wp:attachment":[{"href":"https:\/\/www.manaus.am.gov.br\/semcom\/wp-json\/wp\/v2\/media?parent=217818"}],"wp:term":[{"taxonomy":"category","embeddable":true,"href":"https:\/\/www.manaus.am.gov.br\/semcom\/wp-json\/wp\/v2\/categories?post=217818"},{"taxonomy":"post_tag","embeddable":true,"href":"https:\/\/www.manaus.am.gov.br\/semcom\/wp-json\/wp\/v2\/tags?post=217818"}],"curies":[{"name":"wp","href":"https:\/\/api.w.org\/{rel}","templated":true}]}}