{"id":217602,"date":"2023-08-22T15:59:38","date_gmt":"2023-08-22T18:59:38","guid":{"rendered":"https:\/\/www.manaus.am.gov.br\/semcom\/prefeitura-de-manaus-recebe-comitiva-da-angola-para-visita-tecnica-no-dimicro\/"},"modified":"2023-08-22T16:46:30","modified_gmt":"2023-08-22T19:46:30","slug":"prefeitura-de-manaus-recebe-comitiva-da-angola-para-visita-tecnica-no-dimicro","status":"publish","type":"post","link":"https:\/\/www.manaus.am.gov.br\/semcom\/prefeitura-de-manaus-recebe-comitiva-da-angola-para-visita-tecnica-no-dimicro\/","title":{"rendered":"<strong>Prefeitura de Manaus recebe comitiva da Angola para visita t\u00e9cnica no Dimicro<\/strong>"},"content":{"rendered":"\n<p>A Prefeitura de Manaus, por meio da Secretaria Municipal do Trabalho, Empreendedorismo e Inova\u00e7\u00e3o (Semtepi), recebeu, nesta ter\u00e7a-feira, 22\/8, a visita de sete representantes da Zona Franca de Desenvolvimento Integrado da Barra do Dande (ZFDIBD), que est\u00e1 em processo final de implementa\u00e7\u00e3o na regi\u00e3o de Bengo, na Angola. O encontro foi realizado no Distrito de Micro e Pequenas Empresas do Munic\u00edpio de Manaus (Dimicro), localizado no bairro Distrito Industrial 2, na zona Leste.<\/p>\n\n\n\n<p>A Zona Franca de Desenvolvimento Integrado da Barra do Dande, Dande Free Zone, est\u00e1 localizada na Costa Atl\u00e2ntica, na Comuna da Barra do Dande, prov\u00edncia do Bengo, e integrada na Reserva Fundi\u00e1ria do Estado. Para a execu\u00e7\u00e3o efetiva desse projeto, o grupo selecionou a Zona Franca de Manaus (ZFM) e o novo modelo do Dimicro, entre 15 zonas francas globais, para realizar a visita t\u00e9cnica, analisando as boas pr\u00e1ticas de gest\u00e3o.<\/p>\n\n\n\n<p>\u201c\u00c9 muito gratificante ter o Dimicro como um exemplo a ser seguido na constru\u00e7\u00e3o de novos polos. Compartilhar boas pr\u00e1ticas \u00e9 algo que vem acontecendo no mundo, e \u00e9 uma forma saud\u00e1vel de fazer mudan\u00e7as. O Dimicro ainda vai completar um m\u00eas de inaugura\u00e7\u00e3o e j\u00e1 temos empresas em pleno funcionamento, produzindo e entregando produtos para a zona franca. A Prefeitura de Manaus est\u00e1 aqui dentro, atuando juntamente com essas empresas, e temos a chance de mostrar aos outros pa\u00edses esse modelo de sucesso\u201d, afirmou o titular da Semtepi, Radyr J\u00fanior.<\/p>\n\n\n\n<p>Durante a visita, a comitiva visitou os galp\u00f5es do Dimicro e acompanhou o processo de fabrica\u00e7\u00e3o de itens, entre eles: embalagens de papel\u00e3o, sacos pl\u00e1sticos e pe\u00e7as de ferramentaria. O grupo tamb\u00e9m conversou com os empres\u00e1rios que ocupam os galp\u00f5es, para entender os benef\u00edcios da incuba\u00e7\u00e3o e o processo fabril dentro do Dimicro.<\/p>\n\n\n\n<p>Para o diretor de Desenvolvimento e Neg\u00f3cios, Roque de Lima Saraiva, essa \u00e9 uma \u00f3tima alternativa para abra\u00e7ar os pequenos neg\u00f3cios que abastecem o polo industrial.<\/p>\n\n\n\n<p>\u201cTemos um memorando de entendimento assinado com a Suframa, com o objetivo de partilhar aprendizados, e essa experi\u00eancia que estamos vivenciando aqui, no Dimicro, \u00e9 muito interessante, porque consegue captar e garantir o empoderamento de pequenos empres\u00e1rios da regi\u00e3o. A nossa zona franca est\u00e1 muito voltada para o setor industrial, da ind\u00fastria leve, m\u00e9dia e pesada, mas sabemos que esses pequenos empres\u00e1rios, que, de alguma forma, tamb\u00e9m movimentam a economia, merecem um tratamento especial\u201d, destacou Roque.<\/p>\n\n\n\n<p>Al\u00e9m do Dimicro, o grupo angolano visitou a Superintend\u00eancia da Zona Franca de Manaus (Suframa), f\u00e1bricas instaladas no Polo Industrial de Manaus (PIM) e o Centro de Bioneg\u00f3cios da Amaz\u00f4nia (CBA). Segundo o coordenador-geral de Com\u00e9rcio Exterior e Assuntos Internacionais da Suframa, Arthur Lisboa, Manaus \u00e9 refer\u00eancia no setor industrial, e tem compartilhado projetos por meio de termos de coopera\u00e7\u00e3o, para fomentar o segmento em outros pa\u00edses.<\/p>\n\n\n\n<p>\u201cEssa visita parte de um acordo de coopera\u00e7\u00e3o, entre a Suframa e a Zona Franca da Angola, que selecionou alguns lugares que s\u00e3o refer\u00eancias mundiais em desenvolvimento. Ent\u00e3o trouxemos a equipe para conhecer as instala\u00e7\u00f5es do Dimicro, que apesar de ter sido oficialmente inaugurado h\u00e1 pouco tempo, j\u00e1 \u00e9 uma refer\u00eancia e conta com ind\u00fastrias operando, sendo, sem d\u00favida, um&nbsp;<em>case<\/em>&nbsp;de sucesso para apresentar para a equipe\u201d, frisou Lisboa.<\/p>\n\n\n\n<p><strong>Zona Franca do Dande<\/strong><\/p>\n\n\n\n<p>A Zona Franca de Desenvolvimento Integrado da Barra do Dande, situada na prov\u00edncia de Bengo, em Angola, est\u00e1 sob a gest\u00e3o da Sociedade de Desenvolvimento da Barra do Dande desde julho de 2022, quando celebrou com o Minist\u00e9rio da Economia e Planeamento de Angola o Contrato de Concess\u00e3o da Gest\u00e3o da Dande Free Zone, com dura\u00e7\u00e3o de 30 anos, prorrog\u00e1veis por mais 25 anos, para desenvolver os principais componentes da Dande Free Zone.<\/p>\n\n\n\n<p>Entre as expectativas da Dande Free Zone est\u00e3o a cria\u00e7\u00e3o de 21 mil postos de trabalho e o alcance de uma contribui\u00e7\u00e3o entre 1,5% e 2% no Produto Interno Bruto (PIB) nacional na pr\u00f3xima d\u00e9cada. Em sua primeira fase, a Dande Free Zone ser\u00e1 implementada em uma \u00e1rea de 860 hectares, quase 16% dos 5.465 hectares da \u00e1rea total do projeto. O territ\u00f3rio cont\u00e9m reservas estrat\u00e9gicas de combust\u00edveis, bem como \u00e1reas para iniciativas nos campos da gera\u00e7\u00e3o de energia e da seguran\u00e7a alimentar.<\/p>\n\n\n\n<p>&#8212; &#8212; &#8212;<\/p>\n\n\n\n<p><strong>Texto \u2013 <\/strong>Luiza Maria \/ Semtepi<\/p>\n\n\n\n<p><strong>Fotos \u2013 <\/strong>Jo\u00e3o Viana, Dhyeizo Lemos e Cl\u00f3vis Miranda\/Semcom<\/p>\n\n\n\n<p><strong>Dispon\u00edveis em<\/strong> &#8211; <a href=\"https:\/\/flic.kr\/s\/aHBqjARWWi\">https:\/\/flic.kr\/s\/aHBqjARWWi<\/a> e <a href=\"https:\/\/flic.kr\/s\/aHBqjANHNt\">https:\/\/flic.kr\/s\/aHBqjANHNt<\/a> <\/p>\n","protected":false},"excerpt":{"rendered":"","protected":false},"author":23,"featured_media":217603,"comment_status":"closed","ping_status":"closed","sticky":false,"template":"","format":"standard","meta":{"footnotes":""},"categories":[4572],"tags":[7203,878,77,22,1482],"acf":[],"yoast_head":"<!-- This site is optimized with the Yoast SEO plugin v23.0 - https:\/\/yoast.com\/wordpress\/plugins\/seo\/ -->\n<title>Prefeitura de Manaus recebe comitiva da Angola para visita t\u00e9cnica no Dimicro<\/title>\n<meta name=\"description\" content=\"A Prefeitura de Manaus, por meio da Secretaria Municipal do Trabalho, Empreendedorismo e Inova\u00e7\u00e3o (Semtepi), recebeu, nesta ter\u00e7a-feira, 22\/8, a visita de sete representantes da Zona Franca de Desenvolvimento Integrado da Barra do Dande (ZFDIBD), que est\u00e1 em processo final de implementa\u00e7\u00e3o na regi\u00e3o de Bengo, na Angola. O encontro foi realizado no Distrito de Micro e Pequenas Empresas do Munic\u00edpio de Manaus (Dimicro), localizado no bairro Distrito Industrial 2, na zona Leste.\" \/>\n<meta name=\"robots\" content=\"index, follow, max-snippet:-1, max-image-preview:large, max-video-preview:-1\" \/>\n<link rel=\"canonical\" href=\"https:\/\/www.manaus.am.gov.br\/semcom\/prefeitura-de-manaus-recebe-comitiva-da-angola-para-visita-tecnica-no-dimicro\/\" \/>\n<meta property=\"og:locale\" content=\"pt_BR\" \/>\n<meta property=\"og:type\" content=\"article\" \/>\n<meta property=\"og:title\" content=\"Prefeitura de Manaus recebe comitiva da Angola para visita t\u00e9cnica no Dimicro\" \/>\n<meta property=\"og:description\" content=\"A Prefeitura de Manaus, por meio da Secretaria Municipal do Trabalho, Empreendedorismo e Inova\u00e7\u00e3o (Semtepi), recebeu, nesta ter\u00e7a-feira, 22\/8, a visita de sete representantes da Zona Franca de Desenvolvimento Integrado da Barra do Dande (ZFDIBD), que est\u00e1 em processo final de implementa\u00e7\u00e3o na regi\u00e3o de Bengo, na Angola. O encontro foi realizado no Distrito de Micro e Pequenas Empresas do Munic\u00edpio de Manaus (Dimicro), localizado no bairro Distrito Industrial 2, na zona Leste.\" \/>\n<meta property=\"og:url\" content=\"https:\/\/www.manaus.am.gov.br\/semcom\/prefeitura-de-manaus-recebe-comitiva-da-angola-para-visita-tecnica-no-dimicro\/\" \/>\n<meta property=\"og:site_name\" content=\"SEMCOM\" \/>\n<meta property=\"article:published_time\" content=\"2023-08-22T18:59:38+00:00\" \/>\n<meta property=\"article:modified_time\" content=\"2023-08-22T19:46:30+00:00\" \/>\n<meta property=\"og:image\" content=\"https:\/\/www.manaus.am.gov.br\/semcom\/wp-content\/uploads\/sites\/5\/2023\/08\/53070635799_2ba1a02b87_c.jpg\" \/>\n\t<meta property=\"og:image:width\" content=\"800\" \/>\n\t<meta property=\"og:image:height\" content=\"534\" \/>\n\t<meta property=\"og:image:type\" content=\"image\/jpeg\" \/>\n<meta name=\"author\" content=\"Adriana Costa\" \/>\n<meta name=\"twitter:card\" content=\"summary_large_image\" \/>\n<meta name=\"twitter:label1\" content=\"Written by\" \/>\n\t<meta name=\"twitter:data1\" content=\"Adriana Costa\" \/>\n\t<meta name=\"twitter:label2\" content=\"Est. reading time\" \/>\n\t<meta name=\"twitter:data2\" content=\"4 minutos\" \/>\n<script type=\"application\/ld+json\" class=\"yoast-schema-graph\">{\"@context\":\"https:\/\/schema.org\",\"@graph\":[{\"@type\":\"WebPage\",\"@id\":\"https:\/\/www.manaus.am.gov.br\/semcom\/prefeitura-de-manaus-recebe-comitiva-da-angola-para-visita-tecnica-no-dimicro\/\",\"url\":\"https:\/\/www.manaus.am.gov.br\/semcom\/prefeitura-de-manaus-recebe-comitiva-da-angola-para-visita-tecnica-no-dimicro\/\",\"name\":\"Prefeitura de Manaus recebe comitiva da Angola para visita t\u00e9cnica no Dimicro\",\"isPartOf\":{\"@id\":\"https:\/\/www.manaus.am.gov.br\/semcom\/#website\"},\"primaryImageOfPage\":{\"@id\":\"https:\/\/www.manaus.am.gov.br\/semcom\/prefeitura-de-manaus-recebe-comitiva-da-angola-para-visita-tecnica-no-dimicro\/#primaryimage\"},\"image\":{\"@id\":\"https:\/\/www.manaus.am.gov.br\/semcom\/prefeitura-de-manaus-recebe-comitiva-da-angola-para-visita-tecnica-no-dimicro\/#primaryimage\"},\"thumbnailUrl\":\"https:\/\/www.manaus.am.gov.br\/semcom\/wp-content\/uploads\/sites\/5\/2023\/08\/53070635799_2ba1a02b87_c.jpg\",\"datePublished\":\"2023-08-22T18:59:38+00:00\",\"dateModified\":\"2023-08-22T19:46:30+00:00\",\"author\":{\"@id\":\"https:\/\/www.manaus.am.gov.br\/semcom\/#\/schema\/person\/4e49f4e267757a06ca072ec61b2b9968\"},\"description\":\"A Prefeitura de Manaus, por meio da Secretaria Municipal do Trabalho, Empreendedorismo e Inova\u00e7\u00e3o (Semtepi), recebeu, nesta ter\u00e7a-feira, 22\/8, a visita de sete representantes da Zona Franca de Desenvolvimento Integrado da Barra do Dande (ZFDIBD), que est\u00e1 em processo final de implementa\u00e7\u00e3o na regi\u00e3o de Bengo, na Angola. O encontro foi realizado no Distrito de Micro e Pequenas Empresas do Munic\u00edpio de Manaus (Dimicro), localizado no bairro Distrito Industrial 2, na zona Leste.\",\"inLanguage\":\"pt-BR\",\"potentialAction\":[{\"@type\":\"ReadAction\",\"target\":[\"https:\/\/www.manaus.am.gov.br\/semcom\/prefeitura-de-manaus-recebe-comitiva-da-angola-para-visita-tecnica-no-dimicro\/\"]}]},{\"@type\":\"ImageObject\",\"inLanguage\":\"pt-BR\",\"@id\":\"https:\/\/www.manaus.am.gov.br\/semcom\/prefeitura-de-manaus-recebe-comitiva-da-angola-para-visita-tecnica-no-dimicro\/#primaryimage\",\"url\":\"https:\/\/www.manaus.am.gov.br\/semcom\/wp-content\/uploads\/sites\/5\/2023\/08\/53070635799_2ba1a02b87_c.jpg\",\"contentUrl\":\"https:\/\/www.manaus.am.gov.br\/semcom\/wp-content\/uploads\/sites\/5\/2023\/08\/53070635799_2ba1a02b87_c.jpg\",\"width\":800,\"height\":534},{\"@type\":\"WebSite\",\"@id\":\"https:\/\/www.manaus.am.gov.br\/semcom\/#website\",\"url\":\"https:\/\/www.manaus.am.gov.br\/semcom\/\",\"name\":\"SEMCOM\",\"description\":\"Secretaria Municipal de Comunica\u00e7\u00e3o\",\"potentialAction\":[{\"@type\":\"SearchAction\",\"target\":{\"@type\":\"EntryPoint\",\"urlTemplate\":\"https:\/\/www.manaus.am.gov.br\/semcom\/?s={search_term_string}\"},\"query-input\":\"required name=search_term_string\"}],\"inLanguage\":\"pt-BR\"},{\"@type\":\"Person\",\"@id\":\"https:\/\/www.manaus.am.gov.br\/semcom\/#\/schema\/person\/4e49f4e267757a06ca072ec61b2b9968\",\"name\":\"Adriana Costa\",\"image\":{\"@type\":\"ImageObject\",\"inLanguage\":\"pt-BR\",\"@id\":\"https:\/\/www.manaus.am.gov.br\/semcom\/#\/schema\/person\/image\/\",\"url\":\"https:\/\/secure.gravatar.com\/avatar\/576258617ef7194f718179e766d57bd4?s=96&d=mm&r=g\",\"contentUrl\":\"https:\/\/secure.gravatar.com\/avatar\/576258617ef7194f718179e766d57bd4?s=96&d=mm&r=g\",\"caption\":\"Adriana Costa\"}}]}<\/script>\n<!-- \/ Yoast SEO plugin. -->","yoast_head_json":{"title":"Prefeitura de Manaus recebe comitiva da Angola para visita t\u00e9cnica no Dimicro","description":"A Prefeitura de Manaus, por meio da Secretaria Municipal do Trabalho, Empreendedorismo e Inova\u00e7\u00e3o (Semtepi), recebeu, nesta ter\u00e7a-feira, 22\/8, a visita de sete representantes da Zona Franca de Desenvolvimento Integrado da Barra do Dande (ZFDIBD), que est\u00e1 em processo final de implementa\u00e7\u00e3o na regi\u00e3o de Bengo, na Angola. O encontro foi realizado no Distrito de Micro e Pequenas Empresas do Munic\u00edpio de Manaus (Dimicro), localizado no bairro Distrito Industrial 2, na zona Leste.","robots":{"index":"index","follow":"follow","max-snippet":"max-snippet:-1","max-image-preview":"max-image-preview:large","max-video-preview":"max-video-preview:-1"},"canonical":"https:\/\/www.manaus.am.gov.br\/semcom\/prefeitura-de-manaus-recebe-comitiva-da-angola-para-visita-tecnica-no-dimicro\/","og_locale":"pt_BR","og_type":"article","og_title":"Prefeitura de Manaus recebe comitiva da Angola para visita t\u00e9cnica no Dimicro","og_description":"A Prefeitura de Manaus, por meio da Secretaria Municipal do Trabalho, Empreendedorismo e Inova\u00e7\u00e3o (Semtepi), recebeu, nesta ter\u00e7a-feira, 22\/8, a visita de sete representantes da Zona Franca de Desenvolvimento Integrado da Barra do Dande (ZFDIBD), que est\u00e1 em processo final de implementa\u00e7\u00e3o na regi\u00e3o de Bengo, na Angola. O encontro foi realizado no Distrito de Micro e Pequenas Empresas do Munic\u00edpio de Manaus (Dimicro), localizado no bairro Distrito Industrial 2, na zona Leste.","og_url":"https:\/\/www.manaus.am.gov.br\/semcom\/prefeitura-de-manaus-recebe-comitiva-da-angola-para-visita-tecnica-no-dimicro\/","og_site_name":"SEMCOM","article_published_time":"2023-08-22T18:59:38+00:00","article_modified_time":"2023-08-22T19:46:30+00:00","og_image":[{"width":800,"height":534,"url":"https:\/\/www.manaus.am.gov.br\/semcom\/wp-content\/uploads\/sites\/5\/2023\/08\/53070635799_2ba1a02b87_c.jpg","type":"image\/jpeg"}],"author":"Adriana Costa","twitter_card":"summary_large_image","twitter_misc":{"Written by":"Adriana Costa","Est. reading time":"4 minutos"},"schema":{"@context":"https:\/\/schema.org","@graph":[{"@type":"WebPage","@id":"https:\/\/www.manaus.am.gov.br\/semcom\/prefeitura-de-manaus-recebe-comitiva-da-angola-para-visita-tecnica-no-dimicro\/","url":"https:\/\/www.manaus.am.gov.br\/semcom\/prefeitura-de-manaus-recebe-comitiva-da-angola-para-visita-tecnica-no-dimicro\/","name":"Prefeitura de Manaus recebe comitiva da Angola para visita t\u00e9cnica no Dimicro","isPartOf":{"@id":"https:\/\/www.manaus.am.gov.br\/semcom\/#website"},"primaryImageOfPage":{"@id":"https:\/\/www.manaus.am.gov.br\/semcom\/prefeitura-de-manaus-recebe-comitiva-da-angola-para-visita-tecnica-no-dimicro\/#primaryimage"},"image":{"@id":"https:\/\/www.manaus.am.gov.br\/semcom\/prefeitura-de-manaus-recebe-comitiva-da-angola-para-visita-tecnica-no-dimicro\/#primaryimage"},"thumbnailUrl":"https:\/\/www.manaus.am.gov.br\/semcom\/wp-content\/uploads\/sites\/5\/2023\/08\/53070635799_2ba1a02b87_c.jpg","datePublished":"2023-08-22T18:59:38+00:00","dateModified":"2023-08-22T19:46:30+00:00","author":{"@id":"https:\/\/www.manaus.am.gov.br\/semcom\/#\/schema\/person\/4e49f4e267757a06ca072ec61b2b9968"},"description":"A Prefeitura de Manaus, por meio da Secretaria Municipal do Trabalho, Empreendedorismo e Inova\u00e7\u00e3o (Semtepi), recebeu, nesta ter\u00e7a-feira, 22\/8, a visita de sete representantes da Zona Franca de Desenvolvimento Integrado da Barra do Dande (ZFDIBD), que est\u00e1 em processo final de implementa\u00e7\u00e3o na regi\u00e3o de Bengo, na Angola. O encontro foi realizado no Distrito de Micro e Pequenas Empresas do Munic\u00edpio de Manaus (Dimicro), localizado no bairro Distrito Industrial 2, na zona Leste.","inLanguage":"pt-BR","potentialAction":[{"@type":"ReadAction","target":["https:\/\/www.manaus.am.gov.br\/semcom\/prefeitura-de-manaus-recebe-comitiva-da-angola-para-visita-tecnica-no-dimicro\/"]}]},{"@type":"ImageObject","inLanguage":"pt-BR","@id":"https:\/\/www.manaus.am.gov.br\/semcom\/prefeitura-de-manaus-recebe-comitiva-da-angola-para-visita-tecnica-no-dimicro\/#primaryimage","url":"https:\/\/www.manaus.am.gov.br\/semcom\/wp-content\/uploads\/sites\/5\/2023\/08\/53070635799_2ba1a02b87_c.jpg","contentUrl":"https:\/\/www.manaus.am.gov.br\/semcom\/wp-content\/uploads\/sites\/5\/2023\/08\/53070635799_2ba1a02b87_c.jpg","width":800,"height":534},{"@type":"WebSite","@id":"https:\/\/www.manaus.am.gov.br\/semcom\/#website","url":"https:\/\/www.manaus.am.gov.br\/semcom\/","name":"SEMCOM","description":"Secretaria Municipal de Comunica\u00e7\u00e3o","potentialAction":[{"@type":"SearchAction","target":{"@type":"EntryPoint","urlTemplate":"https:\/\/www.manaus.am.gov.br\/semcom\/?s={search_term_string}"},"query-input":"required name=search_term_string"}],"inLanguage":"pt-BR"},{"@type":"Person","@id":"https:\/\/www.manaus.am.gov.br\/semcom\/#\/schema\/person\/4e49f4e267757a06ca072ec61b2b9968","name":"Adriana Costa","image":{"@type":"ImageObject","inLanguage":"pt-BR","@id":"https:\/\/www.manaus.am.gov.br\/semcom\/#\/schema\/person\/image\/","url":"https:\/\/secure.gravatar.com\/avatar\/576258617ef7194f718179e766d57bd4?s=96&d=mm&r=g","contentUrl":"https:\/\/secure.gravatar.com\/avatar\/576258617ef7194f718179e766d57bd4?s=96&d=mm&r=g","caption":"Adriana Costa"}}]}},"_links":{"self":[{"href":"https:\/\/www.manaus.am.gov.br\/semcom\/wp-json\/wp\/v2\/posts\/217602"}],"collection":[{"href":"https:\/\/www.manaus.am.gov.br\/semcom\/wp-json\/wp\/v2\/posts"}],"about":[{"href":"https:\/\/www.manaus.am.gov.br\/semcom\/wp-json\/wp\/v2\/types\/post"}],"author":[{"embeddable":true,"href":"https:\/\/www.manaus.am.gov.br\/semcom\/wp-json\/wp\/v2\/users\/23"}],"replies":[{"embeddable":true,"href":"https:\/\/www.manaus.am.gov.br\/semcom\/wp-json\/wp\/v2\/comments?post=217602"}],"version-history":[{"count":2,"href":"https:\/\/www.manaus.am.gov.br\/semcom\/wp-json\/wp\/v2\/posts\/217602\/revisions"}],"predecessor-version":[{"id":217607,"href":"https:\/\/www.manaus.am.gov.br\/semcom\/wp-json\/wp\/v2\/posts\/217602\/revisions\/217607"}],"wp:featuredmedia":[{"embeddable":true,"href":"https:\/\/www.manaus.am.gov.br\/semcom\/wp-json\/wp\/v2\/media\/217603"}],"wp:attachment":[{"href":"https:\/\/www.manaus.am.gov.br\/semcom\/wp-json\/wp\/v2\/media?parent=217602"}],"wp:term":[{"taxonomy":"category","embeddable":true,"href":"https:\/\/www.manaus.am.gov.br\/semcom\/wp-json\/wp\/v2\/categories?post=217602"},{"taxonomy":"post_tag","embeddable":true,"href":"https:\/\/www.manaus.am.gov.br\/semcom\/wp-json\/wp\/v2\/tags?post=217602"}],"curies":[{"name":"wp","href":"https:\/\/api.w.org\/{rel}","templated":true}]}}