{"id":217582,"date":"2023-08-21T20:57:48","date_gmt":"2023-08-21T23:57:48","guid":{"rendered":"https:\/\/www.manaus.am.gov.br\/semcom\/prefeito-prestigia-lancamento-do-livro-direito-federal-brasileiro-com-a-presenca-do-ministro-mauro-campbell-marques\/"},"modified":"2023-08-21T20:57:49","modified_gmt":"2023-08-21T23:57:49","slug":"prefeito-prestigia-lancamento-do-livro-direito-federal-brasileiro-com-a-presenca-do-ministro-mauro-campbell-marques","status":"publish","type":"post","link":"https:\/\/www.manaus.am.gov.br\/semcom\/prefeito-prestigia-lancamento-do-livro-direito-federal-brasileiro-com-a-presenca-do-ministro-mauro-campbell-marques\/","title":{"rendered":"<strong>Prefeito prestigia lan\u00e7amento do livro \u2018Direito Federal Brasileiro\u2019 com a presen\u00e7a do ministro Mauro Campbell Marques<\/strong>"},"content":{"rendered":"\n<p>O prefeito de Manaus, David Almeida, prestigiou, na tarde desta segunda-feira, 21\/8, o lan\u00e7amento do livro \u201cDireito Federal Brasileiro\u201d, publica\u00e7\u00e3o que homenageia os 15 anos de atividade jurisdicional dos ministros Mauro Campbell Marques, Og Fernandes e Luis Felipe Salom\u00e3o no Superior Tribunal de Justi\u00e7a (STJ). O evento foi realizado pela Escola Superior da Magistratura do Amazonas (Esmam), no audit\u00f3rio do Centro Administrativo Des. Jos\u00e9 de Jesus F. Lopes &#8211; Anexo \u00e0 Sede do Tribunal de Justi\u00e7a do Amazonas (TJAM), e contou com a presen\u00e7a do ministro Mauro Campbell Marques.<\/p>\n\n\n\n<p>\u201cHoje, prestigiei o lan\u00e7amento do livro Direito Federal Brasileiro, uma verdadeira homenagem aos tr\u00eas magistrados, e um exitoso reconhecimento a brilhantes atua\u00e7\u00f5es. Quero aqui desejar \u00eaxito e sucesso aos ministros por essa valorosa obra\u201d, disse Almeida.<\/p>\n\n\n\n<p>O livro \u00e9 composto por 50 cap\u00edtulos, assinados por 65 juristas \u2013 entre eles, 18 ministras e ministros em atividade no STJ e foi publicado pela Editora Thoth. Em destaque, o livro mostra o papel do STJ em uniformizar a aplica\u00e7\u00e3o das mais de 30 mil normas federais que comp\u00f5em o ordenamento jur\u00eddico brasileiro, ressaltando o protagonismo dos ministros Og, Salom\u00e3o e Mauro Campbell na forma\u00e7\u00e3o de precedentes no STJ e na atua\u00e7\u00e3o de outras institui\u00e7\u00f5es do Poder Judici\u00e1rio.<\/p>\n\n\n\n<p>\u201c\u00c9 sempre motivo de orgulho recebermos o ministro Mauro Campbell, amazonense extremamente respeitado por sua compet\u00eancia e atua\u00e7\u00e3o no cen\u00e1rio jur\u00eddico nacional, e \u00e9 importante frisar que este livro que homenageia esses tr\u00eas grandes magistrados \u00e9 composto de relevantes textos de grandes juristas, sendo uma grande contribui\u00e7\u00e3o para o exerc\u00edcio do Direito no Brasil\u201d, afirmou o diretor da Esmam, desembargador Fl\u00e1vio Pascarelli.<\/p>\n\n\n\n<p>Na ocasi\u00e3o, o ministro Mauro Campbell Marques fez um discurso de agradecimento.<\/p>\n\n\n\n<p>\u201cGostaria de agradecer a todos que tiveram participa\u00e7\u00e3o direta ou indireta com \u00eaxito da minha atua\u00e7\u00e3o no Superior Tribunal de Justi\u00e7a, cuja atividades puderam contribuir para transformar a sociedade brasileira, bem como gostaria de agradecer aos ministros Og Fernandes e Luis Felipe Salom\u00e3o, que n\u00e3o puderam estar presente aqui hoje\u201d, pontuou o ministro.<\/p>\n\n\n\n<p>&#8212; &#8212; &#8212;<\/p>\n\n\n\n<p><strong>Texto &#8211;<\/strong> Beathriz Torres \/ Semcom e Divulga\u00e7\u00e3o \/ TJAM<\/p>\n\n\n\n<p><strong>Fotos \u2013 <\/strong>Dhyeizo Lemos \/ Semcom<\/p>\n\n\n\n<p><strong>Dispon\u00edveis em &#8211; <\/strong><a href=\"https:\/\/flic.kr\/s\/aHBqjARXga\">https:\/\/flic.kr\/s\/aHBqjARXga<\/a><\/p>\n","protected":false},"excerpt":{"rendered":"","protected":false},"author":39,"featured_media":217583,"comment_status":"closed","ping_status":"closed","sticky":false,"template":"","format":"standard","meta":{"footnotes":""},"categories":[15],"tags":[35,7181,7182,709,77,7183],"acf":[],"yoast_head":"<!-- This site is optimized with the Yoast SEO plugin v23.0 - https:\/\/yoast.com\/wordpress\/plugins\/seo\/ -->\n<title>Prefeito prestigia lan\u00e7amento do livro \u2018Direito Federal Brasileiro\u2019 com a presen\u00e7a do ministro Mauro Campbell Marques<\/title>\n<meta name=\"description\" content=\"O prefeito de Manaus, David Almeida, prestigiou, na tarde desta segunda-feira, 21\/8, o lan\u00e7amento do livro \u201cDireito Federal Brasileiro\u201d, publica\u00e7\u00e3o que homenageia os 15 anos de atividade jurisdicional dos ministros Mauro Campbell Marques, Og Fernandes e Luis Felipe Salom\u00e3o no Superior Tribunal de Justi\u00e7a (STJ).\" \/>\n<meta name=\"robots\" content=\"index, follow, max-snippet:-1, max-image-preview:large, max-video-preview:-1\" \/>\n<link rel=\"canonical\" href=\"https:\/\/www.manaus.am.gov.br\/semcom\/prefeito-prestigia-lancamento-do-livro-direito-federal-brasileiro-com-a-presenca-do-ministro-mauro-campbell-marques\/\" \/>\n<meta property=\"og:locale\" content=\"pt_BR\" \/>\n<meta property=\"og:type\" content=\"article\" \/>\n<meta property=\"og:title\" content=\"Prefeito prestigia lan\u00e7amento do livro \u2018Direito Federal Brasileiro\u2019 com a presen\u00e7a do ministro Mauro Campbell Marques\" \/>\n<meta property=\"og:description\" content=\"O prefeito de Manaus, David Almeida, prestigiou, na tarde desta segunda-feira, 21\/8, o lan\u00e7amento do livro \u201cDireito Federal Brasileiro\u201d, publica\u00e7\u00e3o que homenageia os 15 anos de atividade jurisdicional dos ministros Mauro Campbell Marques, Og Fernandes e Luis Felipe Salom\u00e3o no Superior Tribunal de Justi\u00e7a (STJ).\" \/>\n<meta property=\"og:url\" content=\"https:\/\/www.manaus.am.gov.br\/semcom\/prefeito-prestigia-lancamento-do-livro-direito-federal-brasileiro-com-a-presenca-do-ministro-mauro-campbell-marques\/\" \/>\n<meta property=\"og:site_name\" content=\"SEMCOM\" \/>\n<meta property=\"article:published_time\" content=\"2023-08-21T23:57:48+00:00\" \/>\n<meta property=\"article:modified_time\" content=\"2023-08-21T23:57:49+00:00\" \/>\n<meta property=\"og:image\" content=\"https:\/\/www.manaus.am.gov.br\/semcom\/wp-content\/uploads\/sites\/5\/2023\/08\/PMB07676-1024x768.jpg\" \/>\n\t<meta property=\"og:image:width\" content=\"1024\" \/>\n\t<meta property=\"og:image:height\" content=\"768\" \/>\n\t<meta property=\"og:image:type\" content=\"image\/jpeg\" \/>\n<meta name=\"author\" content=\"Bruna Greco\" \/>\n<meta name=\"twitter:card\" content=\"summary_large_image\" \/>\n<meta name=\"twitter:label1\" content=\"Written by\" \/>\n\t<meta name=\"twitter:data1\" content=\"Bruna Greco\" \/>\n\t<meta name=\"twitter:label2\" content=\"Est. reading time\" \/>\n\t<meta name=\"twitter:data2\" content=\"2 minutos\" \/>\n<script type=\"application\/ld+json\" class=\"yoast-schema-graph\">{\"@context\":\"https:\/\/schema.org\",\"@graph\":[{\"@type\":\"WebPage\",\"@id\":\"https:\/\/www.manaus.am.gov.br\/semcom\/prefeito-prestigia-lancamento-do-livro-direito-federal-brasileiro-com-a-presenca-do-ministro-mauro-campbell-marques\/\",\"url\":\"https:\/\/www.manaus.am.gov.br\/semcom\/prefeito-prestigia-lancamento-do-livro-direito-federal-brasileiro-com-a-presenca-do-ministro-mauro-campbell-marques\/\",\"name\":\"Prefeito prestigia lan\u00e7amento do livro \u2018Direito Federal Brasileiro\u2019 com a presen\u00e7a do ministro Mauro Campbell Marques\",\"isPartOf\":{\"@id\":\"https:\/\/www.manaus.am.gov.br\/semcom\/#website\"},\"primaryImageOfPage\":{\"@id\":\"https:\/\/www.manaus.am.gov.br\/semcom\/prefeito-prestigia-lancamento-do-livro-direito-federal-brasileiro-com-a-presenca-do-ministro-mauro-campbell-marques\/#primaryimage\"},\"image\":{\"@id\":\"https:\/\/www.manaus.am.gov.br\/semcom\/prefeito-prestigia-lancamento-do-livro-direito-federal-brasileiro-com-a-presenca-do-ministro-mauro-campbell-marques\/#primaryimage\"},\"thumbnailUrl\":\"https:\/\/www.manaus.am.gov.br\/semcom\/wp-content\/uploads\/sites\/5\/2023\/08\/PMB07676.jpg\",\"datePublished\":\"2023-08-21T23:57:48+00:00\",\"dateModified\":\"2023-08-21T23:57:49+00:00\",\"author\":{\"@id\":\"https:\/\/www.manaus.am.gov.br\/semcom\/#\/schema\/person\/05d223aea2bf115f9883a6ff3683d81b\"},\"description\":\"O prefeito de Manaus, David Almeida, prestigiou, na tarde desta segunda-feira, 21\/8, o lan\u00e7amento do livro \u201cDireito Federal Brasileiro\u201d, publica\u00e7\u00e3o que homenageia os 15 anos de atividade jurisdicional dos ministros Mauro Campbell Marques, Og Fernandes e Luis Felipe Salom\u00e3o no Superior Tribunal de Justi\u00e7a (STJ).\",\"inLanguage\":\"pt-BR\",\"potentialAction\":[{\"@type\":\"ReadAction\",\"target\":[\"https:\/\/www.manaus.am.gov.br\/semcom\/prefeito-prestigia-lancamento-do-livro-direito-federal-brasileiro-com-a-presenca-do-ministro-mauro-campbell-marques\/\"]}]},{\"@type\":\"ImageObject\",\"inLanguage\":\"pt-BR\",\"@id\":\"https:\/\/www.manaus.am.gov.br\/semcom\/prefeito-prestigia-lancamento-do-livro-direito-federal-brasileiro-com-a-presenca-do-ministro-mauro-campbell-marques\/#primaryimage\",\"url\":\"https:\/\/www.manaus.am.gov.br\/semcom\/wp-content\/uploads\/sites\/5\/2023\/08\/PMB07676.jpg\",\"contentUrl\":\"https:\/\/www.manaus.am.gov.br\/semcom\/wp-content\/uploads\/sites\/5\/2023\/08\/PMB07676.jpg\",\"width\":3840,\"height\":2880},{\"@type\":\"WebSite\",\"@id\":\"https:\/\/www.manaus.am.gov.br\/semcom\/#website\",\"url\":\"https:\/\/www.manaus.am.gov.br\/semcom\/\",\"name\":\"SEMCOM\",\"description\":\"Secretaria Municipal de Comunica\u00e7\u00e3o\",\"potentialAction\":[{\"@type\":\"SearchAction\",\"target\":{\"@type\":\"EntryPoint\",\"urlTemplate\":\"https:\/\/www.manaus.am.gov.br\/semcom\/?s={search_term_string}\"},\"query-input\":\"required name=search_term_string\"}],\"inLanguage\":\"pt-BR\"},{\"@type\":\"Person\",\"@id\":\"https:\/\/www.manaus.am.gov.br\/semcom\/#\/schema\/person\/05d223aea2bf115f9883a6ff3683d81b\",\"name\":\"Bruna Greco\",\"image\":{\"@type\":\"ImageObject\",\"inLanguage\":\"pt-BR\",\"@id\":\"https:\/\/www.manaus.am.gov.br\/semcom\/#\/schema\/person\/image\/\",\"url\":\"https:\/\/secure.gravatar.com\/avatar\/9c877d1a6adc2a055330e5c09a8653ce?s=96&d=mm&r=g\",\"contentUrl\":\"https:\/\/secure.gravatar.com\/avatar\/9c877d1a6adc2a055330e5c09a8653ce?s=96&d=mm&r=g\",\"caption\":\"Bruna Greco\"}}]}<\/script>\n<!-- \/ Yoast SEO plugin. -->","yoast_head_json":{"title":"Prefeito prestigia lan\u00e7amento do livro \u2018Direito Federal Brasileiro\u2019 com a presen\u00e7a do ministro Mauro Campbell Marques","description":"O prefeito de Manaus, David Almeida, prestigiou, na tarde desta segunda-feira, 21\/8, o lan\u00e7amento do livro \u201cDireito Federal Brasileiro\u201d, publica\u00e7\u00e3o que homenageia os 15 anos de atividade jurisdicional dos ministros Mauro Campbell Marques, Og Fernandes e Luis Felipe Salom\u00e3o no Superior Tribunal de Justi\u00e7a (STJ).","robots":{"index":"index","follow":"follow","max-snippet":"max-snippet:-1","max-image-preview":"max-image-preview:large","max-video-preview":"max-video-preview:-1"},"canonical":"https:\/\/www.manaus.am.gov.br\/semcom\/prefeito-prestigia-lancamento-do-livro-direito-federal-brasileiro-com-a-presenca-do-ministro-mauro-campbell-marques\/","og_locale":"pt_BR","og_type":"article","og_title":"Prefeito prestigia lan\u00e7amento do livro \u2018Direito Federal Brasileiro\u2019 com a presen\u00e7a do ministro Mauro Campbell Marques","og_description":"O prefeito de Manaus, David Almeida, prestigiou, na tarde desta segunda-feira, 21\/8, o lan\u00e7amento do livro \u201cDireito Federal Brasileiro\u201d, publica\u00e7\u00e3o que homenageia os 15 anos de atividade jurisdicional dos ministros Mauro Campbell Marques, Og Fernandes e Luis Felipe Salom\u00e3o no Superior Tribunal de Justi\u00e7a (STJ).","og_url":"https:\/\/www.manaus.am.gov.br\/semcom\/prefeito-prestigia-lancamento-do-livro-direito-federal-brasileiro-com-a-presenca-do-ministro-mauro-campbell-marques\/","og_site_name":"SEMCOM","article_published_time":"2023-08-21T23:57:48+00:00","article_modified_time":"2023-08-21T23:57:49+00:00","og_image":[{"width":1024,"height":768,"url":"https:\/\/www.manaus.am.gov.br\/semcom\/wp-content\/uploads\/sites\/5\/2023\/08\/PMB07676-1024x768.jpg","type":"image\/jpeg"}],"author":"Bruna Greco","twitter_card":"summary_large_image","twitter_misc":{"Written by":"Bruna Greco","Est. reading time":"2 minutos"},"schema":{"@context":"https:\/\/schema.org","@graph":[{"@type":"WebPage","@id":"https:\/\/www.manaus.am.gov.br\/semcom\/prefeito-prestigia-lancamento-do-livro-direito-federal-brasileiro-com-a-presenca-do-ministro-mauro-campbell-marques\/","url":"https:\/\/www.manaus.am.gov.br\/semcom\/prefeito-prestigia-lancamento-do-livro-direito-federal-brasileiro-com-a-presenca-do-ministro-mauro-campbell-marques\/","name":"Prefeito prestigia lan\u00e7amento do livro \u2018Direito Federal Brasileiro\u2019 com a presen\u00e7a do ministro Mauro Campbell Marques","isPartOf":{"@id":"https:\/\/www.manaus.am.gov.br\/semcom\/#website"},"primaryImageOfPage":{"@id":"https:\/\/www.manaus.am.gov.br\/semcom\/prefeito-prestigia-lancamento-do-livro-direito-federal-brasileiro-com-a-presenca-do-ministro-mauro-campbell-marques\/#primaryimage"},"image":{"@id":"https:\/\/www.manaus.am.gov.br\/semcom\/prefeito-prestigia-lancamento-do-livro-direito-federal-brasileiro-com-a-presenca-do-ministro-mauro-campbell-marques\/#primaryimage"},"thumbnailUrl":"https:\/\/www.manaus.am.gov.br\/semcom\/wp-content\/uploads\/sites\/5\/2023\/08\/PMB07676.jpg","datePublished":"2023-08-21T23:57:48+00:00","dateModified":"2023-08-21T23:57:49+00:00","author":{"@id":"https:\/\/www.manaus.am.gov.br\/semcom\/#\/schema\/person\/05d223aea2bf115f9883a6ff3683d81b"},"description":"O prefeito de Manaus, David Almeida, prestigiou, na tarde desta segunda-feira, 21\/8, o lan\u00e7amento do livro \u201cDireito Federal Brasileiro\u201d, publica\u00e7\u00e3o que homenageia os 15 anos de atividade jurisdicional dos ministros Mauro Campbell Marques, Og Fernandes e Luis Felipe Salom\u00e3o no Superior Tribunal de Justi\u00e7a (STJ).","inLanguage":"pt-BR","potentialAction":[{"@type":"ReadAction","target":["https:\/\/www.manaus.am.gov.br\/semcom\/prefeito-prestigia-lancamento-do-livro-direito-federal-brasileiro-com-a-presenca-do-ministro-mauro-campbell-marques\/"]}]},{"@type":"ImageObject","inLanguage":"pt-BR","@id":"https:\/\/www.manaus.am.gov.br\/semcom\/prefeito-prestigia-lancamento-do-livro-direito-federal-brasileiro-com-a-presenca-do-ministro-mauro-campbell-marques\/#primaryimage","url":"https:\/\/www.manaus.am.gov.br\/semcom\/wp-content\/uploads\/sites\/5\/2023\/08\/PMB07676.jpg","contentUrl":"https:\/\/www.manaus.am.gov.br\/semcom\/wp-content\/uploads\/sites\/5\/2023\/08\/PMB07676.jpg","width":3840,"height":2880},{"@type":"WebSite","@id":"https:\/\/www.manaus.am.gov.br\/semcom\/#website","url":"https:\/\/www.manaus.am.gov.br\/semcom\/","name":"SEMCOM","description":"Secretaria Municipal de Comunica\u00e7\u00e3o","potentialAction":[{"@type":"SearchAction","target":{"@type":"EntryPoint","urlTemplate":"https:\/\/www.manaus.am.gov.br\/semcom\/?s={search_term_string}"},"query-input":"required name=search_term_string"}],"inLanguage":"pt-BR"},{"@type":"Person","@id":"https:\/\/www.manaus.am.gov.br\/semcom\/#\/schema\/person\/05d223aea2bf115f9883a6ff3683d81b","name":"Bruna Greco","image":{"@type":"ImageObject","inLanguage":"pt-BR","@id":"https:\/\/www.manaus.am.gov.br\/semcom\/#\/schema\/person\/image\/","url":"https:\/\/secure.gravatar.com\/avatar\/9c877d1a6adc2a055330e5c09a8653ce?s=96&d=mm&r=g","contentUrl":"https:\/\/secure.gravatar.com\/avatar\/9c877d1a6adc2a055330e5c09a8653ce?s=96&d=mm&r=g","caption":"Bruna Greco"}}]}},"_links":{"self":[{"href":"https:\/\/www.manaus.am.gov.br\/semcom\/wp-json\/wp\/v2\/posts\/217582"}],"collection":[{"href":"https:\/\/www.manaus.am.gov.br\/semcom\/wp-json\/wp\/v2\/posts"}],"about":[{"href":"https:\/\/www.manaus.am.gov.br\/semcom\/wp-json\/wp\/v2\/types\/post"}],"author":[{"embeddable":true,"href":"https:\/\/www.manaus.am.gov.br\/semcom\/wp-json\/wp\/v2\/users\/39"}],"replies":[{"embeddable":true,"href":"https:\/\/www.manaus.am.gov.br\/semcom\/wp-json\/wp\/v2\/comments?post=217582"}],"version-history":[{"count":0,"href":"https:\/\/www.manaus.am.gov.br\/semcom\/wp-json\/wp\/v2\/posts\/217582\/revisions"}],"wp:featuredmedia":[{"embeddable":true,"href":"https:\/\/www.manaus.am.gov.br\/semcom\/wp-json\/wp\/v2\/media\/217583"}],"wp:attachment":[{"href":"https:\/\/www.manaus.am.gov.br\/semcom\/wp-json\/wp\/v2\/media?parent=217582"}],"wp:term":[{"taxonomy":"category","embeddable":true,"href":"https:\/\/www.manaus.am.gov.br\/semcom\/wp-json\/wp\/v2\/categories?post=217582"},{"taxonomy":"post_tag","embeddable":true,"href":"https:\/\/www.manaus.am.gov.br\/semcom\/wp-json\/wp\/v2\/tags?post=217582"}],"curies":[{"name":"wp","href":"https:\/\/api.w.org\/{rel}","templated":true}]}}