{"id":217507,"date":"2023-08-18T16:05:38","date_gmt":"2023-08-18T19:05:38","guid":{"rendered":"https:\/\/www.manaus.am.gov.br\/semcom\/prefeitura-inicia-montagem-da-estrutura-do-palco-do-festival-soumanaus-passo-a-paco-2023\/"},"modified":"2023-08-18T16:05:42","modified_gmt":"2023-08-18T19:05:42","slug":"prefeitura-inicia-montagem-da-estrutura-do-palco-do-festival-soumanaus-passo-a-paco-2023","status":"publish","type":"post","link":"https:\/\/www.manaus.am.gov.br\/semcom\/prefeitura-inicia-montagem-da-estrutura-do-palco-do-festival-soumanaus-passo-a-paco-2023\/","title":{"rendered":"<strong>Prefeitura inicia montagem da estrutura do palco do festival \u2018#SouManaus Passo a Pa\u00e7o 2023\u2019<\/strong>"},"content":{"rendered":"\n<p>Como parte das tratativas de execu\u00e7\u00f5es do \u201c#SouManaus Passo a Pa\u00e7o 2023\u201d, o prefeito David Almeida acompanhou, na manh\u00e3 desta sexta-feira, 18\/8, o in\u00edcio do processo de montagem da megaestrutura preparada para o festival que acontecer\u00e1 nos dias 5, 6 e 7 de setembro, no centro hist\u00f3rico. O evento, que na edi\u00e7\u00e3o anterior reuniu mais de 380 mil pessoas, vem agora em 2023 superar a expectativa de p\u00fablico e de apresenta\u00e7\u00f5es de artistas locais e nacionais.<\/p>\n\n\n\n<p>Acompanhado pelas equipes da Funda\u00e7\u00e3o Municipal de Cultura, Turismo e Eventos (Manauscult), o chefe do Executivo municipal frisou que a expectativa para a realiza\u00e7\u00e3o do maior festival de artes integradas do Norte s\u00e3o as melhores.<\/p>\n\n\n\n<p>\u201cO #SouManaus tem in\u00edcio daqui a 17 dias e hoje n\u00f3s j\u00e1 iniciamos aqui com toda a equipe da Manauscult, todos os nossos fornecedores que est\u00e3o conosco, a montagem de toda essa estrutura que vai trazer e oportunizar \u00e0 popula\u00e7\u00e3o da cidade de Manaus a prestigiar o maior e melhor espet\u00e1culo poss\u00edvel. As expectativas s\u00e3o as melhores, com a amplia\u00e7\u00e3o do espa\u00e7o, melhorias na estrutura, a parceria com o porto de Manaus, isso tudo faz com que a gente possa prospectar um grande evento\u201d, afirmou Almeida.<\/p>\n\n\n\n<p>A a\u00e7\u00e3o acontece inicialmente na \u00e1rea portu\u00e1ria, com a montagem da estrutura da Plataforma Malcher (Palco Guardi\u00e3o da Amaz\u00f4nia), que vai conter as matrizes dos ind\u00edgenas que habitavam no Amazonas, como Ajuricaba, Kokama e Adnair. No local, a comitiva tamb\u00e9m debateu e avaliou quest\u00f5es de log\u00edstica, seguran\u00e7a, sa\u00fade, dentre outras demandas necess\u00e1rias.<\/p>\n\n\n\n<p>\u201cPara a turma da prefeitura e de todos os fornecedores do evento, o trabalho j\u00e1 come\u00e7ou. J\u00e1 iniciamos a montar toda a estrutura do palco, para que a popula\u00e7\u00e3o de Manaus venha prestigiar o evento com todo conforto, tranquilidade e seguran\u00e7a. Ampliamos o per\u00edmetro, ampliamos o tamanho do evento, e esse planejamento que a Prefeitura de Manaus vem fazendo dentro da cultura, do turismo, tamb\u00e9m estar\u00e1 transformando o #SouManaus\u201d, disse o diretor-presidente da Manauscult, Osvaldo Cardoso.<\/p>\n\n\n\n<p>O \u201c#SouManaus Passo a Pa\u00e7o 2023\u201d vai reunir, em sete \u00e1reas de interven\u00e7\u00e3o cultural, no centro da cidade, mais de 600 atra\u00e7\u00f5es locais de diferentes segmentos, como gastronomia, moda, dan\u00e7a, teatro, cinema, m\u00fasica, artesanato, arte circense, dentre outros.<\/p>\n\n\n\n<p>&#8212; &#8212; &#8212;<\/p>\n\n\n\n<p><strong>Texto<\/strong> &#8211; Beathriz Torres \/ Semcom e Moara Cabral \/ Manauscult<\/p>\n\n\n\n<p><strong>Fotos &#8211; <\/strong>&nbsp;Ruan Souza \/ Semcom<\/p>\n\n\n\n<p><strong>Dispon\u00edveis em &#8211; <\/strong><a href=\"https:\/\/flic.kr\/s\/aHBqjARAgQ\">https:\/\/flic.kr\/s\/aHBqjARAgQ<\/a><\/p>\n","protected":false},"excerpt":{"rendered":"","protected":false},"author":39,"featured_media":217508,"comment_status":"closed","ping_status":"closed","sticky":false,"template":"","format":"standard","meta":{"footnotes":""},"categories":[2013],"tags":[7088,35,7089,307,7090,7091,709,77],"acf":[],"yoast_head":"<!-- This site is optimized with the Yoast SEO plugin v23.0 - https:\/\/yoast.com\/wordpress\/plugins\/seo\/ -->\n<title>Prefeitura inicia montagem da estrutura do palco do festival \u2018#SouManaus Passo a Pa\u00e7o 2023\u2019<\/title>\n<meta name=\"description\" content=\"Como parte das tratativas de execu\u00e7\u00f5es do \u201c#SouManaus Passo a Pa\u00e7o 2023\u201d, o prefeito David Almeida acompanhou, na manh\u00e3 desta sexta-feira, 18\/8, o in\u00edcio do processo de montagem da megaestrutura preparada para o festival que acontecer\u00e1 nos dias 5, 6 e 7 de setembro, no centro hist\u00f3rico.\" \/>\n<meta name=\"robots\" content=\"index, follow, max-snippet:-1, max-image-preview:large, max-video-preview:-1\" \/>\n<link rel=\"canonical\" href=\"https:\/\/www.manaus.am.gov.br\/semcom\/prefeitura-inicia-montagem-da-estrutura-do-palco-do-festival-soumanaus-passo-a-paco-2023\/\" \/>\n<meta property=\"og:locale\" content=\"pt_BR\" \/>\n<meta property=\"og:type\" content=\"article\" \/>\n<meta property=\"og:title\" content=\"Prefeitura inicia montagem da estrutura do palco do festival \u2018#SouManaus Passo a Pa\u00e7o 2023\u2019\" \/>\n<meta property=\"og:description\" content=\"Como parte das tratativas de execu\u00e7\u00f5es do \u201c#SouManaus Passo a Pa\u00e7o 2023\u201d, o prefeito David Almeida acompanhou, na manh\u00e3 desta sexta-feira, 18\/8, o in\u00edcio do processo de montagem da megaestrutura preparada para o festival que acontecer\u00e1 nos dias 5, 6 e 7 de setembro, no centro hist\u00f3rico.\" \/>\n<meta property=\"og:url\" content=\"https:\/\/www.manaus.am.gov.br\/semcom\/prefeitura-inicia-montagem-da-estrutura-do-palco-do-festival-soumanaus-passo-a-paco-2023\/\" \/>\n<meta property=\"og:site_name\" content=\"SEMCOM\" \/>\n<meta property=\"article:published_time\" content=\"2023-08-18T19:05:38+00:00\" \/>\n<meta property=\"article:modified_time\" content=\"2023-08-18T19:05:42+00:00\" \/>\n<meta property=\"og:image\" content=\"https:\/\/www.manaus.am.gov.br\/semcom\/wp-content\/uploads\/sites\/5\/2023\/08\/53124787687_e74501b21c_k.jpg\" \/>\n\t<meta property=\"og:image:width\" content=\"2047\" \/>\n\t<meta property=\"og:image:height\" content=\"1365\" \/>\n\t<meta property=\"og:image:type\" content=\"image\/jpeg\" \/>\n<meta name=\"author\" content=\"Bruna Greco\" \/>\n<meta name=\"twitter:card\" content=\"summary_large_image\" \/>\n<meta name=\"twitter:label1\" content=\"Written by\" \/>\n\t<meta name=\"twitter:data1\" content=\"Bruna Greco\" \/>\n\t<meta name=\"twitter:label2\" content=\"Est. reading time\" \/>\n\t<meta name=\"twitter:data2\" content=\"3 minutos\" \/>\n<script type=\"application\/ld+json\" class=\"yoast-schema-graph\">{\"@context\":\"https:\/\/schema.org\",\"@graph\":[{\"@type\":\"WebPage\",\"@id\":\"https:\/\/www.manaus.am.gov.br\/semcom\/prefeitura-inicia-montagem-da-estrutura-do-palco-do-festival-soumanaus-passo-a-paco-2023\/\",\"url\":\"https:\/\/www.manaus.am.gov.br\/semcom\/prefeitura-inicia-montagem-da-estrutura-do-palco-do-festival-soumanaus-passo-a-paco-2023\/\",\"name\":\"Prefeitura inicia montagem da estrutura do palco do festival \u2018#SouManaus Passo a Pa\u00e7o 2023\u2019\",\"isPartOf\":{\"@id\":\"https:\/\/www.manaus.am.gov.br\/semcom\/#website\"},\"primaryImageOfPage\":{\"@id\":\"https:\/\/www.manaus.am.gov.br\/semcom\/prefeitura-inicia-montagem-da-estrutura-do-palco-do-festival-soumanaus-passo-a-paco-2023\/#primaryimage\"},\"image\":{\"@id\":\"https:\/\/www.manaus.am.gov.br\/semcom\/prefeitura-inicia-montagem-da-estrutura-do-palco-do-festival-soumanaus-passo-a-paco-2023\/#primaryimage\"},\"thumbnailUrl\":\"https:\/\/www.manaus.am.gov.br\/semcom\/wp-content\/uploads\/sites\/5\/2023\/08\/53124787687_e74501b21c_k.jpg\",\"datePublished\":\"2023-08-18T19:05:38+00:00\",\"dateModified\":\"2023-08-18T19:05:42+00:00\",\"author\":{\"@id\":\"https:\/\/www.manaus.am.gov.br\/semcom\/#\/schema\/person\/05d223aea2bf115f9883a6ff3683d81b\"},\"description\":\"Como parte das tratativas de execu\u00e7\u00f5es do \u201c#SouManaus Passo a Pa\u00e7o 2023\u201d, o prefeito David Almeida acompanhou, na manh\u00e3 desta sexta-feira, 18\/8, o in\u00edcio do processo de montagem da megaestrutura preparada para o festival que acontecer\u00e1 nos dias 5, 6 e 7 de setembro, no centro hist\u00f3rico.\",\"inLanguage\":\"pt-BR\",\"potentialAction\":[{\"@type\":\"ReadAction\",\"target\":[\"https:\/\/www.manaus.am.gov.br\/semcom\/prefeitura-inicia-montagem-da-estrutura-do-palco-do-festival-soumanaus-passo-a-paco-2023\/\"]}]},{\"@type\":\"ImageObject\",\"inLanguage\":\"pt-BR\",\"@id\":\"https:\/\/www.manaus.am.gov.br\/semcom\/prefeitura-inicia-montagem-da-estrutura-do-palco-do-festival-soumanaus-passo-a-paco-2023\/#primaryimage\",\"url\":\"https:\/\/www.manaus.am.gov.br\/semcom\/wp-content\/uploads\/sites\/5\/2023\/08\/53124787687_e74501b21c_k.jpg\",\"contentUrl\":\"https:\/\/www.manaus.am.gov.br\/semcom\/wp-content\/uploads\/sites\/5\/2023\/08\/53124787687_e74501b21c_k.jpg\",\"width\":2047,\"height\":1365},{\"@type\":\"WebSite\",\"@id\":\"https:\/\/www.manaus.am.gov.br\/semcom\/#website\",\"url\":\"https:\/\/www.manaus.am.gov.br\/semcom\/\",\"name\":\"SEMCOM\",\"description\":\"Secretaria Municipal de Comunica\u00e7\u00e3o\",\"potentialAction\":[{\"@type\":\"SearchAction\",\"target\":{\"@type\":\"EntryPoint\",\"urlTemplate\":\"https:\/\/www.manaus.am.gov.br\/semcom\/?s={search_term_string}\"},\"query-input\":\"required name=search_term_string\"}],\"inLanguage\":\"pt-BR\"},{\"@type\":\"Person\",\"@id\":\"https:\/\/www.manaus.am.gov.br\/semcom\/#\/schema\/person\/05d223aea2bf115f9883a6ff3683d81b\",\"name\":\"Bruna Greco\",\"image\":{\"@type\":\"ImageObject\",\"inLanguage\":\"pt-BR\",\"@id\":\"https:\/\/www.manaus.am.gov.br\/semcom\/#\/schema\/person\/image\/\",\"url\":\"https:\/\/secure.gravatar.com\/avatar\/9c877d1a6adc2a055330e5c09a8653ce?s=96&d=mm&r=g\",\"contentUrl\":\"https:\/\/secure.gravatar.com\/avatar\/9c877d1a6adc2a055330e5c09a8653ce?s=96&d=mm&r=g\",\"caption\":\"Bruna Greco\"}}]}<\/script>\n<!-- \/ Yoast SEO plugin. -->","yoast_head_json":{"title":"Prefeitura inicia montagem da estrutura do palco do festival \u2018#SouManaus Passo a Pa\u00e7o 2023\u2019","description":"Como parte das tratativas de execu\u00e7\u00f5es do \u201c#SouManaus Passo a Pa\u00e7o 2023\u201d, o prefeito David Almeida acompanhou, na manh\u00e3 desta sexta-feira, 18\/8, o in\u00edcio do processo de montagem da megaestrutura preparada para o festival que acontecer\u00e1 nos dias 5, 6 e 7 de setembro, no centro hist\u00f3rico.","robots":{"index":"index","follow":"follow","max-snippet":"max-snippet:-1","max-image-preview":"max-image-preview:large","max-video-preview":"max-video-preview:-1"},"canonical":"https:\/\/www.manaus.am.gov.br\/semcom\/prefeitura-inicia-montagem-da-estrutura-do-palco-do-festival-soumanaus-passo-a-paco-2023\/","og_locale":"pt_BR","og_type":"article","og_title":"Prefeitura inicia montagem da estrutura do palco do festival \u2018#SouManaus Passo a Pa\u00e7o 2023\u2019","og_description":"Como parte das tratativas de execu\u00e7\u00f5es do \u201c#SouManaus Passo a Pa\u00e7o 2023\u201d, o prefeito David Almeida acompanhou, na manh\u00e3 desta sexta-feira, 18\/8, o in\u00edcio do processo de montagem da megaestrutura preparada para o festival que acontecer\u00e1 nos dias 5, 6 e 7 de setembro, no centro hist\u00f3rico.","og_url":"https:\/\/www.manaus.am.gov.br\/semcom\/prefeitura-inicia-montagem-da-estrutura-do-palco-do-festival-soumanaus-passo-a-paco-2023\/","og_site_name":"SEMCOM","article_published_time":"2023-08-18T19:05:38+00:00","article_modified_time":"2023-08-18T19:05:42+00:00","og_image":[{"width":2047,"height":1365,"url":"https:\/\/www.manaus.am.gov.br\/semcom\/wp-content\/uploads\/sites\/5\/2023\/08\/53124787687_e74501b21c_k.jpg","type":"image\/jpeg"}],"author":"Bruna Greco","twitter_card":"summary_large_image","twitter_misc":{"Written by":"Bruna Greco","Est. reading time":"3 minutos"},"schema":{"@context":"https:\/\/schema.org","@graph":[{"@type":"WebPage","@id":"https:\/\/www.manaus.am.gov.br\/semcom\/prefeitura-inicia-montagem-da-estrutura-do-palco-do-festival-soumanaus-passo-a-paco-2023\/","url":"https:\/\/www.manaus.am.gov.br\/semcom\/prefeitura-inicia-montagem-da-estrutura-do-palco-do-festival-soumanaus-passo-a-paco-2023\/","name":"Prefeitura inicia montagem da estrutura do palco do festival \u2018#SouManaus Passo a Pa\u00e7o 2023\u2019","isPartOf":{"@id":"https:\/\/www.manaus.am.gov.br\/semcom\/#website"},"primaryImageOfPage":{"@id":"https:\/\/www.manaus.am.gov.br\/semcom\/prefeitura-inicia-montagem-da-estrutura-do-palco-do-festival-soumanaus-passo-a-paco-2023\/#primaryimage"},"image":{"@id":"https:\/\/www.manaus.am.gov.br\/semcom\/prefeitura-inicia-montagem-da-estrutura-do-palco-do-festival-soumanaus-passo-a-paco-2023\/#primaryimage"},"thumbnailUrl":"https:\/\/www.manaus.am.gov.br\/semcom\/wp-content\/uploads\/sites\/5\/2023\/08\/53124787687_e74501b21c_k.jpg","datePublished":"2023-08-18T19:05:38+00:00","dateModified":"2023-08-18T19:05:42+00:00","author":{"@id":"https:\/\/www.manaus.am.gov.br\/semcom\/#\/schema\/person\/05d223aea2bf115f9883a6ff3683d81b"},"description":"Como parte das tratativas de execu\u00e7\u00f5es do \u201c#SouManaus Passo a Pa\u00e7o 2023\u201d, o prefeito David Almeida acompanhou, na manh\u00e3 desta sexta-feira, 18\/8, o in\u00edcio do processo de montagem da megaestrutura preparada para o festival que acontecer\u00e1 nos dias 5, 6 e 7 de setembro, no centro hist\u00f3rico.","inLanguage":"pt-BR","potentialAction":[{"@type":"ReadAction","target":["https:\/\/www.manaus.am.gov.br\/semcom\/prefeitura-inicia-montagem-da-estrutura-do-palco-do-festival-soumanaus-passo-a-paco-2023\/"]}]},{"@type":"ImageObject","inLanguage":"pt-BR","@id":"https:\/\/www.manaus.am.gov.br\/semcom\/prefeitura-inicia-montagem-da-estrutura-do-palco-do-festival-soumanaus-passo-a-paco-2023\/#primaryimage","url":"https:\/\/www.manaus.am.gov.br\/semcom\/wp-content\/uploads\/sites\/5\/2023\/08\/53124787687_e74501b21c_k.jpg","contentUrl":"https:\/\/www.manaus.am.gov.br\/semcom\/wp-content\/uploads\/sites\/5\/2023\/08\/53124787687_e74501b21c_k.jpg","width":2047,"height":1365},{"@type":"WebSite","@id":"https:\/\/www.manaus.am.gov.br\/semcom\/#website","url":"https:\/\/www.manaus.am.gov.br\/semcom\/","name":"SEMCOM","description":"Secretaria Municipal de Comunica\u00e7\u00e3o","potentialAction":[{"@type":"SearchAction","target":{"@type":"EntryPoint","urlTemplate":"https:\/\/www.manaus.am.gov.br\/semcom\/?s={search_term_string}"},"query-input":"required name=search_term_string"}],"inLanguage":"pt-BR"},{"@type":"Person","@id":"https:\/\/www.manaus.am.gov.br\/semcom\/#\/schema\/person\/05d223aea2bf115f9883a6ff3683d81b","name":"Bruna Greco","image":{"@type":"ImageObject","inLanguage":"pt-BR","@id":"https:\/\/www.manaus.am.gov.br\/semcom\/#\/schema\/person\/image\/","url":"https:\/\/secure.gravatar.com\/avatar\/9c877d1a6adc2a055330e5c09a8653ce?s=96&d=mm&r=g","contentUrl":"https:\/\/secure.gravatar.com\/avatar\/9c877d1a6adc2a055330e5c09a8653ce?s=96&d=mm&r=g","caption":"Bruna Greco"}}]}},"_links":{"self":[{"href":"https:\/\/www.manaus.am.gov.br\/semcom\/wp-json\/wp\/v2\/posts\/217507"}],"collection":[{"href":"https:\/\/www.manaus.am.gov.br\/semcom\/wp-json\/wp\/v2\/posts"}],"about":[{"href":"https:\/\/www.manaus.am.gov.br\/semcom\/wp-json\/wp\/v2\/types\/post"}],"author":[{"embeddable":true,"href":"https:\/\/www.manaus.am.gov.br\/semcom\/wp-json\/wp\/v2\/users\/39"}],"replies":[{"embeddable":true,"href":"https:\/\/www.manaus.am.gov.br\/semcom\/wp-json\/wp\/v2\/comments?post=217507"}],"version-history":[{"count":0,"href":"https:\/\/www.manaus.am.gov.br\/semcom\/wp-json\/wp\/v2\/posts\/217507\/revisions"}],"wp:featuredmedia":[{"embeddable":true,"href":"https:\/\/www.manaus.am.gov.br\/semcom\/wp-json\/wp\/v2\/media\/217508"}],"wp:attachment":[{"href":"https:\/\/www.manaus.am.gov.br\/semcom\/wp-json\/wp\/v2\/media?parent=217507"}],"wp:term":[{"taxonomy":"category","embeddable":true,"href":"https:\/\/www.manaus.am.gov.br\/semcom\/wp-json\/wp\/v2\/categories?post=217507"},{"taxonomy":"post_tag","embeddable":true,"href":"https:\/\/www.manaus.am.gov.br\/semcom\/wp-json\/wp\/v2\/tags?post=217507"}],"curies":[{"name":"wp","href":"https:\/\/api.w.org\/{rel}","templated":true}]}}