{"id":217390,"date":"2023-08-15T17:53:24","date_gmt":"2023-08-15T20:53:24","guid":{"rendered":"https:\/\/www.manaus.am.gov.br\/semcom\/prefeitura-de-manaus-doa-bens-ociosos-para-instituicao-filantropica-do-santa-etelvina\/"},"modified":"2023-08-15T17:53:25","modified_gmt":"2023-08-15T20:53:25","slug":"prefeitura-de-manaus-doa-bens-ociosos-para-instituicao-filantropica-do-santa-etelvina","status":"publish","type":"post","link":"https:\/\/www.manaus.am.gov.br\/semcom\/prefeitura-de-manaus-doa-bens-ociosos-para-instituicao-filantropica-do-santa-etelvina\/","title":{"rendered":"<strong>Prefeitura de Manaus doa bens ociosos para institui\u00e7\u00e3o filantr\u00f3pica do Santa Etelvina<\/strong>"},"content":{"rendered":"\n<p>A Prefeitura de Manaus fez a entrega, na tarde desta ter\u00e7a-feira, 15\/8, de um lote de bens inserv\u00edveis para o Instituto Unidos pelo Social (IUPS), institui\u00e7\u00e3o sem fins lucrativos que desenvolve atividades com mais de 300 fam\u00edlias em vulnerabilidade social no bairro Santa Etelvina, na zona Norte da cidade. Entre os itens, que s\u00e3o gerenciados pela Secretaria Municipal de Administra\u00e7\u00e3o, Planejamento e Gest\u00e3o (Semad), est\u00e3o uma motocicleta, seis microcomputadores, 10 conjuntos de mesa e cadeira escolares, longarinas, mesas e arm\u00e1rios.<\/p>\n\n\n\n<p>A entrega foi feita pelo titular da Semad, Ebenezer Bezerra. Segundo ele, esse tipo de doa\u00e7\u00e3o \u00e9 uma orienta\u00e7\u00e3o do prefeito David Almeida.<\/p>\n\n\n\n<p>\u201cA Semad administra os bens ociosos e desatualizados. Na gest\u00e3o do prefeito David Almeida, aqueles bens que ainda estejam em condi\u00e7\u00f5es de uso, antes que sejam leiloados, s\u00e3o redistribu\u00eddos entre as secretarias, ou doados para institui\u00e7\u00f5es filantr\u00f3picas. O prefeito entende que a doa\u00e7\u00e3o \u00e9 uma forma de assegurar apoio \u00e0s institui\u00e7\u00f5es devidamente regularizadas, nas a\u00e7\u00f5es que executam junto das comunidades mais carentes\u201d, explicou o secret\u00e1rio.<\/p>\n\n\n\n<p>O IUPS trabalha com crian\u00e7as, adolescentes e idosos, oferecendo cursos profissionalizantes, em parceria com institui\u00e7\u00f5es como o Tribunal de Justi\u00e7a do Amazonas (TJAM), o Centro de Educa\u00e7\u00e3o Tecnol\u00f3gica do Amazonas (Cetam) e Mesa Brasil, entre outros, com o objetivo de atender fam\u00edlias que precisam de acolhimento. Em setembro do ano passado, a Semad j\u00e1 havia doado 52 carteiras escolares e 19 cadeiras, do tipo poltrona de audit\u00f3rio, para o instituto.<\/p>\n\n\n\n<p>\u201cA IUPS s\u00f3 tem a agradecer a prefeitura por essa parceria, pela doa\u00e7\u00e3o. Realmente \u00e9 um material que vai ajudar muito a realiza\u00e7\u00e3o do nosso trabalho\u201d, disse a diretora-geral do instituto, Rosileia Carvalho.<\/p>\n\n\n\n<p>&#8212; &#8212; &#8212;<\/p>\n\n\n\n<p><strong>Texto &#8211;<\/strong> Sandra Monteiro \/ Semad<\/p>\n\n\n\n<p><strong>Foto &#8211; <\/strong>Sidney William \/ Semad<\/p>\n","protected":false},"excerpt":{"rendered":"","protected":false},"author":39,"featured_media":217391,"comment_status":"closed","ping_status":"closed","sticky":false,"template":"","format":"standard","meta":{"footnotes":""},"categories":[744],"tags":[6925,6926,2138,6927,6928,77,6929,838,6930,6931],"acf":[],"yoast_head":"<!-- This site is optimized with the Yoast SEO plugin v23.0 - https:\/\/yoast.com\/wordpress\/plugins\/seo\/ -->\n<title>Prefeitura de Manaus doa bens ociosos para institui\u00e7\u00e3o filantr\u00f3pica do Santa Etelvina<\/title>\n<meta name=\"description\" content=\"A Prefeitura de Manaus fez a entrega, na tarde desta ter\u00e7a-feira, 15\/8, de um lote de bens inserv\u00edveis para o Instituto Unidos pelo Social (IUPS), institui\u00e7\u00e3o sem fins lucrativos que desenvolve atividades com mais de 300 fam\u00edlias em vulnerabilidade social no bairro Santa Etelvina, na zona Norte da cidade.\" \/>\n<meta name=\"robots\" content=\"index, follow, max-snippet:-1, max-image-preview:large, max-video-preview:-1\" \/>\n<link rel=\"canonical\" href=\"https:\/\/www.manaus.am.gov.br\/semcom\/prefeitura-de-manaus-doa-bens-ociosos-para-instituicao-filantropica-do-santa-etelvina\/\" \/>\n<meta property=\"og:locale\" content=\"pt_BR\" \/>\n<meta property=\"og:type\" content=\"article\" \/>\n<meta property=\"og:title\" content=\"Prefeitura de Manaus doa bens ociosos para institui\u00e7\u00e3o filantr\u00f3pica do Santa Etelvina\" \/>\n<meta property=\"og:description\" content=\"A Prefeitura de Manaus fez a entrega, na tarde desta ter\u00e7a-feira, 15\/8, de um lote de bens inserv\u00edveis para o Instituto Unidos pelo Social (IUPS), institui\u00e7\u00e3o sem fins lucrativos que desenvolve atividades com mais de 300 fam\u00edlias em vulnerabilidade social no bairro Santa Etelvina, na zona Norte da cidade.\" \/>\n<meta property=\"og:url\" content=\"https:\/\/www.manaus.am.gov.br\/semcom\/prefeitura-de-manaus-doa-bens-ociosos-para-instituicao-filantropica-do-santa-etelvina\/\" \/>\n<meta property=\"og:site_name\" content=\"SEMCOM\" \/>\n<meta property=\"article:published_time\" content=\"2023-08-15T20:53:24+00:00\" \/>\n<meta property=\"article:modified_time\" content=\"2023-08-15T20:53:25+00:00\" \/>\n<meta property=\"og:image\" content=\"https:\/\/www.manaus.am.gov.br\/semcom\/wp-content\/uploads\/sites\/5\/2023\/08\/Doacao-de-bens-IUPS-Foto-Sidney-Williams-Semad-2-1024x577.jpg\" \/>\n\t<meta property=\"og:image:width\" content=\"1024\" \/>\n\t<meta property=\"og:image:height\" content=\"577\" \/>\n\t<meta property=\"og:image:type\" content=\"image\/jpeg\" \/>\n<meta name=\"author\" content=\"Bruna Greco\" \/>\n<meta name=\"twitter:card\" content=\"summary_large_image\" \/>\n<meta name=\"twitter:label1\" content=\"Written by\" \/>\n\t<meta name=\"twitter:data1\" content=\"Bruna Greco\" \/>\n\t<meta name=\"twitter:label2\" content=\"Est. reading time\" \/>\n\t<meta name=\"twitter:data2\" content=\"2 minutos\" \/>\n<script type=\"application\/ld+json\" class=\"yoast-schema-graph\">{\"@context\":\"https:\/\/schema.org\",\"@graph\":[{\"@type\":\"WebPage\",\"@id\":\"https:\/\/www.manaus.am.gov.br\/semcom\/prefeitura-de-manaus-doa-bens-ociosos-para-instituicao-filantropica-do-santa-etelvina\/\",\"url\":\"https:\/\/www.manaus.am.gov.br\/semcom\/prefeitura-de-manaus-doa-bens-ociosos-para-instituicao-filantropica-do-santa-etelvina\/\",\"name\":\"Prefeitura de Manaus doa bens ociosos para institui\u00e7\u00e3o filantr\u00f3pica do Santa Etelvina\",\"isPartOf\":{\"@id\":\"https:\/\/www.manaus.am.gov.br\/semcom\/#website\"},\"primaryImageOfPage\":{\"@id\":\"https:\/\/www.manaus.am.gov.br\/semcom\/prefeitura-de-manaus-doa-bens-ociosos-para-instituicao-filantropica-do-santa-etelvina\/#primaryimage\"},\"image\":{\"@id\":\"https:\/\/www.manaus.am.gov.br\/semcom\/prefeitura-de-manaus-doa-bens-ociosos-para-instituicao-filantropica-do-santa-etelvina\/#primaryimage\"},\"thumbnailUrl\":\"https:\/\/www.manaus.am.gov.br\/semcom\/wp-content\/uploads\/sites\/5\/2023\/08\/Doacao-de-bens-IUPS-Foto-Sidney-Williams-Semad-2.jpg\",\"datePublished\":\"2023-08-15T20:53:24+00:00\",\"dateModified\":\"2023-08-15T20:53:25+00:00\",\"author\":{\"@id\":\"https:\/\/www.manaus.am.gov.br\/semcom\/#\/schema\/person\/05d223aea2bf115f9883a6ff3683d81b\"},\"description\":\"A Prefeitura de Manaus fez a entrega, na tarde desta ter\u00e7a-feira, 15\/8, de um lote de bens inserv\u00edveis para o Instituto Unidos pelo Social (IUPS), institui\u00e7\u00e3o sem fins lucrativos que desenvolve atividades com mais de 300 fam\u00edlias em vulnerabilidade social no bairro Santa Etelvina, na zona Norte da cidade.\",\"inLanguage\":\"pt-BR\",\"potentialAction\":[{\"@type\":\"ReadAction\",\"target\":[\"https:\/\/www.manaus.am.gov.br\/semcom\/prefeitura-de-manaus-doa-bens-ociosos-para-instituicao-filantropica-do-santa-etelvina\/\"]}]},{\"@type\":\"ImageObject\",\"inLanguage\":\"pt-BR\",\"@id\":\"https:\/\/www.manaus.am.gov.br\/semcom\/prefeitura-de-manaus-doa-bens-ociosos-para-instituicao-filantropica-do-santa-etelvina\/#primaryimage\",\"url\":\"https:\/\/www.manaus.am.gov.br\/semcom\/wp-content\/uploads\/sites\/5\/2023\/08\/Doacao-de-bens-IUPS-Foto-Sidney-Williams-Semad-2.jpg\",\"contentUrl\":\"https:\/\/www.manaus.am.gov.br\/semcom\/wp-content\/uploads\/sites\/5\/2023\/08\/Doacao-de-bens-IUPS-Foto-Sidney-Williams-Semad-2.jpg\",\"width\":4000,\"height\":2252},{\"@type\":\"WebSite\",\"@id\":\"https:\/\/www.manaus.am.gov.br\/semcom\/#website\",\"url\":\"https:\/\/www.manaus.am.gov.br\/semcom\/\",\"name\":\"SEMCOM\",\"description\":\"Secretaria Municipal de Comunica\u00e7\u00e3o\",\"potentialAction\":[{\"@type\":\"SearchAction\",\"target\":{\"@type\":\"EntryPoint\",\"urlTemplate\":\"https:\/\/www.manaus.am.gov.br\/semcom\/?s={search_term_string}\"},\"query-input\":\"required name=search_term_string\"}],\"inLanguage\":\"pt-BR\"},{\"@type\":\"Person\",\"@id\":\"https:\/\/www.manaus.am.gov.br\/semcom\/#\/schema\/person\/05d223aea2bf115f9883a6ff3683d81b\",\"name\":\"Bruna Greco\",\"image\":{\"@type\":\"ImageObject\",\"inLanguage\":\"pt-BR\",\"@id\":\"https:\/\/www.manaus.am.gov.br\/semcom\/#\/schema\/person\/image\/\",\"url\":\"https:\/\/secure.gravatar.com\/avatar\/9c877d1a6adc2a055330e5c09a8653ce?s=96&d=mm&r=g\",\"contentUrl\":\"https:\/\/secure.gravatar.com\/avatar\/9c877d1a6adc2a055330e5c09a8653ce?s=96&d=mm&r=g\",\"caption\":\"Bruna Greco\"}}]}<\/script>\n<!-- \/ Yoast SEO plugin. -->","yoast_head_json":{"title":"Prefeitura de Manaus doa bens ociosos para institui\u00e7\u00e3o filantr\u00f3pica do Santa Etelvina","description":"A Prefeitura de Manaus fez a entrega, na tarde desta ter\u00e7a-feira, 15\/8, de um lote de bens inserv\u00edveis para o Instituto Unidos pelo Social (IUPS), institui\u00e7\u00e3o sem fins lucrativos que desenvolve atividades com mais de 300 fam\u00edlias em vulnerabilidade social no bairro Santa Etelvina, na zona Norte da cidade.","robots":{"index":"index","follow":"follow","max-snippet":"max-snippet:-1","max-image-preview":"max-image-preview:large","max-video-preview":"max-video-preview:-1"},"canonical":"https:\/\/www.manaus.am.gov.br\/semcom\/prefeitura-de-manaus-doa-bens-ociosos-para-instituicao-filantropica-do-santa-etelvina\/","og_locale":"pt_BR","og_type":"article","og_title":"Prefeitura de Manaus doa bens ociosos para institui\u00e7\u00e3o filantr\u00f3pica do Santa Etelvina","og_description":"A Prefeitura de Manaus fez a entrega, na tarde desta ter\u00e7a-feira, 15\/8, de um lote de bens inserv\u00edveis para o Instituto Unidos pelo Social (IUPS), institui\u00e7\u00e3o sem fins lucrativos que desenvolve atividades com mais de 300 fam\u00edlias em vulnerabilidade social no bairro Santa Etelvina, na zona Norte da cidade.","og_url":"https:\/\/www.manaus.am.gov.br\/semcom\/prefeitura-de-manaus-doa-bens-ociosos-para-instituicao-filantropica-do-santa-etelvina\/","og_site_name":"SEMCOM","article_published_time":"2023-08-15T20:53:24+00:00","article_modified_time":"2023-08-15T20:53:25+00:00","og_image":[{"width":1024,"height":577,"url":"https:\/\/www.manaus.am.gov.br\/semcom\/wp-content\/uploads\/sites\/5\/2023\/08\/Doacao-de-bens-IUPS-Foto-Sidney-Williams-Semad-2-1024x577.jpg","type":"image\/jpeg"}],"author":"Bruna Greco","twitter_card":"summary_large_image","twitter_misc":{"Written by":"Bruna Greco","Est. reading time":"2 minutos"},"schema":{"@context":"https:\/\/schema.org","@graph":[{"@type":"WebPage","@id":"https:\/\/www.manaus.am.gov.br\/semcom\/prefeitura-de-manaus-doa-bens-ociosos-para-instituicao-filantropica-do-santa-etelvina\/","url":"https:\/\/www.manaus.am.gov.br\/semcom\/prefeitura-de-manaus-doa-bens-ociosos-para-instituicao-filantropica-do-santa-etelvina\/","name":"Prefeitura de Manaus doa bens ociosos para institui\u00e7\u00e3o filantr\u00f3pica do Santa Etelvina","isPartOf":{"@id":"https:\/\/www.manaus.am.gov.br\/semcom\/#website"},"primaryImageOfPage":{"@id":"https:\/\/www.manaus.am.gov.br\/semcom\/prefeitura-de-manaus-doa-bens-ociosos-para-instituicao-filantropica-do-santa-etelvina\/#primaryimage"},"image":{"@id":"https:\/\/www.manaus.am.gov.br\/semcom\/prefeitura-de-manaus-doa-bens-ociosos-para-instituicao-filantropica-do-santa-etelvina\/#primaryimage"},"thumbnailUrl":"https:\/\/www.manaus.am.gov.br\/semcom\/wp-content\/uploads\/sites\/5\/2023\/08\/Doacao-de-bens-IUPS-Foto-Sidney-Williams-Semad-2.jpg","datePublished":"2023-08-15T20:53:24+00:00","dateModified":"2023-08-15T20:53:25+00:00","author":{"@id":"https:\/\/www.manaus.am.gov.br\/semcom\/#\/schema\/person\/05d223aea2bf115f9883a6ff3683d81b"},"description":"A Prefeitura de Manaus fez a entrega, na tarde desta ter\u00e7a-feira, 15\/8, de um lote de bens inserv\u00edveis para o Instituto Unidos pelo Social (IUPS), institui\u00e7\u00e3o sem fins lucrativos que desenvolve atividades com mais de 300 fam\u00edlias em vulnerabilidade social no bairro Santa Etelvina, na zona Norte da cidade.","inLanguage":"pt-BR","potentialAction":[{"@type":"ReadAction","target":["https:\/\/www.manaus.am.gov.br\/semcom\/prefeitura-de-manaus-doa-bens-ociosos-para-instituicao-filantropica-do-santa-etelvina\/"]}]},{"@type":"ImageObject","inLanguage":"pt-BR","@id":"https:\/\/www.manaus.am.gov.br\/semcom\/prefeitura-de-manaus-doa-bens-ociosos-para-instituicao-filantropica-do-santa-etelvina\/#primaryimage","url":"https:\/\/www.manaus.am.gov.br\/semcom\/wp-content\/uploads\/sites\/5\/2023\/08\/Doacao-de-bens-IUPS-Foto-Sidney-Williams-Semad-2.jpg","contentUrl":"https:\/\/www.manaus.am.gov.br\/semcom\/wp-content\/uploads\/sites\/5\/2023\/08\/Doacao-de-bens-IUPS-Foto-Sidney-Williams-Semad-2.jpg","width":4000,"height":2252},{"@type":"WebSite","@id":"https:\/\/www.manaus.am.gov.br\/semcom\/#website","url":"https:\/\/www.manaus.am.gov.br\/semcom\/","name":"SEMCOM","description":"Secretaria Municipal de Comunica\u00e7\u00e3o","potentialAction":[{"@type":"SearchAction","target":{"@type":"EntryPoint","urlTemplate":"https:\/\/www.manaus.am.gov.br\/semcom\/?s={search_term_string}"},"query-input":"required name=search_term_string"}],"inLanguage":"pt-BR"},{"@type":"Person","@id":"https:\/\/www.manaus.am.gov.br\/semcom\/#\/schema\/person\/05d223aea2bf115f9883a6ff3683d81b","name":"Bruna Greco","image":{"@type":"ImageObject","inLanguage":"pt-BR","@id":"https:\/\/www.manaus.am.gov.br\/semcom\/#\/schema\/person\/image\/","url":"https:\/\/secure.gravatar.com\/avatar\/9c877d1a6adc2a055330e5c09a8653ce?s=96&d=mm&r=g","contentUrl":"https:\/\/secure.gravatar.com\/avatar\/9c877d1a6adc2a055330e5c09a8653ce?s=96&d=mm&r=g","caption":"Bruna Greco"}}]}},"_links":{"self":[{"href":"https:\/\/www.manaus.am.gov.br\/semcom\/wp-json\/wp\/v2\/posts\/217390"}],"collection":[{"href":"https:\/\/www.manaus.am.gov.br\/semcom\/wp-json\/wp\/v2\/posts"}],"about":[{"href":"https:\/\/www.manaus.am.gov.br\/semcom\/wp-json\/wp\/v2\/types\/post"}],"author":[{"embeddable":true,"href":"https:\/\/www.manaus.am.gov.br\/semcom\/wp-json\/wp\/v2\/users\/39"}],"replies":[{"embeddable":true,"href":"https:\/\/www.manaus.am.gov.br\/semcom\/wp-json\/wp\/v2\/comments?post=217390"}],"version-history":[{"count":0,"href":"https:\/\/www.manaus.am.gov.br\/semcom\/wp-json\/wp\/v2\/posts\/217390\/revisions"}],"wp:featuredmedia":[{"embeddable":true,"href":"https:\/\/www.manaus.am.gov.br\/semcom\/wp-json\/wp\/v2\/media\/217391"}],"wp:attachment":[{"href":"https:\/\/www.manaus.am.gov.br\/semcom\/wp-json\/wp\/v2\/media?parent=217390"}],"wp:term":[{"taxonomy":"category","embeddable":true,"href":"https:\/\/www.manaus.am.gov.br\/semcom\/wp-json\/wp\/v2\/categories?post=217390"},{"taxonomy":"post_tag","embeddable":true,"href":"https:\/\/www.manaus.am.gov.br\/semcom\/wp-json\/wp\/v2\/tags?post=217390"}],"curies":[{"name":"wp","href":"https:\/\/api.w.org\/{rel}","templated":true}]}}