{"id":217369,"date":"2023-08-15T13:36:56","date_gmt":"2023-08-15T16:36:56","guid":{"rendered":"https:\/\/www.manaus.am.gov.br\/semcom\/prefeitura-realiza-dia-de-campo-manaus-agro-2023-para-quase-800-produtores-rurais\/"},"modified":"2023-08-15T13:50:39","modified_gmt":"2023-08-15T16:50:39","slug":"prefeitura-realiza-dia-de-campo-manaus-agro-2023-para-quase-800-produtores-rurais","status":"publish","type":"post","link":"https:\/\/www.manaus.am.gov.br\/semcom\/prefeitura-realiza-dia-de-campo-manaus-agro-2023-para-quase-800-produtores-rurais\/","title":{"rendered":"<strong>Prefeitura realiza \u2018Dia de Campo Manaus + Agro 2023\u2019 para quase 800 produtores rurais<\/strong>"},"content":{"rendered":"\n<p>Como parte do fortalecimento da agricultura familiar nos nove polos agr\u00edcolas de Manaus, o prefeito David Almeida realizou, na manh\u00e3 desta ter\u00e7a-feira, 15\/8, a abertura do evento \u201cDia de Campo Manaus + Agro 2023\u201d, na Fazenda Experimental, da Universidade Federal do Amazonas (Ufam), localizada no quil\u00f4metro 38, BR-174. A a\u00e7\u00e3o foi coordenada pela Secretaria Municipal de Agricultura, Abastecimento, Centro e Com\u00e9rcio Informal (Semacc), e contemplou quase 800 agricultores de diferentes polos rurais da capital amazonense.<\/p>\n\n\n\n<p>Durante o evento, David Almeida destacou o intuito de levar ainda mais investimentos e conhecimento aos produtores da capital, que t\u00eam recebido incentivos e fomentos da prefeitura, gerando mais empregos e renda.<\/p>\n\n\n\n<p>\u201cN\u00f3s queremos fortalecer essa cadeia produtiva, queremos investir cada vez mais, entregando implementos agr\u00edcolas, entregando insumos, e tamb\u00e9m fortalecendo o apoio cient\u00edfico com a Ufam. Essa parceria vai fazer com que a gente possa preparar os jovens para serem t\u00e9cnicos agr\u00edcolas, melhorando a produ\u00e7\u00e3o, para ser escoada na grande Manaus\u201d, acentuou o prefeito.<\/p>\n\n\n\n<p>Com uma programa\u00e7\u00e3o especial, nunca antes realizada, a a\u00e7\u00e3o foi sucesso de p\u00fablico e contou com diversas atividades voltadas para a agricultura familiar, como palestras com t\u00e9cnicos e agr\u00f4nomos renomados na \u00e1rea de cultivo de maniva, do caf\u00e9, suinocultura, piscicultura e mandicultura. Um dos momentos mais esperados foi a palestra do agr\u00f4nomo especialista em maniva, Benedito Dutra, natural do Estado do Par\u00e1, que veio, especialmente, para dividir seus conhecimentos com o p\u00fablico presente.<\/p>\n\n\n\n<p>&#8220;Dividir meus conhecimentos com esses agricultores sedentos de conhecimento me deixou muito feliz e com a sensa\u00e7\u00e3o de dever cumprido. As perguntas e as trocas de experi\u00eancia nos fortalecem. Poder falar sobre a cultura da maniva para um p\u00fablico que vai colher e produzir produtos derivados da mandioca \u00e9 sempre muito produtivo&#8221;, frisou Dutra.<\/p>\n\n\n\n<p>De acordo com o titular da Semacc, Wanderson Costa, a palestra com o especialista era bastante aguardada, pois a prefeitura est\u00e1, pela primeira vez, trabalhando o fomento da maniva, incentivando a agricultura familiar em todos os polos agr\u00edcolas da capital.<\/p>\n\n\n\n<p>\u201cEstou muito feliz em poder, junto com o prefeito David e nossa equipe de agro, trocar experi\u00eancia e conhecimento com todos os participantes. Pude dividir, de forma muito positiva, as t\u00e9cnicas do plantio e cultivo desde a maniva at\u00e9 a mandioca sendo colhida. A palestra do Dutra foi espetacular e muito profissional\u201d, disse Costa.<\/p>\n\n\n\n<p>A Semacc tem incentivado a agricultura familiar em todos os nove polos agr\u00edcolas da capital. Somente na primeira etapa da entrega e fomento da maniva, mais de cinco hectares come\u00e7am a receber a cultura, com o prop\u00f3sito de colher mais 100 toneladas da raiz de mandioca, gerando mais emprego e renda.<\/p>\n\n\n\n<p>\u2014\u2014\u2014-<\/p>\n\n\n\n<p><strong>Texto<\/strong>&nbsp;&#8211; Beathriz Torres \/ Semcom e Polyana Brelaz\/ Semmac<\/p>\n\n\n\n<p><strong>Fotos<\/strong>&nbsp;\u2013 Dhyeizo Lemos\/Semcom e Cl\u00f3vis Miranda\/Semcom<\/p>\n\n\n\n<p><strong>Dispon\u00edveis em<\/strong> &#8211; <a href=\"https:\/\/flic.kr\/s\/aHBqjARa6M\">https:\/\/flic.kr\/s\/aHBqjARa6M<\/a><\/p>\n","protected":false},"excerpt":{"rendered":"","protected":false},"author":23,"featured_media":217370,"comment_status":"closed","ping_status":"closed","sticky":false,"template":"","format":"standard","meta":{"footnotes":""},"categories":[561],"tags":[1801,6900,484,77,55],"acf":[],"yoast_head":"<!-- This site is optimized with the Yoast SEO plugin v23.0 - https:\/\/yoast.com\/wordpress\/plugins\/seo\/ -->\n<title>Prefeitura realiza \u2018Dia de Campo Manaus + Agro 2023\u2019 para quase 800 produtores rurais<\/title>\n<meta name=\"description\" content=\"Como parte do fortalecimento da agricultura familiar nos nove polos agr\u00edcolas de Manaus, o prefeito David Almeida realizou, na manh\u00e3 desta ter\u00e7a-feira, 15\/8, a abertura do evento \u201cDia de Campo Manaus + Agro 2023\u201d, na Fazenda Experimental, da Universidade Federal do Amazonas (Ufam), localizada no quil\u00f4metro 38, BR-174. A a\u00e7\u00e3o foi coordenada pela Secretaria Municipal de Agricultura, Abastecimento, Centro e Com\u00e9rcio Informal (Semacc), e contemplou quase 800 agricultores de diferentes polos rurais da capital amazonense.\" \/>\n<meta name=\"robots\" content=\"index, follow, max-snippet:-1, max-image-preview:large, max-video-preview:-1\" \/>\n<link rel=\"canonical\" href=\"https:\/\/www.manaus.am.gov.br\/semcom\/prefeitura-realiza-dia-de-campo-manaus-agro-2023-para-quase-800-produtores-rurais\/\" \/>\n<meta property=\"og:locale\" content=\"pt_BR\" \/>\n<meta property=\"og:type\" content=\"article\" \/>\n<meta property=\"og:title\" content=\"Prefeitura realiza \u2018Dia de Campo Manaus + Agro 2023\u2019 para quase 800 produtores rurais\" \/>\n<meta property=\"og:description\" content=\"Como parte do fortalecimento da agricultura familiar nos nove polos agr\u00edcolas de Manaus, o prefeito David Almeida realizou, na manh\u00e3 desta ter\u00e7a-feira, 15\/8, a abertura do evento \u201cDia de Campo Manaus + Agro 2023\u201d, na Fazenda Experimental, da Universidade Federal do Amazonas (Ufam), localizada no quil\u00f4metro 38, BR-174. A a\u00e7\u00e3o foi coordenada pela Secretaria Municipal de Agricultura, Abastecimento, Centro e Com\u00e9rcio Informal (Semacc), e contemplou quase 800 agricultores de diferentes polos rurais da capital amazonense.\" \/>\n<meta property=\"og:url\" content=\"https:\/\/www.manaus.am.gov.br\/semcom\/prefeitura-realiza-dia-de-campo-manaus-agro-2023-para-quase-800-produtores-rurais\/\" \/>\n<meta property=\"og:site_name\" content=\"SEMCOM\" \/>\n<meta property=\"article:published_time\" content=\"2023-08-15T16:36:56+00:00\" \/>\n<meta property=\"article:modified_time\" content=\"2023-08-15T16:50:39+00:00\" \/>\n<meta property=\"og:image\" content=\"https:\/\/www.manaus.am.gov.br\/semcom\/wp-content\/uploads\/sites\/5\/2023\/08\/DHY_5878.jpg\" \/>\n\t<meta property=\"og:image:width\" content=\"4128\" \/>\n\t<meta property=\"og:image:height\" content=\"2752\" \/>\n\t<meta property=\"og:image:type\" content=\"image\/jpeg\" \/>\n<meta name=\"author\" content=\"Adriana Costa\" \/>\n<meta name=\"twitter:card\" content=\"summary_large_image\" \/>\n<meta name=\"twitter:label1\" content=\"Written by\" \/>\n\t<meta name=\"twitter:data1\" content=\"Adriana Costa\" \/>\n\t<meta name=\"twitter:label2\" content=\"Est. reading time\" \/>\n\t<meta name=\"twitter:data2\" content=\"3 minutos\" \/>\n<script type=\"application\/ld+json\" class=\"yoast-schema-graph\">{\"@context\":\"https:\/\/schema.org\",\"@graph\":[{\"@type\":\"WebPage\",\"@id\":\"https:\/\/www.manaus.am.gov.br\/semcom\/prefeitura-realiza-dia-de-campo-manaus-agro-2023-para-quase-800-produtores-rurais\/\",\"url\":\"https:\/\/www.manaus.am.gov.br\/semcom\/prefeitura-realiza-dia-de-campo-manaus-agro-2023-para-quase-800-produtores-rurais\/\",\"name\":\"Prefeitura realiza \u2018Dia de Campo Manaus + Agro 2023\u2019 para quase 800 produtores rurais\",\"isPartOf\":{\"@id\":\"https:\/\/www.manaus.am.gov.br\/semcom\/#website\"},\"primaryImageOfPage\":{\"@id\":\"https:\/\/www.manaus.am.gov.br\/semcom\/prefeitura-realiza-dia-de-campo-manaus-agro-2023-para-quase-800-produtores-rurais\/#primaryimage\"},\"image\":{\"@id\":\"https:\/\/www.manaus.am.gov.br\/semcom\/prefeitura-realiza-dia-de-campo-manaus-agro-2023-para-quase-800-produtores-rurais\/#primaryimage\"},\"thumbnailUrl\":\"https:\/\/www.manaus.am.gov.br\/semcom\/wp-content\/uploads\/sites\/5\/2023\/08\/DHY_5878.jpg\",\"datePublished\":\"2023-08-15T16:36:56+00:00\",\"dateModified\":\"2023-08-15T16:50:39+00:00\",\"author\":{\"@id\":\"https:\/\/www.manaus.am.gov.br\/semcom\/#\/schema\/person\/4e49f4e267757a06ca072ec61b2b9968\"},\"description\":\"Como parte do fortalecimento da agricultura familiar nos nove polos agr\u00edcolas de Manaus, o prefeito David Almeida realizou, na manh\u00e3 desta ter\u00e7a-feira, 15\/8, a abertura do evento \u201cDia de Campo Manaus + Agro 2023\u201d, na Fazenda Experimental, da Universidade Federal do Amazonas (Ufam), localizada no quil\u00f4metro 38, BR-174. A a\u00e7\u00e3o foi coordenada pela Secretaria Municipal de Agricultura, Abastecimento, Centro e Com\u00e9rcio Informal (Semacc), e contemplou quase 800 agricultores de diferentes polos rurais da capital amazonense.\",\"inLanguage\":\"pt-BR\",\"potentialAction\":[{\"@type\":\"ReadAction\",\"target\":[\"https:\/\/www.manaus.am.gov.br\/semcom\/prefeitura-realiza-dia-de-campo-manaus-agro-2023-para-quase-800-produtores-rurais\/\"]}]},{\"@type\":\"ImageObject\",\"inLanguage\":\"pt-BR\",\"@id\":\"https:\/\/www.manaus.am.gov.br\/semcom\/prefeitura-realiza-dia-de-campo-manaus-agro-2023-para-quase-800-produtores-rurais\/#primaryimage\",\"url\":\"https:\/\/www.manaus.am.gov.br\/semcom\/wp-content\/uploads\/sites\/5\/2023\/08\/DHY_5878.jpg\",\"contentUrl\":\"https:\/\/www.manaus.am.gov.br\/semcom\/wp-content\/uploads\/sites\/5\/2023\/08\/DHY_5878.jpg\",\"width\":4128,\"height\":2752},{\"@type\":\"WebSite\",\"@id\":\"https:\/\/www.manaus.am.gov.br\/semcom\/#website\",\"url\":\"https:\/\/www.manaus.am.gov.br\/semcom\/\",\"name\":\"SEMCOM\",\"description\":\"Secretaria Municipal de Comunica\u00e7\u00e3o\",\"potentialAction\":[{\"@type\":\"SearchAction\",\"target\":{\"@type\":\"EntryPoint\",\"urlTemplate\":\"https:\/\/www.manaus.am.gov.br\/semcom\/?s={search_term_string}\"},\"query-input\":\"required name=search_term_string\"}],\"inLanguage\":\"pt-BR\"},{\"@type\":\"Person\",\"@id\":\"https:\/\/www.manaus.am.gov.br\/semcom\/#\/schema\/person\/4e49f4e267757a06ca072ec61b2b9968\",\"name\":\"Adriana Costa\",\"image\":{\"@type\":\"ImageObject\",\"inLanguage\":\"pt-BR\",\"@id\":\"https:\/\/www.manaus.am.gov.br\/semcom\/#\/schema\/person\/image\/\",\"url\":\"https:\/\/secure.gravatar.com\/avatar\/576258617ef7194f718179e766d57bd4?s=96&d=mm&r=g\",\"contentUrl\":\"https:\/\/secure.gravatar.com\/avatar\/576258617ef7194f718179e766d57bd4?s=96&d=mm&r=g\",\"caption\":\"Adriana Costa\"}}]}<\/script>\n<!-- \/ Yoast SEO plugin. -->","yoast_head_json":{"title":"Prefeitura realiza \u2018Dia de Campo Manaus + Agro 2023\u2019 para quase 800 produtores rurais","description":"Como parte do fortalecimento da agricultura familiar nos nove polos agr\u00edcolas de Manaus, o prefeito David Almeida realizou, na manh\u00e3 desta ter\u00e7a-feira, 15\/8, a abertura do evento \u201cDia de Campo Manaus + Agro 2023\u201d, na Fazenda Experimental, da Universidade Federal do Amazonas (Ufam), localizada no quil\u00f4metro 38, BR-174. A a\u00e7\u00e3o foi coordenada pela Secretaria Municipal de Agricultura, Abastecimento, Centro e Com\u00e9rcio Informal (Semacc), e contemplou quase 800 agricultores de diferentes polos rurais da capital amazonense.","robots":{"index":"index","follow":"follow","max-snippet":"max-snippet:-1","max-image-preview":"max-image-preview:large","max-video-preview":"max-video-preview:-1"},"canonical":"https:\/\/www.manaus.am.gov.br\/semcom\/prefeitura-realiza-dia-de-campo-manaus-agro-2023-para-quase-800-produtores-rurais\/","og_locale":"pt_BR","og_type":"article","og_title":"Prefeitura realiza \u2018Dia de Campo Manaus + Agro 2023\u2019 para quase 800 produtores rurais","og_description":"Como parte do fortalecimento da agricultura familiar nos nove polos agr\u00edcolas de Manaus, o prefeito David Almeida realizou, na manh\u00e3 desta ter\u00e7a-feira, 15\/8, a abertura do evento \u201cDia de Campo Manaus + Agro 2023\u201d, na Fazenda Experimental, da Universidade Federal do Amazonas (Ufam), localizada no quil\u00f4metro 38, BR-174. A a\u00e7\u00e3o foi coordenada pela Secretaria Municipal de Agricultura, Abastecimento, Centro e Com\u00e9rcio Informal (Semacc), e contemplou quase 800 agricultores de diferentes polos rurais da capital amazonense.","og_url":"https:\/\/www.manaus.am.gov.br\/semcom\/prefeitura-realiza-dia-de-campo-manaus-agro-2023-para-quase-800-produtores-rurais\/","og_site_name":"SEMCOM","article_published_time":"2023-08-15T16:36:56+00:00","article_modified_time":"2023-08-15T16:50:39+00:00","og_image":[{"width":4128,"height":2752,"url":"https:\/\/www.manaus.am.gov.br\/semcom\/wp-content\/uploads\/sites\/5\/2023\/08\/DHY_5878.jpg","type":"image\/jpeg"}],"author":"Adriana Costa","twitter_card":"summary_large_image","twitter_misc":{"Written by":"Adriana Costa","Est. reading time":"3 minutos"},"schema":{"@context":"https:\/\/schema.org","@graph":[{"@type":"WebPage","@id":"https:\/\/www.manaus.am.gov.br\/semcom\/prefeitura-realiza-dia-de-campo-manaus-agro-2023-para-quase-800-produtores-rurais\/","url":"https:\/\/www.manaus.am.gov.br\/semcom\/prefeitura-realiza-dia-de-campo-manaus-agro-2023-para-quase-800-produtores-rurais\/","name":"Prefeitura realiza \u2018Dia de Campo Manaus + Agro 2023\u2019 para quase 800 produtores rurais","isPartOf":{"@id":"https:\/\/www.manaus.am.gov.br\/semcom\/#website"},"primaryImageOfPage":{"@id":"https:\/\/www.manaus.am.gov.br\/semcom\/prefeitura-realiza-dia-de-campo-manaus-agro-2023-para-quase-800-produtores-rurais\/#primaryimage"},"image":{"@id":"https:\/\/www.manaus.am.gov.br\/semcom\/prefeitura-realiza-dia-de-campo-manaus-agro-2023-para-quase-800-produtores-rurais\/#primaryimage"},"thumbnailUrl":"https:\/\/www.manaus.am.gov.br\/semcom\/wp-content\/uploads\/sites\/5\/2023\/08\/DHY_5878.jpg","datePublished":"2023-08-15T16:36:56+00:00","dateModified":"2023-08-15T16:50:39+00:00","author":{"@id":"https:\/\/www.manaus.am.gov.br\/semcom\/#\/schema\/person\/4e49f4e267757a06ca072ec61b2b9968"},"description":"Como parte do fortalecimento da agricultura familiar nos nove polos agr\u00edcolas de Manaus, o prefeito David Almeida realizou, na manh\u00e3 desta ter\u00e7a-feira, 15\/8, a abertura do evento \u201cDia de Campo Manaus + Agro 2023\u201d, na Fazenda Experimental, da Universidade Federal do Amazonas (Ufam), localizada no quil\u00f4metro 38, BR-174. A a\u00e7\u00e3o foi coordenada pela Secretaria Municipal de Agricultura, Abastecimento, Centro e Com\u00e9rcio Informal (Semacc), e contemplou quase 800 agricultores de diferentes polos rurais da capital amazonense.","inLanguage":"pt-BR","potentialAction":[{"@type":"ReadAction","target":["https:\/\/www.manaus.am.gov.br\/semcom\/prefeitura-realiza-dia-de-campo-manaus-agro-2023-para-quase-800-produtores-rurais\/"]}]},{"@type":"ImageObject","inLanguage":"pt-BR","@id":"https:\/\/www.manaus.am.gov.br\/semcom\/prefeitura-realiza-dia-de-campo-manaus-agro-2023-para-quase-800-produtores-rurais\/#primaryimage","url":"https:\/\/www.manaus.am.gov.br\/semcom\/wp-content\/uploads\/sites\/5\/2023\/08\/DHY_5878.jpg","contentUrl":"https:\/\/www.manaus.am.gov.br\/semcom\/wp-content\/uploads\/sites\/5\/2023\/08\/DHY_5878.jpg","width":4128,"height":2752},{"@type":"WebSite","@id":"https:\/\/www.manaus.am.gov.br\/semcom\/#website","url":"https:\/\/www.manaus.am.gov.br\/semcom\/","name":"SEMCOM","description":"Secretaria Municipal de Comunica\u00e7\u00e3o","potentialAction":[{"@type":"SearchAction","target":{"@type":"EntryPoint","urlTemplate":"https:\/\/www.manaus.am.gov.br\/semcom\/?s={search_term_string}"},"query-input":"required name=search_term_string"}],"inLanguage":"pt-BR"},{"@type":"Person","@id":"https:\/\/www.manaus.am.gov.br\/semcom\/#\/schema\/person\/4e49f4e267757a06ca072ec61b2b9968","name":"Adriana Costa","image":{"@type":"ImageObject","inLanguage":"pt-BR","@id":"https:\/\/www.manaus.am.gov.br\/semcom\/#\/schema\/person\/image\/","url":"https:\/\/secure.gravatar.com\/avatar\/576258617ef7194f718179e766d57bd4?s=96&d=mm&r=g","contentUrl":"https:\/\/secure.gravatar.com\/avatar\/576258617ef7194f718179e766d57bd4?s=96&d=mm&r=g","caption":"Adriana Costa"}}]}},"_links":{"self":[{"href":"https:\/\/www.manaus.am.gov.br\/semcom\/wp-json\/wp\/v2\/posts\/217369"}],"collection":[{"href":"https:\/\/www.manaus.am.gov.br\/semcom\/wp-json\/wp\/v2\/posts"}],"about":[{"href":"https:\/\/www.manaus.am.gov.br\/semcom\/wp-json\/wp\/v2\/types\/post"}],"author":[{"embeddable":true,"href":"https:\/\/www.manaus.am.gov.br\/semcom\/wp-json\/wp\/v2\/users\/23"}],"replies":[{"embeddable":true,"href":"https:\/\/www.manaus.am.gov.br\/semcom\/wp-json\/wp\/v2\/comments?post=217369"}],"version-history":[{"count":2,"href":"https:\/\/www.manaus.am.gov.br\/semcom\/wp-json\/wp\/v2\/posts\/217369\/revisions"}],"predecessor-version":[{"id":217372,"href":"https:\/\/www.manaus.am.gov.br\/semcom\/wp-json\/wp\/v2\/posts\/217369\/revisions\/217372"}],"wp:featuredmedia":[{"embeddable":true,"href":"https:\/\/www.manaus.am.gov.br\/semcom\/wp-json\/wp\/v2\/media\/217370"}],"wp:attachment":[{"href":"https:\/\/www.manaus.am.gov.br\/semcom\/wp-json\/wp\/v2\/media?parent=217369"}],"wp:term":[{"taxonomy":"category","embeddable":true,"href":"https:\/\/www.manaus.am.gov.br\/semcom\/wp-json\/wp\/v2\/categories?post=217369"},{"taxonomy":"post_tag","embeddable":true,"href":"https:\/\/www.manaus.am.gov.br\/semcom\/wp-json\/wp\/v2\/tags?post=217369"}],"curies":[{"name":"wp","href":"https:\/\/api.w.org\/{rel}","templated":true}]}}