{"id":217086,"date":"2023-08-07T17:38:22","date_gmt":"2023-08-07T20:38:22","guid":{"rendered":"https:\/\/www.manaus.am.gov.br\/semcom\/prefeitura-de-manaus-atende-pedido-de-moradores-e-recapeia-nova-rua-no-bairro-petropolis-zona-sul\/"},"modified":"2023-08-07T17:38:24","modified_gmt":"2023-08-07T20:38:24","slug":"prefeitura-de-manaus-atende-pedido-de-moradores-e-recapeia-nova-rua-no-bairro-petropolis-zona-sul","status":"publish","type":"post","link":"https:\/\/www.manaus.am.gov.br\/semcom\/prefeitura-de-manaus-atende-pedido-de-moradores-e-recapeia-nova-rua-no-bairro-petropolis-zona-sul\/","title":{"rendered":"<strong>Prefeitura de Manaus atende pedido de moradores e recapeia nova rua no bairro Petr\u00f3polis, zona Sul<\/strong>"},"content":{"rendered":"\n<p>A Prefeitura de Manaus, por meio da Secretaria Municipal de Infraestrutura (Seminf), atendeu a uma nova solicita\u00e7\u00e3o dos moradores da zona Sul, e est\u00e1 recapeando, nesta segunda-feira, 7\/8, a rua Doutor Edson Melo, localizada no bairro Petr\u00f3polis.&nbsp;<\/p>\n\n\n\n<p>Os trabalhos fazem parte da a\u00e7\u00e3o do programa \u201cAsfalta Manaus\u201d, que leva recapeamento asf\u00e1ltico \u00e0s ruas deterioradas em diversos bairros da capital.&nbsp;<\/p>\n\n\n\n<p>\u201cPor determina\u00e7\u00e3o do prefeito David Almeida e do secret\u00e1rio de Obras Renato Junior, a equipe da Seminf est\u00e1 atuante no bairro Petr\u00f3polis, com trabalhos que revitalizam e transformam as vias, levando melhoria na acessibilidade. Agora a realidade \u00e9 outra\u201d, afirma o subsecret\u00e1rio de Servi\u00e7os B\u00e1sicos, Efrain Arag\u00e3o.&nbsp;<\/p>\n\n\n\n<p>A rua \u00e9 extensa, com 338 metros, e, para a recupera\u00e7\u00e3o, os trabalhadores aplicam 240 toneladas de massa asf\u00e1ltica a fim de garantir uma estrutura de qualidade no pavimento.<\/p>\n\n\n\n<p>\u201cEu estou muito feliz e agradecido ao prefeito David Almeida e ao secret\u00e1rio de Obras Renato Junior. A prefeitura atendeu a nossa reivindica\u00e7\u00e3o e est\u00e1 trazendo o \u2018Asfalta Manaus\u2019 para as ruas de Petr\u00f3polis, aqui est\u00e1 ficando um tapete. Eu fa\u00e7o quest\u00e3o de acompanhar de perto cada rua, porque o asfalto \u00e9 de qualidade\u201d, relata o administrador Lizandro Marinho, 40 anos.&nbsp;<\/p>\n\n\n\n<p>Sentada na cal\u00e7ada de casa, a bibliotec\u00e1ria Marcela Oliveira, 39 anos, olha ansiosa para os trabalhos e diz que j\u00e1 se imagina brincando com os dois filhos na rua nova.<\/p>\n\n\n\n<p>\u201cEu moro aqui h\u00e1 mais de 30 anos, e nunca tinha visto um servi\u00e7o como esse. S\u00f3 tinha o superficial, mas dessa qualidade n\u00e3o. Agora eu estou amando, e bem ansiosa para os meus filhos brincarem na nova rua com as bicicletas, bola e veloc\u00edpede que sempre foi a vontade deles, mas nas condi\u00e7\u00f5es antigas das ruas nunca dava. Estou grata ao prefeito David Almeida e ao secret\u00e1rio de Obras Renato\u201d, comemora a moradora.&nbsp;<\/p>\n\n\n\n<p>A Prefeitura de Manaus trabalha para recuperar as vias deterioradas e atender as solicita\u00e7\u00f5es dos moradores que ajudam a identificar, junto com a equipe da Seminf, os locais abandonados, que permaneceram anos sem assist\u00eancia de infraestrutura.<\/p>\n\n\n\n<p>&#8212; &#8212; &#8212;<\/p>\n\n\n\n<p><strong>Texto<\/strong>&nbsp;&#8211; Rayana Coutinho \/ Seminf&nbsp;<\/p>\n\n\n\n<p><strong>Fotos<\/strong>&nbsp;&#8211; M\u00e1rcio Melo \/ Seminf&nbsp;<\/p>\n","protected":false},"excerpt":{"rendered":"","protected":false},"author":31,"featured_media":217087,"comment_status":"closed","ping_status":"closed","sticky":false,"template":"","format":"standard","meta":{"footnotes":""},"categories":[201],"tags":[102,6677,261,6678],"acf":[],"yoast_head":"<!-- This site is optimized with the Yoast SEO plugin v23.0 - https:\/\/yoast.com\/wordpress\/plugins\/seo\/ -->\n<title>Prefeitura de Manaus atende pedido de moradores e recapeia nova rua no bairro Petr\u00f3polis, zona Sul - SEMCOM<\/title>\n<meta name=\"robots\" content=\"index, follow, max-snippet:-1, max-image-preview:large, max-video-preview:-1\" \/>\n<link rel=\"canonical\" href=\"https:\/\/www.manaus.am.gov.br\/semcom\/prefeitura-de-manaus-atende-pedido-de-moradores-e-recapeia-nova-rua-no-bairro-petropolis-zona-sul\/\" \/>\n<meta property=\"og:locale\" content=\"pt_BR\" \/>\n<meta property=\"og:type\" content=\"article\" \/>\n<meta property=\"og:title\" content=\"Prefeitura de Manaus atende pedido de moradores e recapeia nova rua no bairro Petr\u00f3polis, zona Sul - SEMCOM\" \/>\n<meta property=\"og:url\" content=\"https:\/\/www.manaus.am.gov.br\/semcom\/prefeitura-de-manaus-atende-pedido-de-moradores-e-recapeia-nova-rua-no-bairro-petropolis-zona-sul\/\" \/>\n<meta property=\"og:site_name\" content=\"SEMCOM\" \/>\n<meta property=\"article:published_time\" content=\"2023-08-07T20:38:22+00:00\" \/>\n<meta property=\"article:modified_time\" content=\"2023-08-07T20:38:24+00:00\" \/>\n<meta property=\"og:image\" content=\"https:\/\/www.manaus.am.gov.br\/semcom\/wp-content\/uploads\/sites\/5\/2023\/08\/Foto-07-08-2023-10-24-28-1024x576.jpg\" \/>\n\t<meta property=\"og:image:width\" content=\"1024\" \/>\n\t<meta property=\"og:image:height\" content=\"576\" \/>\n\t<meta property=\"og:image:type\" content=\"image\/jpeg\" \/>\n<meta name=\"author\" content=\"Renata Felix\" \/>\n<meta name=\"twitter:card\" content=\"summary_large_image\" \/>\n<meta name=\"twitter:label1\" content=\"Written by\" \/>\n\t<meta name=\"twitter:data1\" content=\"Renata Felix\" \/>\n\t<meta name=\"twitter:label2\" content=\"Est. reading time\" \/>\n\t<meta name=\"twitter:data2\" content=\"2 minutos\" \/>\n<script type=\"application\/ld+json\" class=\"yoast-schema-graph\">{\"@context\":\"https:\/\/schema.org\",\"@graph\":[{\"@type\":\"WebPage\",\"@id\":\"https:\/\/www.manaus.am.gov.br\/semcom\/prefeitura-de-manaus-atende-pedido-de-moradores-e-recapeia-nova-rua-no-bairro-petropolis-zona-sul\/\",\"url\":\"https:\/\/www.manaus.am.gov.br\/semcom\/prefeitura-de-manaus-atende-pedido-de-moradores-e-recapeia-nova-rua-no-bairro-petropolis-zona-sul\/\",\"name\":\"Prefeitura de Manaus atende pedido de moradores e recapeia nova rua no bairro Petr\u00f3polis, zona Sul - SEMCOM\",\"isPartOf\":{\"@id\":\"https:\/\/www.manaus.am.gov.br\/semcom\/#website\"},\"primaryImageOfPage\":{\"@id\":\"https:\/\/www.manaus.am.gov.br\/semcom\/prefeitura-de-manaus-atende-pedido-de-moradores-e-recapeia-nova-rua-no-bairro-petropolis-zona-sul\/#primaryimage\"},\"image\":{\"@id\":\"https:\/\/www.manaus.am.gov.br\/semcom\/prefeitura-de-manaus-atende-pedido-de-moradores-e-recapeia-nova-rua-no-bairro-petropolis-zona-sul\/#primaryimage\"},\"thumbnailUrl\":\"https:\/\/www.manaus.am.gov.br\/semcom\/wp-content\/uploads\/sites\/5\/2023\/08\/Foto-07-08-2023-10-24-28.jpg\",\"datePublished\":\"2023-08-07T20:38:22+00:00\",\"dateModified\":\"2023-08-07T20:38:24+00:00\",\"author\":{\"@id\":\"https:\/\/www.manaus.am.gov.br\/semcom\/#\/schema\/person\/4eea2a8f78dc853097abb026f728aa06\"},\"inLanguage\":\"pt-BR\",\"potentialAction\":[{\"@type\":\"ReadAction\",\"target\":[\"https:\/\/www.manaus.am.gov.br\/semcom\/prefeitura-de-manaus-atende-pedido-de-moradores-e-recapeia-nova-rua-no-bairro-petropolis-zona-sul\/\"]}]},{\"@type\":\"ImageObject\",\"inLanguage\":\"pt-BR\",\"@id\":\"https:\/\/www.manaus.am.gov.br\/semcom\/prefeitura-de-manaus-atende-pedido-de-moradores-e-recapeia-nova-rua-no-bairro-petropolis-zona-sul\/#primaryimage\",\"url\":\"https:\/\/www.manaus.am.gov.br\/semcom\/wp-content\/uploads\/sites\/5\/2023\/08\/Foto-07-08-2023-10-24-28.jpg\",\"contentUrl\":\"https:\/\/www.manaus.am.gov.br\/semcom\/wp-content\/uploads\/sites\/5\/2023\/08\/Foto-07-08-2023-10-24-28.jpg\",\"width\":4000,\"height\":2250,\"caption\":\"DCIM100MEDIADJI_0816.JPG\"},{\"@type\":\"WebSite\",\"@id\":\"https:\/\/www.manaus.am.gov.br\/semcom\/#website\",\"url\":\"https:\/\/www.manaus.am.gov.br\/semcom\/\",\"name\":\"SEMCOM\",\"description\":\"Secretaria Municipal de Comunica\u00e7\u00e3o\",\"potentialAction\":[{\"@type\":\"SearchAction\",\"target\":{\"@type\":\"EntryPoint\",\"urlTemplate\":\"https:\/\/www.manaus.am.gov.br\/semcom\/?s={search_term_string}\"},\"query-input\":\"required name=search_term_string\"}],\"inLanguage\":\"pt-BR\"},{\"@type\":\"Person\",\"@id\":\"https:\/\/www.manaus.am.gov.br\/semcom\/#\/schema\/person\/4eea2a8f78dc853097abb026f728aa06\",\"name\":\"Renata Felix\",\"image\":{\"@type\":\"ImageObject\",\"inLanguage\":\"pt-BR\",\"@id\":\"https:\/\/www.manaus.am.gov.br\/semcom\/#\/schema\/person\/image\/\",\"url\":\"https:\/\/secure.gravatar.com\/avatar\/3c196cf9d3b837b24c8edb2c50fd8f29?s=96&d=mm&r=g\",\"contentUrl\":\"https:\/\/secure.gravatar.com\/avatar\/3c196cf9d3b837b24c8edb2c50fd8f29?s=96&d=mm&r=g\",\"caption\":\"Renata Felix\"}}]}<\/script>\n<!-- \/ Yoast SEO plugin. -->","yoast_head_json":{"title":"Prefeitura de Manaus atende pedido de moradores e recapeia nova rua no bairro Petr\u00f3polis, zona Sul - SEMCOM","robots":{"index":"index","follow":"follow","max-snippet":"max-snippet:-1","max-image-preview":"max-image-preview:large","max-video-preview":"max-video-preview:-1"},"canonical":"https:\/\/www.manaus.am.gov.br\/semcom\/prefeitura-de-manaus-atende-pedido-de-moradores-e-recapeia-nova-rua-no-bairro-petropolis-zona-sul\/","og_locale":"pt_BR","og_type":"article","og_title":"Prefeitura de Manaus atende pedido de moradores e recapeia nova rua no bairro Petr\u00f3polis, zona Sul - SEMCOM","og_url":"https:\/\/www.manaus.am.gov.br\/semcom\/prefeitura-de-manaus-atende-pedido-de-moradores-e-recapeia-nova-rua-no-bairro-petropolis-zona-sul\/","og_site_name":"SEMCOM","article_published_time":"2023-08-07T20:38:22+00:00","article_modified_time":"2023-08-07T20:38:24+00:00","og_image":[{"width":1024,"height":576,"url":"https:\/\/www.manaus.am.gov.br\/semcom\/wp-content\/uploads\/sites\/5\/2023\/08\/Foto-07-08-2023-10-24-28-1024x576.jpg","type":"image\/jpeg"}],"author":"Renata Felix","twitter_card":"summary_large_image","twitter_misc":{"Written by":"Renata Felix","Est. reading time":"2 minutos"},"schema":{"@context":"https:\/\/schema.org","@graph":[{"@type":"WebPage","@id":"https:\/\/www.manaus.am.gov.br\/semcom\/prefeitura-de-manaus-atende-pedido-de-moradores-e-recapeia-nova-rua-no-bairro-petropolis-zona-sul\/","url":"https:\/\/www.manaus.am.gov.br\/semcom\/prefeitura-de-manaus-atende-pedido-de-moradores-e-recapeia-nova-rua-no-bairro-petropolis-zona-sul\/","name":"Prefeitura de Manaus atende pedido de moradores e recapeia nova rua no bairro Petr\u00f3polis, zona Sul - SEMCOM","isPartOf":{"@id":"https:\/\/www.manaus.am.gov.br\/semcom\/#website"},"primaryImageOfPage":{"@id":"https:\/\/www.manaus.am.gov.br\/semcom\/prefeitura-de-manaus-atende-pedido-de-moradores-e-recapeia-nova-rua-no-bairro-petropolis-zona-sul\/#primaryimage"},"image":{"@id":"https:\/\/www.manaus.am.gov.br\/semcom\/prefeitura-de-manaus-atende-pedido-de-moradores-e-recapeia-nova-rua-no-bairro-petropolis-zona-sul\/#primaryimage"},"thumbnailUrl":"https:\/\/www.manaus.am.gov.br\/semcom\/wp-content\/uploads\/sites\/5\/2023\/08\/Foto-07-08-2023-10-24-28.jpg","datePublished":"2023-08-07T20:38:22+00:00","dateModified":"2023-08-07T20:38:24+00:00","author":{"@id":"https:\/\/www.manaus.am.gov.br\/semcom\/#\/schema\/person\/4eea2a8f78dc853097abb026f728aa06"},"inLanguage":"pt-BR","potentialAction":[{"@type":"ReadAction","target":["https:\/\/www.manaus.am.gov.br\/semcom\/prefeitura-de-manaus-atende-pedido-de-moradores-e-recapeia-nova-rua-no-bairro-petropolis-zona-sul\/"]}]},{"@type":"ImageObject","inLanguage":"pt-BR","@id":"https:\/\/www.manaus.am.gov.br\/semcom\/prefeitura-de-manaus-atende-pedido-de-moradores-e-recapeia-nova-rua-no-bairro-petropolis-zona-sul\/#primaryimage","url":"https:\/\/www.manaus.am.gov.br\/semcom\/wp-content\/uploads\/sites\/5\/2023\/08\/Foto-07-08-2023-10-24-28.jpg","contentUrl":"https:\/\/www.manaus.am.gov.br\/semcom\/wp-content\/uploads\/sites\/5\/2023\/08\/Foto-07-08-2023-10-24-28.jpg","width":4000,"height":2250,"caption":"DCIM100MEDIADJI_0816.JPG"},{"@type":"WebSite","@id":"https:\/\/www.manaus.am.gov.br\/semcom\/#website","url":"https:\/\/www.manaus.am.gov.br\/semcom\/","name":"SEMCOM","description":"Secretaria Municipal de Comunica\u00e7\u00e3o","potentialAction":[{"@type":"SearchAction","target":{"@type":"EntryPoint","urlTemplate":"https:\/\/www.manaus.am.gov.br\/semcom\/?s={search_term_string}"},"query-input":"required name=search_term_string"}],"inLanguage":"pt-BR"},{"@type":"Person","@id":"https:\/\/www.manaus.am.gov.br\/semcom\/#\/schema\/person\/4eea2a8f78dc853097abb026f728aa06","name":"Renata Felix","image":{"@type":"ImageObject","inLanguage":"pt-BR","@id":"https:\/\/www.manaus.am.gov.br\/semcom\/#\/schema\/person\/image\/","url":"https:\/\/secure.gravatar.com\/avatar\/3c196cf9d3b837b24c8edb2c50fd8f29?s=96&d=mm&r=g","contentUrl":"https:\/\/secure.gravatar.com\/avatar\/3c196cf9d3b837b24c8edb2c50fd8f29?s=96&d=mm&r=g","caption":"Renata Felix"}}]}},"_links":{"self":[{"href":"https:\/\/www.manaus.am.gov.br\/semcom\/wp-json\/wp\/v2\/posts\/217086"}],"collection":[{"href":"https:\/\/www.manaus.am.gov.br\/semcom\/wp-json\/wp\/v2\/posts"}],"about":[{"href":"https:\/\/www.manaus.am.gov.br\/semcom\/wp-json\/wp\/v2\/types\/post"}],"author":[{"embeddable":true,"href":"https:\/\/www.manaus.am.gov.br\/semcom\/wp-json\/wp\/v2\/users\/31"}],"replies":[{"embeddable":true,"href":"https:\/\/www.manaus.am.gov.br\/semcom\/wp-json\/wp\/v2\/comments?post=217086"}],"version-history":[{"count":0,"href":"https:\/\/www.manaus.am.gov.br\/semcom\/wp-json\/wp\/v2\/posts\/217086\/revisions"}],"wp:featuredmedia":[{"embeddable":true,"href":"https:\/\/www.manaus.am.gov.br\/semcom\/wp-json\/wp\/v2\/media\/217087"}],"wp:attachment":[{"href":"https:\/\/www.manaus.am.gov.br\/semcom\/wp-json\/wp\/v2\/media?parent=217086"}],"wp:term":[{"taxonomy":"category","embeddable":true,"href":"https:\/\/www.manaus.am.gov.br\/semcom\/wp-json\/wp\/v2\/categories?post=217086"},{"taxonomy":"post_tag","embeddable":true,"href":"https:\/\/www.manaus.am.gov.br\/semcom\/wp-json\/wp\/v2\/tags?post=217086"}],"curies":[{"name":"wp","href":"https:\/\/api.w.org\/{rel}","templated":true}]}}