{"id":216714,"date":"2023-07-27T11:51:30","date_gmt":"2023-07-27T14:51:30","guid":{"rendered":"https:\/\/www.manaus.am.gov.br\/semcom\/palestra-sobre-arqueologia-tem-inscricoes-abertas-inaugurando-acoes-do-vivendo-o-nosso-centro\/"},"modified":"2023-07-27T11:51:32","modified_gmt":"2023-07-27T14:51:32","slug":"palestra-sobre-arqueologia-tem-inscricoes-abertas-inaugurando-acoes-do-vivendo-o-nosso-centro","status":"publish","type":"post","link":"https:\/\/www.manaus.am.gov.br\/semcom\/palestra-sobre-arqueologia-tem-inscricoes-abertas-inaugurando-acoes-do-vivendo-o-nosso-centro\/","title":{"rendered":"<strong>Palestra sobre arqueologia tem inscri\u00e7\u00f5es abertas, inaugurando a\u00e7\u00f5es do \u2018Vivendo o Nosso Centro\u2019<\/strong>"},"content":{"rendered":"\n<p>A Prefeitura de Manaus, via Instituto Municipal de Planejamento Urbano (Implurb), abre inscri\u00e7\u00f5es para interessados em participar da palestra \u201cArqueologia Urbana\u201d, com o arque\u00f3logo e doutor em Sociedade e Cultura na Amaz\u00f4nia, Carlos Augusto da Silva, no Casar\u00e3o da Inova\u00e7\u00e3o Cassina, Centro, zona Sul, no pr\u00f3ximo dia 5\/8, de 8h \u00e0s 12h. A palestra inaugura as a\u00e7\u00f5es de educa\u00e7\u00e3o patrimonial do programa \u201cNosso Centro\u201d, lan\u00e7ado pelo prefeito David Almeida.<\/p>\n\n\n\n<p>Os interessados devem acessar o link&nbsp;<a href=\"https:\/\/forms.gle\/pSEWoG6PeVnYjFPDA\" target=\"_blank\" rel=\"noreferrer noopener\">aqui<\/a>, preencher os dados do formul\u00e1rio e aguardar a confirma\u00e7\u00e3o. S\u00e3o 54 vagas dispon\u00edveis para o espa\u00e7o, em raz\u00e3o da sua capacidade, e haver\u00e1 transmiss\u00e3o em live feita pela Prefeitura de Manaus no dia.<\/p>\n\n\n\n<p>Ao final da atividade, os participantes receber\u00e3o um certificado de atividade extracurricular complementar.<\/p>\n\n\n\n<p>O programa \u201cVivendo o Nosso Centro\u201d vai promover viv\u00eancias, experi\u00eancias de imers\u00e3o na cidade e de educa\u00e7\u00e3o patrimonial, que seguir\u00e1 com um circuito de visita&nbsp;<em>in loco<\/em>&nbsp;na \u00e1rea da Ilha de S\u00e3o Vicente, no Centro Antigo, zona Sul, onde a Prefeitura de Manaus faz uma s\u00e9rie de interven\u00e7\u00f5es de reabilita\u00e7\u00e3o urbana.<\/p>\n\n\n\n<p>O evento contar\u00e1 tamb\u00e9m com a participa\u00e7\u00e3o do&nbsp;arque\u00f3logo&nbsp;Mick Jone Nogueira de Almeida, que faz o acompanhamento arqueol\u00f3gico nas interven\u00e7\u00f5es do \u201cNosso Centro\u201d.<\/p>\n\n\n\n<p>Natural de Manaquiri, Carlos Augusto tem origem ind\u00edgena, \u00e9 graduado em Ci\u00eancias Sociais pela Universidade Federal do Amazonas (Ufam) e conta com ampla atua\u00e7\u00e3o no tema de arqueologia na Amaz\u00f4nia.<\/p>\n\n\n\n<p>\u201cVamos tratar da arqueologia amaz\u00f4nica, dentro da ci\u00eancia social, do impacto dessa sociedade hoje em \u00e1reas urbanas. Falar de como essa arqueologia \u00e9 produto de uma a\u00e7\u00e3o humana da Amaz\u00f4nia antiga e como essa a\u00e7\u00e3o modificou, transformou e criou novas paisagens. E entre essas paisagens, a meu ver, ela est\u00e1 composta de algumas categorias cient\u00edficas, entre elas a floresta\u201d, adiantou o palestrante.<\/p>\n\n\n\n<p>No meio da arqueologia da Amaz\u00f4nia, Silva \u00e9 considerado um dos pioneiros no resgate das famosas urnas funer\u00e1rias milenares j\u00e1 encontradas no interior do Amazonas e na capital.<\/p>\n\n\n\n<p>A gerente de Patrim\u00f4nio Hist\u00f3rico do Implurb (GPH) e respons\u00e1vel pelas a\u00e7\u00f5es de educa\u00e7\u00e3o patrimonial do programa, arquiteta e urbanista Melissa Toledo, afirma que quando se fala de arqueologia na arquitetura, se estudam as rela\u00e7\u00f5es entre a cultura material, o comportamento urbano e a cogni\u00e7\u00e3o num assentamento urbano.<\/p>\n\n\n\n<p>\u201cA palestra tem arque\u00f3logos experientes abrindo um momento de educa\u00e7\u00e3o patrimonial para vivenciar o \u2018Nosso Centro\u2019, e isso \u00e9 mais do que importante. Na verdade \u00e9 discutir, apresentar, provocar uma reflex\u00e3o na comunidade, porque estamos tratando do nosso primeiro s\u00edtio arqueol\u00f3gico, o fragmento urbano de estudo e de implementa\u00e7\u00e3o, de reabilita\u00e7\u00e3o urbana com as obras do mirante L\u00facia Almeida, do casar\u00e3o Thiago de Mello e do largo de S\u00e3o Vicente\u201d, comentou.<\/p>\n\n\n\n<p>O programa mostra a&nbsp;preocupa\u00e7\u00e3o e o comprometimento da gest\u00e3o David Almeida com a pol\u00edtica de licenciamento e conjunto de mecanismos para preserva\u00e7\u00e3o do patrim\u00f4nio hist\u00f3rico edificado e a delicadeza no olhar para o conjunto cultural de Manaus, contando com o monitoramento da arqueologia.<\/p>\n\n\n\n<p>A ideia \u00e9 realizar o projeto de educa\u00e7\u00e3o urbana patrimonial para grupos da sociedade civil e acad\u00eamicos, tendo acompanhamento de t\u00e9cnicos e profissionais do Implurb e secretarias convidadas e envolvidas, com suporte da&nbsp;Comiss\u00e3o&nbsp;T\u00e9cnica para Implementa\u00e7\u00e3o e Revitaliza\u00e7\u00e3o do Centro Hist\u00f3rico de Manaus.<\/p>\n\n\n\n<p><strong>Territ\u00f3rio<\/strong><\/p>\n\n\n\n<p>A revitaliza\u00e7\u00e3o, requalifica\u00e7\u00e3o e regenera\u00e7\u00e3o do Centro Hist\u00f3rico de Manaus tem como foco o melhor aproveitamento da regi\u00e3o central, local que guarda valorosa riqueza cultural e patrimonial. O \u201cNosso Centro\u201d visa o resgate econ\u00f4mico da \u00e1rea, envolvendo a\u00e7\u00f5es de economia, turismo, hist\u00f3ria, empreendedorismo, cultura, arte e habita\u00e7\u00e3o. O programa tem tr\u00eas eixos: \u201cMais Vida\u201d, \u201cMais Neg\u00f3cios\u201d e \u201cMais Hist\u00f3ria\u201d.<\/p>\n\n\n\n<p>&#8212; &#8212; &#8212;<\/p>\n\n\n\n<p><strong>Texto<\/strong>&nbsp;\u2013 Claudia do Valle \/ Impllurb<\/p>\n\n\n\n<p><strong>Fotos<\/strong>&nbsp;\u2013 Divulga\u00e7\u00e3o \/ Arquivo Semcom<\/p>\n","protected":false},"excerpt":{"rendered":"","protected":false},"author":24,"featured_media":216715,"comment_status":"closed","ping_status":"closed","sticky":false,"template":"","format":"standard","meta":{"footnotes":""},"categories":[931],"tags":[6426,5977,3249,35,1637,65,757,75,2403,6427,537,293,77,5978],"acf":[],"yoast_head":"<!-- This site is optimized with the Yoast SEO plugin v23.0 - https:\/\/yoast.com\/wordpress\/plugins\/seo\/ -->\n<title>Palestra sobre arqueologia tem inscri\u00e7\u00f5es abertas, inaugurando a\u00e7\u00f5es do \u2018Vivendo o Nosso Centro\u2019 - SEMCOM<\/title>\n<meta name=\"description\" content=\"A Prefeitura de Manaus, via Instituto Municipal de Planejamento Urbano (Implurb), abre inscri\u00e7\u00f5es para interessados em participar da palestra \u201cArqueologia Urbana\u201d, com o arque\u00f3logo e doutor em Sociedade e Cultura na Amaz\u00f4nia, Carlos Augusto da Silva, no Casar\u00e3o da Inova\u00e7\u00e3o Cassina, Centro, zona Sul, no pr\u00f3ximo dia 5\/8, de 8h \u00e0s 12h.\" \/>\n<meta name=\"robots\" content=\"index, follow, max-snippet:-1, max-image-preview:large, max-video-preview:-1\" \/>\n<link rel=\"canonical\" href=\"https:\/\/www.manaus.am.gov.br\/semcom\/palestra-sobre-arqueologia-tem-inscricoes-abertas-inaugurando-acoes-do-vivendo-o-nosso-centro\/\" \/>\n<meta property=\"og:locale\" content=\"pt_BR\" \/>\n<meta property=\"og:type\" content=\"article\" \/>\n<meta property=\"og:title\" content=\"Palestra sobre arqueologia tem inscri\u00e7\u00f5es abertas, inaugurando a\u00e7\u00f5es do \u2018Vivendo o Nosso Centro\u2019 - SEMCOM\" \/>\n<meta property=\"og:description\" content=\"A Prefeitura de Manaus, via Instituto Municipal de Planejamento Urbano (Implurb), abre inscri\u00e7\u00f5es para interessados em participar da palestra \u201cArqueologia Urbana\u201d, com o arque\u00f3logo e doutor em Sociedade e Cultura na Amaz\u00f4nia, Carlos Augusto da Silva, no Casar\u00e3o da Inova\u00e7\u00e3o Cassina, Centro, zona Sul, no pr\u00f3ximo dia 5\/8, de 8h \u00e0s 12h.\" \/>\n<meta property=\"og:url\" content=\"https:\/\/www.manaus.am.gov.br\/semcom\/palestra-sobre-arqueologia-tem-inscricoes-abertas-inaugurando-acoes-do-vivendo-o-nosso-centro\/\" \/>\n<meta property=\"og:site_name\" content=\"SEMCOM\" \/>\n<meta property=\"article:published_time\" content=\"2023-07-27T14:51:30+00:00\" \/>\n<meta property=\"article:modified_time\" content=\"2023-07-27T14:51:32+00:00\" \/>\n<meta property=\"og:image\" content=\"https:\/\/www.manaus.am.gov.br\/semcom\/wp-content\/uploads\/sites\/5\/2023\/07\/cassina6.jpg\" \/>\n\t<meta property=\"og:image:width\" content=\"1600\" \/>\n\t<meta property=\"og:image:height\" content=\"1061\" \/>\n\t<meta property=\"og:image:type\" content=\"image\/jpeg\" \/>\n<meta name=\"author\" content=\"Cl\u00e1udia Barbosa\" \/>\n<meta name=\"twitter:card\" content=\"summary_large_image\" \/>\n<meta name=\"twitter:label1\" content=\"Written by\" \/>\n\t<meta name=\"twitter:data1\" content=\"Cl\u00e1udia Barbosa\" \/>\n\t<meta name=\"twitter:label2\" content=\"Est. reading time\" \/>\n\t<meta name=\"twitter:data2\" content=\"4 minutos\" \/>\n<script type=\"application\/ld+json\" class=\"yoast-schema-graph\">{\"@context\":\"https:\/\/schema.org\",\"@graph\":[{\"@type\":\"WebPage\",\"@id\":\"https:\/\/www.manaus.am.gov.br\/semcom\/palestra-sobre-arqueologia-tem-inscricoes-abertas-inaugurando-acoes-do-vivendo-o-nosso-centro\/\",\"url\":\"https:\/\/www.manaus.am.gov.br\/semcom\/palestra-sobre-arqueologia-tem-inscricoes-abertas-inaugurando-acoes-do-vivendo-o-nosso-centro\/\",\"name\":\"Palestra sobre arqueologia tem inscri\u00e7\u00f5es abertas, inaugurando a\u00e7\u00f5es do \u2018Vivendo o Nosso Centro\u2019 - SEMCOM\",\"isPartOf\":{\"@id\":\"https:\/\/www.manaus.am.gov.br\/semcom\/#website\"},\"primaryImageOfPage\":{\"@id\":\"https:\/\/www.manaus.am.gov.br\/semcom\/palestra-sobre-arqueologia-tem-inscricoes-abertas-inaugurando-acoes-do-vivendo-o-nosso-centro\/#primaryimage\"},\"image\":{\"@id\":\"https:\/\/www.manaus.am.gov.br\/semcom\/palestra-sobre-arqueologia-tem-inscricoes-abertas-inaugurando-acoes-do-vivendo-o-nosso-centro\/#primaryimage\"},\"thumbnailUrl\":\"https:\/\/www.manaus.am.gov.br\/semcom\/wp-content\/uploads\/sites\/5\/2023\/07\/cassina6.jpg\",\"datePublished\":\"2023-07-27T14:51:30+00:00\",\"dateModified\":\"2023-07-27T14:51:32+00:00\",\"author\":{\"@id\":\"https:\/\/www.manaus.am.gov.br\/semcom\/#\/schema\/person\/d0a166b5031154c33c77794ddc9a827e\"},\"description\":\"A Prefeitura de Manaus, via Instituto Municipal de Planejamento Urbano (Implurb), abre inscri\u00e7\u00f5es para interessados em participar da palestra \u201cArqueologia Urbana\u201d, com o arque\u00f3logo e doutor em Sociedade e Cultura na Amaz\u00f4nia, Carlos Augusto da Silva, no Casar\u00e3o da Inova\u00e7\u00e3o Cassina, Centro, zona Sul, no pr\u00f3ximo dia 5\/8, de 8h \u00e0s 12h.\",\"inLanguage\":\"pt-BR\",\"potentialAction\":[{\"@type\":\"ReadAction\",\"target\":[\"https:\/\/www.manaus.am.gov.br\/semcom\/palestra-sobre-arqueologia-tem-inscricoes-abertas-inaugurando-acoes-do-vivendo-o-nosso-centro\/\"]}]},{\"@type\":\"ImageObject\",\"inLanguage\":\"pt-BR\",\"@id\":\"https:\/\/www.manaus.am.gov.br\/semcom\/palestra-sobre-arqueologia-tem-inscricoes-abertas-inaugurando-acoes-do-vivendo-o-nosso-centro\/#primaryimage\",\"url\":\"https:\/\/www.manaus.am.gov.br\/semcom\/wp-content\/uploads\/sites\/5\/2023\/07\/cassina6.jpg\",\"contentUrl\":\"https:\/\/www.manaus.am.gov.br\/semcom\/wp-content\/uploads\/sites\/5\/2023\/07\/cassina6.jpg\",\"width\":1600,\"height\":1061},{\"@type\":\"WebSite\",\"@id\":\"https:\/\/www.manaus.am.gov.br\/semcom\/#website\",\"url\":\"https:\/\/www.manaus.am.gov.br\/semcom\/\",\"name\":\"SEMCOM\",\"description\":\"Secretaria Municipal de Comunica\u00e7\u00e3o\",\"potentialAction\":[{\"@type\":\"SearchAction\",\"target\":{\"@type\":\"EntryPoint\",\"urlTemplate\":\"https:\/\/www.manaus.am.gov.br\/semcom\/?s={search_term_string}\"},\"query-input\":\"required name=search_term_string\"}],\"inLanguage\":\"pt-BR\"},{\"@type\":\"Person\",\"@id\":\"https:\/\/www.manaus.am.gov.br\/semcom\/#\/schema\/person\/d0a166b5031154c33c77794ddc9a827e\",\"name\":\"Cl\u00e1udia Barbosa\",\"image\":{\"@type\":\"ImageObject\",\"inLanguage\":\"pt-BR\",\"@id\":\"https:\/\/www.manaus.am.gov.br\/semcom\/#\/schema\/person\/image\/\",\"url\":\"https:\/\/secure.gravatar.com\/avatar\/42958a1cf007f1a00534009218c72590?s=96&d=mm&r=g\",\"contentUrl\":\"https:\/\/secure.gravatar.com\/avatar\/42958a1cf007f1a00534009218c72590?s=96&d=mm&r=g\",\"caption\":\"Cl\u00e1udia Barbosa\"}}]}<\/script>\n<!-- \/ Yoast SEO plugin. -->","yoast_head_json":{"title":"Palestra sobre arqueologia tem inscri\u00e7\u00f5es abertas, inaugurando a\u00e7\u00f5es do \u2018Vivendo o Nosso Centro\u2019 - SEMCOM","description":"A Prefeitura de Manaus, via Instituto Municipal de Planejamento Urbano (Implurb), abre inscri\u00e7\u00f5es para interessados em participar da palestra \u201cArqueologia Urbana\u201d, com o arque\u00f3logo e doutor em Sociedade e Cultura na Amaz\u00f4nia, Carlos Augusto da Silva, no Casar\u00e3o da Inova\u00e7\u00e3o Cassina, Centro, zona Sul, no pr\u00f3ximo dia 5\/8, de 8h \u00e0s 12h.","robots":{"index":"index","follow":"follow","max-snippet":"max-snippet:-1","max-image-preview":"max-image-preview:large","max-video-preview":"max-video-preview:-1"},"canonical":"https:\/\/www.manaus.am.gov.br\/semcom\/palestra-sobre-arqueologia-tem-inscricoes-abertas-inaugurando-acoes-do-vivendo-o-nosso-centro\/","og_locale":"pt_BR","og_type":"article","og_title":"Palestra sobre arqueologia tem inscri\u00e7\u00f5es abertas, inaugurando a\u00e7\u00f5es do \u2018Vivendo o Nosso Centro\u2019 - SEMCOM","og_description":"A Prefeitura de Manaus, via Instituto Municipal de Planejamento Urbano (Implurb), abre inscri\u00e7\u00f5es para interessados em participar da palestra \u201cArqueologia Urbana\u201d, com o arque\u00f3logo e doutor em Sociedade e Cultura na Amaz\u00f4nia, Carlos Augusto da Silva, no Casar\u00e3o da Inova\u00e7\u00e3o Cassina, Centro, zona Sul, no pr\u00f3ximo dia 5\/8, de 8h \u00e0s 12h.","og_url":"https:\/\/www.manaus.am.gov.br\/semcom\/palestra-sobre-arqueologia-tem-inscricoes-abertas-inaugurando-acoes-do-vivendo-o-nosso-centro\/","og_site_name":"SEMCOM","article_published_time":"2023-07-27T14:51:30+00:00","article_modified_time":"2023-07-27T14:51:32+00:00","og_image":[{"width":1600,"height":1061,"url":"https:\/\/www.manaus.am.gov.br\/semcom\/wp-content\/uploads\/sites\/5\/2023\/07\/cassina6.jpg","type":"image\/jpeg"}],"author":"Cl\u00e1udia Barbosa","twitter_card":"summary_large_image","twitter_misc":{"Written by":"Cl\u00e1udia Barbosa","Est. reading time":"4 minutos"},"schema":{"@context":"https:\/\/schema.org","@graph":[{"@type":"WebPage","@id":"https:\/\/www.manaus.am.gov.br\/semcom\/palestra-sobre-arqueologia-tem-inscricoes-abertas-inaugurando-acoes-do-vivendo-o-nosso-centro\/","url":"https:\/\/www.manaus.am.gov.br\/semcom\/palestra-sobre-arqueologia-tem-inscricoes-abertas-inaugurando-acoes-do-vivendo-o-nosso-centro\/","name":"Palestra sobre arqueologia tem inscri\u00e7\u00f5es abertas, inaugurando a\u00e7\u00f5es do \u2018Vivendo o Nosso Centro\u2019 - SEMCOM","isPartOf":{"@id":"https:\/\/www.manaus.am.gov.br\/semcom\/#website"},"primaryImageOfPage":{"@id":"https:\/\/www.manaus.am.gov.br\/semcom\/palestra-sobre-arqueologia-tem-inscricoes-abertas-inaugurando-acoes-do-vivendo-o-nosso-centro\/#primaryimage"},"image":{"@id":"https:\/\/www.manaus.am.gov.br\/semcom\/palestra-sobre-arqueologia-tem-inscricoes-abertas-inaugurando-acoes-do-vivendo-o-nosso-centro\/#primaryimage"},"thumbnailUrl":"https:\/\/www.manaus.am.gov.br\/semcom\/wp-content\/uploads\/sites\/5\/2023\/07\/cassina6.jpg","datePublished":"2023-07-27T14:51:30+00:00","dateModified":"2023-07-27T14:51:32+00:00","author":{"@id":"https:\/\/www.manaus.am.gov.br\/semcom\/#\/schema\/person\/d0a166b5031154c33c77794ddc9a827e"},"description":"A Prefeitura de Manaus, via Instituto Municipal de Planejamento Urbano (Implurb), abre inscri\u00e7\u00f5es para interessados em participar da palestra \u201cArqueologia Urbana\u201d, com o arque\u00f3logo e doutor em Sociedade e Cultura na Amaz\u00f4nia, Carlos Augusto da Silva, no Casar\u00e3o da Inova\u00e7\u00e3o Cassina, Centro, zona Sul, no pr\u00f3ximo dia 5\/8, de 8h \u00e0s 12h.","inLanguage":"pt-BR","potentialAction":[{"@type":"ReadAction","target":["https:\/\/www.manaus.am.gov.br\/semcom\/palestra-sobre-arqueologia-tem-inscricoes-abertas-inaugurando-acoes-do-vivendo-o-nosso-centro\/"]}]},{"@type":"ImageObject","inLanguage":"pt-BR","@id":"https:\/\/www.manaus.am.gov.br\/semcom\/palestra-sobre-arqueologia-tem-inscricoes-abertas-inaugurando-acoes-do-vivendo-o-nosso-centro\/#primaryimage","url":"https:\/\/www.manaus.am.gov.br\/semcom\/wp-content\/uploads\/sites\/5\/2023\/07\/cassina6.jpg","contentUrl":"https:\/\/www.manaus.am.gov.br\/semcom\/wp-content\/uploads\/sites\/5\/2023\/07\/cassina6.jpg","width":1600,"height":1061},{"@type":"WebSite","@id":"https:\/\/www.manaus.am.gov.br\/semcom\/#website","url":"https:\/\/www.manaus.am.gov.br\/semcom\/","name":"SEMCOM","description":"Secretaria Municipal de Comunica\u00e7\u00e3o","potentialAction":[{"@type":"SearchAction","target":{"@type":"EntryPoint","urlTemplate":"https:\/\/www.manaus.am.gov.br\/semcom\/?s={search_term_string}"},"query-input":"required name=search_term_string"}],"inLanguage":"pt-BR"},{"@type":"Person","@id":"https:\/\/www.manaus.am.gov.br\/semcom\/#\/schema\/person\/d0a166b5031154c33c77794ddc9a827e","name":"Cl\u00e1udia Barbosa","image":{"@type":"ImageObject","inLanguage":"pt-BR","@id":"https:\/\/www.manaus.am.gov.br\/semcom\/#\/schema\/person\/image\/","url":"https:\/\/secure.gravatar.com\/avatar\/42958a1cf007f1a00534009218c72590?s=96&d=mm&r=g","contentUrl":"https:\/\/secure.gravatar.com\/avatar\/42958a1cf007f1a00534009218c72590?s=96&d=mm&r=g","caption":"Cl\u00e1udia Barbosa"}}]}},"_links":{"self":[{"href":"https:\/\/www.manaus.am.gov.br\/semcom\/wp-json\/wp\/v2\/posts\/216714"}],"collection":[{"href":"https:\/\/www.manaus.am.gov.br\/semcom\/wp-json\/wp\/v2\/posts"}],"about":[{"href":"https:\/\/www.manaus.am.gov.br\/semcom\/wp-json\/wp\/v2\/types\/post"}],"author":[{"embeddable":true,"href":"https:\/\/www.manaus.am.gov.br\/semcom\/wp-json\/wp\/v2\/users\/24"}],"replies":[{"embeddable":true,"href":"https:\/\/www.manaus.am.gov.br\/semcom\/wp-json\/wp\/v2\/comments?post=216714"}],"version-history":[{"count":0,"href":"https:\/\/www.manaus.am.gov.br\/semcom\/wp-json\/wp\/v2\/posts\/216714\/revisions"}],"wp:featuredmedia":[{"embeddable":true,"href":"https:\/\/www.manaus.am.gov.br\/semcom\/wp-json\/wp\/v2\/media\/216715"}],"wp:attachment":[{"href":"https:\/\/www.manaus.am.gov.br\/semcom\/wp-json\/wp\/v2\/media?parent=216714"}],"wp:term":[{"taxonomy":"category","embeddable":true,"href":"https:\/\/www.manaus.am.gov.br\/semcom\/wp-json\/wp\/v2\/categories?post=216714"},{"taxonomy":"post_tag","embeddable":true,"href":"https:\/\/www.manaus.am.gov.br\/semcom\/wp-json\/wp\/v2\/tags?post=216714"}],"curies":[{"name":"wp","href":"https:\/\/api.w.org\/{rel}","templated":true}]}}