{"id":216504,"date":"2023-07-21T15:22:06","date_gmt":"2023-07-21T18:22:06","guid":{"rendered":"https:\/\/www.manaus.am.gov.br\/semcom\/prefeitura-e-iphan-am-alinham-projetos-para-reforma-e-manutencao-de-igrejas-historicas-na-capital\/"},"modified":"2023-07-21T15:22:08","modified_gmt":"2023-07-21T18:22:08","slug":"prefeitura-e-iphan-am-alinham-projetos-para-reforma-e-manutencao-de-igrejas-historicas-na-capital","status":"publish","type":"post","link":"https:\/\/www.manaus.am.gov.br\/semcom\/prefeitura-e-iphan-am-alinham-projetos-para-reforma-e-manutencao-de-igrejas-historicas-na-capital\/","title":{"rendered":"<strong>Prefeitura e Iphan-AM alinham projetos para reforma e manuten\u00e7\u00e3o de igrejas hist\u00f3ricas na capital<\/strong>"},"content":{"rendered":"\n<p>O aditivo ao termo de coopera\u00e7\u00e3o entre a Prefeitura de Manaus, via Instituto Municipal de Planejamento Urbano (Implurb), e o&nbsp;Instituto do Patrim\u00f4nio Hist\u00f3rico e Art\u00edstico Nacional (Iphan) do Amazonas foi a principal pauta de reuni\u00e3o entre diretores e t\u00e9cnicos das duas institui\u00e7\u00f5es, realizada nesta quinta-feira, 20\/7.<\/p>\n\n\n\n<p>A reuni\u00e3o foi realizada na sede do Iphan-AM, um casar\u00e3o hist\u00f3rico na travessa Vivaldo Lima, 13, centro da capital, zona Sul, com a superintendente da autarquia federal, a historiadora Beatriz Calheiro, e o diretor-presidente do Implurb, engenheiro Carlos Valente, ambos acompanhados de diretores, t\u00e9cnicos e arquitetos.<\/p>\n\n\n\n<p>Os institutos t\u00eam um termo de coopera\u00e7\u00e3o in\u00e9dito, que dever\u00e1 receber aditivo para amplia\u00e7\u00e3o do escopo, incluindo a\u00e7\u00f5es para reforma e manuten\u00e7\u00e3o de igrejas tombadas na capital, onde o Implurb atuar\u00e1 dando suporte para desenvolver os projetos arquitet\u00f4nicos, que visam a recupera\u00e7\u00e3o e revitaliza\u00e7\u00e3o dos bens, e o Iphan-AM far\u00e1 os editais e a licita\u00e7\u00e3o para as obras.<\/p>\n\n\n\n<p>As igrejas s\u00e3o a Nossa Senhora dos Rem\u00e9dios, S\u00e3o Sebasti\u00e3o e Nossa Senhora da Concei\u00e7\u00e3o, a catedral. \u201cNas tratativas para o termo de coopera\u00e7\u00e3o, vamos definir as responsabilidades dos entes e o escopo do trabalho bastante importante para a capital, com participa\u00e7\u00e3o do Iphan\u201d, adiantou Carlos Valente.<\/p>\n\n\n\n<p>A Arquidiocese de Manaus \u00e9 parte integrante do processo, tendo recebido emenda parlamentar com os recursos para realiza\u00e7\u00e3o da obra. Junto ao governo do Estado, o Iphan-AM faz levantamentos de projetos e levantamentos t\u00e9cnicos para acelerar o processo para realizar as interven\u00e7\u00f5es.<\/p>\n\n\n\n<p>\u201cRealizamos mais uma etapa desse alinhamento entre Implurb e Iphan, em especial para a coopera\u00e7\u00e3o, sobre o aditivo que vai ampliar o escopo de a\u00e7\u00e3o entre os \u00f3rg\u00e3os, para que possamos desenvolver os projetos de reforma de tr\u00eas monumentos hist\u00f3ricos e religiosos da cidade de Manaus. E o trabalho \u00e9 integrado, uma vez que o Iphan far\u00e1 a licita\u00e7\u00e3o, que deve ocorrer at\u00e9 o final do ano\u201d, afirmou o engenheiro.<\/p>\n\n\n\n<p>Para Beatriz, o encontro serviu para avan\u00e7ar nos entendimentos conjuntos e objetivos do projeto, com o desempenho das duas equipes, do que est\u00e1 sendo disponibilizado para que se ven\u00e7a as outras fases mais t\u00e9cnicas. Os esfor\u00e7os s\u00e3o para conseguir colocar em pr\u00e1tica a reforma, a manuten\u00e7\u00e3o e os projetos que as igrejas est\u00e3o precisando\u201d, disse a superintendente.<\/p>\n\n\n\n<p>Beatriz acrescentou ainda que o termo de coopera\u00e7\u00e3o passa a ter um papel ainda mais importante, al\u00e9m da media\u00e7\u00e3o de interesses do Iphan e do Implurb, indo al\u00e9m para projetos comuns, garantindo uma gest\u00e3o compartilhada de bens e patrim\u00f4nios. \u201cE com a atualiza\u00e7\u00e3o das a\u00e7\u00f5es, muito da nossa conviv\u00eancia t\u00e9cnica pode gerar experi\u00eancias produtivas, integradas, que podem servir de exemplo para o pa\u00eds\u201d, completou.<\/p>\n\n\n\n<p>&#8212; &#8212; &#8212;<\/p>\n\n\n\n<p><strong>Texto &#8211;&nbsp;<\/strong>Claudia&nbsp;do Valle\/Implurb<\/p>\n\n\n\n<p><strong>Fotos &#8211;<\/strong>&nbsp;Jo\u00e3o Viana\/ Semcom<\/p>\n\n\n\n<p><strong>Dispon\u00edveis em<\/strong>&nbsp;&#8211;&nbsp;<a href=\"https:\/\/flic.kr\/s\/aHBqjANbxb\" target=\"_blank\" rel=\"noreferrer noopener\">https:\/\/flic.kr\/s\/aHBqjANbxb<\/a><\/p>\n","protected":false},"excerpt":{"rendered":"","protected":false},"author":23,"featured_media":216505,"comment_status":"closed","ping_status":"closed","sticky":false,"template":"","format":"standard","meta":{"footnotes":""},"categories":[1156],"tags":[6256,6257,65,640,205,77,96],"acf":[],"yoast_head":"<!-- This site is optimized with the Yoast SEO plugin v23.0 - https:\/\/yoast.com\/wordpress\/plugins\/seo\/ -->\n<title>Prefeitura e Iphan-AM alinham projetos para reforma e manuten\u00e7\u00e3o de igrejas hist\u00f3ricas na capital<\/title>\n<meta name=\"description\" content=\"O aditivo ao termo de coopera\u00e7\u00e3o entre a Prefeitura de Manaus, via Instituto Municipal de Planejamento Urbano (Implurb), e o Instituto do Patrim\u00f4nio Hist\u00f3rico e Art\u00edstico Nacional (Iphan) do Amazonas foi a principal pauta de reuni\u00e3o entre diretores e t\u00e9cnicos das duas institui\u00e7\u00f5es, realizada nesta quinta-feira, 20\/7.\" \/>\n<meta name=\"robots\" content=\"index, follow, max-snippet:-1, max-image-preview:large, max-video-preview:-1\" \/>\n<link rel=\"canonical\" href=\"https:\/\/www.manaus.am.gov.br\/semcom\/prefeitura-e-iphan-am-alinham-projetos-para-reforma-e-manutencao-de-igrejas-historicas-na-capital\/\" \/>\n<meta property=\"og:locale\" content=\"pt_BR\" \/>\n<meta property=\"og:type\" content=\"article\" \/>\n<meta property=\"og:title\" content=\"Prefeitura e Iphan-AM alinham projetos para reforma e manuten\u00e7\u00e3o de igrejas hist\u00f3ricas na capital\" \/>\n<meta property=\"og:description\" content=\"O aditivo ao termo de coopera\u00e7\u00e3o entre a Prefeitura de Manaus, via Instituto Municipal de Planejamento Urbano (Implurb), e o Instituto do Patrim\u00f4nio Hist\u00f3rico e Art\u00edstico Nacional (Iphan) do Amazonas foi a principal pauta de reuni\u00e3o entre diretores e t\u00e9cnicos das duas institui\u00e7\u00f5es, realizada nesta quinta-feira, 20\/7.\" \/>\n<meta property=\"og:url\" content=\"https:\/\/www.manaus.am.gov.br\/semcom\/prefeitura-e-iphan-am-alinham-projetos-para-reforma-e-manutencao-de-igrejas-historicas-na-capital\/\" \/>\n<meta property=\"og:site_name\" content=\"SEMCOM\" \/>\n<meta property=\"article:published_time\" content=\"2023-07-21T18:22:06+00:00\" \/>\n<meta property=\"article:modified_time\" content=\"2023-07-21T18:22:08+00:00\" \/>\n<meta property=\"og:image\" content=\"https:\/\/www.manaus.am.gov.br\/semcom\/wp-content\/uploads\/sites\/5\/2023\/07\/53061213939_40753dd82d_c.jpg\" \/>\n\t<meta property=\"og:image:width\" content=\"799\" \/>\n\t<meta property=\"og:image:height\" content=\"533\" \/>\n\t<meta property=\"og:image:type\" content=\"image\/jpeg\" \/>\n<meta name=\"author\" content=\"Adriana Costa\" \/>\n<meta name=\"twitter:card\" content=\"summary_large_image\" \/>\n<meta name=\"twitter:label1\" content=\"Written by\" \/>\n\t<meta name=\"twitter:data1\" content=\"Adriana Costa\" \/>\n\t<meta name=\"twitter:label2\" content=\"Est. reading time\" \/>\n\t<meta name=\"twitter:data2\" content=\"3 minutos\" \/>\n<script type=\"application\/ld+json\" class=\"yoast-schema-graph\">{\"@context\":\"https:\/\/schema.org\",\"@graph\":[{\"@type\":\"WebPage\",\"@id\":\"https:\/\/www.manaus.am.gov.br\/semcom\/prefeitura-e-iphan-am-alinham-projetos-para-reforma-e-manutencao-de-igrejas-historicas-na-capital\/\",\"url\":\"https:\/\/www.manaus.am.gov.br\/semcom\/prefeitura-e-iphan-am-alinham-projetos-para-reforma-e-manutencao-de-igrejas-historicas-na-capital\/\",\"name\":\"Prefeitura e Iphan-AM alinham projetos para reforma e manuten\u00e7\u00e3o de igrejas hist\u00f3ricas na capital\",\"isPartOf\":{\"@id\":\"https:\/\/www.manaus.am.gov.br\/semcom\/#website\"},\"primaryImageOfPage\":{\"@id\":\"https:\/\/www.manaus.am.gov.br\/semcom\/prefeitura-e-iphan-am-alinham-projetos-para-reforma-e-manutencao-de-igrejas-historicas-na-capital\/#primaryimage\"},\"image\":{\"@id\":\"https:\/\/www.manaus.am.gov.br\/semcom\/prefeitura-e-iphan-am-alinham-projetos-para-reforma-e-manutencao-de-igrejas-historicas-na-capital\/#primaryimage\"},\"thumbnailUrl\":\"https:\/\/www.manaus.am.gov.br\/semcom\/wp-content\/uploads\/sites\/5\/2023\/07\/53061213939_40753dd82d_c.jpg\",\"datePublished\":\"2023-07-21T18:22:06+00:00\",\"dateModified\":\"2023-07-21T18:22:08+00:00\",\"author\":{\"@id\":\"https:\/\/www.manaus.am.gov.br\/semcom\/#\/schema\/person\/4e49f4e267757a06ca072ec61b2b9968\"},\"description\":\"O aditivo ao termo de coopera\u00e7\u00e3o entre a Prefeitura de Manaus, via Instituto Municipal de Planejamento Urbano (Implurb), e o Instituto do Patrim\u00f4nio Hist\u00f3rico e Art\u00edstico Nacional (Iphan) do Amazonas foi a principal pauta de reuni\u00e3o entre diretores e t\u00e9cnicos das duas institui\u00e7\u00f5es, realizada nesta quinta-feira, 20\/7.\",\"inLanguage\":\"pt-BR\",\"potentialAction\":[{\"@type\":\"ReadAction\",\"target\":[\"https:\/\/www.manaus.am.gov.br\/semcom\/prefeitura-e-iphan-am-alinham-projetos-para-reforma-e-manutencao-de-igrejas-historicas-na-capital\/\"]}]},{\"@type\":\"ImageObject\",\"inLanguage\":\"pt-BR\",\"@id\":\"https:\/\/www.manaus.am.gov.br\/semcom\/prefeitura-e-iphan-am-alinham-projetos-para-reforma-e-manutencao-de-igrejas-historicas-na-capital\/#primaryimage\",\"url\":\"https:\/\/www.manaus.am.gov.br\/semcom\/wp-content\/uploads\/sites\/5\/2023\/07\/53061213939_40753dd82d_c.jpg\",\"contentUrl\":\"https:\/\/www.manaus.am.gov.br\/semcom\/wp-content\/uploads\/sites\/5\/2023\/07\/53061213939_40753dd82d_c.jpg\",\"width\":799,\"height\":533},{\"@type\":\"WebSite\",\"@id\":\"https:\/\/www.manaus.am.gov.br\/semcom\/#website\",\"url\":\"https:\/\/www.manaus.am.gov.br\/semcom\/\",\"name\":\"SEMCOM\",\"description\":\"Secretaria Municipal de Comunica\u00e7\u00e3o\",\"potentialAction\":[{\"@type\":\"SearchAction\",\"target\":{\"@type\":\"EntryPoint\",\"urlTemplate\":\"https:\/\/www.manaus.am.gov.br\/semcom\/?s={search_term_string}\"},\"query-input\":\"required name=search_term_string\"}],\"inLanguage\":\"pt-BR\"},{\"@type\":\"Person\",\"@id\":\"https:\/\/www.manaus.am.gov.br\/semcom\/#\/schema\/person\/4e49f4e267757a06ca072ec61b2b9968\",\"name\":\"Adriana Costa\",\"image\":{\"@type\":\"ImageObject\",\"inLanguage\":\"pt-BR\",\"@id\":\"https:\/\/www.manaus.am.gov.br\/semcom\/#\/schema\/person\/image\/\",\"url\":\"https:\/\/secure.gravatar.com\/avatar\/576258617ef7194f718179e766d57bd4?s=96&d=mm&r=g\",\"contentUrl\":\"https:\/\/secure.gravatar.com\/avatar\/576258617ef7194f718179e766d57bd4?s=96&d=mm&r=g\",\"caption\":\"Adriana Costa\"}}]}<\/script>\n<!-- \/ Yoast SEO plugin. -->","yoast_head_json":{"title":"Prefeitura e Iphan-AM alinham projetos para reforma e manuten\u00e7\u00e3o de igrejas hist\u00f3ricas na capital","description":"O aditivo ao termo de coopera\u00e7\u00e3o entre a Prefeitura de Manaus, via Instituto Municipal de Planejamento Urbano (Implurb), e o Instituto do Patrim\u00f4nio Hist\u00f3rico e Art\u00edstico Nacional (Iphan) do Amazonas foi a principal pauta de reuni\u00e3o entre diretores e t\u00e9cnicos das duas institui\u00e7\u00f5es, realizada nesta quinta-feira, 20\/7.","robots":{"index":"index","follow":"follow","max-snippet":"max-snippet:-1","max-image-preview":"max-image-preview:large","max-video-preview":"max-video-preview:-1"},"canonical":"https:\/\/www.manaus.am.gov.br\/semcom\/prefeitura-e-iphan-am-alinham-projetos-para-reforma-e-manutencao-de-igrejas-historicas-na-capital\/","og_locale":"pt_BR","og_type":"article","og_title":"Prefeitura e Iphan-AM alinham projetos para reforma e manuten\u00e7\u00e3o de igrejas hist\u00f3ricas na capital","og_description":"O aditivo ao termo de coopera\u00e7\u00e3o entre a Prefeitura de Manaus, via Instituto Municipal de Planejamento Urbano (Implurb), e o Instituto do Patrim\u00f4nio Hist\u00f3rico e Art\u00edstico Nacional (Iphan) do Amazonas foi a principal pauta de reuni\u00e3o entre diretores e t\u00e9cnicos das duas institui\u00e7\u00f5es, realizada nesta quinta-feira, 20\/7.","og_url":"https:\/\/www.manaus.am.gov.br\/semcom\/prefeitura-e-iphan-am-alinham-projetos-para-reforma-e-manutencao-de-igrejas-historicas-na-capital\/","og_site_name":"SEMCOM","article_published_time":"2023-07-21T18:22:06+00:00","article_modified_time":"2023-07-21T18:22:08+00:00","og_image":[{"width":799,"height":533,"url":"https:\/\/www.manaus.am.gov.br\/semcom\/wp-content\/uploads\/sites\/5\/2023\/07\/53061213939_40753dd82d_c.jpg","type":"image\/jpeg"}],"author":"Adriana Costa","twitter_card":"summary_large_image","twitter_misc":{"Written by":"Adriana Costa","Est. reading time":"3 minutos"},"schema":{"@context":"https:\/\/schema.org","@graph":[{"@type":"WebPage","@id":"https:\/\/www.manaus.am.gov.br\/semcom\/prefeitura-e-iphan-am-alinham-projetos-para-reforma-e-manutencao-de-igrejas-historicas-na-capital\/","url":"https:\/\/www.manaus.am.gov.br\/semcom\/prefeitura-e-iphan-am-alinham-projetos-para-reforma-e-manutencao-de-igrejas-historicas-na-capital\/","name":"Prefeitura e Iphan-AM alinham projetos para reforma e manuten\u00e7\u00e3o de igrejas hist\u00f3ricas na capital","isPartOf":{"@id":"https:\/\/www.manaus.am.gov.br\/semcom\/#website"},"primaryImageOfPage":{"@id":"https:\/\/www.manaus.am.gov.br\/semcom\/prefeitura-e-iphan-am-alinham-projetos-para-reforma-e-manutencao-de-igrejas-historicas-na-capital\/#primaryimage"},"image":{"@id":"https:\/\/www.manaus.am.gov.br\/semcom\/prefeitura-e-iphan-am-alinham-projetos-para-reforma-e-manutencao-de-igrejas-historicas-na-capital\/#primaryimage"},"thumbnailUrl":"https:\/\/www.manaus.am.gov.br\/semcom\/wp-content\/uploads\/sites\/5\/2023\/07\/53061213939_40753dd82d_c.jpg","datePublished":"2023-07-21T18:22:06+00:00","dateModified":"2023-07-21T18:22:08+00:00","author":{"@id":"https:\/\/www.manaus.am.gov.br\/semcom\/#\/schema\/person\/4e49f4e267757a06ca072ec61b2b9968"},"description":"O aditivo ao termo de coopera\u00e7\u00e3o entre a Prefeitura de Manaus, via Instituto Municipal de Planejamento Urbano (Implurb), e o Instituto do Patrim\u00f4nio Hist\u00f3rico e Art\u00edstico Nacional (Iphan) do Amazonas foi a principal pauta de reuni\u00e3o entre diretores e t\u00e9cnicos das duas institui\u00e7\u00f5es, realizada nesta quinta-feira, 20\/7.","inLanguage":"pt-BR","potentialAction":[{"@type":"ReadAction","target":["https:\/\/www.manaus.am.gov.br\/semcom\/prefeitura-e-iphan-am-alinham-projetos-para-reforma-e-manutencao-de-igrejas-historicas-na-capital\/"]}]},{"@type":"ImageObject","inLanguage":"pt-BR","@id":"https:\/\/www.manaus.am.gov.br\/semcom\/prefeitura-e-iphan-am-alinham-projetos-para-reforma-e-manutencao-de-igrejas-historicas-na-capital\/#primaryimage","url":"https:\/\/www.manaus.am.gov.br\/semcom\/wp-content\/uploads\/sites\/5\/2023\/07\/53061213939_40753dd82d_c.jpg","contentUrl":"https:\/\/www.manaus.am.gov.br\/semcom\/wp-content\/uploads\/sites\/5\/2023\/07\/53061213939_40753dd82d_c.jpg","width":799,"height":533},{"@type":"WebSite","@id":"https:\/\/www.manaus.am.gov.br\/semcom\/#website","url":"https:\/\/www.manaus.am.gov.br\/semcom\/","name":"SEMCOM","description":"Secretaria Municipal de Comunica\u00e7\u00e3o","potentialAction":[{"@type":"SearchAction","target":{"@type":"EntryPoint","urlTemplate":"https:\/\/www.manaus.am.gov.br\/semcom\/?s={search_term_string}"},"query-input":"required name=search_term_string"}],"inLanguage":"pt-BR"},{"@type":"Person","@id":"https:\/\/www.manaus.am.gov.br\/semcom\/#\/schema\/person\/4e49f4e267757a06ca072ec61b2b9968","name":"Adriana Costa","image":{"@type":"ImageObject","inLanguage":"pt-BR","@id":"https:\/\/www.manaus.am.gov.br\/semcom\/#\/schema\/person\/image\/","url":"https:\/\/secure.gravatar.com\/avatar\/576258617ef7194f718179e766d57bd4?s=96&d=mm&r=g","contentUrl":"https:\/\/secure.gravatar.com\/avatar\/576258617ef7194f718179e766d57bd4?s=96&d=mm&r=g","caption":"Adriana Costa"}}]}},"_links":{"self":[{"href":"https:\/\/www.manaus.am.gov.br\/semcom\/wp-json\/wp\/v2\/posts\/216504"}],"collection":[{"href":"https:\/\/www.manaus.am.gov.br\/semcom\/wp-json\/wp\/v2\/posts"}],"about":[{"href":"https:\/\/www.manaus.am.gov.br\/semcom\/wp-json\/wp\/v2\/types\/post"}],"author":[{"embeddable":true,"href":"https:\/\/www.manaus.am.gov.br\/semcom\/wp-json\/wp\/v2\/users\/23"}],"replies":[{"embeddable":true,"href":"https:\/\/www.manaus.am.gov.br\/semcom\/wp-json\/wp\/v2\/comments?post=216504"}],"version-history":[{"count":0,"href":"https:\/\/www.manaus.am.gov.br\/semcom\/wp-json\/wp\/v2\/posts\/216504\/revisions"}],"wp:featuredmedia":[{"embeddable":true,"href":"https:\/\/www.manaus.am.gov.br\/semcom\/wp-json\/wp\/v2\/media\/216505"}],"wp:attachment":[{"href":"https:\/\/www.manaus.am.gov.br\/semcom\/wp-json\/wp\/v2\/media?parent=216504"}],"wp:term":[{"taxonomy":"category","embeddable":true,"href":"https:\/\/www.manaus.am.gov.br\/semcom\/wp-json\/wp\/v2\/categories?post=216504"},{"taxonomy":"post_tag","embeddable":true,"href":"https:\/\/www.manaus.am.gov.br\/semcom\/wp-json\/wp\/v2\/tags?post=216504"}],"curies":[{"name":"wp","href":"https:\/\/api.w.org\/{rel}","templated":true}]}}