{"id":216490,"date":"2023-07-21T13:42:26","date_gmt":"2023-07-21T16:42:26","guid":{"rendered":"https:\/\/www.manaus.am.gov.br\/semcom\/prefeitura-celebra-18-anos-da-manaus-previdencia\/"},"modified":"2023-12-15T18:39:54","modified_gmt":"2023-12-15T21:39:54","slug":"prefeitura-celebra-18-anos-da-manaus-previdencia","status":"publish","type":"post","link":"https:\/\/www.manaus.am.gov.br\/semcom\/prefeitura-celebra-18-anos-da-manaus-previdencia\/","title":{"rendered":"Prefeitura celebra 18 anos da Manaus Previd\u00eancia"},"content":{"rendered":"\n<p>A Manaus Previd\u00eancia completou 18 anos nesta sexta-feira, 21\/7. O \u00f3rg\u00e3o foi criado como servi\u00e7o social aut\u00f4nomo e, em 2013, passou a integrar a administra\u00e7\u00e3o indireta da Prefeitura de Manaus, sob a forma de autarquia. Ao longo desses anos, cresceu e conquistou um lugar de destaque nacional, tornando-se uma refer\u00eancia em institui\u00e7\u00e3o gestora de Previd\u00eancia no Brasil.<\/p>\n\n\n\n<p>A Manaus Previd\u00eancia traz em seu curr\u00edculo certifica\u00e7\u00f5es e premia\u00e7\u00f5es diversas, a exemplo do Pr\u00f3-Gest\u00e3o RPPS, mantida pelo 4\u00ba ano consecutivo no n\u00edvel m\u00e1ximo, n\u00edvel IV, e a recertifica\u00e7\u00e3o na NBR ISO 9001:2015.<\/p>\n\n\n\n<p>A diretora-presidente da autarquia, Daniela Benayon, ressaltou que no \u00faltimo dia 22 de junho, a Associa\u00e7\u00e3o Brasileira de Institui\u00e7\u00f5es de Previd\u00eancia Estaduais e Municipais (Abipem) divulgou o resultado das premia\u00e7\u00f5es &#8211; Edi\u00e7\u00e3o 2023.&nbsp;<\/p>\n\n\n\n<p>&#8220;Vencemos o 2\u00ba lugar, no 4\u00ba Pr\u00eamio Destaque Brasil de Investimentos, Categoria 4: Acima de seis mil ativos; o 3\u00ba lugar, no 5\u00ba Pr\u00eamio Destaque Brasil de Responsabilidade Previdenci\u00e1ria, Categoria 2: De 10.001 a 30 mil indiv\u00edduos; e o 5\u00ba lugar do Pr\u00eamio Destaque Brasil de Governan\u00e7a Previdenci\u00e1ria \u2013 Grupo 2: Munic\u00edpios. Categoria 1 \u2013 RPPS de grande porte&#8221;, destacou.<\/p>\n\n\n\n<p>Este \u00e9 o quinto ano consecutivo em que a Manaus Previd\u00eancia conquista pr\u00eamios, sendo que nos \u00faltimos quatro anos, a autarquia ficou em primeiro lugar nas edi\u00e7\u00f5es do Pr\u00eamio Destaque Brasil de Investimentos, promovido pela Abipem. &#8220;Em 2023, a autarquia continuou no p\u00f3dio, ficando em segundo lugar, o que representa para n\u00f3s mais alguns frutos de dedica\u00e7\u00e3o ao trabalho&#8221;, disse Daniela.<\/p>\n\n\n\n<p>Ela salientou que 2021 foi o melhor ano da Manaus Previd\u00eancia, que conquistou o maior n\u00famero de premia\u00e7\u00f5es. &#8220;O resultado \u00e9 fruto de uma gest\u00e3o respons\u00e1vel, pautada em valores como transpar\u00eancia, moralidade e \u00e9tica p\u00fablica, presentes na administra\u00e7\u00e3o do prefeito David Almeida e que nos possibilita prestar aos seus segurados um servi\u00e7o moderno, produtivo e respeitoso, sem perder de vista os crit\u00e9rios que preservam o equil\u00edbrio financeiro, atuarial e colaboram para a gest\u00e3o fiscal respons\u00e1vel do munic\u00edpio&#8221;, afirmou.<\/p>\n\n\n\n<p>O superintendente de Investimentos da Manaus Previd\u00eancia, Fl\u00e1vio Castro, explicou que a \u00e1rea de investimentos tem alcan\u00e7ado excelentes resultados, seja do ponto de vista financeiro, seja do ponto de vista da governan\u00e7a corporativa.<\/p>\n\n\n\n<p>Sob a \u00f3tica financeira, o volume da carteira de investimentos cresceu substancialmente, saindo de R$ 465 milh\u00f5es, em dezembro de 2012, para R$ 1,3 bilh\u00e3o, em junho de 2023.&nbsp; &#8220;O desafio constante de atingimento da meta atuarial tem exigido grande esfor\u00e7o por parte de todos os servidores, comitentes, conselheiros e diretores que fazem parte do processo de investimentos&#8221;, disse Castro.<\/p>\n\n\n\n<p>Com rela\u00e7\u00e3o \u00e0 governan\u00e7a corporativa e transpar\u00eancia p\u00fablica, a Manaus Previd\u00eancia tornou-se refer\u00eancia nacional, acrescentou Fl\u00e1vio. &#8220;A cria\u00e7\u00e3o de \u00f3rg\u00e3os colegiados como o Conselho Fiscal, Conselho Municipal de Previd\u00eancia e Comit\u00ea de Investimentos, compostos por servidores atuantes e capacitados, tem contribu\u00eddo fundamentalmente para as boas pr\u00e1ticas de gest\u00e3o da carteira de investimentos&#8221;, enfatizou o superintendente.<\/p>\n\n\n\n<p>A excel\u00eancia alcan\u00e7ada pela Manaus Previd\u00eancia conta com a participa\u00e7\u00e3o primordial de seus servidores e \u00f3rg\u00e3os colegiados, que s\u00e3o: Conselho Fiscal, Conselho Municipal de Previd\u00eancia e Comit\u00ea de Investimentos, compostos por servidores atuantes e capacitados, os quais contribuem sobremaneira para as boas pr\u00e1ticas de gest\u00e3o do Regime Pr\u00f3prio de Previd\u00eancia Social (RPPS) e da carteira de investimentos.<\/p>\n\n\n\n<p>\u201cAinda h\u00e1 muito a amadurecer e aprimorar, mas as conquistas alcan\u00e7adas at\u00e9 aqui certamente apontam para um futuro brilhante e promissor\u201d, afirmou a diretora-presidente.<\/p>\n\n\n\n<p>&#8212; &#8212; &#8212;<\/p>\n\n\n\n<p><strong>Texto \u2013<\/strong>&nbsp;Dione Santana \/ Manaus Previd\u00eancia<\/p>\n\n\n\n<p><strong>Fotos \u2013<\/strong>&nbsp;Divulga\u00e7\u00e3o \/ Manaus Previd\u00eancia<\/p>\n","protected":false},"excerpt":{"rendered":"","protected":false},"author":24,"featured_media":216491,"comment_status":"closed","ping_status":"closed","sticky":false,"template":"","format":"standard","meta":{"footnotes":""},"categories":[4572],"tags":[6227,6228,4619,35,5145,5186,3560,77,6229],"acf":[],"yoast_head":"<!-- This site is optimized with the Yoast SEO plugin v23.0 - https:\/\/yoast.com\/wordpress\/plugins\/seo\/ -->\n<title>Prefeitura celebra 18 anos da Manaus Previd\u00eancia - SEMCOM<\/title>\n<meta name=\"description\" content=\"A Manaus Previd\u00eancia completou 18 anos nesta sexta-feira, 21\/7. O \u00f3rg\u00e3o foi criado como servi\u00e7o social aut\u00f4nomo e, em 2013, passou a integrar a administra\u00e7\u00e3o indireta da Prefeitura de Manaus, sob a forma de autarquia.\" \/>\n<meta name=\"robots\" content=\"index, follow, max-snippet:-1, max-image-preview:large, max-video-preview:-1\" \/>\n<link rel=\"canonical\" href=\"https:\/\/www.manaus.am.gov.br\/semcom\/prefeitura-celebra-18-anos-da-manaus-previdencia\/\" \/>\n<meta property=\"og:locale\" content=\"pt_BR\" \/>\n<meta property=\"og:type\" content=\"article\" \/>\n<meta property=\"og:title\" content=\"Prefeitura celebra 18 anos da Manaus Previd\u00eancia - SEMCOM\" \/>\n<meta property=\"og:description\" content=\"A Manaus Previd\u00eancia completou 18 anos nesta sexta-feira, 21\/7. O \u00f3rg\u00e3o foi criado como servi\u00e7o social aut\u00f4nomo e, em 2013, passou a integrar a administra\u00e7\u00e3o indireta da Prefeitura de Manaus, sob a forma de autarquia.\" \/>\n<meta property=\"og:url\" content=\"https:\/\/www.manaus.am.gov.br\/semcom\/prefeitura-celebra-18-anos-da-manaus-previdencia\/\" \/>\n<meta property=\"og:site_name\" content=\"SEMCOM\" \/>\n<meta property=\"article:published_time\" content=\"2023-07-21T16:42:26+00:00\" \/>\n<meta property=\"article:modified_time\" content=\"2023-12-15T21:39:54+00:00\" \/>\n<meta property=\"og:image\" content=\"https:\/\/www.manaus.am.gov.br\/semcom\/wp-content\/uploads\/sites\/5\/2023\/07\/Prefeitura-celebra-18-anos-da-Manaus-Previdencia-4.jpg\" \/>\n\t<meta property=\"og:image:width\" content=\"1000\" \/>\n\t<meta property=\"og:image:height\" content=\"667\" \/>\n\t<meta property=\"og:image:type\" content=\"image\/jpeg\" \/>\n<meta name=\"author\" content=\"Cl\u00e1udia Barbosa\" \/>\n<meta name=\"twitter:card\" content=\"summary_large_image\" \/>\n<meta name=\"twitter:label1\" content=\"Written by\" \/>\n\t<meta name=\"twitter:data1\" content=\"Cl\u00e1udia Barbosa\" \/>\n\t<meta name=\"twitter:label2\" content=\"Est. reading time\" \/>\n\t<meta name=\"twitter:data2\" content=\"4 minutos\" \/>\n<script type=\"application\/ld+json\" class=\"yoast-schema-graph\">{\"@context\":\"https:\/\/schema.org\",\"@graph\":[{\"@type\":\"WebPage\",\"@id\":\"https:\/\/www.manaus.am.gov.br\/semcom\/prefeitura-celebra-18-anos-da-manaus-previdencia\/\",\"url\":\"https:\/\/www.manaus.am.gov.br\/semcom\/prefeitura-celebra-18-anos-da-manaus-previdencia\/\",\"name\":\"Prefeitura celebra 18 anos da Manaus Previd\u00eancia - SEMCOM\",\"isPartOf\":{\"@id\":\"https:\/\/www.manaus.am.gov.br\/semcom\/#website\"},\"primaryImageOfPage\":{\"@id\":\"https:\/\/www.manaus.am.gov.br\/semcom\/prefeitura-celebra-18-anos-da-manaus-previdencia\/#primaryimage\"},\"image\":{\"@id\":\"https:\/\/www.manaus.am.gov.br\/semcom\/prefeitura-celebra-18-anos-da-manaus-previdencia\/#primaryimage\"},\"thumbnailUrl\":\"https:\/\/www.manaus.am.gov.br\/semcom\/wp-content\/uploads\/sites\/5\/2023\/07\/Prefeitura-celebra-18-anos-da-Manaus-Previdencia-4.jpg\",\"datePublished\":\"2023-07-21T16:42:26+00:00\",\"dateModified\":\"2023-12-15T21:39:54+00:00\",\"author\":{\"@id\":\"https:\/\/www.manaus.am.gov.br\/semcom\/#\/schema\/person\/d0a166b5031154c33c77794ddc9a827e\"},\"description\":\"A Manaus Previd\u00eancia completou 18 anos nesta sexta-feira, 21\/7. O \u00f3rg\u00e3o foi criado como servi\u00e7o social aut\u00f4nomo e, em 2013, passou a integrar a administra\u00e7\u00e3o indireta da Prefeitura de Manaus, sob a forma de autarquia.\",\"inLanguage\":\"pt-BR\",\"potentialAction\":[{\"@type\":\"ReadAction\",\"target\":[\"https:\/\/www.manaus.am.gov.br\/semcom\/prefeitura-celebra-18-anos-da-manaus-previdencia\/\"]}]},{\"@type\":\"ImageObject\",\"inLanguage\":\"pt-BR\",\"@id\":\"https:\/\/www.manaus.am.gov.br\/semcom\/prefeitura-celebra-18-anos-da-manaus-previdencia\/#primaryimage\",\"url\":\"https:\/\/www.manaus.am.gov.br\/semcom\/wp-content\/uploads\/sites\/5\/2023\/07\/Prefeitura-celebra-18-anos-da-Manaus-Previdencia-4.jpg\",\"contentUrl\":\"https:\/\/www.manaus.am.gov.br\/semcom\/wp-content\/uploads\/sites\/5\/2023\/07\/Prefeitura-celebra-18-anos-da-Manaus-Previdencia-4.jpg\",\"width\":1000,\"height\":667},{\"@type\":\"WebSite\",\"@id\":\"https:\/\/www.manaus.am.gov.br\/semcom\/#website\",\"url\":\"https:\/\/www.manaus.am.gov.br\/semcom\/\",\"name\":\"SEMCOM\",\"description\":\"Secretaria Municipal de Comunica\u00e7\u00e3o\",\"potentialAction\":[{\"@type\":\"SearchAction\",\"target\":{\"@type\":\"EntryPoint\",\"urlTemplate\":\"https:\/\/www.manaus.am.gov.br\/semcom\/?s={search_term_string}\"},\"query-input\":\"required name=search_term_string\"}],\"inLanguage\":\"pt-BR\"},{\"@type\":\"Person\",\"@id\":\"https:\/\/www.manaus.am.gov.br\/semcom\/#\/schema\/person\/d0a166b5031154c33c77794ddc9a827e\",\"name\":\"Cl\u00e1udia Barbosa\",\"image\":{\"@type\":\"ImageObject\",\"inLanguage\":\"pt-BR\",\"@id\":\"https:\/\/www.manaus.am.gov.br\/semcom\/#\/schema\/person\/image\/\",\"url\":\"https:\/\/secure.gravatar.com\/avatar\/42958a1cf007f1a00534009218c72590?s=96&d=mm&r=g\",\"contentUrl\":\"https:\/\/secure.gravatar.com\/avatar\/42958a1cf007f1a00534009218c72590?s=96&d=mm&r=g\",\"caption\":\"Cl\u00e1udia Barbosa\"}}]}<\/script>\n<!-- \/ Yoast SEO plugin. -->","yoast_head_json":{"title":"Prefeitura celebra 18 anos da Manaus Previd\u00eancia - SEMCOM","description":"A Manaus Previd\u00eancia completou 18 anos nesta sexta-feira, 21\/7. O \u00f3rg\u00e3o foi criado como servi\u00e7o social aut\u00f4nomo e, em 2013, passou a integrar a administra\u00e7\u00e3o indireta da Prefeitura de Manaus, sob a forma de autarquia.","robots":{"index":"index","follow":"follow","max-snippet":"max-snippet:-1","max-image-preview":"max-image-preview:large","max-video-preview":"max-video-preview:-1"},"canonical":"https:\/\/www.manaus.am.gov.br\/semcom\/prefeitura-celebra-18-anos-da-manaus-previdencia\/","og_locale":"pt_BR","og_type":"article","og_title":"Prefeitura celebra 18 anos da Manaus Previd\u00eancia - SEMCOM","og_description":"A Manaus Previd\u00eancia completou 18 anos nesta sexta-feira, 21\/7. O \u00f3rg\u00e3o foi criado como servi\u00e7o social aut\u00f4nomo e, em 2013, passou a integrar a administra\u00e7\u00e3o indireta da Prefeitura de Manaus, sob a forma de autarquia.","og_url":"https:\/\/www.manaus.am.gov.br\/semcom\/prefeitura-celebra-18-anos-da-manaus-previdencia\/","og_site_name":"SEMCOM","article_published_time":"2023-07-21T16:42:26+00:00","article_modified_time":"2023-12-15T21:39:54+00:00","og_image":[{"width":1000,"height":667,"url":"https:\/\/www.manaus.am.gov.br\/semcom\/wp-content\/uploads\/sites\/5\/2023\/07\/Prefeitura-celebra-18-anos-da-Manaus-Previdencia-4.jpg","type":"image\/jpeg"}],"author":"Cl\u00e1udia Barbosa","twitter_card":"summary_large_image","twitter_misc":{"Written by":"Cl\u00e1udia Barbosa","Est. reading time":"4 minutos"},"schema":{"@context":"https:\/\/schema.org","@graph":[{"@type":"WebPage","@id":"https:\/\/www.manaus.am.gov.br\/semcom\/prefeitura-celebra-18-anos-da-manaus-previdencia\/","url":"https:\/\/www.manaus.am.gov.br\/semcom\/prefeitura-celebra-18-anos-da-manaus-previdencia\/","name":"Prefeitura celebra 18 anos da Manaus Previd\u00eancia - SEMCOM","isPartOf":{"@id":"https:\/\/www.manaus.am.gov.br\/semcom\/#website"},"primaryImageOfPage":{"@id":"https:\/\/www.manaus.am.gov.br\/semcom\/prefeitura-celebra-18-anos-da-manaus-previdencia\/#primaryimage"},"image":{"@id":"https:\/\/www.manaus.am.gov.br\/semcom\/prefeitura-celebra-18-anos-da-manaus-previdencia\/#primaryimage"},"thumbnailUrl":"https:\/\/www.manaus.am.gov.br\/semcom\/wp-content\/uploads\/sites\/5\/2023\/07\/Prefeitura-celebra-18-anos-da-Manaus-Previdencia-4.jpg","datePublished":"2023-07-21T16:42:26+00:00","dateModified":"2023-12-15T21:39:54+00:00","author":{"@id":"https:\/\/www.manaus.am.gov.br\/semcom\/#\/schema\/person\/d0a166b5031154c33c77794ddc9a827e"},"description":"A Manaus Previd\u00eancia completou 18 anos nesta sexta-feira, 21\/7. O \u00f3rg\u00e3o foi criado como servi\u00e7o social aut\u00f4nomo e, em 2013, passou a integrar a administra\u00e7\u00e3o indireta da Prefeitura de Manaus, sob a forma de autarquia.","inLanguage":"pt-BR","potentialAction":[{"@type":"ReadAction","target":["https:\/\/www.manaus.am.gov.br\/semcom\/prefeitura-celebra-18-anos-da-manaus-previdencia\/"]}]},{"@type":"ImageObject","inLanguage":"pt-BR","@id":"https:\/\/www.manaus.am.gov.br\/semcom\/prefeitura-celebra-18-anos-da-manaus-previdencia\/#primaryimage","url":"https:\/\/www.manaus.am.gov.br\/semcom\/wp-content\/uploads\/sites\/5\/2023\/07\/Prefeitura-celebra-18-anos-da-Manaus-Previdencia-4.jpg","contentUrl":"https:\/\/www.manaus.am.gov.br\/semcom\/wp-content\/uploads\/sites\/5\/2023\/07\/Prefeitura-celebra-18-anos-da-Manaus-Previdencia-4.jpg","width":1000,"height":667},{"@type":"WebSite","@id":"https:\/\/www.manaus.am.gov.br\/semcom\/#website","url":"https:\/\/www.manaus.am.gov.br\/semcom\/","name":"SEMCOM","description":"Secretaria Municipal de Comunica\u00e7\u00e3o","potentialAction":[{"@type":"SearchAction","target":{"@type":"EntryPoint","urlTemplate":"https:\/\/www.manaus.am.gov.br\/semcom\/?s={search_term_string}"},"query-input":"required name=search_term_string"}],"inLanguage":"pt-BR"},{"@type":"Person","@id":"https:\/\/www.manaus.am.gov.br\/semcom\/#\/schema\/person\/d0a166b5031154c33c77794ddc9a827e","name":"Cl\u00e1udia Barbosa","image":{"@type":"ImageObject","inLanguage":"pt-BR","@id":"https:\/\/www.manaus.am.gov.br\/semcom\/#\/schema\/person\/image\/","url":"https:\/\/secure.gravatar.com\/avatar\/42958a1cf007f1a00534009218c72590?s=96&d=mm&r=g","contentUrl":"https:\/\/secure.gravatar.com\/avatar\/42958a1cf007f1a00534009218c72590?s=96&d=mm&r=g","caption":"Cl\u00e1udia Barbosa"}}]}},"_links":{"self":[{"href":"https:\/\/www.manaus.am.gov.br\/semcom\/wp-json\/wp\/v2\/posts\/216490"}],"collection":[{"href":"https:\/\/www.manaus.am.gov.br\/semcom\/wp-json\/wp\/v2\/posts"}],"about":[{"href":"https:\/\/www.manaus.am.gov.br\/semcom\/wp-json\/wp\/v2\/types\/post"}],"author":[{"embeddable":true,"href":"https:\/\/www.manaus.am.gov.br\/semcom\/wp-json\/wp\/v2\/users\/24"}],"replies":[{"embeddable":true,"href":"https:\/\/www.manaus.am.gov.br\/semcom\/wp-json\/wp\/v2\/comments?post=216490"}],"version-history":[{"count":1,"href":"https:\/\/www.manaus.am.gov.br\/semcom\/wp-json\/wp\/v2\/posts\/216490\/revisions"}],"predecessor-version":[{"id":223061,"href":"https:\/\/www.manaus.am.gov.br\/semcom\/wp-json\/wp\/v2\/posts\/216490\/revisions\/223061"}],"wp:featuredmedia":[{"embeddable":true,"href":"https:\/\/www.manaus.am.gov.br\/semcom\/wp-json\/wp\/v2\/media\/216491"}],"wp:attachment":[{"href":"https:\/\/www.manaus.am.gov.br\/semcom\/wp-json\/wp\/v2\/media?parent=216490"}],"wp:term":[{"taxonomy":"category","embeddable":true,"href":"https:\/\/www.manaus.am.gov.br\/semcom\/wp-json\/wp\/v2\/categories?post=216490"},{"taxonomy":"post_tag","embeddable":true,"href":"https:\/\/www.manaus.am.gov.br\/semcom\/wp-json\/wp\/v2\/tags?post=216490"}],"curies":[{"name":"wp","href":"https:\/\/api.w.org\/{rel}","templated":true}]}}