{"id":216397,"date":"2022-06-07T15:40:56","date_gmt":"2022-06-07T19:40:56","guid":{"rendered":"https:\/\/www.manaus.am.gov.br\/semcom\/prefeito-david-almeida-encaminha-a-cmm-projetos-de-criacao-do-fundo-manaus-esporte-e-do-conselho-municipal-de-desportos\/"},"modified":"2022-06-07T15:40:56","modified_gmt":"2022-06-07T19:40:56","slug":"prefeito-david-almeida-encaminha-a-cmm-projetos-de-criacao-do-fundo-manaus-esporte-e-do-conselho-municipal-de-desportos","status":"publish","type":"post","link":"https:\/\/www.manaus.am.gov.br\/semcom\/prefeito-david-almeida-encaminha-a-cmm-projetos-de-criacao-do-fundo-manaus-esporte-e-do-conselho-municipal-de-desportos\/","title":{"rendered":"Prefeito David Almeida encaminha \u00e0 CMM projetos de cria\u00e7\u00e3o do Fundo Manaus Esporte e do Conselho Municipal de Desportos"},"content":{"rendered":"<p style=\"text-align: justify\">Incumbido de transformar Manaus em uma refer\u00eancia esportiva no pa\u00eds, o prefeito David Almeida encaminhou, nesta ter\u00e7a-feira, 7\/6, dois projetos de lei \u00e0 C\u00e2mara Municipal de Manaus (CMM) que possibilitam a cria\u00e7\u00e3o do Fundo Manaus Esporte (FME), que ficar\u00e1 no lugar da atual Subsecretaria de Juventude, Esporte e Lazer (Semjel), e do Conselho Municipal de Desportos.<\/p>\n<p>&nbsp;<\/p>\n<p>&nbsp;<\/p>\n<p><img loading=\"lazy\" decoding=\"async\" class=\"size-full wp-image-216398 img-responsive aligncenter\" src=\"https:\/\/www.manaus.am.gov.br\/semcom\/wp-content\/uploads\/sites\/5\/2023\/07\/52129942209_bcab3a7d26_c.jpg\" alt=\"\" width=\"799\" height=\"533\" srcset=\"https:\/\/www.manaus.am.gov.br\/semcom\/wp-content\/uploads\/sites\/5\/2023\/07\/52129942209_bcab3a7d26_c.jpg 799w, https:\/\/www.manaus.am.gov.br\/semcom\/wp-content\/uploads\/sites\/5\/2023\/07\/52129942209_bcab3a7d26_c-300x200.jpg 300w, https:\/\/www.manaus.am.gov.br\/semcom\/wp-content\/uploads\/sites\/5\/2023\/07\/52129942209_bcab3a7d26_c-768x512.jpg 768w\" sizes=\"(max-width: 799px) 100vw, 799px\" \/><\/p>\n<p>&nbsp;<\/p>\n<p>&nbsp;<\/p>\n<p style=\"text-align: justify\">&#8220;Com a assinatura das mensagens, estamos tirando a Semjel da estrutura da Secretaria Municipal de Mulher, Assist\u00eancia Social e Cidadania (Semasc) e a transformando em uma estrutura independente dentro da Secretaria Municipal de Educa\u00e7\u00e3o, a Semed. Desta forma, poderemos buscar recursos e fazer os investimentos necess\u00e1rios no esporte, na forma\u00e7\u00e3o e na diversifica\u00e7\u00e3o em toda a cidade. Essa \u00e9 uma das \u00e1reas mais importantes da nossa gest\u00e3o e vamos avan\u00e7ar bastante com essa decis\u00e3o&#8221;, explicou Almeida.<\/p>\n<p>&nbsp;<\/p>\n<p style=\"text-align: justify\">Para o subsecret\u00e1rio da Semjel, Aurilex Moreira, a retomada esportiva da cidade de Manaus passa pela revitaliza\u00e7\u00e3o da pasta, visto que os gestores ter\u00e3o autonomia para buscarem recursos para os projetos que ser\u00e3o implantados na capital.<\/p>\n<p>&nbsp;<\/p>\n<p style=\"text-align: justify\">&#8220;A cria\u00e7\u00e3o da Funda\u00e7\u00e3o Manaus Esporte vai trazer mais autonomia. Agora, passamos a ser uma administra\u00e7\u00e3o direta ligada \u00e0 Semed. Isso vai nos garantir mais capacidade de fazer capta\u00e7\u00e3o de recursos federais e estaduais&#8221;, afirmou Moreira.<\/p>\n<p>&nbsp;<\/p>\n<p style=\"text-align: justify\">Vale ressaltar que a capital amazonense j\u00e1 conta com 17 n\u00facleos esportivos permanentes por toda a cidade. Por\u00e9m, a expectativa \u00e9 de criar mais 50 pontos, por meio do programa \u201cManaus Esportiva\u201d e fomentar o surgimento de novos talentos em Manaus. Os atletas que se destacarem ser\u00e3o encaminhados ao programa \u201cManaus Ol\u00edmpica\u201d, para serem assistidos pelo poder municipal e possam desenvolver suas habilidades no alto rendimento.<\/p>\n<p>&nbsp;<\/p>\n<p style=\"text-align: justify\"><strong>Tramita\u00e7\u00e3o<\/strong><\/p>\n<p>&nbsp;<\/p>\n<p style=\"text-align: justify\">O chefe da Casa Civil, Rafael Bertazzo, explica que j\u00e1 nesta quarta-feira, 8\/6, as mensagens ser\u00e3o encaminhadas aos vereadores, para que os projetos sejam discutidos e aprovados. Ele frisa que a gest\u00e3o municipal ir\u00e1 utilizar o esporte como uma arma importante para combater graves problemas da sociedade, inclusive de sa\u00fade p\u00fablica, como a obesidade.<\/p>\n<p>&nbsp;<\/p>\n<p style=\"text-align: justify\">&#8220;A gest\u00e3o do prefeito David Almeida trata o esporte de uma forma muito setorial, tanto como uma forma de preven\u00e7\u00e3o a doen\u00e7as, fortalecendo o setor da sa\u00fade, quanto de inclus\u00e3o social. O esporte evita v\u00e1rias doen\u00e7as e afasta as crian\u00e7as de mazelas sociais. Ent\u00e3o, a Funda\u00e7\u00e3o do Esporte visa criar pol\u00edticas p\u00fablicas para o esporte e o conselho vai captar recursos. Precisamos de mecanismos para essa capta\u00e7\u00e3o de recursos e receitas pr\u00f3prias para o desenvolvimento do esporte&#8221;, finalizou.<\/p>\n<p>&nbsp;<\/p>\n<p>&#8212; &#8212; &#8212;<\/p>\n<p><strong>Texto<\/strong> \u2013 Thiago Fernando \/ Semcom<\/p>\n<p><strong>Fotos<\/strong> \u2013 Dhyeizo Lemos \/ Semcom<\/p>\n<p>&nbsp;<\/p>\n<p>&nbsp;<\/p>\n<p>Dispon\u00edveis em &#8211; <a href=\"https:\/\/flic.kr\/s\/aHBqjzTonG\">https:\/\/flic.kr\/s\/aHBqjzTonG<\/a><\/p>\n","protected":false},"excerpt":{"rendered":"","protected":false},"author":31,"featured_media":0,"comment_status":"closed","ping_status":"closed","sticky":false,"template":"","format":"standard","meta":{"footnotes":""},"categories":[413],"tags":[6158,1023,713,2300],"acf":[],"yoast_head":"<!-- This site is optimized with the Yoast SEO plugin v23.0 - https:\/\/yoast.com\/wordpress\/plugins\/seo\/ -->\n<title>Prefeito David Almeida encaminha \u00e0 CMM projetos de cria\u00e7\u00e3o do Fundo Manaus Esporte e do Conselho Municipal de Desportos - SEMCOM<\/title>\n<meta name=\"robots\" content=\"index, follow, max-snippet:-1, max-image-preview:large, max-video-preview:-1\" \/>\n<link rel=\"canonical\" href=\"https:\/\/www.manaus.am.gov.br\/semcom\/prefeito-david-almeida-encaminha-a-cmm-projetos-de-criacao-do-fundo-manaus-esporte-e-do-conselho-municipal-de-desportos\/\" \/>\n<meta property=\"og:locale\" content=\"pt_BR\" \/>\n<meta property=\"og:type\" content=\"article\" \/>\n<meta property=\"og:title\" content=\"Prefeito David Almeida encaminha \u00e0 CMM projetos de cria\u00e7\u00e3o do Fundo Manaus Esporte e do Conselho Municipal de Desportos - SEMCOM\" \/>\n<meta property=\"og:url\" content=\"https:\/\/www.manaus.am.gov.br\/semcom\/prefeito-david-almeida-encaminha-a-cmm-projetos-de-criacao-do-fundo-manaus-esporte-e-do-conselho-municipal-de-desportos\/\" \/>\n<meta property=\"og:site_name\" content=\"SEMCOM\" \/>\n<meta property=\"article:published_time\" content=\"2022-06-07T19:40:56+00:00\" \/>\n<meta property=\"og:image\" content=\"https:\/\/www.manaus.am.gov.br\/semcom\/wp-content\/uploads\/sites\/5\/2023\/07\/52129942209_bcab3a7d26_c.jpg\" \/>\n<meta name=\"author\" content=\"Renata Felix\" \/>\n<meta name=\"twitter:card\" content=\"summary_large_image\" \/>\n<meta name=\"twitter:label1\" content=\"Written by\" \/>\n\t<meta name=\"twitter:data1\" content=\"Renata Felix\" \/>\n\t<meta name=\"twitter:label2\" content=\"Est. reading time\" \/>\n\t<meta name=\"twitter:data2\" content=\"3 minutos\" \/>\n<script type=\"application\/ld+json\" class=\"yoast-schema-graph\">{\"@context\":\"https:\/\/schema.org\",\"@graph\":[{\"@type\":\"WebPage\",\"@id\":\"https:\/\/www.manaus.am.gov.br\/semcom\/prefeito-david-almeida-encaminha-a-cmm-projetos-de-criacao-do-fundo-manaus-esporte-e-do-conselho-municipal-de-desportos\/\",\"url\":\"https:\/\/www.manaus.am.gov.br\/semcom\/prefeito-david-almeida-encaminha-a-cmm-projetos-de-criacao-do-fundo-manaus-esporte-e-do-conselho-municipal-de-desportos\/\",\"name\":\"Prefeito David Almeida encaminha \u00e0 CMM projetos de cria\u00e7\u00e3o do Fundo Manaus Esporte e do Conselho Municipal de Desportos - SEMCOM\",\"isPartOf\":{\"@id\":\"https:\/\/www.manaus.am.gov.br\/semcom\/#website\"},\"primaryImageOfPage\":{\"@id\":\"https:\/\/www.manaus.am.gov.br\/semcom\/prefeito-david-almeida-encaminha-a-cmm-projetos-de-criacao-do-fundo-manaus-esporte-e-do-conselho-municipal-de-desportos\/#primaryimage\"},\"image\":{\"@id\":\"https:\/\/www.manaus.am.gov.br\/semcom\/prefeito-david-almeida-encaminha-a-cmm-projetos-de-criacao-do-fundo-manaus-esporte-e-do-conselho-municipal-de-desportos\/#primaryimage\"},\"thumbnailUrl\":\"https:\/\/www.manaus.am.gov.br\/semcom\/wp-content\/uploads\/sites\/5\/2023\/07\/52129942209_bcab3a7d26_c.jpg\",\"datePublished\":\"2022-06-07T19:40:56+00:00\",\"dateModified\":\"2022-06-07T19:40:56+00:00\",\"author\":{\"@id\":\"https:\/\/www.manaus.am.gov.br\/semcom\/#\/schema\/person\/4eea2a8f78dc853097abb026f728aa06\"},\"inLanguage\":\"pt-BR\",\"potentialAction\":[{\"@type\":\"ReadAction\",\"target\":[\"https:\/\/www.manaus.am.gov.br\/semcom\/prefeito-david-almeida-encaminha-a-cmm-projetos-de-criacao-do-fundo-manaus-esporte-e-do-conselho-municipal-de-desportos\/\"]}]},{\"@type\":\"ImageObject\",\"inLanguage\":\"pt-BR\",\"@id\":\"https:\/\/www.manaus.am.gov.br\/semcom\/prefeito-david-almeida-encaminha-a-cmm-projetos-de-criacao-do-fundo-manaus-esporte-e-do-conselho-municipal-de-desportos\/#primaryimage\",\"url\":\"https:\/\/www.manaus.am.gov.br\/semcom\/wp-content\/uploads\/sites\/5\/2023\/07\/52129942209_bcab3a7d26_c.jpg\",\"contentUrl\":\"https:\/\/www.manaus.am.gov.br\/semcom\/wp-content\/uploads\/sites\/5\/2023\/07\/52129942209_bcab3a7d26_c.jpg\",\"width\":799,\"height\":533},{\"@type\":\"WebSite\",\"@id\":\"https:\/\/www.manaus.am.gov.br\/semcom\/#website\",\"url\":\"https:\/\/www.manaus.am.gov.br\/semcom\/\",\"name\":\"SEMCOM\",\"description\":\"Secretaria Municipal de Comunica\u00e7\u00e3o\",\"potentialAction\":[{\"@type\":\"SearchAction\",\"target\":{\"@type\":\"EntryPoint\",\"urlTemplate\":\"https:\/\/www.manaus.am.gov.br\/semcom\/?s={search_term_string}\"},\"query-input\":\"required name=search_term_string\"}],\"inLanguage\":\"pt-BR\"},{\"@type\":\"Person\",\"@id\":\"https:\/\/www.manaus.am.gov.br\/semcom\/#\/schema\/person\/4eea2a8f78dc853097abb026f728aa06\",\"name\":\"Renata Felix\",\"image\":{\"@type\":\"ImageObject\",\"inLanguage\":\"pt-BR\",\"@id\":\"https:\/\/www.manaus.am.gov.br\/semcom\/#\/schema\/person\/image\/\",\"url\":\"https:\/\/secure.gravatar.com\/avatar\/3c196cf9d3b837b24c8edb2c50fd8f29?s=96&d=mm&r=g\",\"contentUrl\":\"https:\/\/secure.gravatar.com\/avatar\/3c196cf9d3b837b24c8edb2c50fd8f29?s=96&d=mm&r=g\",\"caption\":\"Renata Felix\"}}]}<\/script>\n<!-- \/ Yoast SEO plugin. -->","yoast_head_json":{"title":"Prefeito David Almeida encaminha \u00e0 CMM projetos de cria\u00e7\u00e3o do Fundo Manaus Esporte e do Conselho Municipal de Desportos - SEMCOM","robots":{"index":"index","follow":"follow","max-snippet":"max-snippet:-1","max-image-preview":"max-image-preview:large","max-video-preview":"max-video-preview:-1"},"canonical":"https:\/\/www.manaus.am.gov.br\/semcom\/prefeito-david-almeida-encaminha-a-cmm-projetos-de-criacao-do-fundo-manaus-esporte-e-do-conselho-municipal-de-desportos\/","og_locale":"pt_BR","og_type":"article","og_title":"Prefeito David Almeida encaminha \u00e0 CMM projetos de cria\u00e7\u00e3o do Fundo Manaus Esporte e do Conselho Municipal de Desportos - SEMCOM","og_url":"https:\/\/www.manaus.am.gov.br\/semcom\/prefeito-david-almeida-encaminha-a-cmm-projetos-de-criacao-do-fundo-manaus-esporte-e-do-conselho-municipal-de-desportos\/","og_site_name":"SEMCOM","article_published_time":"2022-06-07T19:40:56+00:00","og_image":[{"url":"https:\/\/www.manaus.am.gov.br\/semcom\/wp-content\/uploads\/sites\/5\/2023\/07\/52129942209_bcab3a7d26_c.jpg"}],"author":"Renata Felix","twitter_card":"summary_large_image","twitter_misc":{"Written by":"Renata Felix","Est. reading time":"3 minutos"},"schema":{"@context":"https:\/\/schema.org","@graph":[{"@type":"WebPage","@id":"https:\/\/www.manaus.am.gov.br\/semcom\/prefeito-david-almeida-encaminha-a-cmm-projetos-de-criacao-do-fundo-manaus-esporte-e-do-conselho-municipal-de-desportos\/","url":"https:\/\/www.manaus.am.gov.br\/semcom\/prefeito-david-almeida-encaminha-a-cmm-projetos-de-criacao-do-fundo-manaus-esporte-e-do-conselho-municipal-de-desportos\/","name":"Prefeito David Almeida encaminha \u00e0 CMM projetos de cria\u00e7\u00e3o do Fundo Manaus Esporte e do Conselho Municipal de Desportos - SEMCOM","isPartOf":{"@id":"https:\/\/www.manaus.am.gov.br\/semcom\/#website"},"primaryImageOfPage":{"@id":"https:\/\/www.manaus.am.gov.br\/semcom\/prefeito-david-almeida-encaminha-a-cmm-projetos-de-criacao-do-fundo-manaus-esporte-e-do-conselho-municipal-de-desportos\/#primaryimage"},"image":{"@id":"https:\/\/www.manaus.am.gov.br\/semcom\/prefeito-david-almeida-encaminha-a-cmm-projetos-de-criacao-do-fundo-manaus-esporte-e-do-conselho-municipal-de-desportos\/#primaryimage"},"thumbnailUrl":"https:\/\/www.manaus.am.gov.br\/semcom\/wp-content\/uploads\/sites\/5\/2023\/07\/52129942209_bcab3a7d26_c.jpg","datePublished":"2022-06-07T19:40:56+00:00","dateModified":"2022-06-07T19:40:56+00:00","author":{"@id":"https:\/\/www.manaus.am.gov.br\/semcom\/#\/schema\/person\/4eea2a8f78dc853097abb026f728aa06"},"inLanguage":"pt-BR","potentialAction":[{"@type":"ReadAction","target":["https:\/\/www.manaus.am.gov.br\/semcom\/prefeito-david-almeida-encaminha-a-cmm-projetos-de-criacao-do-fundo-manaus-esporte-e-do-conselho-municipal-de-desportos\/"]}]},{"@type":"ImageObject","inLanguage":"pt-BR","@id":"https:\/\/www.manaus.am.gov.br\/semcom\/prefeito-david-almeida-encaminha-a-cmm-projetos-de-criacao-do-fundo-manaus-esporte-e-do-conselho-municipal-de-desportos\/#primaryimage","url":"https:\/\/www.manaus.am.gov.br\/semcom\/wp-content\/uploads\/sites\/5\/2023\/07\/52129942209_bcab3a7d26_c.jpg","contentUrl":"https:\/\/www.manaus.am.gov.br\/semcom\/wp-content\/uploads\/sites\/5\/2023\/07\/52129942209_bcab3a7d26_c.jpg","width":799,"height":533},{"@type":"WebSite","@id":"https:\/\/www.manaus.am.gov.br\/semcom\/#website","url":"https:\/\/www.manaus.am.gov.br\/semcom\/","name":"SEMCOM","description":"Secretaria Municipal de Comunica\u00e7\u00e3o","potentialAction":[{"@type":"SearchAction","target":{"@type":"EntryPoint","urlTemplate":"https:\/\/www.manaus.am.gov.br\/semcom\/?s={search_term_string}"},"query-input":"required name=search_term_string"}],"inLanguage":"pt-BR"},{"@type":"Person","@id":"https:\/\/www.manaus.am.gov.br\/semcom\/#\/schema\/person\/4eea2a8f78dc853097abb026f728aa06","name":"Renata Felix","image":{"@type":"ImageObject","inLanguage":"pt-BR","@id":"https:\/\/www.manaus.am.gov.br\/semcom\/#\/schema\/person\/image\/","url":"https:\/\/secure.gravatar.com\/avatar\/3c196cf9d3b837b24c8edb2c50fd8f29?s=96&d=mm&r=g","contentUrl":"https:\/\/secure.gravatar.com\/avatar\/3c196cf9d3b837b24c8edb2c50fd8f29?s=96&d=mm&r=g","caption":"Renata Felix"}}]}},"_links":{"self":[{"href":"https:\/\/www.manaus.am.gov.br\/semcom\/wp-json\/wp\/v2\/posts\/216397"}],"collection":[{"href":"https:\/\/www.manaus.am.gov.br\/semcom\/wp-json\/wp\/v2\/posts"}],"about":[{"href":"https:\/\/www.manaus.am.gov.br\/semcom\/wp-json\/wp\/v2\/types\/post"}],"author":[{"embeddable":true,"href":"https:\/\/www.manaus.am.gov.br\/semcom\/wp-json\/wp\/v2\/users\/31"}],"replies":[{"embeddable":true,"href":"https:\/\/www.manaus.am.gov.br\/semcom\/wp-json\/wp\/v2\/comments?post=216397"}],"version-history":[{"count":1,"href":"https:\/\/www.manaus.am.gov.br\/semcom\/wp-json\/wp\/v2\/posts\/216397\/revisions"}],"predecessor-version":[{"id":216399,"href":"https:\/\/www.manaus.am.gov.br\/semcom\/wp-json\/wp\/v2\/posts\/216397\/revisions\/216399"}],"wp:attachment":[{"href":"https:\/\/www.manaus.am.gov.br\/semcom\/wp-json\/wp\/v2\/media?parent=216397"}],"wp:term":[{"taxonomy":"category","embeddable":true,"href":"https:\/\/www.manaus.am.gov.br\/semcom\/wp-json\/wp\/v2\/categories?post=216397"},{"taxonomy":"post_tag","embeddable":true,"href":"https:\/\/www.manaus.am.gov.br\/semcom\/wp-json\/wp\/v2\/tags?post=216397"}],"curies":[{"name":"wp","href":"https:\/\/api.w.org\/{rel}","templated":true}]}}