{"id":216364,"date":"2023-07-19T13:51:34","date_gmt":"2023-07-19T16:51:34","guid":{"rendered":"https:\/\/www.manaus.am.gov.br\/semcom\/prefeitura-de-manaus-se-reune-com-colegiado-municipal-para-tratativas-do-sou-manaus-passo-a-paco-2023\/"},"modified":"2023-07-19T13:51:36","modified_gmt":"2023-07-19T16:51:36","slug":"prefeitura-de-manaus-se-reune-com-colegiado-municipal-para-tratativas-do-sou-manaus-passo-a-paco-2023","status":"publish","type":"post","link":"https:\/\/www.manaus.am.gov.br\/semcom\/prefeitura-de-manaus-se-reune-com-colegiado-municipal-para-tratativas-do-sou-manaus-passo-a-paco-2023\/","title":{"rendered":"<strong>Prefeitura de Manaus se re\u00fane com Colegiado Municipal para tratativas do \u2018Sou Manaus Passo a Pa\u00e7o 2023\u2019<\/strong>"},"content":{"rendered":"\n<p>A Prefeitura de Manaus, por meio do Centro de Coopera\u00e7\u00e3o da Cidade (CCC), se reuniu nesta ter\u00e7a-feira, 18\/7, com o Colegiado Municipal, para dar in\u00edcio aos preparativos do \u2018Sou Manaus Passo a Pa\u00e7o 2023\u2019. A reuni\u00e3o aconteceu no Pal\u00e1cio Rio Branco, na avenida 7 de Setembro, no Centro, zona Sul.<\/p>\n\n\n\n<p>O festival acontecer\u00e1 nos dias 5, 6 e 7\/9 e contar\u00e1 com atra\u00e7\u00f5es nacionais e internacional, al\u00e9m de mais de 600 atra\u00e7\u00f5es locais.<\/p>\n\n\n\n<p>Estiveram presentes na reuni\u00e3o os secret\u00e1rios das pastas envolvidas e o superintendente do CCC, Sandro Diz, que coordenou a reuni\u00e3o. &#8220;Estamos reunidos com as secretarias envolvidas no &#8216;Sou Manaus Passo a Pa\u00e7o&#8217;, pois o objetivo, por determina\u00e7\u00e3o do prefeito David Almeida, \u00e9 que este ano seja realizado o melhor \u2018Sou Manaus\u2019 de todos os tempos&#8221;, enfatizou.<\/p>\n\n\n\n<p>O diretor-presidente da Funda\u00e7\u00e3o Municipal de Cultura, Turismo e Eventos (Manauscult), Osvaldo Cardoso, ao agradecer o empenho do colegiado, reafirmou o compromisso de apresentar para Manaus um evento que ficar\u00e1 marcado na hist\u00f3ria da capital.<\/p>\n\n\n\n<p>\u201cAgrade\u00e7o ao colegiado, que n\u00e3o mede esfor\u00e7os na organiza\u00e7\u00e3o dos eventos da Prefeitura de Manaus, e aproveito para reafirmar que o \u2018Sou Manaus\u2019 ser\u00e1 um grande evento e inesquec\u00edvel\u201d, pontuou Cardoso.<\/p>\n\n\n\n<p>O diretor de eventos da Manauscult, Clemilton Pinto, reafirmou o compromisso com a qualidade e seguran\u00e7a do evento. &#8220;Vamos realizar um evento de qualidade, para que a popula\u00e7\u00e3o manauara e a popula\u00e7\u00e3o possam aproveitar o festival com seguran\u00e7a, conforto e qualidade&#8221;, salientou.<\/p>\n\n\n\n<p>&#8212; &#8212; &#8212;<\/p>\n\n\n\n<p><strong>Texto \u2013<\/strong>&nbsp;Divulga\u00e7\u00e3o \/ CCC<\/p>\n\n\n\n<p><strong>Fotos &#8211;&nbsp;<\/strong>Nonato Oliveira Filho \/ Manauscult<\/p>\n","protected":false},"excerpt":{"rendered":"","protected":false},"author":24,"featured_media":216365,"comment_status":"closed","ping_status":"closed","sticky":false,"template":"","format":"standard","meta":{"footnotes":""},"categories":[2013],"tags":[6144,146,6145,2618,35,307,3098,5323,77,6146,3828],"acf":[],"yoast_head":"<!-- This site is optimized with the Yoast SEO plugin v23.0 - https:\/\/yoast.com\/wordpress\/plugins\/seo\/ -->\n<title>Prefeitura de Manaus se re\u00fane com Colegiado Municipal para tratativas do \u2018Sou Manaus Passo a Pa\u00e7o 2023\u2019 - SEMCOM<\/title>\n<meta name=\"description\" content=\"A Prefeitura de Manaus, por meio do Centro de Coopera\u00e7\u00e3o da Cidade (CCC), se reuniu nesta ter\u00e7a-feira, 18\/7, com o Colegiado Municipal, para dar in\u00edcio aos preparativos do \u2018Sou Manaus Passo a Pa\u00e7o 2023\u2019.\" \/>\n<meta name=\"robots\" content=\"index, follow, max-snippet:-1, max-image-preview:large, max-video-preview:-1\" \/>\n<link rel=\"canonical\" href=\"https:\/\/www.manaus.am.gov.br\/semcom\/prefeitura-de-manaus-se-reune-com-colegiado-municipal-para-tratativas-do-sou-manaus-passo-a-paco-2023\/\" \/>\n<meta property=\"og:locale\" content=\"pt_BR\" \/>\n<meta property=\"og:type\" content=\"article\" \/>\n<meta property=\"og:title\" content=\"Prefeitura de Manaus se re\u00fane com Colegiado Municipal para tratativas do \u2018Sou Manaus Passo a Pa\u00e7o 2023\u2019 - SEMCOM\" \/>\n<meta property=\"og:description\" content=\"A Prefeitura de Manaus, por meio do Centro de Coopera\u00e7\u00e3o da Cidade (CCC), se reuniu nesta ter\u00e7a-feira, 18\/7, com o Colegiado Municipal, para dar in\u00edcio aos preparativos do \u2018Sou Manaus Passo a Pa\u00e7o 2023\u2019.\" \/>\n<meta property=\"og:url\" content=\"https:\/\/www.manaus.am.gov.br\/semcom\/prefeitura-de-manaus-se-reune-com-colegiado-municipal-para-tratativas-do-sou-manaus-passo-a-paco-2023\/\" \/>\n<meta property=\"og:site_name\" content=\"SEMCOM\" \/>\n<meta property=\"article:published_time\" content=\"2023-07-19T16:51:34+00:00\" \/>\n<meta property=\"article:modified_time\" content=\"2023-07-19T16:51:36+00:00\" \/>\n<meta property=\"og:image\" content=\"https:\/\/www.manaus.am.gov.br\/semcom\/wp-content\/uploads\/sites\/5\/2023\/07\/Reuniao-CCC-1.jpeg\" \/>\n\t<meta property=\"og:image:width\" content=\"1600\" \/>\n\t<meta property=\"og:image:height\" content=\"1066\" \/>\n\t<meta property=\"og:image:type\" content=\"image\/jpeg\" \/>\n<meta name=\"author\" content=\"Cl\u00e1udia Barbosa\" \/>\n<meta name=\"twitter:card\" content=\"summary_large_image\" \/>\n<meta name=\"twitter:label1\" content=\"Written by\" \/>\n\t<meta name=\"twitter:data1\" content=\"Cl\u00e1udia Barbosa\" \/>\n\t<meta name=\"twitter:label2\" content=\"Est. reading time\" \/>\n\t<meta name=\"twitter:data2\" content=\"2 minutos\" \/>\n<script type=\"application\/ld+json\" class=\"yoast-schema-graph\">{\"@context\":\"https:\/\/schema.org\",\"@graph\":[{\"@type\":\"WebPage\",\"@id\":\"https:\/\/www.manaus.am.gov.br\/semcom\/prefeitura-de-manaus-se-reune-com-colegiado-municipal-para-tratativas-do-sou-manaus-passo-a-paco-2023\/\",\"url\":\"https:\/\/www.manaus.am.gov.br\/semcom\/prefeitura-de-manaus-se-reune-com-colegiado-municipal-para-tratativas-do-sou-manaus-passo-a-paco-2023\/\",\"name\":\"Prefeitura de Manaus se re\u00fane com Colegiado Municipal para tratativas do \u2018Sou Manaus Passo a Pa\u00e7o 2023\u2019 - SEMCOM\",\"isPartOf\":{\"@id\":\"https:\/\/www.manaus.am.gov.br\/semcom\/#website\"},\"primaryImageOfPage\":{\"@id\":\"https:\/\/www.manaus.am.gov.br\/semcom\/prefeitura-de-manaus-se-reune-com-colegiado-municipal-para-tratativas-do-sou-manaus-passo-a-paco-2023\/#primaryimage\"},\"image\":{\"@id\":\"https:\/\/www.manaus.am.gov.br\/semcom\/prefeitura-de-manaus-se-reune-com-colegiado-municipal-para-tratativas-do-sou-manaus-passo-a-paco-2023\/#primaryimage\"},\"thumbnailUrl\":\"https:\/\/www.manaus.am.gov.br\/semcom\/wp-content\/uploads\/sites\/5\/2023\/07\/Reuniao-CCC-1.jpeg\",\"datePublished\":\"2023-07-19T16:51:34+00:00\",\"dateModified\":\"2023-07-19T16:51:36+00:00\",\"author\":{\"@id\":\"https:\/\/www.manaus.am.gov.br\/semcom\/#\/schema\/person\/d0a166b5031154c33c77794ddc9a827e\"},\"description\":\"A Prefeitura de Manaus, por meio do Centro de Coopera\u00e7\u00e3o da Cidade (CCC), se reuniu nesta ter\u00e7a-feira, 18\/7, com o Colegiado Municipal, para dar in\u00edcio aos preparativos do \u2018Sou Manaus Passo a Pa\u00e7o 2023\u2019.\",\"inLanguage\":\"pt-BR\",\"potentialAction\":[{\"@type\":\"ReadAction\",\"target\":[\"https:\/\/www.manaus.am.gov.br\/semcom\/prefeitura-de-manaus-se-reune-com-colegiado-municipal-para-tratativas-do-sou-manaus-passo-a-paco-2023\/\"]}]},{\"@type\":\"ImageObject\",\"inLanguage\":\"pt-BR\",\"@id\":\"https:\/\/www.manaus.am.gov.br\/semcom\/prefeitura-de-manaus-se-reune-com-colegiado-municipal-para-tratativas-do-sou-manaus-passo-a-paco-2023\/#primaryimage\",\"url\":\"https:\/\/www.manaus.am.gov.br\/semcom\/wp-content\/uploads\/sites\/5\/2023\/07\/Reuniao-CCC-1.jpeg\",\"contentUrl\":\"https:\/\/www.manaus.am.gov.br\/semcom\/wp-content\/uploads\/sites\/5\/2023\/07\/Reuniao-CCC-1.jpeg\",\"width\":1600,\"height\":1066},{\"@type\":\"WebSite\",\"@id\":\"https:\/\/www.manaus.am.gov.br\/semcom\/#website\",\"url\":\"https:\/\/www.manaus.am.gov.br\/semcom\/\",\"name\":\"SEMCOM\",\"description\":\"Secretaria Municipal de Comunica\u00e7\u00e3o\",\"potentialAction\":[{\"@type\":\"SearchAction\",\"target\":{\"@type\":\"EntryPoint\",\"urlTemplate\":\"https:\/\/www.manaus.am.gov.br\/semcom\/?s={search_term_string}\"},\"query-input\":\"required name=search_term_string\"}],\"inLanguage\":\"pt-BR\"},{\"@type\":\"Person\",\"@id\":\"https:\/\/www.manaus.am.gov.br\/semcom\/#\/schema\/person\/d0a166b5031154c33c77794ddc9a827e\",\"name\":\"Cl\u00e1udia Barbosa\",\"image\":{\"@type\":\"ImageObject\",\"inLanguage\":\"pt-BR\",\"@id\":\"https:\/\/www.manaus.am.gov.br\/semcom\/#\/schema\/person\/image\/\",\"url\":\"https:\/\/secure.gravatar.com\/avatar\/42958a1cf007f1a00534009218c72590?s=96&d=mm&r=g\",\"contentUrl\":\"https:\/\/secure.gravatar.com\/avatar\/42958a1cf007f1a00534009218c72590?s=96&d=mm&r=g\",\"caption\":\"Cl\u00e1udia Barbosa\"}}]}<\/script>\n<!-- \/ Yoast SEO plugin. -->","yoast_head_json":{"title":"Prefeitura de Manaus se re\u00fane com Colegiado Municipal para tratativas do \u2018Sou Manaus Passo a Pa\u00e7o 2023\u2019 - SEMCOM","description":"A Prefeitura de Manaus, por meio do Centro de Coopera\u00e7\u00e3o da Cidade (CCC), se reuniu nesta ter\u00e7a-feira, 18\/7, com o Colegiado Municipal, para dar in\u00edcio aos preparativos do \u2018Sou Manaus Passo a Pa\u00e7o 2023\u2019.","robots":{"index":"index","follow":"follow","max-snippet":"max-snippet:-1","max-image-preview":"max-image-preview:large","max-video-preview":"max-video-preview:-1"},"canonical":"https:\/\/www.manaus.am.gov.br\/semcom\/prefeitura-de-manaus-se-reune-com-colegiado-municipal-para-tratativas-do-sou-manaus-passo-a-paco-2023\/","og_locale":"pt_BR","og_type":"article","og_title":"Prefeitura de Manaus se re\u00fane com Colegiado Municipal para tratativas do \u2018Sou Manaus Passo a Pa\u00e7o 2023\u2019 - SEMCOM","og_description":"A Prefeitura de Manaus, por meio do Centro de Coopera\u00e7\u00e3o da Cidade (CCC), se reuniu nesta ter\u00e7a-feira, 18\/7, com o Colegiado Municipal, para dar in\u00edcio aos preparativos do \u2018Sou Manaus Passo a Pa\u00e7o 2023\u2019.","og_url":"https:\/\/www.manaus.am.gov.br\/semcom\/prefeitura-de-manaus-se-reune-com-colegiado-municipal-para-tratativas-do-sou-manaus-passo-a-paco-2023\/","og_site_name":"SEMCOM","article_published_time":"2023-07-19T16:51:34+00:00","article_modified_time":"2023-07-19T16:51:36+00:00","og_image":[{"width":1600,"height":1066,"url":"https:\/\/www.manaus.am.gov.br\/semcom\/wp-content\/uploads\/sites\/5\/2023\/07\/Reuniao-CCC-1.jpeg","type":"image\/jpeg"}],"author":"Cl\u00e1udia Barbosa","twitter_card":"summary_large_image","twitter_misc":{"Written by":"Cl\u00e1udia Barbosa","Est. reading time":"2 minutos"},"schema":{"@context":"https:\/\/schema.org","@graph":[{"@type":"WebPage","@id":"https:\/\/www.manaus.am.gov.br\/semcom\/prefeitura-de-manaus-se-reune-com-colegiado-municipal-para-tratativas-do-sou-manaus-passo-a-paco-2023\/","url":"https:\/\/www.manaus.am.gov.br\/semcom\/prefeitura-de-manaus-se-reune-com-colegiado-municipal-para-tratativas-do-sou-manaus-passo-a-paco-2023\/","name":"Prefeitura de Manaus se re\u00fane com Colegiado Municipal para tratativas do \u2018Sou Manaus Passo a Pa\u00e7o 2023\u2019 - SEMCOM","isPartOf":{"@id":"https:\/\/www.manaus.am.gov.br\/semcom\/#website"},"primaryImageOfPage":{"@id":"https:\/\/www.manaus.am.gov.br\/semcom\/prefeitura-de-manaus-se-reune-com-colegiado-municipal-para-tratativas-do-sou-manaus-passo-a-paco-2023\/#primaryimage"},"image":{"@id":"https:\/\/www.manaus.am.gov.br\/semcom\/prefeitura-de-manaus-se-reune-com-colegiado-municipal-para-tratativas-do-sou-manaus-passo-a-paco-2023\/#primaryimage"},"thumbnailUrl":"https:\/\/www.manaus.am.gov.br\/semcom\/wp-content\/uploads\/sites\/5\/2023\/07\/Reuniao-CCC-1.jpeg","datePublished":"2023-07-19T16:51:34+00:00","dateModified":"2023-07-19T16:51:36+00:00","author":{"@id":"https:\/\/www.manaus.am.gov.br\/semcom\/#\/schema\/person\/d0a166b5031154c33c77794ddc9a827e"},"description":"A Prefeitura de Manaus, por meio do Centro de Coopera\u00e7\u00e3o da Cidade (CCC), se reuniu nesta ter\u00e7a-feira, 18\/7, com o Colegiado Municipal, para dar in\u00edcio aos preparativos do \u2018Sou Manaus Passo a Pa\u00e7o 2023\u2019.","inLanguage":"pt-BR","potentialAction":[{"@type":"ReadAction","target":["https:\/\/www.manaus.am.gov.br\/semcom\/prefeitura-de-manaus-se-reune-com-colegiado-municipal-para-tratativas-do-sou-manaus-passo-a-paco-2023\/"]}]},{"@type":"ImageObject","inLanguage":"pt-BR","@id":"https:\/\/www.manaus.am.gov.br\/semcom\/prefeitura-de-manaus-se-reune-com-colegiado-municipal-para-tratativas-do-sou-manaus-passo-a-paco-2023\/#primaryimage","url":"https:\/\/www.manaus.am.gov.br\/semcom\/wp-content\/uploads\/sites\/5\/2023\/07\/Reuniao-CCC-1.jpeg","contentUrl":"https:\/\/www.manaus.am.gov.br\/semcom\/wp-content\/uploads\/sites\/5\/2023\/07\/Reuniao-CCC-1.jpeg","width":1600,"height":1066},{"@type":"WebSite","@id":"https:\/\/www.manaus.am.gov.br\/semcom\/#website","url":"https:\/\/www.manaus.am.gov.br\/semcom\/","name":"SEMCOM","description":"Secretaria Municipal de Comunica\u00e7\u00e3o","potentialAction":[{"@type":"SearchAction","target":{"@type":"EntryPoint","urlTemplate":"https:\/\/www.manaus.am.gov.br\/semcom\/?s={search_term_string}"},"query-input":"required name=search_term_string"}],"inLanguage":"pt-BR"},{"@type":"Person","@id":"https:\/\/www.manaus.am.gov.br\/semcom\/#\/schema\/person\/d0a166b5031154c33c77794ddc9a827e","name":"Cl\u00e1udia Barbosa","image":{"@type":"ImageObject","inLanguage":"pt-BR","@id":"https:\/\/www.manaus.am.gov.br\/semcom\/#\/schema\/person\/image\/","url":"https:\/\/secure.gravatar.com\/avatar\/42958a1cf007f1a00534009218c72590?s=96&d=mm&r=g","contentUrl":"https:\/\/secure.gravatar.com\/avatar\/42958a1cf007f1a00534009218c72590?s=96&d=mm&r=g","caption":"Cl\u00e1udia Barbosa"}}]}},"_links":{"self":[{"href":"https:\/\/www.manaus.am.gov.br\/semcom\/wp-json\/wp\/v2\/posts\/216364"}],"collection":[{"href":"https:\/\/www.manaus.am.gov.br\/semcom\/wp-json\/wp\/v2\/posts"}],"about":[{"href":"https:\/\/www.manaus.am.gov.br\/semcom\/wp-json\/wp\/v2\/types\/post"}],"author":[{"embeddable":true,"href":"https:\/\/www.manaus.am.gov.br\/semcom\/wp-json\/wp\/v2\/users\/24"}],"replies":[{"embeddable":true,"href":"https:\/\/www.manaus.am.gov.br\/semcom\/wp-json\/wp\/v2\/comments?post=216364"}],"version-history":[{"count":0,"href":"https:\/\/www.manaus.am.gov.br\/semcom\/wp-json\/wp\/v2\/posts\/216364\/revisions"}],"wp:featuredmedia":[{"embeddable":true,"href":"https:\/\/www.manaus.am.gov.br\/semcom\/wp-json\/wp\/v2\/media\/216365"}],"wp:attachment":[{"href":"https:\/\/www.manaus.am.gov.br\/semcom\/wp-json\/wp\/v2\/media?parent=216364"}],"wp:term":[{"taxonomy":"category","embeddable":true,"href":"https:\/\/www.manaus.am.gov.br\/semcom\/wp-json\/wp\/v2\/categories?post=216364"},{"taxonomy":"post_tag","embeddable":true,"href":"https:\/\/www.manaus.am.gov.br\/semcom\/wp-json\/wp\/v2\/tags?post=216364"}],"curies":[{"name":"wp","href":"https:\/\/api.w.org\/{rel}","templated":true}]}}