{"id":216062,"date":"2023-07-11T22:55:35","date_gmt":"2023-07-12T01:55:35","guid":{"rendered":"https:\/\/www.manaus.am.gov.br\/semcom\/prefeitura-de-manaus-apresenta-detalhes-do-programa-nosso-centro-para-nova-superintendencia-do-iphan-am\/"},"modified":"2023-07-11T22:55:37","modified_gmt":"2023-07-12T01:55:37","slug":"prefeitura-de-manaus-apresenta-detalhes-do-programa-nosso-centro-para-nova-superintendencia-do-iphan-am","status":"publish","type":"post","link":"https:\/\/www.manaus.am.gov.br\/semcom\/prefeitura-de-manaus-apresenta-detalhes-do-programa-nosso-centro-para-nova-superintendencia-do-iphan-am\/","title":{"rendered":"<strong>Prefeitura de Manaus apresenta detalhes do programa \u2018Nosso Centro\u2019 para nova superintend\u00eancia do Iphan-AM<\/strong>"},"content":{"rendered":"\n<p>Interesses em comum para a&nbsp;valoriza\u00e7\u00e3o e a preserva\u00e7\u00e3o do patrim\u00f4nio hist\u00f3rico de Manaus foram pautas&nbsp;interinstitucionais&nbsp;abordadas entre o Instituto do Patrim\u00f4nio Hist\u00f3rico e Art\u00edstico Nacional (Iphan) do Amazonas e a Prefeitura de Manaus, via Instituto Municipal de Planejamento Urbano (Implurb), nesta ter\u00e7a-feira, 11\/7, na sede da autarquia, na avenida Brasil, Compensa, zona Oeste.<\/p>\n\n\n\n<p>A reuni\u00e3o tamb\u00e9m foi a primeira realizada com a nova superintendente do Iphan-AM, a historiadora Beatriz Calheiro, nomeada pelo Minist\u00e9rio da Cultura para responder pela entidade no Estado.<\/p>\n\n\n\n<p>Os institutos t\u00eam um termo de coopera\u00e7\u00e3o in\u00e9dito e o Implurb participou da constru\u00e7\u00e3o colaborativa da minuta da nova normativa do \u00f3rg\u00e3o federal para o centro hist\u00f3rico da capital, que atualmente se encontra em an\u00e1lise em Bras\u00edlia (DF). A previs\u00e3o informada pela nova superintendente \u00e9 de que a normativa seja lan\u00e7ada em setembro.<\/p>\n\n\n\n<p>\u201cTemos diversos interesses em comum para o di\u00e1logo e projetos que se conectam, na inten\u00e7\u00e3o de promover desde a valoriza\u00e7\u00e3o do nosso patrim\u00f4nio at\u00e9 a educa\u00e7\u00e3o patrimonial para a sociedade. No nosso di\u00e1logo, temos pap\u00e9is que s\u00e3o interessantes, propostas que v\u00e3o ajudar a cidade a garantir sua historicidade e sua capacidade de se desenvolver para o turismo, para a economia, para a cultura, e que a comunidade possa reconhecer essas a\u00e7\u00f5es\u201d, comentou Beatriz.<\/p>\n\n\n\n<p>Para a superintendente, o termo de coopera\u00e7\u00e3o passa a ter um papel ainda mais importante, al\u00e9m da media\u00e7\u00e3o de interesses do Iphan e do Implurb, indo al\u00e9m para projetos comuns, garantindo uma gest\u00e3o compartilhada de bens e patrim\u00f4nios. \u201cE com a atualiza\u00e7\u00e3o das a\u00e7\u00f5es, muito da nossa conviv\u00eancia t\u00e9cnica pode gerar experi\u00eancias produtivas, integradas, que podem servir de exemplo para o Pa\u00eds\u201d, disse a superintendente.<\/p>\n\n\n\n<p>A equipe do Implurb fez uma apresenta\u00e7\u00e3o das principais interven\u00e7\u00f5es realizadas e projetadas para o centro hist\u00f3rico de Manaus, como o programa \u201cNosso Centro\u201d.<\/p>\n\n\n\n<p>\u201cEstamos sempre ampliando a maior integra\u00e7\u00e3o entre os entes, uma vez que temos muitos interesses em comum e podemos somar esfor\u00e7os para melhorar, principalmente, a \u00e1rea hist\u00f3rica e arquitet\u00f4nica do centro da capital\u201d, completou o diretor-presidente do Implurb, Carlos Valente.<\/p>\n\n\n\n<p>Conforme o diretor, uma das diretrizes priorit\u00e1rias da gest\u00e3o David Almeida \u00e9 entregar para a cidade um Centro que sirva de motiva\u00e7\u00e3o, orgulho e lazer para os moradores. \u201cCom trabalhos desenvolvidos a quatro m\u00e3os, como os que realizamos, \u00e9 a cidade que ganha\u201d, finalizou.<\/p>\n\n\n\n<p><strong>\u2018Nosso Centro\u2019<\/strong><\/p>\n\n\n\n<p>O programa \u201cNosso Centro\u201d, da gest\u00e3o do prefeito David Almeida, tem 38 interven\u00e7\u00f5es estabelecidas pela prefeitura e distribu\u00eddas em etapas, j\u00e1 tendo iniciado obras na avenida 7 de Setembro, no chamado complexo de S\u00e3o Vicente. Entre as obras ainda est\u00e3o projetos como o museu do porto e a reforma e restauro da pinacoteca. O programa \u00e9 um processo de reabilita\u00e7\u00e3o com salvaguarda de bens edificados e imateriais, e fortalecimento da identidade e sentimento de pertencimento da popula\u00e7\u00e3o.<\/p>\n\n\n\n<p><strong>Hist\u00f3rico<\/strong><\/p>\n\n\n\n<p>A \u00e1rea de tombamento do centro hist\u00f3rico de Manaus, protegido nacionalmente desde 2012 tendo como foco o esp\u00edrito da Belle \u00c9poque, n\u00e3o \u00e9 uniforme. E \u00e9 justamente este um dos conceitos da normativa federal.<\/p>\n\n\n\n<p>A normativa pretende mostrar e detalhar que o centro hist\u00f3rico tem configura\u00e7\u00f5es distintas, focando igualmente nas potencialidades da \u00e1rea, do que \u00e9 permitido, no sentido de dar ao Centro maior vivacidade e fomento ao desenvolvimento e implanta\u00e7\u00e3o de atividades em \u00e1reas p\u00fablicas e do setor privado, em com\u00e9rcio, habita\u00e7\u00e3o, servi\u00e7os, arte e cultura.<\/p>\n\n\n\n<p>&#8212; &#8212; &#8212;<\/p>\n\n\n\n<p><strong>Texto &#8211;&nbsp;<\/strong>Claudia&nbsp;do Valle \/ Implurb<\/p>\n\n\n\n<p><strong>Fotos &#8211;&nbsp;<\/strong>Phill Limma \/ Semcom<\/p>\n","protected":false},"excerpt":{"rendered":"","protected":false},"author":31,"featured_media":216063,"comment_status":"closed","ping_status":"closed","sticky":false,"template":"","format":"standard","meta":{"footnotes":""},"categories":[1156],"tags":[2126,5917,537,5918],"acf":[],"yoast_head":"<!-- This site is optimized with the Yoast SEO plugin v23.0 - https:\/\/yoast.com\/wordpress\/plugins\/seo\/ -->\n<title>Prefeitura de Manaus apresenta detalhes do programa \u2018Nosso Centro\u2019 para nova superintend\u00eancia do Iphan-AM - SEMCOM<\/title>\n<meta name=\"robots\" content=\"index, follow, max-snippet:-1, max-image-preview:large, max-video-preview:-1\" \/>\n<link rel=\"canonical\" href=\"https:\/\/www.manaus.am.gov.br\/semcom\/prefeitura-de-manaus-apresenta-detalhes-do-programa-nosso-centro-para-nova-superintendencia-do-iphan-am\/\" \/>\n<meta property=\"og:locale\" content=\"pt_BR\" \/>\n<meta property=\"og:type\" content=\"article\" \/>\n<meta property=\"og:title\" content=\"Prefeitura de Manaus apresenta detalhes do programa \u2018Nosso Centro\u2019 para nova superintend\u00eancia do Iphan-AM - SEMCOM\" \/>\n<meta property=\"og:url\" content=\"https:\/\/www.manaus.am.gov.br\/semcom\/prefeitura-de-manaus-apresenta-detalhes-do-programa-nosso-centro-para-nova-superintendencia-do-iphan-am\/\" \/>\n<meta property=\"og:site_name\" content=\"SEMCOM\" \/>\n<meta property=\"article:published_time\" content=\"2023-07-12T01:55:35+00:00\" \/>\n<meta property=\"article:modified_time\" content=\"2023-07-12T01:55:37+00:00\" \/>\n<meta property=\"og:image\" content=\"https:\/\/www.manaus.am.gov.br\/semcom\/wp-content\/uploads\/sites\/5\/2023\/07\/iphan.jpg\" \/>\n\t<meta property=\"og:image:width\" content=\"1600\" \/>\n\t<meta property=\"og:image:height\" content=\"1200\" \/>\n\t<meta property=\"og:image:type\" content=\"image\/jpeg\" \/>\n<meta name=\"author\" content=\"Renata Felix\" \/>\n<meta name=\"twitter:card\" content=\"summary_large_image\" \/>\n<meta name=\"twitter:label1\" content=\"Written by\" \/>\n\t<meta name=\"twitter:data1\" content=\"Renata Felix\" \/>\n\t<meta name=\"twitter:label2\" content=\"Est. reading time\" \/>\n\t<meta name=\"twitter:data2\" content=\"4 minutos\" \/>\n<script type=\"application\/ld+json\" class=\"yoast-schema-graph\">{\"@context\":\"https:\/\/schema.org\",\"@graph\":[{\"@type\":\"WebPage\",\"@id\":\"https:\/\/www.manaus.am.gov.br\/semcom\/prefeitura-de-manaus-apresenta-detalhes-do-programa-nosso-centro-para-nova-superintendencia-do-iphan-am\/\",\"url\":\"https:\/\/www.manaus.am.gov.br\/semcom\/prefeitura-de-manaus-apresenta-detalhes-do-programa-nosso-centro-para-nova-superintendencia-do-iphan-am\/\",\"name\":\"Prefeitura de Manaus apresenta detalhes do programa \u2018Nosso Centro\u2019 para nova superintend\u00eancia do Iphan-AM - SEMCOM\",\"isPartOf\":{\"@id\":\"https:\/\/www.manaus.am.gov.br\/semcom\/#website\"},\"primaryImageOfPage\":{\"@id\":\"https:\/\/www.manaus.am.gov.br\/semcom\/prefeitura-de-manaus-apresenta-detalhes-do-programa-nosso-centro-para-nova-superintendencia-do-iphan-am\/#primaryimage\"},\"image\":{\"@id\":\"https:\/\/www.manaus.am.gov.br\/semcom\/prefeitura-de-manaus-apresenta-detalhes-do-programa-nosso-centro-para-nova-superintendencia-do-iphan-am\/#primaryimage\"},\"thumbnailUrl\":\"https:\/\/www.manaus.am.gov.br\/semcom\/wp-content\/uploads\/sites\/5\/2023\/07\/iphan.jpg\",\"datePublished\":\"2023-07-12T01:55:35+00:00\",\"dateModified\":\"2023-07-12T01:55:37+00:00\",\"author\":{\"@id\":\"https:\/\/www.manaus.am.gov.br\/semcom\/#\/schema\/person\/4eea2a8f78dc853097abb026f728aa06\"},\"inLanguage\":\"pt-BR\",\"potentialAction\":[{\"@type\":\"ReadAction\",\"target\":[\"https:\/\/www.manaus.am.gov.br\/semcom\/prefeitura-de-manaus-apresenta-detalhes-do-programa-nosso-centro-para-nova-superintendencia-do-iphan-am\/\"]}]},{\"@type\":\"ImageObject\",\"inLanguage\":\"pt-BR\",\"@id\":\"https:\/\/www.manaus.am.gov.br\/semcom\/prefeitura-de-manaus-apresenta-detalhes-do-programa-nosso-centro-para-nova-superintendencia-do-iphan-am\/#primaryimage\",\"url\":\"https:\/\/www.manaus.am.gov.br\/semcom\/wp-content\/uploads\/sites\/5\/2023\/07\/iphan.jpg\",\"contentUrl\":\"https:\/\/www.manaus.am.gov.br\/semcom\/wp-content\/uploads\/sites\/5\/2023\/07\/iphan.jpg\",\"width\":1600,\"height\":1200},{\"@type\":\"WebSite\",\"@id\":\"https:\/\/www.manaus.am.gov.br\/semcom\/#website\",\"url\":\"https:\/\/www.manaus.am.gov.br\/semcom\/\",\"name\":\"SEMCOM\",\"description\":\"Secretaria Municipal de Comunica\u00e7\u00e3o\",\"potentialAction\":[{\"@type\":\"SearchAction\",\"target\":{\"@type\":\"EntryPoint\",\"urlTemplate\":\"https:\/\/www.manaus.am.gov.br\/semcom\/?s={search_term_string}\"},\"query-input\":\"required name=search_term_string\"}],\"inLanguage\":\"pt-BR\"},{\"@type\":\"Person\",\"@id\":\"https:\/\/www.manaus.am.gov.br\/semcom\/#\/schema\/person\/4eea2a8f78dc853097abb026f728aa06\",\"name\":\"Renata Felix\",\"image\":{\"@type\":\"ImageObject\",\"inLanguage\":\"pt-BR\",\"@id\":\"https:\/\/www.manaus.am.gov.br\/semcom\/#\/schema\/person\/image\/\",\"url\":\"https:\/\/secure.gravatar.com\/avatar\/3c196cf9d3b837b24c8edb2c50fd8f29?s=96&d=mm&r=g\",\"contentUrl\":\"https:\/\/secure.gravatar.com\/avatar\/3c196cf9d3b837b24c8edb2c50fd8f29?s=96&d=mm&r=g\",\"caption\":\"Renata Felix\"}}]}<\/script>\n<!-- \/ Yoast SEO plugin. -->","yoast_head_json":{"title":"Prefeitura de Manaus apresenta detalhes do programa \u2018Nosso Centro\u2019 para nova superintend\u00eancia do Iphan-AM - SEMCOM","robots":{"index":"index","follow":"follow","max-snippet":"max-snippet:-1","max-image-preview":"max-image-preview:large","max-video-preview":"max-video-preview:-1"},"canonical":"https:\/\/www.manaus.am.gov.br\/semcom\/prefeitura-de-manaus-apresenta-detalhes-do-programa-nosso-centro-para-nova-superintendencia-do-iphan-am\/","og_locale":"pt_BR","og_type":"article","og_title":"Prefeitura de Manaus apresenta detalhes do programa \u2018Nosso Centro\u2019 para nova superintend\u00eancia do Iphan-AM - SEMCOM","og_url":"https:\/\/www.manaus.am.gov.br\/semcom\/prefeitura-de-manaus-apresenta-detalhes-do-programa-nosso-centro-para-nova-superintendencia-do-iphan-am\/","og_site_name":"SEMCOM","article_published_time":"2023-07-12T01:55:35+00:00","article_modified_time":"2023-07-12T01:55:37+00:00","og_image":[{"width":1600,"height":1200,"url":"https:\/\/www.manaus.am.gov.br\/semcom\/wp-content\/uploads\/sites\/5\/2023\/07\/iphan.jpg","type":"image\/jpeg"}],"author":"Renata Felix","twitter_card":"summary_large_image","twitter_misc":{"Written by":"Renata Felix","Est. reading time":"4 minutos"},"schema":{"@context":"https:\/\/schema.org","@graph":[{"@type":"WebPage","@id":"https:\/\/www.manaus.am.gov.br\/semcom\/prefeitura-de-manaus-apresenta-detalhes-do-programa-nosso-centro-para-nova-superintendencia-do-iphan-am\/","url":"https:\/\/www.manaus.am.gov.br\/semcom\/prefeitura-de-manaus-apresenta-detalhes-do-programa-nosso-centro-para-nova-superintendencia-do-iphan-am\/","name":"Prefeitura de Manaus apresenta detalhes do programa \u2018Nosso Centro\u2019 para nova superintend\u00eancia do Iphan-AM - SEMCOM","isPartOf":{"@id":"https:\/\/www.manaus.am.gov.br\/semcom\/#website"},"primaryImageOfPage":{"@id":"https:\/\/www.manaus.am.gov.br\/semcom\/prefeitura-de-manaus-apresenta-detalhes-do-programa-nosso-centro-para-nova-superintendencia-do-iphan-am\/#primaryimage"},"image":{"@id":"https:\/\/www.manaus.am.gov.br\/semcom\/prefeitura-de-manaus-apresenta-detalhes-do-programa-nosso-centro-para-nova-superintendencia-do-iphan-am\/#primaryimage"},"thumbnailUrl":"https:\/\/www.manaus.am.gov.br\/semcom\/wp-content\/uploads\/sites\/5\/2023\/07\/iphan.jpg","datePublished":"2023-07-12T01:55:35+00:00","dateModified":"2023-07-12T01:55:37+00:00","author":{"@id":"https:\/\/www.manaus.am.gov.br\/semcom\/#\/schema\/person\/4eea2a8f78dc853097abb026f728aa06"},"inLanguage":"pt-BR","potentialAction":[{"@type":"ReadAction","target":["https:\/\/www.manaus.am.gov.br\/semcom\/prefeitura-de-manaus-apresenta-detalhes-do-programa-nosso-centro-para-nova-superintendencia-do-iphan-am\/"]}]},{"@type":"ImageObject","inLanguage":"pt-BR","@id":"https:\/\/www.manaus.am.gov.br\/semcom\/prefeitura-de-manaus-apresenta-detalhes-do-programa-nosso-centro-para-nova-superintendencia-do-iphan-am\/#primaryimage","url":"https:\/\/www.manaus.am.gov.br\/semcom\/wp-content\/uploads\/sites\/5\/2023\/07\/iphan.jpg","contentUrl":"https:\/\/www.manaus.am.gov.br\/semcom\/wp-content\/uploads\/sites\/5\/2023\/07\/iphan.jpg","width":1600,"height":1200},{"@type":"WebSite","@id":"https:\/\/www.manaus.am.gov.br\/semcom\/#website","url":"https:\/\/www.manaus.am.gov.br\/semcom\/","name":"SEMCOM","description":"Secretaria Municipal de Comunica\u00e7\u00e3o","potentialAction":[{"@type":"SearchAction","target":{"@type":"EntryPoint","urlTemplate":"https:\/\/www.manaus.am.gov.br\/semcom\/?s={search_term_string}"},"query-input":"required name=search_term_string"}],"inLanguage":"pt-BR"},{"@type":"Person","@id":"https:\/\/www.manaus.am.gov.br\/semcom\/#\/schema\/person\/4eea2a8f78dc853097abb026f728aa06","name":"Renata Felix","image":{"@type":"ImageObject","inLanguage":"pt-BR","@id":"https:\/\/www.manaus.am.gov.br\/semcom\/#\/schema\/person\/image\/","url":"https:\/\/secure.gravatar.com\/avatar\/3c196cf9d3b837b24c8edb2c50fd8f29?s=96&d=mm&r=g","contentUrl":"https:\/\/secure.gravatar.com\/avatar\/3c196cf9d3b837b24c8edb2c50fd8f29?s=96&d=mm&r=g","caption":"Renata Felix"}}]}},"_links":{"self":[{"href":"https:\/\/www.manaus.am.gov.br\/semcom\/wp-json\/wp\/v2\/posts\/216062"}],"collection":[{"href":"https:\/\/www.manaus.am.gov.br\/semcom\/wp-json\/wp\/v2\/posts"}],"about":[{"href":"https:\/\/www.manaus.am.gov.br\/semcom\/wp-json\/wp\/v2\/types\/post"}],"author":[{"embeddable":true,"href":"https:\/\/www.manaus.am.gov.br\/semcom\/wp-json\/wp\/v2\/users\/31"}],"replies":[{"embeddable":true,"href":"https:\/\/www.manaus.am.gov.br\/semcom\/wp-json\/wp\/v2\/comments?post=216062"}],"version-history":[{"count":0,"href":"https:\/\/www.manaus.am.gov.br\/semcom\/wp-json\/wp\/v2\/posts\/216062\/revisions"}],"wp:featuredmedia":[{"embeddable":true,"href":"https:\/\/www.manaus.am.gov.br\/semcom\/wp-json\/wp\/v2\/media\/216063"}],"wp:attachment":[{"href":"https:\/\/www.manaus.am.gov.br\/semcom\/wp-json\/wp\/v2\/media?parent=216062"}],"wp:term":[{"taxonomy":"category","embeddable":true,"href":"https:\/\/www.manaus.am.gov.br\/semcom\/wp-json\/wp\/v2\/categories?post=216062"},{"taxonomy":"post_tag","embeddable":true,"href":"https:\/\/www.manaus.am.gov.br\/semcom\/wp-json\/wp\/v2\/tags?post=216062"}],"curies":[{"name":"wp","href":"https:\/\/api.w.org\/{rel}","templated":true}]}}