{"id":216035,"date":"2022-12-15T00:09:00","date_gmt":"2022-12-15T03:09:00","guid":{"rendered":"https:\/\/www.manaus.am.gov.br\/semcom\/prefeitura-de-manaus-leva-acao-do-natal-das-aguas-a-orla-do-educandos\/"},"modified":"2023-07-11T16:06:41","modified_gmt":"2023-07-11T19:06:41","slug":"prefeitura-de-manaus-leva-acao-do-natal-das-aguas-a-orla-do-educandos","status":"publish","type":"post","link":"https:\/\/www.manaus.am.gov.br\/semcom\/prefeitura-de-manaus-leva-acao-do-natal-das-aguas-a-orla-do-educandos\/","title":{"rendered":"Prefeitura de Manaus leva a\u00e7\u00e3o do \u2018Natal das \u00c1guas\u2019 \u00e0 orla do Educandos"},"content":{"rendered":"\n<p>A Prefeitura de Manaus, por meio do Fundo Manaus Solid\u00e1ria (FMS), em parceria com a Funda\u00e7\u00e3o Municipal de Cultura, Turismo e Eventos (Manauscult), realizou, na noite desta quarta-feira, 14\/12, uma a\u00e7\u00e3o do \u201cNatal das \u00c1guas, Luz da Esperan\u00e7a\u201d, na orla do bairro Educandos, conhecida como Amarelinho, localizado na zona Sul da capital amazonense.<\/p>\n\n\n\n<p>Para levar o encanto do Natal aos moradores, o Fundo Manaus Solid\u00e1ria acendeu na orla do Amarelinho, a balsa natalina que realiza a entrega de presentes aos moradores da zona ribeirinha da cidade.<\/p>\n\n\n\n<p>De acordo com o presidente do FMS, Emerson Castro, essa a\u00e7\u00e3o s\u00f3 confirma o compromisso da gest\u00e3o municipal de contemplar toda a capital com as a\u00e7\u00f5es de fim de ano.<\/p>\n\n\n\n<p>\u201c\u00c9 muito gratificante estar em um trabalho como este, uma ideia maravilhosa do nosso prefeito David Almeida, em que as crian\u00e7as podem ver e sentir a alegria do Natal, o sentimento de renova\u00e7\u00e3o e esperan\u00e7a. Al\u00e9m disso, eles podem ver o nosso majestoso rio Negro iluminado. Isso \u00e9 m\u00e1gico\u201d, afirmou Castro.<\/p>\n\n\n\n<p>De acordo com o diretor-presidente da Manauscult, Alonso Oliveira, trazer o projeto \u201cNatal das \u00c1guas \u2013 Luz da Esperan\u00e7a\u201d para a orla do Amarelinho, no Educandos, atende os anseios da comunidade que h\u00e1 muito tempo lutava para transformar a sumaumeira, plantada por eles h\u00e1 19 anos, numa \u00e1rvore de natal. A esp\u00e9cie, que tem aproximadamente 10 metros de altura e sua copa 3 metros de di\u00e2metro, recebeu a ornamenta\u00e7\u00e3o natalina da Prefeitura de Manaus.<\/p>\n\n\n\n<p>\u201cTrata-se de um momento \u00edmpar para a comunidade do bairro de Educandos. H\u00e1 muito existe uma luta de transformar essa sumaumeira, em uma \u00e1rvore de natal. Isso s\u00f3 foi poss\u00edvel de ser feito durante esta gest\u00e3o do prefeito David Almeida, que orientou trabalharmos na transversalidade. No pr\u00f3ximo ano, vamos trabalhar para que possamos ter a balsa com o pres\u00e9pio circulando desde l\u00e1 no Bom Sucesso, no Puraquequara, na Col\u00f4nia Ant\u00f4nio Aleixo, passando aqui na frente de Educandos, para ent\u00e3o subir em dire\u00e7\u00e3o ao Rio Negro, visitando as comunidades\u201d, concluiu.<\/p>\n\n\n\n<p>Presente na orla do Amarelinho, a assistente administrativo Ketlen Cristina, 27 anos, aprovou a iniciativa da Prefeitura de Manaus, principalmente por proporcionar a chance das fam\u00edlias mais carentes de acompanhar as a\u00e7\u00f5es realizadas pelas diferentes zonas da cidade.<\/p>\n\n\n\n<p>\u201cAchei a a\u00e7\u00e3o muito linda e importante, porque tem muitas crian\u00e7as do bairro que n\u00e3o tem acesso a essas estruturas natalinas, como a da Ponta Negra e a do Largo S\u00e3o Sebasti\u00e3o. E ver isso aqui no bairro \u00e9 um encanto. \u00c9 lindo. Acaba sendo uma inclus\u00e3o. Al\u00e9m disso, a balsa \u00e9 bem iluminada. Chama a aten\u00e7\u00e3o. Ela est\u00e1 longe, mas a gente consegue enxergar os detalhes perfeitamente. Muito linda\u201d, finalizou Cristina.<\/p>\n\n\n\n<hr class=\"wp-block-separator has-alpha-channel-opacity\"\/>\n\n\n\n<p><strong>Texto&nbsp;<\/strong>\u2013 Thiago Fernando \/ Semcom e Emanuelle Baires \/ Manauscult<br><strong>Fotos<\/strong>&nbsp;\u2013 Jo\u00e3o Viana \/ Semcom<br>Dispon\u00edveis em \u2013&nbsp;<a href=\"https:\/\/flic.kr\/s\/aHBqjAjaJC\">https:\/\/flic.kr\/s\/aHBqjAjaJC<\/a><\/p>\n","protected":false},"excerpt":{"rendered":"","protected":false},"author":27,"featured_media":216036,"comment_status":"closed","ping_status":"closed","sticky":false,"template":"","format":"standard","meta":{"footnotes":""},"categories":[5894],"tags":[],"acf":[],"yoast_head":"<!-- This site is optimized with the Yoast SEO plugin v23.0 - https:\/\/yoast.com\/wordpress\/plugins\/seo\/ -->\n<title>Prefeitura de Manaus leva a\u00e7\u00e3o do \u2018Natal das \u00c1guas\u2019 \u00e0 orla do Educandos - SEMCOM<\/title>\n<meta name=\"robots\" content=\"index, follow, max-snippet:-1, max-image-preview:large, max-video-preview:-1\" \/>\n<link rel=\"canonical\" href=\"https:\/\/www.manaus.am.gov.br\/semcom\/prefeitura-de-manaus-leva-acao-do-natal-das-aguas-a-orla-do-educandos\/\" \/>\n<meta property=\"og:locale\" content=\"pt_BR\" \/>\n<meta property=\"og:type\" content=\"article\" \/>\n<meta property=\"og:title\" content=\"Prefeitura de Manaus leva a\u00e7\u00e3o do \u2018Natal das \u00c1guas\u2019 \u00e0 orla do Educandos - SEMCOM\" \/>\n<meta property=\"og:url\" content=\"https:\/\/www.manaus.am.gov.br\/semcom\/prefeitura-de-manaus-leva-acao-do-natal-das-aguas-a-orla-do-educandos\/\" \/>\n<meta property=\"og:site_name\" content=\"SEMCOM\" \/>\n<meta property=\"article:published_time\" content=\"2022-12-15T03:09:00+00:00\" \/>\n<meta property=\"article:modified_time\" content=\"2023-07-11T19:06:41+00:00\" \/>\n<meta property=\"og:image\" content=\"https:\/\/www.manaus.am.gov.br\/semcom\/wp-content\/uploads\/sites\/5\/2023\/07\/Prefeitura-de-Manaus-leva-acao-do-natal-das-aguas-a-orla-do-Educandos.jpg\" \/>\n\t<meta property=\"og:image:width\" content=\"799\" \/>\n\t<meta property=\"og:image:height\" content=\"533\" \/>\n\t<meta property=\"og:image:type\" content=\"image\/jpeg\" \/>\n<meta name=\"author\" content=\"Imarketing Digital\" \/>\n<meta name=\"twitter:card\" content=\"summary_large_image\" \/>\n<meta name=\"twitter:label1\" content=\"Written by\" \/>\n\t<meta name=\"twitter:data1\" content=\"Imarketing Digital\" \/>\n\t<meta name=\"twitter:label2\" content=\"Est. reading time\" \/>\n\t<meta name=\"twitter:data2\" content=\"3 minutos\" \/>\n<script type=\"application\/ld+json\" class=\"yoast-schema-graph\">{\"@context\":\"https:\/\/schema.org\",\"@graph\":[{\"@type\":\"WebPage\",\"@id\":\"https:\/\/www.manaus.am.gov.br\/semcom\/prefeitura-de-manaus-leva-acao-do-natal-das-aguas-a-orla-do-educandos\/\",\"url\":\"https:\/\/www.manaus.am.gov.br\/semcom\/prefeitura-de-manaus-leva-acao-do-natal-das-aguas-a-orla-do-educandos\/\",\"name\":\"Prefeitura de Manaus leva a\u00e7\u00e3o do \u2018Natal das \u00c1guas\u2019 \u00e0 orla do Educandos - SEMCOM\",\"isPartOf\":{\"@id\":\"https:\/\/www.manaus.am.gov.br\/semcom\/#website\"},\"primaryImageOfPage\":{\"@id\":\"https:\/\/www.manaus.am.gov.br\/semcom\/prefeitura-de-manaus-leva-acao-do-natal-das-aguas-a-orla-do-educandos\/#primaryimage\"},\"image\":{\"@id\":\"https:\/\/www.manaus.am.gov.br\/semcom\/prefeitura-de-manaus-leva-acao-do-natal-das-aguas-a-orla-do-educandos\/#primaryimage\"},\"thumbnailUrl\":\"https:\/\/www.manaus.am.gov.br\/semcom\/wp-content\/uploads\/sites\/5\/2023\/07\/Prefeitura-de-Manaus-leva-acao-do-natal-das-aguas-a-orla-do-Educandos.jpg\",\"datePublished\":\"2022-12-15T03:09:00+00:00\",\"dateModified\":\"2023-07-11T19:06:41+00:00\",\"author\":{\"@id\":\"https:\/\/www.manaus.am.gov.br\/semcom\/#\/schema\/person\/79525a47ac5902f50493820d995728ee\"},\"inLanguage\":\"pt-BR\",\"potentialAction\":[{\"@type\":\"ReadAction\",\"target\":[\"https:\/\/www.manaus.am.gov.br\/semcom\/prefeitura-de-manaus-leva-acao-do-natal-das-aguas-a-orla-do-educandos\/\"]}]},{\"@type\":\"ImageObject\",\"inLanguage\":\"pt-BR\",\"@id\":\"https:\/\/www.manaus.am.gov.br\/semcom\/prefeitura-de-manaus-leva-acao-do-natal-das-aguas-a-orla-do-educandos\/#primaryimage\",\"url\":\"https:\/\/www.manaus.am.gov.br\/semcom\/wp-content\/uploads\/sites\/5\/2023\/07\/Prefeitura-de-Manaus-leva-acao-do-natal-das-aguas-a-orla-do-Educandos.jpg\",\"contentUrl\":\"https:\/\/www.manaus.am.gov.br\/semcom\/wp-content\/uploads\/sites\/5\/2023\/07\/Prefeitura-de-Manaus-leva-acao-do-natal-das-aguas-a-orla-do-Educandos.jpg\",\"width\":799,\"height\":533,\"caption\":\"Prefeitura de Manaus leva a\u00e7\u00e3o do \u2018Natal das \u00c1guas\u2019 \u00e0 orla do Educandos\"},{\"@type\":\"WebSite\",\"@id\":\"https:\/\/www.manaus.am.gov.br\/semcom\/#website\",\"url\":\"https:\/\/www.manaus.am.gov.br\/semcom\/\",\"name\":\"SEMCOM\",\"description\":\"Secretaria Municipal de Comunica\u00e7\u00e3o\",\"potentialAction\":[{\"@type\":\"SearchAction\",\"target\":{\"@type\":\"EntryPoint\",\"urlTemplate\":\"https:\/\/www.manaus.am.gov.br\/semcom\/?s={search_term_string}\"},\"query-input\":\"required name=search_term_string\"}],\"inLanguage\":\"pt-BR\"},{\"@type\":\"Person\",\"@id\":\"https:\/\/www.manaus.am.gov.br\/semcom\/#\/schema\/person\/79525a47ac5902f50493820d995728ee\",\"name\":\"Imarketing Digital\",\"image\":{\"@type\":\"ImageObject\",\"inLanguage\":\"pt-BR\",\"@id\":\"https:\/\/www.manaus.am.gov.br\/semcom\/#\/schema\/person\/image\/\",\"url\":\"https:\/\/secure.gravatar.com\/avatar\/03432d3c57b756ed9760f7019c815a3a?s=96&d=mm&r=g\",\"contentUrl\":\"https:\/\/secure.gravatar.com\/avatar\/03432d3c57b756ed9760f7019c815a3a?s=96&d=mm&r=g\",\"caption\":\"Imarketing Digital\"}}]}<\/script>\n<!-- \/ Yoast SEO plugin. -->","yoast_head_json":{"title":"Prefeitura de Manaus leva a\u00e7\u00e3o do \u2018Natal das \u00c1guas\u2019 \u00e0 orla do Educandos - SEMCOM","robots":{"index":"index","follow":"follow","max-snippet":"max-snippet:-1","max-image-preview":"max-image-preview:large","max-video-preview":"max-video-preview:-1"},"canonical":"https:\/\/www.manaus.am.gov.br\/semcom\/prefeitura-de-manaus-leva-acao-do-natal-das-aguas-a-orla-do-educandos\/","og_locale":"pt_BR","og_type":"article","og_title":"Prefeitura de Manaus leva a\u00e7\u00e3o do \u2018Natal das \u00c1guas\u2019 \u00e0 orla do Educandos - SEMCOM","og_url":"https:\/\/www.manaus.am.gov.br\/semcom\/prefeitura-de-manaus-leva-acao-do-natal-das-aguas-a-orla-do-educandos\/","og_site_name":"SEMCOM","article_published_time":"2022-12-15T03:09:00+00:00","article_modified_time":"2023-07-11T19:06:41+00:00","og_image":[{"width":799,"height":533,"url":"https:\/\/www.manaus.am.gov.br\/semcom\/wp-content\/uploads\/sites\/5\/2023\/07\/Prefeitura-de-Manaus-leva-acao-do-natal-das-aguas-a-orla-do-Educandos.jpg","type":"image\/jpeg"}],"author":"Imarketing Digital","twitter_card":"summary_large_image","twitter_misc":{"Written by":"Imarketing Digital","Est. reading time":"3 minutos"},"schema":{"@context":"https:\/\/schema.org","@graph":[{"@type":"WebPage","@id":"https:\/\/www.manaus.am.gov.br\/semcom\/prefeitura-de-manaus-leva-acao-do-natal-das-aguas-a-orla-do-educandos\/","url":"https:\/\/www.manaus.am.gov.br\/semcom\/prefeitura-de-manaus-leva-acao-do-natal-das-aguas-a-orla-do-educandos\/","name":"Prefeitura de Manaus leva a\u00e7\u00e3o do \u2018Natal das \u00c1guas\u2019 \u00e0 orla do Educandos - SEMCOM","isPartOf":{"@id":"https:\/\/www.manaus.am.gov.br\/semcom\/#website"},"primaryImageOfPage":{"@id":"https:\/\/www.manaus.am.gov.br\/semcom\/prefeitura-de-manaus-leva-acao-do-natal-das-aguas-a-orla-do-educandos\/#primaryimage"},"image":{"@id":"https:\/\/www.manaus.am.gov.br\/semcom\/prefeitura-de-manaus-leva-acao-do-natal-das-aguas-a-orla-do-educandos\/#primaryimage"},"thumbnailUrl":"https:\/\/www.manaus.am.gov.br\/semcom\/wp-content\/uploads\/sites\/5\/2023\/07\/Prefeitura-de-Manaus-leva-acao-do-natal-das-aguas-a-orla-do-Educandos.jpg","datePublished":"2022-12-15T03:09:00+00:00","dateModified":"2023-07-11T19:06:41+00:00","author":{"@id":"https:\/\/www.manaus.am.gov.br\/semcom\/#\/schema\/person\/79525a47ac5902f50493820d995728ee"},"inLanguage":"pt-BR","potentialAction":[{"@type":"ReadAction","target":["https:\/\/www.manaus.am.gov.br\/semcom\/prefeitura-de-manaus-leva-acao-do-natal-das-aguas-a-orla-do-educandos\/"]}]},{"@type":"ImageObject","inLanguage":"pt-BR","@id":"https:\/\/www.manaus.am.gov.br\/semcom\/prefeitura-de-manaus-leva-acao-do-natal-das-aguas-a-orla-do-educandos\/#primaryimage","url":"https:\/\/www.manaus.am.gov.br\/semcom\/wp-content\/uploads\/sites\/5\/2023\/07\/Prefeitura-de-Manaus-leva-acao-do-natal-das-aguas-a-orla-do-Educandos.jpg","contentUrl":"https:\/\/www.manaus.am.gov.br\/semcom\/wp-content\/uploads\/sites\/5\/2023\/07\/Prefeitura-de-Manaus-leva-acao-do-natal-das-aguas-a-orla-do-Educandos.jpg","width":799,"height":533,"caption":"Prefeitura de Manaus leva a\u00e7\u00e3o do \u2018Natal das \u00c1guas\u2019 \u00e0 orla do Educandos"},{"@type":"WebSite","@id":"https:\/\/www.manaus.am.gov.br\/semcom\/#website","url":"https:\/\/www.manaus.am.gov.br\/semcom\/","name":"SEMCOM","description":"Secretaria Municipal de Comunica\u00e7\u00e3o","potentialAction":[{"@type":"SearchAction","target":{"@type":"EntryPoint","urlTemplate":"https:\/\/www.manaus.am.gov.br\/semcom\/?s={search_term_string}"},"query-input":"required name=search_term_string"}],"inLanguage":"pt-BR"},{"@type":"Person","@id":"https:\/\/www.manaus.am.gov.br\/semcom\/#\/schema\/person\/79525a47ac5902f50493820d995728ee","name":"Imarketing Digital","image":{"@type":"ImageObject","inLanguage":"pt-BR","@id":"https:\/\/www.manaus.am.gov.br\/semcom\/#\/schema\/person\/image\/","url":"https:\/\/secure.gravatar.com\/avatar\/03432d3c57b756ed9760f7019c815a3a?s=96&d=mm&r=g","contentUrl":"https:\/\/secure.gravatar.com\/avatar\/03432d3c57b756ed9760f7019c815a3a?s=96&d=mm&r=g","caption":"Imarketing Digital"}}]}},"_links":{"self":[{"href":"https:\/\/www.manaus.am.gov.br\/semcom\/wp-json\/wp\/v2\/posts\/216035"}],"collection":[{"href":"https:\/\/www.manaus.am.gov.br\/semcom\/wp-json\/wp\/v2\/posts"}],"about":[{"href":"https:\/\/www.manaus.am.gov.br\/semcom\/wp-json\/wp\/v2\/types\/post"}],"author":[{"embeddable":true,"href":"https:\/\/www.manaus.am.gov.br\/semcom\/wp-json\/wp\/v2\/users\/27"}],"replies":[{"embeddable":true,"href":"https:\/\/www.manaus.am.gov.br\/semcom\/wp-json\/wp\/v2\/comments?post=216035"}],"version-history":[{"count":0,"href":"https:\/\/www.manaus.am.gov.br\/semcom\/wp-json\/wp\/v2\/posts\/216035\/revisions"}],"wp:featuredmedia":[{"embeddable":true,"href":"https:\/\/www.manaus.am.gov.br\/semcom\/wp-json\/wp\/v2\/media\/216036"}],"wp:attachment":[{"href":"https:\/\/www.manaus.am.gov.br\/semcom\/wp-json\/wp\/v2\/media?parent=216035"}],"wp:term":[{"taxonomy":"category","embeddable":true,"href":"https:\/\/www.manaus.am.gov.br\/semcom\/wp-json\/wp\/v2\/categories?post=216035"},{"taxonomy":"post_tag","embeddable":true,"href":"https:\/\/www.manaus.am.gov.br\/semcom\/wp-json\/wp\/v2\/tags?post=216035"}],"curies":[{"name":"wp","href":"https:\/\/api.w.org\/{rel}","templated":true}]}}