{"id":215926,"date":"2023-07-07T14:38:49","date_gmt":"2023-07-07T17:38:49","guid":{"rendered":"https:\/\/www.manaus.am.gov.br\/semcom\/prefeito-entrega-novo-mercado-carneiro-da-mota-para-populacao-do-morro-da-liberdade\/"},"modified":"2023-07-07T14:38:51","modified_gmt":"2023-07-07T17:38:51","slug":"prefeito-entrega-novo-mercado-carneiro-da-mota-para-populacao-do-morro-da-liberdade","status":"publish","type":"post","link":"https:\/\/www.manaus.am.gov.br\/semcom\/prefeito-entrega-novo-mercado-carneiro-da-mota-para-populacao-do-morro-da-liberdade\/","title":{"rendered":"<strong>Prefeito entrega novo&nbsp;mercado&nbsp;Carneiro da Mota para popula\u00e7\u00e3o do Morro da Liberdade<\/strong>"},"content":{"rendered":"\n<p>Dando sequ\u00eancia ao projeto de moderniza\u00e7\u00e3o das feiras e mercados da capital amazonense, o prefeito de Manaus, David Almeida, entregou, nesta sexta-feira, 7\/7, o novo mercado Carneiro da Mota, na rua S\u00e3o Benedito, bairro Morro da Liberdade, zona Sul. O espa\u00e7o estava h\u00e1 21 anos sem manuten\u00e7\u00e3o e reforma e foi totalmente revitalizado pela gest\u00e3o municipal.<\/p>\n\n\n\n<p>Durante a entrega, David Almeida ressaltou que a reforma do mercado municipal foi fruto de emenda parlamentar do deputado federal Alberto Neto.<\/p>\n\n\n\n<p>&#8220;Eu procurei pessoas que pudessem ajudar a cidade de Manaus e o deputado abriu as portas para que essa obra fosse poss\u00edvel. Assim, podemos escrever uma nova p\u00e1gina na hist\u00f3ria deste espa\u00e7o p\u00fablico t\u00e3o importante para a zona Sul, para o Morro da Liberdade e para a minha fam\u00edlia. Meu pai foi administrador deste mercado, cresci nesses corredores e conhe\u00e7o muito dos permission\u00e1rios. Por isso, tenho certeza que essa obra vai mudar a vida dessas pessoas e isso me alegra muito, pois essa \u00e9 a miss\u00e3o da gest\u00e3o municipal&#8221;, enfatizou Almeida.<\/p>\n\n\n\n<p>O espa\u00e7o, que \u00e9 administrado pela Secretaria Municipal de Agricultura, Abastecimento, Centro e Com\u00e9rcio Informal (Semacc), conta com 33 permission\u00e1rios que oferecem diversos servi\u00e7os, como lanches, bazares, estivas, confec\u00e7\u00f5es, peixes, carnes, hortifruti, assist\u00eancia t\u00e9cnica, entre outros, gerando cerca de 80 empregos direta e indiretamente.<\/p>\n\n\n\n<p>Para o secret\u00e1rio da Semacc, Wanderson Costa, o novo espa\u00e7o ser\u00e1 fundamental para que a economia da regi\u00e3o possa girar, trazendo benef\u00edcios para toda cidade.<\/p>\n\n\n\n<p>&#8220;Hoje, \u00e9 um momento hist\u00f3rico para este bairro e, principalmente, para este mercado, que antes estava abandonado e esquecido pelo poder p\u00fablico. Foram anos sem uma interven\u00e7\u00e3o p\u00fablica, mas gra\u00e7as a Deus e a popula\u00e7\u00e3o de Manaus, um homem que \u00e9 oriundo de comunidades olhou para esses trabalhadores e ouviu as suas necessidades. A partir de hoje, n\u00e3o tenho d\u00favidas que a popula\u00e7\u00e3o vai voltar a frequentar o espa\u00e7o e movimentar uma grande cadeia econ\u00f4mica&#8221;, afirmou Wanderson.<\/p>\n\n\n\n<p>Ap\u00f3s a reforma, o novo mercado Carneiro da Mota tamb\u00e9m ir\u00e1 disponibilizar estacionamento coberto, novos banheiros, \u00e1reas com acessibilidade, ar-condicionado e wi-fi.<\/p>\n\n\n\n<p><strong>Hist\u00f3ria<\/strong><\/p>\n\n\n\n<p>O mercado municipal Carneiro da Mota foi inaugurado em maio de 1967 pelo ent\u00e3o prefeito Paulo Pinto Nery. Possui 505,71 metros quadrados de \u00e1rea constru\u00edda e faz parte das 35 feiras e mercados que v\u00e3o ser reformados este ano pela Prefeitura de Manaus.<\/p>\n\n\n\n<p>&#8212;<\/p>\n\n\n\n<p><strong>Texto &#8211;<\/strong>&nbsp;Thiago Fernando \/ Semcom<\/p>\n\n\n\n<p><strong>Fotos &#8211;&nbsp;<\/strong>&nbsp;Dhyeizo Lemos \/ Semcom<\/p>\n\n\n\n<p><\/p>\n\n\n\n<p><\/p>\n\n\n\n<p><\/p>\n","protected":false},"excerpt":{"rendered":"","protected":false},"author":52,"featured_media":215927,"comment_status":"closed","ping_status":"closed","sticky":false,"template":"","format":"standard","meta":{"footnotes":""},"categories":[6],"tags":[455,77,55],"acf":[],"yoast_head":"<!-- This site is optimized with the Yoast SEO plugin v23.0 - https:\/\/yoast.com\/wordpress\/plugins\/seo\/ -->\n<title>Prefeito entrega novo mercado Carneiro da Mota para popula\u00e7\u00e3o do Morro da Liberdade<\/title>\n<meta name=\"description\" content=\"Dando sequ\u00eancia ao projeto de moderniza\u00e7\u00e3o das feiras e mercados da capital amazonense, o prefeito de Manaus.\" \/>\n<meta name=\"robots\" content=\"index, follow, max-snippet:-1, max-image-preview:large, max-video-preview:-1\" \/>\n<link rel=\"canonical\" href=\"https:\/\/www.manaus.am.gov.br\/semcom\/prefeito-entrega-novo-mercado-carneiro-da-mota-para-populacao-do-morro-da-liberdade\/\" \/>\n<meta property=\"og:locale\" content=\"pt_BR\" \/>\n<meta property=\"og:type\" content=\"article\" \/>\n<meta property=\"og:title\" content=\"Prefeito entrega novo mercado Carneiro da Mota para popula\u00e7\u00e3o do Morro da Liberdade\" \/>\n<meta property=\"og:description\" content=\"Dando sequ\u00eancia ao projeto de moderniza\u00e7\u00e3o das feiras e mercados da capital amazonense, o prefeito de Manaus.\" \/>\n<meta property=\"og:url\" content=\"https:\/\/www.manaus.am.gov.br\/semcom\/prefeito-entrega-novo-mercado-carneiro-da-mota-para-populacao-do-morro-da-liberdade\/\" \/>\n<meta property=\"og:site_name\" content=\"SEMCOM\" \/>\n<meta property=\"article:published_time\" content=\"2023-07-07T17:38:49+00:00\" \/>\n<meta property=\"article:modified_time\" content=\"2023-07-07T17:38:51+00:00\" \/>\n<meta property=\"og:image\" content=\"https:\/\/www.manaus.am.gov.br\/semcom\/wp-content\/uploads\/sites\/5\/2023\/07\/prefeito_feira.jpg\" \/>\n\t<meta property=\"og:image:width\" content=\"2047\" \/>\n\t<meta property=\"og:image:height\" content=\"1365\" \/>\n\t<meta property=\"og:image:type\" content=\"image\/jpeg\" \/>\n<meta name=\"author\" content=\"csilveira\" \/>\n<meta name=\"twitter:card\" content=\"summary_large_image\" \/>\n<meta name=\"twitter:label1\" content=\"Written by\" \/>\n\t<meta name=\"twitter:data1\" content=\"csilveira\" \/>\n\t<meta name=\"twitter:label2\" content=\"Est. reading time\" \/>\n\t<meta name=\"twitter:data2\" content=\"3 minutos\" \/>\n<script type=\"application\/ld+json\" class=\"yoast-schema-graph\">{\"@context\":\"https:\/\/schema.org\",\"@graph\":[{\"@type\":\"WebPage\",\"@id\":\"https:\/\/www.manaus.am.gov.br\/semcom\/prefeito-entrega-novo-mercado-carneiro-da-mota-para-populacao-do-morro-da-liberdade\/\",\"url\":\"https:\/\/www.manaus.am.gov.br\/semcom\/prefeito-entrega-novo-mercado-carneiro-da-mota-para-populacao-do-morro-da-liberdade\/\",\"name\":\"Prefeito entrega novo mercado Carneiro da Mota para popula\u00e7\u00e3o do Morro da Liberdade\",\"isPartOf\":{\"@id\":\"https:\/\/www.manaus.am.gov.br\/semcom\/#website\"},\"primaryImageOfPage\":{\"@id\":\"https:\/\/www.manaus.am.gov.br\/semcom\/prefeito-entrega-novo-mercado-carneiro-da-mota-para-populacao-do-morro-da-liberdade\/#primaryimage\"},\"image\":{\"@id\":\"https:\/\/www.manaus.am.gov.br\/semcom\/prefeito-entrega-novo-mercado-carneiro-da-mota-para-populacao-do-morro-da-liberdade\/#primaryimage\"},\"thumbnailUrl\":\"https:\/\/www.manaus.am.gov.br\/semcom\/wp-content\/uploads\/sites\/5\/2023\/07\/prefeito_feira.jpg\",\"datePublished\":\"2023-07-07T17:38:49+00:00\",\"dateModified\":\"2023-07-07T17:38:51+00:00\",\"author\":{\"@id\":\"https:\/\/www.manaus.am.gov.br\/semcom\/#\/schema\/person\/bfafc779be2e19b3d3ef4a59d418b606\"},\"description\":\"Dando sequ\u00eancia ao projeto de moderniza\u00e7\u00e3o das feiras e mercados da capital amazonense, o prefeito de Manaus.\",\"inLanguage\":\"pt-BR\",\"potentialAction\":[{\"@type\":\"ReadAction\",\"target\":[\"https:\/\/www.manaus.am.gov.br\/semcom\/prefeito-entrega-novo-mercado-carneiro-da-mota-para-populacao-do-morro-da-liberdade\/\"]}]},{\"@type\":\"ImageObject\",\"inLanguage\":\"pt-BR\",\"@id\":\"https:\/\/www.manaus.am.gov.br\/semcom\/prefeito-entrega-novo-mercado-carneiro-da-mota-para-populacao-do-morro-da-liberdade\/#primaryimage\",\"url\":\"https:\/\/www.manaus.am.gov.br\/semcom\/wp-content\/uploads\/sites\/5\/2023\/07\/prefeito_feira.jpg\",\"contentUrl\":\"https:\/\/www.manaus.am.gov.br\/semcom\/wp-content\/uploads\/sites\/5\/2023\/07\/prefeito_feira.jpg\",\"width\":2047,\"height\":1365},{\"@type\":\"WebSite\",\"@id\":\"https:\/\/www.manaus.am.gov.br\/semcom\/#website\",\"url\":\"https:\/\/www.manaus.am.gov.br\/semcom\/\",\"name\":\"SEMCOM\",\"description\":\"Secretaria Municipal de Comunica\u00e7\u00e3o\",\"potentialAction\":[{\"@type\":\"SearchAction\",\"target\":{\"@type\":\"EntryPoint\",\"urlTemplate\":\"https:\/\/www.manaus.am.gov.br\/semcom\/?s={search_term_string}\"},\"query-input\":\"required name=search_term_string\"}],\"inLanguage\":\"pt-BR\"},{\"@type\":\"Person\",\"@id\":\"https:\/\/www.manaus.am.gov.br\/semcom\/#\/schema\/person\/bfafc779be2e19b3d3ef4a59d418b606\",\"name\":\"csilveira\",\"image\":{\"@type\":\"ImageObject\",\"inLanguage\":\"pt-BR\",\"@id\":\"https:\/\/www.manaus.am.gov.br\/semcom\/#\/schema\/person\/image\/\",\"url\":\"https:\/\/secure.gravatar.com\/avatar\/9c2e2f00138fcd35401c748bd030d3b5?s=96&d=mm&r=g\",\"contentUrl\":\"https:\/\/secure.gravatar.com\/avatar\/9c2e2f00138fcd35401c748bd030d3b5?s=96&d=mm&r=g\",\"caption\":\"csilveira\"}}]}<\/script>\n<!-- \/ Yoast SEO plugin. -->","yoast_head_json":{"title":"Prefeito entrega novo mercado Carneiro da Mota para popula\u00e7\u00e3o do Morro da Liberdade","description":"Dando sequ\u00eancia ao projeto de moderniza\u00e7\u00e3o das feiras e mercados da capital amazonense, o prefeito de Manaus.","robots":{"index":"index","follow":"follow","max-snippet":"max-snippet:-1","max-image-preview":"max-image-preview:large","max-video-preview":"max-video-preview:-1"},"canonical":"https:\/\/www.manaus.am.gov.br\/semcom\/prefeito-entrega-novo-mercado-carneiro-da-mota-para-populacao-do-morro-da-liberdade\/","og_locale":"pt_BR","og_type":"article","og_title":"Prefeito entrega novo mercado Carneiro da Mota para popula\u00e7\u00e3o do Morro da Liberdade","og_description":"Dando sequ\u00eancia ao projeto de moderniza\u00e7\u00e3o das feiras e mercados da capital amazonense, o prefeito de Manaus.","og_url":"https:\/\/www.manaus.am.gov.br\/semcom\/prefeito-entrega-novo-mercado-carneiro-da-mota-para-populacao-do-morro-da-liberdade\/","og_site_name":"SEMCOM","article_published_time":"2023-07-07T17:38:49+00:00","article_modified_time":"2023-07-07T17:38:51+00:00","og_image":[{"width":2047,"height":1365,"url":"https:\/\/www.manaus.am.gov.br\/semcom\/wp-content\/uploads\/sites\/5\/2023\/07\/prefeito_feira.jpg","type":"image\/jpeg"}],"author":"csilveira","twitter_card":"summary_large_image","twitter_misc":{"Written by":"csilveira","Est. reading time":"3 minutos"},"schema":{"@context":"https:\/\/schema.org","@graph":[{"@type":"WebPage","@id":"https:\/\/www.manaus.am.gov.br\/semcom\/prefeito-entrega-novo-mercado-carneiro-da-mota-para-populacao-do-morro-da-liberdade\/","url":"https:\/\/www.manaus.am.gov.br\/semcom\/prefeito-entrega-novo-mercado-carneiro-da-mota-para-populacao-do-morro-da-liberdade\/","name":"Prefeito entrega novo mercado Carneiro da Mota para popula\u00e7\u00e3o do Morro da Liberdade","isPartOf":{"@id":"https:\/\/www.manaus.am.gov.br\/semcom\/#website"},"primaryImageOfPage":{"@id":"https:\/\/www.manaus.am.gov.br\/semcom\/prefeito-entrega-novo-mercado-carneiro-da-mota-para-populacao-do-morro-da-liberdade\/#primaryimage"},"image":{"@id":"https:\/\/www.manaus.am.gov.br\/semcom\/prefeito-entrega-novo-mercado-carneiro-da-mota-para-populacao-do-morro-da-liberdade\/#primaryimage"},"thumbnailUrl":"https:\/\/www.manaus.am.gov.br\/semcom\/wp-content\/uploads\/sites\/5\/2023\/07\/prefeito_feira.jpg","datePublished":"2023-07-07T17:38:49+00:00","dateModified":"2023-07-07T17:38:51+00:00","author":{"@id":"https:\/\/www.manaus.am.gov.br\/semcom\/#\/schema\/person\/bfafc779be2e19b3d3ef4a59d418b606"},"description":"Dando sequ\u00eancia ao projeto de moderniza\u00e7\u00e3o das feiras e mercados da capital amazonense, o prefeito de Manaus.","inLanguage":"pt-BR","potentialAction":[{"@type":"ReadAction","target":["https:\/\/www.manaus.am.gov.br\/semcom\/prefeito-entrega-novo-mercado-carneiro-da-mota-para-populacao-do-morro-da-liberdade\/"]}]},{"@type":"ImageObject","inLanguage":"pt-BR","@id":"https:\/\/www.manaus.am.gov.br\/semcom\/prefeito-entrega-novo-mercado-carneiro-da-mota-para-populacao-do-morro-da-liberdade\/#primaryimage","url":"https:\/\/www.manaus.am.gov.br\/semcom\/wp-content\/uploads\/sites\/5\/2023\/07\/prefeito_feira.jpg","contentUrl":"https:\/\/www.manaus.am.gov.br\/semcom\/wp-content\/uploads\/sites\/5\/2023\/07\/prefeito_feira.jpg","width":2047,"height":1365},{"@type":"WebSite","@id":"https:\/\/www.manaus.am.gov.br\/semcom\/#website","url":"https:\/\/www.manaus.am.gov.br\/semcom\/","name":"SEMCOM","description":"Secretaria Municipal de Comunica\u00e7\u00e3o","potentialAction":[{"@type":"SearchAction","target":{"@type":"EntryPoint","urlTemplate":"https:\/\/www.manaus.am.gov.br\/semcom\/?s={search_term_string}"},"query-input":"required name=search_term_string"}],"inLanguage":"pt-BR"},{"@type":"Person","@id":"https:\/\/www.manaus.am.gov.br\/semcom\/#\/schema\/person\/bfafc779be2e19b3d3ef4a59d418b606","name":"csilveira","image":{"@type":"ImageObject","inLanguage":"pt-BR","@id":"https:\/\/www.manaus.am.gov.br\/semcom\/#\/schema\/person\/image\/","url":"https:\/\/secure.gravatar.com\/avatar\/9c2e2f00138fcd35401c748bd030d3b5?s=96&d=mm&r=g","contentUrl":"https:\/\/secure.gravatar.com\/avatar\/9c2e2f00138fcd35401c748bd030d3b5?s=96&d=mm&r=g","caption":"csilveira"}}]}},"_links":{"self":[{"href":"https:\/\/www.manaus.am.gov.br\/semcom\/wp-json\/wp\/v2\/posts\/215926"}],"collection":[{"href":"https:\/\/www.manaus.am.gov.br\/semcom\/wp-json\/wp\/v2\/posts"}],"about":[{"href":"https:\/\/www.manaus.am.gov.br\/semcom\/wp-json\/wp\/v2\/types\/post"}],"author":[{"embeddable":true,"href":"https:\/\/www.manaus.am.gov.br\/semcom\/wp-json\/wp\/v2\/users\/52"}],"replies":[{"embeddable":true,"href":"https:\/\/www.manaus.am.gov.br\/semcom\/wp-json\/wp\/v2\/comments?post=215926"}],"version-history":[{"count":0,"href":"https:\/\/www.manaus.am.gov.br\/semcom\/wp-json\/wp\/v2\/posts\/215926\/revisions"}],"wp:featuredmedia":[{"embeddable":true,"href":"https:\/\/www.manaus.am.gov.br\/semcom\/wp-json\/wp\/v2\/media\/215927"}],"wp:attachment":[{"href":"https:\/\/www.manaus.am.gov.br\/semcom\/wp-json\/wp\/v2\/media?parent=215926"}],"wp:term":[{"taxonomy":"category","embeddable":true,"href":"https:\/\/www.manaus.am.gov.br\/semcom\/wp-json\/wp\/v2\/categories?post=215926"},{"taxonomy":"post_tag","embeddable":true,"href":"https:\/\/www.manaus.am.gov.br\/semcom\/wp-json\/wp\/v2\/tags?post=215926"}],"curies":[{"name":"wp","href":"https:\/\/api.w.org\/{rel}","templated":true}]}}