{"id":215592,"date":"2023-06-27T15:44:25","date_gmt":"2023-06-27T18:44:25","guid":{"rendered":"https:\/\/www.manaus.am.gov.br\/semcom\/ageman-fiscaliza-inicio-das-obras-do-sistema-de-esgotamento-sanitario-ponta-negra\/"},"modified":"2023-08-09T11:07:07","modified_gmt":"2023-08-09T14:07:07","slug":"ageman-fiscaliza-inicio-das-obras-do-sistema-de-esgotamento-sanitario-ponta-negra","status":"publish","type":"post","link":"https:\/\/www.manaus.am.gov.br\/semcom\/ageman-fiscaliza-inicio-das-obras-do-sistema-de-esgotamento-sanitario-ponta-negra\/","title":{"rendered":"Ageman fiscaliza in\u00edcio das obras do Sistema de Esgotamento Sanit\u00e1rio Ponta Negra"},"content":{"rendered":"\n<p>T\u00e9cnicos da Ag\u00eancia Reguladora dos Servi\u00e7os P\u00fablicos Delegados do Munic\u00edpio de Manaus (Ageman) est\u00e3o fiscalizando as obras do Sistema de Esgotamento Sanit\u00e1rio Ponta Negra, na zona Oeste de Manaus.<\/p>\n\n\n\n<p>A estrutura consta no Plano de Explora\u00e7\u00e3o de Servi\u00e7os de 2023 da concession\u00e1ria \u00c1guas de Manaus, aprovado pelo \u00f3rg\u00e3o regulador municipal e visa ampliar a cobertura do servi\u00e7o de esgotamento sanit\u00e1rio da capital amazonense, que hoje est\u00e1 em 26%.<\/p>\n\n\n\n<p>Os trabalhos iniciaram em mar\u00e7o com a implanta\u00e7\u00e3o da Esta\u00e7\u00e3o Elevat\u00f3ria de Esgoto bruto, a qual ter\u00e1 a fun\u00e7\u00e3o de direcionar o esgoto coletado dos im\u00f3veis para a Esta\u00e7\u00e3o de Tratamento de Esgoto Ponta Negra, que ter\u00e1 sua constru\u00e7\u00e3o iniciada a partir dos pr\u00f3ximos meses na avenida Perimetral Thales Loureiro.<\/p>\n\n\n\n<p>Al\u00e9m de vistoriar o andamento dos trabalhos, os t\u00e9cnicos da Ageman tamb\u00e9m acompanham os servi\u00e7os de recomposi\u00e7\u00e3o do passeio e o asfaltamento das vias, onde a obra est\u00e1 sendo realizada.<\/p>\n\n\n\n<p>\u201cEssa \u00e9 uma obra importante para a expans\u00e3o do servi\u00e7o de esgotamento sanit\u00e1rio de nossa cidade e n\u00f3s estamos acompanhando todas as fases desse projeto, o qual vai contribuir substancialmente com a melhoria do saneamento b\u00e1sico da cidade\u201d, afirmou a diretora t\u00e9cnica de Concess\u00f5es, Obras e Saneamento da Ageman, Suzy Tavares.<\/p>\n\n\n\n<p>&#8212; &#8212; &#8212;<\/p>\n\n\n\n<p><strong>Texto \u2013<\/strong>&nbsp;Tereza Te\u00f3filo \/ Ageman<\/p>\n\n\n\n<p><strong>Fotos \u2013<\/strong>&nbsp;Divulga\u00e7\u00e3o \/ Ageman<\/p>\n","protected":false},"excerpt":{"rendered":"","protected":false},"author":24,"featured_media":215593,"comment_status":"closed","ping_status":"closed","sticky":false,"template":"","format":"standard","meta":{"footnotes":""},"categories":[1315],"tags":[215,216,2494,5597,5598],"acf":[],"yoast_head":"<!-- This site is optimized with the Yoast SEO plugin v23.0 - https:\/\/yoast.com\/wordpress\/plugins\/seo\/ -->\n<title>Ageman fiscaliza in\u00edcio das obras do Sistema de Esgotamento Sanit\u00e1rio Ponta Negra - SEMCOM<\/title>\n<meta name=\"description\" content=\"T\u00e9cnicos da Ag\u00eancia Reguladora dos Servi\u00e7os P\u00fablicos Delegados do Munic\u00edpio de Manaus (Ageman) est\u00e3o fiscalizando as obras do Sistema de Esgotamento Sanit\u00e1rio Ponta Negra, na zona Oeste de Manaus.\" \/>\n<meta name=\"robots\" content=\"index, follow, max-snippet:-1, max-image-preview:large, max-video-preview:-1\" \/>\n<link rel=\"canonical\" href=\"https:\/\/www.manaus.am.gov.br\/semcom\/ageman-fiscaliza-inicio-das-obras-do-sistema-de-esgotamento-sanitario-ponta-negra\/\" \/>\n<meta property=\"og:locale\" content=\"pt_BR\" \/>\n<meta property=\"og:type\" content=\"article\" \/>\n<meta property=\"og:title\" content=\"Ageman fiscaliza in\u00edcio das obras do Sistema de Esgotamento Sanit\u00e1rio Ponta Negra - SEMCOM\" \/>\n<meta property=\"og:description\" content=\"T\u00e9cnicos da Ag\u00eancia Reguladora dos Servi\u00e7os P\u00fablicos Delegados do Munic\u00edpio de Manaus (Ageman) est\u00e3o fiscalizando as obras do Sistema de Esgotamento Sanit\u00e1rio Ponta Negra, na zona Oeste de Manaus.\" \/>\n<meta property=\"og:url\" content=\"https:\/\/www.manaus.am.gov.br\/semcom\/ageman-fiscaliza-inicio-das-obras-do-sistema-de-esgotamento-sanitario-ponta-negra\/\" \/>\n<meta property=\"og:site_name\" content=\"SEMCOM\" \/>\n<meta property=\"article:published_time\" content=\"2023-06-27T18:44:25+00:00\" \/>\n<meta property=\"article:modified_time\" content=\"2023-08-09T14:07:07+00:00\" \/>\n<meta property=\"og:image\" content=\"https:\/\/www.manaus.am.gov.br\/semcom\/wp-content\/uploads\/sites\/5\/2023\/06\/ses-ponta-negra-2.jpeg\" \/>\n\t<meta property=\"og:image:width\" content=\"1040\" \/>\n\t<meta property=\"og:image:height\" content=\"780\" \/>\n\t<meta property=\"og:image:type\" content=\"image\/jpeg\" \/>\n<meta name=\"author\" content=\"Cl\u00e1udia Barbosa\" \/>\n<meta name=\"twitter:card\" content=\"summary_large_image\" \/>\n<meta name=\"twitter:label1\" content=\"Written by\" \/>\n\t<meta name=\"twitter:data1\" content=\"Cl\u00e1udia Barbosa\" \/>\n\t<meta name=\"twitter:label2\" content=\"Est. reading time\" \/>\n\t<meta name=\"twitter:data2\" content=\"2 minutos\" \/>\n<script type=\"application\/ld+json\" class=\"yoast-schema-graph\">{\"@context\":\"https:\/\/schema.org\",\"@graph\":[{\"@type\":\"WebPage\",\"@id\":\"https:\/\/www.manaus.am.gov.br\/semcom\/ageman-fiscaliza-inicio-das-obras-do-sistema-de-esgotamento-sanitario-ponta-negra\/\",\"url\":\"https:\/\/www.manaus.am.gov.br\/semcom\/ageman-fiscaliza-inicio-das-obras-do-sistema-de-esgotamento-sanitario-ponta-negra\/\",\"name\":\"Ageman fiscaliza in\u00edcio das obras do Sistema de Esgotamento Sanit\u00e1rio Ponta Negra - SEMCOM\",\"isPartOf\":{\"@id\":\"https:\/\/www.manaus.am.gov.br\/semcom\/#website\"},\"primaryImageOfPage\":{\"@id\":\"https:\/\/www.manaus.am.gov.br\/semcom\/ageman-fiscaliza-inicio-das-obras-do-sistema-de-esgotamento-sanitario-ponta-negra\/#primaryimage\"},\"image\":{\"@id\":\"https:\/\/www.manaus.am.gov.br\/semcom\/ageman-fiscaliza-inicio-das-obras-do-sistema-de-esgotamento-sanitario-ponta-negra\/#primaryimage\"},\"thumbnailUrl\":\"https:\/\/www.manaus.am.gov.br\/semcom\/wp-content\/uploads\/sites\/5\/2023\/06\/ses-ponta-negra-2.jpeg\",\"datePublished\":\"2023-06-27T18:44:25+00:00\",\"dateModified\":\"2023-08-09T14:07:07+00:00\",\"author\":{\"@id\":\"https:\/\/www.manaus.am.gov.br\/semcom\/#\/schema\/person\/d0a166b5031154c33c77794ddc9a827e\"},\"description\":\"T\u00e9cnicos da Ag\u00eancia Reguladora dos Servi\u00e7os P\u00fablicos Delegados do Munic\u00edpio de Manaus (Ageman) est\u00e3o fiscalizando as obras do Sistema de Esgotamento Sanit\u00e1rio Ponta Negra, na zona Oeste de Manaus.\",\"inLanguage\":\"pt-BR\",\"potentialAction\":[{\"@type\":\"ReadAction\",\"target\":[\"https:\/\/www.manaus.am.gov.br\/semcom\/ageman-fiscaliza-inicio-das-obras-do-sistema-de-esgotamento-sanitario-ponta-negra\/\"]}]},{\"@type\":\"ImageObject\",\"inLanguage\":\"pt-BR\",\"@id\":\"https:\/\/www.manaus.am.gov.br\/semcom\/ageman-fiscaliza-inicio-das-obras-do-sistema-de-esgotamento-sanitario-ponta-negra\/#primaryimage\",\"url\":\"https:\/\/www.manaus.am.gov.br\/semcom\/wp-content\/uploads\/sites\/5\/2023\/06\/ses-ponta-negra-2.jpeg\",\"contentUrl\":\"https:\/\/www.manaus.am.gov.br\/semcom\/wp-content\/uploads\/sites\/5\/2023\/06\/ses-ponta-negra-2.jpeg\",\"width\":1040,\"height\":780},{\"@type\":\"WebSite\",\"@id\":\"https:\/\/www.manaus.am.gov.br\/semcom\/#website\",\"url\":\"https:\/\/www.manaus.am.gov.br\/semcom\/\",\"name\":\"SEMCOM\",\"description\":\"Secretaria Municipal de Comunica\u00e7\u00e3o\",\"potentialAction\":[{\"@type\":\"SearchAction\",\"target\":{\"@type\":\"EntryPoint\",\"urlTemplate\":\"https:\/\/www.manaus.am.gov.br\/semcom\/?s={search_term_string}\"},\"query-input\":\"required name=search_term_string\"}],\"inLanguage\":\"pt-BR\"},{\"@type\":\"Person\",\"@id\":\"https:\/\/www.manaus.am.gov.br\/semcom\/#\/schema\/person\/d0a166b5031154c33c77794ddc9a827e\",\"name\":\"Cl\u00e1udia Barbosa\",\"image\":{\"@type\":\"ImageObject\",\"inLanguage\":\"pt-BR\",\"@id\":\"https:\/\/www.manaus.am.gov.br\/semcom\/#\/schema\/person\/image\/\",\"url\":\"https:\/\/secure.gravatar.com\/avatar\/42958a1cf007f1a00534009218c72590?s=96&d=mm&r=g\",\"contentUrl\":\"https:\/\/secure.gravatar.com\/avatar\/42958a1cf007f1a00534009218c72590?s=96&d=mm&r=g\",\"caption\":\"Cl\u00e1udia Barbosa\"}}]}<\/script>\n<!-- \/ Yoast SEO plugin. -->","yoast_head_json":{"title":"Ageman fiscaliza in\u00edcio das obras do Sistema de Esgotamento Sanit\u00e1rio Ponta Negra - SEMCOM","description":"T\u00e9cnicos da Ag\u00eancia Reguladora dos Servi\u00e7os P\u00fablicos Delegados do Munic\u00edpio de Manaus (Ageman) est\u00e3o fiscalizando as obras do Sistema de Esgotamento Sanit\u00e1rio Ponta Negra, na zona Oeste de Manaus.","robots":{"index":"index","follow":"follow","max-snippet":"max-snippet:-1","max-image-preview":"max-image-preview:large","max-video-preview":"max-video-preview:-1"},"canonical":"https:\/\/www.manaus.am.gov.br\/semcom\/ageman-fiscaliza-inicio-das-obras-do-sistema-de-esgotamento-sanitario-ponta-negra\/","og_locale":"pt_BR","og_type":"article","og_title":"Ageman fiscaliza in\u00edcio das obras do Sistema de Esgotamento Sanit\u00e1rio Ponta Negra - SEMCOM","og_description":"T\u00e9cnicos da Ag\u00eancia Reguladora dos Servi\u00e7os P\u00fablicos Delegados do Munic\u00edpio de Manaus (Ageman) est\u00e3o fiscalizando as obras do Sistema de Esgotamento Sanit\u00e1rio Ponta Negra, na zona Oeste de Manaus.","og_url":"https:\/\/www.manaus.am.gov.br\/semcom\/ageman-fiscaliza-inicio-das-obras-do-sistema-de-esgotamento-sanitario-ponta-negra\/","og_site_name":"SEMCOM","article_published_time":"2023-06-27T18:44:25+00:00","article_modified_time":"2023-08-09T14:07:07+00:00","og_image":[{"width":1040,"height":780,"url":"https:\/\/www.manaus.am.gov.br\/semcom\/wp-content\/uploads\/sites\/5\/2023\/06\/ses-ponta-negra-2.jpeg","type":"image\/jpeg"}],"author":"Cl\u00e1udia Barbosa","twitter_card":"summary_large_image","twitter_misc":{"Written by":"Cl\u00e1udia Barbosa","Est. reading time":"2 minutos"},"schema":{"@context":"https:\/\/schema.org","@graph":[{"@type":"WebPage","@id":"https:\/\/www.manaus.am.gov.br\/semcom\/ageman-fiscaliza-inicio-das-obras-do-sistema-de-esgotamento-sanitario-ponta-negra\/","url":"https:\/\/www.manaus.am.gov.br\/semcom\/ageman-fiscaliza-inicio-das-obras-do-sistema-de-esgotamento-sanitario-ponta-negra\/","name":"Ageman fiscaliza in\u00edcio das obras do Sistema de Esgotamento Sanit\u00e1rio Ponta Negra - SEMCOM","isPartOf":{"@id":"https:\/\/www.manaus.am.gov.br\/semcom\/#website"},"primaryImageOfPage":{"@id":"https:\/\/www.manaus.am.gov.br\/semcom\/ageman-fiscaliza-inicio-das-obras-do-sistema-de-esgotamento-sanitario-ponta-negra\/#primaryimage"},"image":{"@id":"https:\/\/www.manaus.am.gov.br\/semcom\/ageman-fiscaliza-inicio-das-obras-do-sistema-de-esgotamento-sanitario-ponta-negra\/#primaryimage"},"thumbnailUrl":"https:\/\/www.manaus.am.gov.br\/semcom\/wp-content\/uploads\/sites\/5\/2023\/06\/ses-ponta-negra-2.jpeg","datePublished":"2023-06-27T18:44:25+00:00","dateModified":"2023-08-09T14:07:07+00:00","author":{"@id":"https:\/\/www.manaus.am.gov.br\/semcom\/#\/schema\/person\/d0a166b5031154c33c77794ddc9a827e"},"description":"T\u00e9cnicos da Ag\u00eancia Reguladora dos Servi\u00e7os P\u00fablicos Delegados do Munic\u00edpio de Manaus (Ageman) est\u00e3o fiscalizando as obras do Sistema de Esgotamento Sanit\u00e1rio Ponta Negra, na zona Oeste de Manaus.","inLanguage":"pt-BR","potentialAction":[{"@type":"ReadAction","target":["https:\/\/www.manaus.am.gov.br\/semcom\/ageman-fiscaliza-inicio-das-obras-do-sistema-de-esgotamento-sanitario-ponta-negra\/"]}]},{"@type":"ImageObject","inLanguage":"pt-BR","@id":"https:\/\/www.manaus.am.gov.br\/semcom\/ageman-fiscaliza-inicio-das-obras-do-sistema-de-esgotamento-sanitario-ponta-negra\/#primaryimage","url":"https:\/\/www.manaus.am.gov.br\/semcom\/wp-content\/uploads\/sites\/5\/2023\/06\/ses-ponta-negra-2.jpeg","contentUrl":"https:\/\/www.manaus.am.gov.br\/semcom\/wp-content\/uploads\/sites\/5\/2023\/06\/ses-ponta-negra-2.jpeg","width":1040,"height":780},{"@type":"WebSite","@id":"https:\/\/www.manaus.am.gov.br\/semcom\/#website","url":"https:\/\/www.manaus.am.gov.br\/semcom\/","name":"SEMCOM","description":"Secretaria Municipal de Comunica\u00e7\u00e3o","potentialAction":[{"@type":"SearchAction","target":{"@type":"EntryPoint","urlTemplate":"https:\/\/www.manaus.am.gov.br\/semcom\/?s={search_term_string}"},"query-input":"required name=search_term_string"}],"inLanguage":"pt-BR"},{"@type":"Person","@id":"https:\/\/www.manaus.am.gov.br\/semcom\/#\/schema\/person\/d0a166b5031154c33c77794ddc9a827e","name":"Cl\u00e1udia Barbosa","image":{"@type":"ImageObject","inLanguage":"pt-BR","@id":"https:\/\/www.manaus.am.gov.br\/semcom\/#\/schema\/person\/image\/","url":"https:\/\/secure.gravatar.com\/avatar\/42958a1cf007f1a00534009218c72590?s=96&d=mm&r=g","contentUrl":"https:\/\/secure.gravatar.com\/avatar\/42958a1cf007f1a00534009218c72590?s=96&d=mm&r=g","caption":"Cl\u00e1udia Barbosa"}}]}},"_links":{"self":[{"href":"https:\/\/www.manaus.am.gov.br\/semcom\/wp-json\/wp\/v2\/posts\/215592"}],"collection":[{"href":"https:\/\/www.manaus.am.gov.br\/semcom\/wp-json\/wp\/v2\/posts"}],"about":[{"href":"https:\/\/www.manaus.am.gov.br\/semcom\/wp-json\/wp\/v2\/types\/post"}],"author":[{"embeddable":true,"href":"https:\/\/www.manaus.am.gov.br\/semcom\/wp-json\/wp\/v2\/users\/24"}],"replies":[{"embeddable":true,"href":"https:\/\/www.manaus.am.gov.br\/semcom\/wp-json\/wp\/v2\/comments?post=215592"}],"version-history":[{"count":1,"href":"https:\/\/www.manaus.am.gov.br\/semcom\/wp-json\/wp\/v2\/posts\/215592\/revisions"}],"predecessor-version":[{"id":217155,"href":"https:\/\/www.manaus.am.gov.br\/semcom\/wp-json\/wp\/v2\/posts\/215592\/revisions\/217155"}],"wp:featuredmedia":[{"embeddable":true,"href":"https:\/\/www.manaus.am.gov.br\/semcom\/wp-json\/wp\/v2\/media\/215593"}],"wp:attachment":[{"href":"https:\/\/www.manaus.am.gov.br\/semcom\/wp-json\/wp\/v2\/media?parent=215592"}],"wp:term":[{"taxonomy":"category","embeddable":true,"href":"https:\/\/www.manaus.am.gov.br\/semcom\/wp-json\/wp\/v2\/categories?post=215592"},{"taxonomy":"post_tag","embeddable":true,"href":"https:\/\/www.manaus.am.gov.br\/semcom\/wp-json\/wp\/v2\/tags?post=215592"}],"curies":[{"name":"wp","href":"https:\/\/api.w.org\/{rel}","templated":true}]}}