{"id":215505,"date":"2023-06-25T12:13:23","date_gmt":"2023-06-25T15:13:23","guid":{"rendered":"https:\/\/www.manaus.am.gov.br\/semcom\/prefeitura-de-manaus-alerta-contemplados-do-bolsa-idiomas-sobre-prazo-para-entrega-de-documentos\/"},"modified":"2023-06-25T12:13:25","modified_gmt":"2023-06-25T15:13:25","slug":"prefeitura-de-manaus-alerta-contemplados-do-bolsa-idiomas-sobre-prazo-para-entrega-de-documentos","status":"publish","type":"post","link":"https:\/\/www.manaus.am.gov.br\/semcom\/prefeitura-de-manaus-alerta-contemplados-do-bolsa-idiomas-sobre-prazo-para-entrega-de-documentos\/","title":{"rendered":"<strong>Prefeitura de Manaus alerta contemplados do Bolsa Idiomas sobre prazo para entrega de documentos<\/strong>"},"content":{"rendered":"\n<p>O prazo para os contemplados na primeira chamada do Programa Bolsa Idiomas (PBI), da Prefeitura de Manaus, entregarem a documenta\u00e7\u00e3o nas institui\u00e7\u00f5es de ensino de l\u00edngua estrangeira termina \u00e0s 15h desta segunda-feira, 26\/6. De acordo com o edital n\u00ba 2\/2023 \u2013 PBI, publicado no&nbsp;<a href=\"http:\/\/dom.manaus.am.gov.br\/\" target=\"_blank\" rel=\"noreferrer noopener\">Di\u00e1rio Oficial do Munic\u00edpio<\/a>&nbsp;(DOM), de 20\/4, o candidato classificado que deixar de entregar os documentos exigidos ser\u00e1 automaticamente eliminado, n\u00e3o sendo admitida entrega de documentos fora do prazo estipulado.<\/p>\n\n\n\n<p>Para o PBI 2023, foram disponibilizadas 30.020 bolsas com descontos variando entre 100%, 75% e 50%. A Escola de Servi\u00e7o P\u00fablico e Inclus\u00e3o Socioeducacional (Espi), gestora do programa, registrou recorde hist\u00f3rico no n\u00famero de inscri\u00e7\u00f5es, desde que o programa foi criado, em 2.013: 25.590. Este ano, por decis\u00e3o do prefeito David Almeida, o PBI foi ampliado para alcan\u00e7ar estudantes a partir dos 10 anos de idade.<\/p>\n\n\n\n<p>O diretor-geral da Espi, J\u00fanior Nunes, explica que esta \u00e9 uma etapa importante para assegurar a vaga do candidato. \u201cA entrega serve para comprovar as informa\u00e7\u00f5es prestadas ao sistema quando do preenchimento do formul\u00e1rio de inscri\u00e7\u00e3o. Ap\u00f3s isso, ser\u00e1 feita a an\u00e1lise da documenta\u00e7\u00e3o para fins de compara\u00e7\u00e3o com o que foi informado pelo candidato quando fez a sua inscri\u00e7\u00e3o eletr\u00f4nica. Estando tudo de acordo, ser\u00e1 emitido o encaminhamento de matr\u00edcula para ades\u00e3o ao benef\u00edcio, respeitando os procedimentos e prazos de matr\u00edcula das institui\u00e7\u00f5es de ensino. Isso quer dizer que n\u00e3o \u00e9 necess\u00e1rio pagar nada nesta etapa, e n\u00e3o h\u00e1 cobran\u00e7a de taxa de matr\u00edcula\u201d, orienta J\u00fanior.<\/p>\n\n\n\n<p>Entre os crit\u00e9rios para concorrer a uma das bolsas est\u00e3o residir em Manaus; estar cursando, ou ter conclu\u00eddo o ensino fundamental; ter renda per capita n\u00e3o superior a 2,5 sal\u00e1rios-m\u00ednimos (R$ 3.300, em valores atuais); e n\u00e3o ser benefici\u00e1rio de programa similar mantido pelo poder p\u00fablico (programas de bolsas de estudos). O PBI destina 5% das bolsas para idosos e 5% para Pessoas com Defici\u00eancia (PcDs).<\/p>\n\n\n\n<p>&#8212; &#8212; &#8212;<\/p>\n\n\n\n<p><strong>Texto<\/strong>&nbsp;\u2013 Sandra Monteiro\/Semad-Espi<\/p>\n\n\n\n<p><strong>Fotos<\/strong>&nbsp;\u2013 Aguilar Abecassis \/ Arquivo Semcom<\/p>\n\n\n\n<p><strong>Dispon\u00edvel em &#8211;<\/strong>&nbsp;<a href=\"https:\/\/flic.kr\/p\/2oEqwPo\" target=\"_blank\" rel=\"noreferrer noopener\">https:\/\/flic.kr\/p\/2oEqwPo<\/a><\/p>\n","protected":false},"excerpt":{"rendered":"","protected":false},"author":24,"featured_media":215506,"comment_status":"closed","ping_status":"closed","sticky":false,"template":"","format":"standard","meta":{"footnotes":""},"categories":[931],"tags":[35,1055,5541,1056,1888,934,2298,77,2299],"acf":[],"yoast_head":"<!-- This site is optimized with the Yoast SEO plugin v23.0 - https:\/\/yoast.com\/wordpress\/plugins\/seo\/ -->\n<title>Prefeitura de Manaus alerta contemplados do Bolsa Idiomas sobre prazo para entrega de documentos - SEMCOM<\/title>\n<meta name=\"description\" content=\"O prazo para os contemplados na primeira chamada do Programa Bolsa Idiomas (PBI), da Prefeitura de Manaus, entregarem a documenta\u00e7\u00e3o nas institui\u00e7\u00f5es de ensino de l\u00edngua estrangeira termina \u00e0s 15h desta segunda-feira, 26\/6.\" \/>\n<meta name=\"robots\" content=\"index, follow, max-snippet:-1, max-image-preview:large, max-video-preview:-1\" \/>\n<link rel=\"canonical\" href=\"https:\/\/www.manaus.am.gov.br\/semcom\/prefeitura-de-manaus-alerta-contemplados-do-bolsa-idiomas-sobre-prazo-para-entrega-de-documentos\/\" \/>\n<meta property=\"og:locale\" content=\"pt_BR\" \/>\n<meta property=\"og:type\" content=\"article\" \/>\n<meta property=\"og:title\" content=\"Prefeitura de Manaus alerta contemplados do Bolsa Idiomas sobre prazo para entrega de documentos - SEMCOM\" \/>\n<meta property=\"og:description\" content=\"O prazo para os contemplados na primeira chamada do Programa Bolsa Idiomas (PBI), da Prefeitura de Manaus, entregarem a documenta\u00e7\u00e3o nas institui\u00e7\u00f5es de ensino de l\u00edngua estrangeira termina \u00e0s 15h desta segunda-feira, 26\/6.\" \/>\n<meta property=\"og:url\" content=\"https:\/\/www.manaus.am.gov.br\/semcom\/prefeitura-de-manaus-alerta-contemplados-do-bolsa-idiomas-sobre-prazo-para-entrega-de-documentos\/\" \/>\n<meta property=\"og:site_name\" content=\"SEMCOM\" \/>\n<meta property=\"article:published_time\" content=\"2023-06-25T15:13:23+00:00\" \/>\n<meta property=\"article:modified_time\" content=\"2023-06-25T15:13:25+00:00\" \/>\n<meta property=\"og:image\" content=\"https:\/\/www.manaus.am.gov.br\/semcom\/wp-content\/uploads\/sites\/5\/2023\/06\/52943354644_430c96d908_o-1-1024x683.jpg\" \/>\n\t<meta property=\"og:image:width\" content=\"1024\" \/>\n\t<meta property=\"og:image:height\" content=\"683\" \/>\n\t<meta property=\"og:image:type\" content=\"image\/jpeg\" \/>\n<meta name=\"author\" content=\"Cl\u00e1udia Barbosa\" \/>\n<meta name=\"twitter:card\" content=\"summary_large_image\" \/>\n<meta name=\"twitter:label1\" content=\"Written by\" \/>\n\t<meta name=\"twitter:data1\" content=\"Cl\u00e1udia Barbosa\" \/>\n\t<meta name=\"twitter:label2\" content=\"Est. reading time\" \/>\n\t<meta name=\"twitter:data2\" content=\"2 minutos\" \/>\n<script type=\"application\/ld+json\" class=\"yoast-schema-graph\">{\"@context\":\"https:\/\/schema.org\",\"@graph\":[{\"@type\":\"WebPage\",\"@id\":\"https:\/\/www.manaus.am.gov.br\/semcom\/prefeitura-de-manaus-alerta-contemplados-do-bolsa-idiomas-sobre-prazo-para-entrega-de-documentos\/\",\"url\":\"https:\/\/www.manaus.am.gov.br\/semcom\/prefeitura-de-manaus-alerta-contemplados-do-bolsa-idiomas-sobre-prazo-para-entrega-de-documentos\/\",\"name\":\"Prefeitura de Manaus alerta contemplados do Bolsa Idiomas sobre prazo para entrega de documentos - SEMCOM\",\"isPartOf\":{\"@id\":\"https:\/\/www.manaus.am.gov.br\/semcom\/#website\"},\"primaryImageOfPage\":{\"@id\":\"https:\/\/www.manaus.am.gov.br\/semcom\/prefeitura-de-manaus-alerta-contemplados-do-bolsa-idiomas-sobre-prazo-para-entrega-de-documentos\/#primaryimage\"},\"image\":{\"@id\":\"https:\/\/www.manaus.am.gov.br\/semcom\/prefeitura-de-manaus-alerta-contemplados-do-bolsa-idiomas-sobre-prazo-para-entrega-de-documentos\/#primaryimage\"},\"thumbnailUrl\":\"https:\/\/www.manaus.am.gov.br\/semcom\/wp-content\/uploads\/sites\/5\/2023\/06\/52943354644_430c96d908_o-1.jpg\",\"datePublished\":\"2023-06-25T15:13:23+00:00\",\"dateModified\":\"2023-06-25T15:13:25+00:00\",\"author\":{\"@id\":\"https:\/\/www.manaus.am.gov.br\/semcom\/#\/schema\/person\/d0a166b5031154c33c77794ddc9a827e\"},\"description\":\"O prazo para os contemplados na primeira chamada do Programa Bolsa Idiomas (PBI), da Prefeitura de Manaus, entregarem a documenta\u00e7\u00e3o nas institui\u00e7\u00f5es de ensino de l\u00edngua estrangeira termina \u00e0s 15h desta segunda-feira, 26\/6.\",\"inLanguage\":\"pt-BR\",\"potentialAction\":[{\"@type\":\"ReadAction\",\"target\":[\"https:\/\/www.manaus.am.gov.br\/semcom\/prefeitura-de-manaus-alerta-contemplados-do-bolsa-idiomas-sobre-prazo-para-entrega-de-documentos\/\"]}]},{\"@type\":\"ImageObject\",\"inLanguage\":\"pt-BR\",\"@id\":\"https:\/\/www.manaus.am.gov.br\/semcom\/prefeitura-de-manaus-alerta-contemplados-do-bolsa-idiomas-sobre-prazo-para-entrega-de-documentos\/#primaryimage\",\"url\":\"https:\/\/www.manaus.am.gov.br\/semcom\/wp-content\/uploads\/sites\/5\/2023\/06\/52943354644_430c96d908_o-1.jpg\",\"contentUrl\":\"https:\/\/www.manaus.am.gov.br\/semcom\/wp-content\/uploads\/sites\/5\/2023\/06\/52943354644_430c96d908_o-1.jpg\",\"width\":4500,\"height\":3000},{\"@type\":\"WebSite\",\"@id\":\"https:\/\/www.manaus.am.gov.br\/semcom\/#website\",\"url\":\"https:\/\/www.manaus.am.gov.br\/semcom\/\",\"name\":\"SEMCOM\",\"description\":\"Secretaria Municipal de Comunica\u00e7\u00e3o\",\"potentialAction\":[{\"@type\":\"SearchAction\",\"target\":{\"@type\":\"EntryPoint\",\"urlTemplate\":\"https:\/\/www.manaus.am.gov.br\/semcom\/?s={search_term_string}\"},\"query-input\":\"required name=search_term_string\"}],\"inLanguage\":\"pt-BR\"},{\"@type\":\"Person\",\"@id\":\"https:\/\/www.manaus.am.gov.br\/semcom\/#\/schema\/person\/d0a166b5031154c33c77794ddc9a827e\",\"name\":\"Cl\u00e1udia Barbosa\",\"image\":{\"@type\":\"ImageObject\",\"inLanguage\":\"pt-BR\",\"@id\":\"https:\/\/www.manaus.am.gov.br\/semcom\/#\/schema\/person\/image\/\",\"url\":\"https:\/\/secure.gravatar.com\/avatar\/42958a1cf007f1a00534009218c72590?s=96&d=mm&r=g\",\"contentUrl\":\"https:\/\/secure.gravatar.com\/avatar\/42958a1cf007f1a00534009218c72590?s=96&d=mm&r=g\",\"caption\":\"Cl\u00e1udia Barbosa\"}}]}<\/script>\n<!-- \/ Yoast SEO plugin. -->","yoast_head_json":{"title":"Prefeitura de Manaus alerta contemplados do Bolsa Idiomas sobre prazo para entrega de documentos - SEMCOM","description":"O prazo para os contemplados na primeira chamada do Programa Bolsa Idiomas (PBI), da Prefeitura de Manaus, entregarem a documenta\u00e7\u00e3o nas institui\u00e7\u00f5es de ensino de l\u00edngua estrangeira termina \u00e0s 15h desta segunda-feira, 26\/6.","robots":{"index":"index","follow":"follow","max-snippet":"max-snippet:-1","max-image-preview":"max-image-preview:large","max-video-preview":"max-video-preview:-1"},"canonical":"https:\/\/www.manaus.am.gov.br\/semcom\/prefeitura-de-manaus-alerta-contemplados-do-bolsa-idiomas-sobre-prazo-para-entrega-de-documentos\/","og_locale":"pt_BR","og_type":"article","og_title":"Prefeitura de Manaus alerta contemplados do Bolsa Idiomas sobre prazo para entrega de documentos - SEMCOM","og_description":"O prazo para os contemplados na primeira chamada do Programa Bolsa Idiomas (PBI), da Prefeitura de Manaus, entregarem a documenta\u00e7\u00e3o nas institui\u00e7\u00f5es de ensino de l\u00edngua estrangeira termina \u00e0s 15h desta segunda-feira, 26\/6.","og_url":"https:\/\/www.manaus.am.gov.br\/semcom\/prefeitura-de-manaus-alerta-contemplados-do-bolsa-idiomas-sobre-prazo-para-entrega-de-documentos\/","og_site_name":"SEMCOM","article_published_time":"2023-06-25T15:13:23+00:00","article_modified_time":"2023-06-25T15:13:25+00:00","og_image":[{"width":1024,"height":683,"url":"https:\/\/www.manaus.am.gov.br\/semcom\/wp-content\/uploads\/sites\/5\/2023\/06\/52943354644_430c96d908_o-1-1024x683.jpg","type":"image\/jpeg"}],"author":"Cl\u00e1udia Barbosa","twitter_card":"summary_large_image","twitter_misc":{"Written by":"Cl\u00e1udia Barbosa","Est. reading time":"2 minutos"},"schema":{"@context":"https:\/\/schema.org","@graph":[{"@type":"WebPage","@id":"https:\/\/www.manaus.am.gov.br\/semcom\/prefeitura-de-manaus-alerta-contemplados-do-bolsa-idiomas-sobre-prazo-para-entrega-de-documentos\/","url":"https:\/\/www.manaus.am.gov.br\/semcom\/prefeitura-de-manaus-alerta-contemplados-do-bolsa-idiomas-sobre-prazo-para-entrega-de-documentos\/","name":"Prefeitura de Manaus alerta contemplados do Bolsa Idiomas sobre prazo para entrega de documentos - SEMCOM","isPartOf":{"@id":"https:\/\/www.manaus.am.gov.br\/semcom\/#website"},"primaryImageOfPage":{"@id":"https:\/\/www.manaus.am.gov.br\/semcom\/prefeitura-de-manaus-alerta-contemplados-do-bolsa-idiomas-sobre-prazo-para-entrega-de-documentos\/#primaryimage"},"image":{"@id":"https:\/\/www.manaus.am.gov.br\/semcom\/prefeitura-de-manaus-alerta-contemplados-do-bolsa-idiomas-sobre-prazo-para-entrega-de-documentos\/#primaryimage"},"thumbnailUrl":"https:\/\/www.manaus.am.gov.br\/semcom\/wp-content\/uploads\/sites\/5\/2023\/06\/52943354644_430c96d908_o-1.jpg","datePublished":"2023-06-25T15:13:23+00:00","dateModified":"2023-06-25T15:13:25+00:00","author":{"@id":"https:\/\/www.manaus.am.gov.br\/semcom\/#\/schema\/person\/d0a166b5031154c33c77794ddc9a827e"},"description":"O prazo para os contemplados na primeira chamada do Programa Bolsa Idiomas (PBI), da Prefeitura de Manaus, entregarem a documenta\u00e7\u00e3o nas institui\u00e7\u00f5es de ensino de l\u00edngua estrangeira termina \u00e0s 15h desta segunda-feira, 26\/6.","inLanguage":"pt-BR","potentialAction":[{"@type":"ReadAction","target":["https:\/\/www.manaus.am.gov.br\/semcom\/prefeitura-de-manaus-alerta-contemplados-do-bolsa-idiomas-sobre-prazo-para-entrega-de-documentos\/"]}]},{"@type":"ImageObject","inLanguage":"pt-BR","@id":"https:\/\/www.manaus.am.gov.br\/semcom\/prefeitura-de-manaus-alerta-contemplados-do-bolsa-idiomas-sobre-prazo-para-entrega-de-documentos\/#primaryimage","url":"https:\/\/www.manaus.am.gov.br\/semcom\/wp-content\/uploads\/sites\/5\/2023\/06\/52943354644_430c96d908_o-1.jpg","contentUrl":"https:\/\/www.manaus.am.gov.br\/semcom\/wp-content\/uploads\/sites\/5\/2023\/06\/52943354644_430c96d908_o-1.jpg","width":4500,"height":3000},{"@type":"WebSite","@id":"https:\/\/www.manaus.am.gov.br\/semcom\/#website","url":"https:\/\/www.manaus.am.gov.br\/semcom\/","name":"SEMCOM","description":"Secretaria Municipal de Comunica\u00e7\u00e3o","potentialAction":[{"@type":"SearchAction","target":{"@type":"EntryPoint","urlTemplate":"https:\/\/www.manaus.am.gov.br\/semcom\/?s={search_term_string}"},"query-input":"required name=search_term_string"}],"inLanguage":"pt-BR"},{"@type":"Person","@id":"https:\/\/www.manaus.am.gov.br\/semcom\/#\/schema\/person\/d0a166b5031154c33c77794ddc9a827e","name":"Cl\u00e1udia Barbosa","image":{"@type":"ImageObject","inLanguage":"pt-BR","@id":"https:\/\/www.manaus.am.gov.br\/semcom\/#\/schema\/person\/image\/","url":"https:\/\/secure.gravatar.com\/avatar\/42958a1cf007f1a00534009218c72590?s=96&d=mm&r=g","contentUrl":"https:\/\/secure.gravatar.com\/avatar\/42958a1cf007f1a00534009218c72590?s=96&d=mm&r=g","caption":"Cl\u00e1udia Barbosa"}}]}},"_links":{"self":[{"href":"https:\/\/www.manaus.am.gov.br\/semcom\/wp-json\/wp\/v2\/posts\/215505"}],"collection":[{"href":"https:\/\/www.manaus.am.gov.br\/semcom\/wp-json\/wp\/v2\/posts"}],"about":[{"href":"https:\/\/www.manaus.am.gov.br\/semcom\/wp-json\/wp\/v2\/types\/post"}],"author":[{"embeddable":true,"href":"https:\/\/www.manaus.am.gov.br\/semcom\/wp-json\/wp\/v2\/users\/24"}],"replies":[{"embeddable":true,"href":"https:\/\/www.manaus.am.gov.br\/semcom\/wp-json\/wp\/v2\/comments?post=215505"}],"version-history":[{"count":0,"href":"https:\/\/www.manaus.am.gov.br\/semcom\/wp-json\/wp\/v2\/posts\/215505\/revisions"}],"wp:featuredmedia":[{"embeddable":true,"href":"https:\/\/www.manaus.am.gov.br\/semcom\/wp-json\/wp\/v2\/media\/215506"}],"wp:attachment":[{"href":"https:\/\/www.manaus.am.gov.br\/semcom\/wp-json\/wp\/v2\/media?parent=215505"}],"wp:term":[{"taxonomy":"category","embeddable":true,"href":"https:\/\/www.manaus.am.gov.br\/semcom\/wp-json\/wp\/v2\/categories?post=215505"},{"taxonomy":"post_tag","embeddable":true,"href":"https:\/\/www.manaus.am.gov.br\/semcom\/wp-json\/wp\/v2\/tags?post=215505"}],"curies":[{"name":"wp","href":"https:\/\/api.w.org\/{rel}","templated":true}]}}