{"id":215095,"date":"2023-06-16T12:22:00","date_gmt":"2023-06-16T15:22:00","guid":{"rendered":"https:\/\/www.manaus.am.gov.br\/semcom\/manaus-previdencia-recebe-dois-premios-da-abipem-em-congresso-nacional\/"},"modified":"2023-06-16T12:22:01","modified_gmt":"2023-06-16T15:22:01","slug":"manaus-previdencia-recebe-dois-premios-da-abipem-em-congresso-nacional","status":"publish","type":"post","link":"https:\/\/www.manaus.am.gov.br\/semcom\/manaus-previdencia-recebe-dois-premios-da-abipem-em-congresso-nacional\/","title":{"rendered":"<strong>Manaus Previd\u00eancia recebe dois pr\u00eamios da Abipem em congresso nacional<\/strong>"},"content":{"rendered":"\n<p>A Manaus Previd\u00eancia foi mais uma vez reconhecida, na noite de quinta-feira, 15\/6, como refer\u00eancia para todos os&nbsp;Regimes Pr\u00f3prios de Previd\u00eancia Social&nbsp;(RPPS) do Brasil, durante o 56\u00ba Congresso Nacional da Associa\u00e7\u00e3o Brasileira de Institui\u00e7\u00f5es de Previd\u00eancia Estaduais e Municipais (Abipem), em Foz do Igua\u00e7u (PR). &nbsp;<\/p>\n\n\n\n<p>A diretora-presidente da autarquia, Daniela Benayon, e o superintendente de Investimentos, Fl\u00e1vio Castro, receberam as seguintes premia\u00e7\u00f5es:&nbsp; o 2\u00ba lugar do 4\u00ba Pr\u00eamio Destaque Brasil de Investimentos, na Categoria 4: acima de 6 mil ativos. E o 3\u00ba lugar do 5\u00ba Pr\u00eamio Destaque Brasil de Responsabilidade Previdenci\u00e1ria, na Categoria 2: de 30 mil a 10.001 indiv\u00edduos.<\/p>\n\n\n\n<p>Daniela comenta que&nbsp;as premia\u00e7\u00f5es comprovam a seriedade do trabalho realizado pela Manaus Previd\u00eancia frente \u00e0s necessidades que surgem diariamente na gest\u00e3o municipal.<\/p>\n\n\n\n<p>Fl\u00e1vio tamb\u00e9m avalia que os pr\u00eamios s\u00e3o reconhecimentos pelas boas pr\u00e1ticas voltadas \u00e0 gest\u00e3o de carteiras de investimentos de Regimes Pr\u00f3prios de Previd\u00eancia Social. \u201c\u00c9 importante para n\u00f3s, pois indica que estamos seguindo um caminho certo em rela\u00e7\u00e3o \u00e0 governan\u00e7a e \u00e0 transpar\u00eancia nas informa\u00e7\u00f5es\u201d, afirma.<\/p>\n\n\n\n<p>&#8212; &#8212; &#8212;<\/p>\n\n\n\n<p><strong>Texto<\/strong>&nbsp;\u2013 Dione Santana\/Manaus Previd\u00eancia<\/p>\n\n\n\n<p><strong>Fotos<\/strong>&nbsp;\u2013 Divulga\u00e7\u00e3o\/Manaus Previd\u00eancia<\/p>\n","protected":false},"excerpt":{"rendered":"","protected":false},"author":23,"featured_media":215096,"comment_status":"closed","ping_status":"closed","sticky":false,"template":"","format":"standard","meta":{"footnotes":""},"categories":[4572],"tags":[5283,5284,228,77,1123,4674],"acf":[],"yoast_head":"<!-- This site is optimized with the Yoast SEO plugin v23.0 - https:\/\/yoast.com\/wordpress\/plugins\/seo\/ -->\n<title>Manaus Previd\u00eancia recebe dois pr\u00eamios da Abipem em congresso nacional<\/title>\n<meta name=\"description\" content=\"A Manaus Previd\u00eancia foi mais uma vez reconhecida, na noite de quinta-feira, 15\/6, como refer\u00eancia para todos os Regimes Pr\u00f3prios de Previd\u00eancia Social (RPPS) do Brasil, durante o 56\u00ba Congresso Nacional da Associa\u00e7\u00e3o Brasileira de Institui\u00e7\u00f5es de Previd\u00eancia Estaduais e Municipais (Abipem), em Foz do Igua\u00e7u (PR).\" \/>\n<meta name=\"robots\" content=\"index, follow, max-snippet:-1, max-image-preview:large, max-video-preview:-1\" \/>\n<link rel=\"canonical\" href=\"https:\/\/www.manaus.am.gov.br\/semcom\/manaus-previdencia-recebe-dois-premios-da-abipem-em-congresso-nacional\/\" \/>\n<meta property=\"og:locale\" content=\"pt_BR\" \/>\n<meta property=\"og:type\" content=\"article\" \/>\n<meta property=\"og:title\" content=\"Manaus Previd\u00eancia recebe dois pr\u00eamios da Abipem em congresso nacional\" \/>\n<meta property=\"og:description\" content=\"A Manaus Previd\u00eancia foi mais uma vez reconhecida, na noite de quinta-feira, 15\/6, como refer\u00eancia para todos os Regimes Pr\u00f3prios de Previd\u00eancia Social (RPPS) do Brasil, durante o 56\u00ba Congresso Nacional da Associa\u00e7\u00e3o Brasileira de Institui\u00e7\u00f5es de Previd\u00eancia Estaduais e Municipais (Abipem), em Foz do Igua\u00e7u (PR).\" \/>\n<meta property=\"og:url\" content=\"https:\/\/www.manaus.am.gov.br\/semcom\/manaus-previdencia-recebe-dois-premios-da-abipem-em-congresso-nacional\/\" \/>\n<meta property=\"og:site_name\" content=\"SEMCOM\" \/>\n<meta property=\"article:published_time\" content=\"2023-06-16T15:22:00+00:00\" \/>\n<meta property=\"article:modified_time\" content=\"2023-06-16T15:22:01+00:00\" \/>\n<meta property=\"og:image\" content=\"https:\/\/www.manaus.am.gov.br\/semcom\/wp-content\/uploads\/sites\/5\/2023\/06\/Dani-e-Flavio-recebendo-premios-2.jpeg\" \/>\n\t<meta property=\"og:image:width\" content=\"1024\" \/>\n\t<meta property=\"og:image:height\" content=\"768\" \/>\n\t<meta property=\"og:image:type\" content=\"image\/jpeg\" \/>\n<meta name=\"author\" content=\"Adriana Costa\" \/>\n<meta name=\"twitter:card\" content=\"summary_large_image\" \/>\n<meta name=\"twitter:label1\" content=\"Written by\" \/>\n\t<meta name=\"twitter:data1\" content=\"Adriana Costa\" \/>\n\t<meta name=\"twitter:label2\" content=\"Est. reading time\" \/>\n\t<meta name=\"twitter:data2\" content=\"1 minuto\" \/>\n<script type=\"application\/ld+json\" class=\"yoast-schema-graph\">{\"@context\":\"https:\/\/schema.org\",\"@graph\":[{\"@type\":\"WebPage\",\"@id\":\"https:\/\/www.manaus.am.gov.br\/semcom\/manaus-previdencia-recebe-dois-premios-da-abipem-em-congresso-nacional\/\",\"url\":\"https:\/\/www.manaus.am.gov.br\/semcom\/manaus-previdencia-recebe-dois-premios-da-abipem-em-congresso-nacional\/\",\"name\":\"Manaus Previd\u00eancia recebe dois pr\u00eamios da Abipem em congresso nacional\",\"isPartOf\":{\"@id\":\"https:\/\/www.manaus.am.gov.br\/semcom\/#website\"},\"primaryImageOfPage\":{\"@id\":\"https:\/\/www.manaus.am.gov.br\/semcom\/manaus-previdencia-recebe-dois-premios-da-abipem-em-congresso-nacional\/#primaryimage\"},\"image\":{\"@id\":\"https:\/\/www.manaus.am.gov.br\/semcom\/manaus-previdencia-recebe-dois-premios-da-abipem-em-congresso-nacional\/#primaryimage\"},\"thumbnailUrl\":\"https:\/\/www.manaus.am.gov.br\/semcom\/wp-content\/uploads\/sites\/5\/2023\/06\/Dani-e-Flavio-recebendo-premios-2.jpeg\",\"datePublished\":\"2023-06-16T15:22:00+00:00\",\"dateModified\":\"2023-06-16T15:22:01+00:00\",\"author\":{\"@id\":\"https:\/\/www.manaus.am.gov.br\/semcom\/#\/schema\/person\/4e49f4e267757a06ca072ec61b2b9968\"},\"description\":\"A Manaus Previd\u00eancia foi mais uma vez reconhecida, na noite de quinta-feira, 15\/6, como refer\u00eancia para todos os Regimes Pr\u00f3prios de Previd\u00eancia Social (RPPS) do Brasil, durante o 56\u00ba Congresso Nacional da Associa\u00e7\u00e3o Brasileira de Institui\u00e7\u00f5es de Previd\u00eancia Estaduais e Municipais (Abipem), em Foz do Igua\u00e7u (PR).\",\"inLanguage\":\"pt-BR\",\"potentialAction\":[{\"@type\":\"ReadAction\",\"target\":[\"https:\/\/www.manaus.am.gov.br\/semcom\/manaus-previdencia-recebe-dois-premios-da-abipem-em-congresso-nacional\/\"]}]},{\"@type\":\"ImageObject\",\"inLanguage\":\"pt-BR\",\"@id\":\"https:\/\/www.manaus.am.gov.br\/semcom\/manaus-previdencia-recebe-dois-premios-da-abipem-em-congresso-nacional\/#primaryimage\",\"url\":\"https:\/\/www.manaus.am.gov.br\/semcom\/wp-content\/uploads\/sites\/5\/2023\/06\/Dani-e-Flavio-recebendo-premios-2.jpeg\",\"contentUrl\":\"https:\/\/www.manaus.am.gov.br\/semcom\/wp-content\/uploads\/sites\/5\/2023\/06\/Dani-e-Flavio-recebendo-premios-2.jpeg\",\"width\":1024,\"height\":768},{\"@type\":\"WebSite\",\"@id\":\"https:\/\/www.manaus.am.gov.br\/semcom\/#website\",\"url\":\"https:\/\/www.manaus.am.gov.br\/semcom\/\",\"name\":\"SEMCOM\",\"description\":\"Secretaria Municipal de Comunica\u00e7\u00e3o\",\"potentialAction\":[{\"@type\":\"SearchAction\",\"target\":{\"@type\":\"EntryPoint\",\"urlTemplate\":\"https:\/\/www.manaus.am.gov.br\/semcom\/?s={search_term_string}\"},\"query-input\":\"required name=search_term_string\"}],\"inLanguage\":\"pt-BR\"},{\"@type\":\"Person\",\"@id\":\"https:\/\/www.manaus.am.gov.br\/semcom\/#\/schema\/person\/4e49f4e267757a06ca072ec61b2b9968\",\"name\":\"Adriana Costa\",\"image\":{\"@type\":\"ImageObject\",\"inLanguage\":\"pt-BR\",\"@id\":\"https:\/\/www.manaus.am.gov.br\/semcom\/#\/schema\/person\/image\/\",\"url\":\"https:\/\/secure.gravatar.com\/avatar\/576258617ef7194f718179e766d57bd4?s=96&d=mm&r=g\",\"contentUrl\":\"https:\/\/secure.gravatar.com\/avatar\/576258617ef7194f718179e766d57bd4?s=96&d=mm&r=g\",\"caption\":\"Adriana Costa\"}}]}<\/script>\n<!-- \/ Yoast SEO plugin. -->","yoast_head_json":{"title":"Manaus Previd\u00eancia recebe dois pr\u00eamios da Abipem em congresso nacional","description":"A Manaus Previd\u00eancia foi mais uma vez reconhecida, na noite de quinta-feira, 15\/6, como refer\u00eancia para todos os Regimes Pr\u00f3prios de Previd\u00eancia Social (RPPS) do Brasil, durante o 56\u00ba Congresso Nacional da Associa\u00e7\u00e3o Brasileira de Institui\u00e7\u00f5es de Previd\u00eancia Estaduais e Municipais (Abipem), em Foz do Igua\u00e7u (PR).","robots":{"index":"index","follow":"follow","max-snippet":"max-snippet:-1","max-image-preview":"max-image-preview:large","max-video-preview":"max-video-preview:-1"},"canonical":"https:\/\/www.manaus.am.gov.br\/semcom\/manaus-previdencia-recebe-dois-premios-da-abipem-em-congresso-nacional\/","og_locale":"pt_BR","og_type":"article","og_title":"Manaus Previd\u00eancia recebe dois pr\u00eamios da Abipem em congresso nacional","og_description":"A Manaus Previd\u00eancia foi mais uma vez reconhecida, na noite de quinta-feira, 15\/6, como refer\u00eancia para todos os Regimes Pr\u00f3prios de Previd\u00eancia Social (RPPS) do Brasil, durante o 56\u00ba Congresso Nacional da Associa\u00e7\u00e3o Brasileira de Institui\u00e7\u00f5es de Previd\u00eancia Estaduais e Municipais (Abipem), em Foz do Igua\u00e7u (PR).","og_url":"https:\/\/www.manaus.am.gov.br\/semcom\/manaus-previdencia-recebe-dois-premios-da-abipem-em-congresso-nacional\/","og_site_name":"SEMCOM","article_published_time":"2023-06-16T15:22:00+00:00","article_modified_time":"2023-06-16T15:22:01+00:00","og_image":[{"width":1024,"height":768,"url":"https:\/\/www.manaus.am.gov.br\/semcom\/wp-content\/uploads\/sites\/5\/2023\/06\/Dani-e-Flavio-recebendo-premios-2.jpeg","type":"image\/jpeg"}],"author":"Adriana Costa","twitter_card":"summary_large_image","twitter_misc":{"Written by":"Adriana Costa","Est. reading time":"1 minuto"},"schema":{"@context":"https:\/\/schema.org","@graph":[{"@type":"WebPage","@id":"https:\/\/www.manaus.am.gov.br\/semcom\/manaus-previdencia-recebe-dois-premios-da-abipem-em-congresso-nacional\/","url":"https:\/\/www.manaus.am.gov.br\/semcom\/manaus-previdencia-recebe-dois-premios-da-abipem-em-congresso-nacional\/","name":"Manaus Previd\u00eancia recebe dois pr\u00eamios da Abipem em congresso nacional","isPartOf":{"@id":"https:\/\/www.manaus.am.gov.br\/semcom\/#website"},"primaryImageOfPage":{"@id":"https:\/\/www.manaus.am.gov.br\/semcom\/manaus-previdencia-recebe-dois-premios-da-abipem-em-congresso-nacional\/#primaryimage"},"image":{"@id":"https:\/\/www.manaus.am.gov.br\/semcom\/manaus-previdencia-recebe-dois-premios-da-abipem-em-congresso-nacional\/#primaryimage"},"thumbnailUrl":"https:\/\/www.manaus.am.gov.br\/semcom\/wp-content\/uploads\/sites\/5\/2023\/06\/Dani-e-Flavio-recebendo-premios-2.jpeg","datePublished":"2023-06-16T15:22:00+00:00","dateModified":"2023-06-16T15:22:01+00:00","author":{"@id":"https:\/\/www.manaus.am.gov.br\/semcom\/#\/schema\/person\/4e49f4e267757a06ca072ec61b2b9968"},"description":"A Manaus Previd\u00eancia foi mais uma vez reconhecida, na noite de quinta-feira, 15\/6, como refer\u00eancia para todos os Regimes Pr\u00f3prios de Previd\u00eancia Social (RPPS) do Brasil, durante o 56\u00ba Congresso Nacional da Associa\u00e7\u00e3o Brasileira de Institui\u00e7\u00f5es de Previd\u00eancia Estaduais e Municipais (Abipem), em Foz do Igua\u00e7u (PR).","inLanguage":"pt-BR","potentialAction":[{"@type":"ReadAction","target":["https:\/\/www.manaus.am.gov.br\/semcom\/manaus-previdencia-recebe-dois-premios-da-abipem-em-congresso-nacional\/"]}]},{"@type":"ImageObject","inLanguage":"pt-BR","@id":"https:\/\/www.manaus.am.gov.br\/semcom\/manaus-previdencia-recebe-dois-premios-da-abipem-em-congresso-nacional\/#primaryimage","url":"https:\/\/www.manaus.am.gov.br\/semcom\/wp-content\/uploads\/sites\/5\/2023\/06\/Dani-e-Flavio-recebendo-premios-2.jpeg","contentUrl":"https:\/\/www.manaus.am.gov.br\/semcom\/wp-content\/uploads\/sites\/5\/2023\/06\/Dani-e-Flavio-recebendo-premios-2.jpeg","width":1024,"height":768},{"@type":"WebSite","@id":"https:\/\/www.manaus.am.gov.br\/semcom\/#website","url":"https:\/\/www.manaus.am.gov.br\/semcom\/","name":"SEMCOM","description":"Secretaria Municipal de Comunica\u00e7\u00e3o","potentialAction":[{"@type":"SearchAction","target":{"@type":"EntryPoint","urlTemplate":"https:\/\/www.manaus.am.gov.br\/semcom\/?s={search_term_string}"},"query-input":"required name=search_term_string"}],"inLanguage":"pt-BR"},{"@type":"Person","@id":"https:\/\/www.manaus.am.gov.br\/semcom\/#\/schema\/person\/4e49f4e267757a06ca072ec61b2b9968","name":"Adriana Costa","image":{"@type":"ImageObject","inLanguage":"pt-BR","@id":"https:\/\/www.manaus.am.gov.br\/semcom\/#\/schema\/person\/image\/","url":"https:\/\/secure.gravatar.com\/avatar\/576258617ef7194f718179e766d57bd4?s=96&d=mm&r=g","contentUrl":"https:\/\/secure.gravatar.com\/avatar\/576258617ef7194f718179e766d57bd4?s=96&d=mm&r=g","caption":"Adriana Costa"}}]}},"_links":{"self":[{"href":"https:\/\/www.manaus.am.gov.br\/semcom\/wp-json\/wp\/v2\/posts\/215095"}],"collection":[{"href":"https:\/\/www.manaus.am.gov.br\/semcom\/wp-json\/wp\/v2\/posts"}],"about":[{"href":"https:\/\/www.manaus.am.gov.br\/semcom\/wp-json\/wp\/v2\/types\/post"}],"author":[{"embeddable":true,"href":"https:\/\/www.manaus.am.gov.br\/semcom\/wp-json\/wp\/v2\/users\/23"}],"replies":[{"embeddable":true,"href":"https:\/\/www.manaus.am.gov.br\/semcom\/wp-json\/wp\/v2\/comments?post=215095"}],"version-history":[{"count":0,"href":"https:\/\/www.manaus.am.gov.br\/semcom\/wp-json\/wp\/v2\/posts\/215095\/revisions"}],"wp:featuredmedia":[{"embeddable":true,"href":"https:\/\/www.manaus.am.gov.br\/semcom\/wp-json\/wp\/v2\/media\/215096"}],"wp:attachment":[{"href":"https:\/\/www.manaus.am.gov.br\/semcom\/wp-json\/wp\/v2\/media?parent=215095"}],"wp:term":[{"taxonomy":"category","embeddable":true,"href":"https:\/\/www.manaus.am.gov.br\/semcom\/wp-json\/wp\/v2\/categories?post=215095"},{"taxonomy":"post_tag","embeddable":true,"href":"https:\/\/www.manaus.am.gov.br\/semcom\/wp-json\/wp\/v2\/tags?post=215095"}],"curies":[{"name":"wp","href":"https:\/\/api.w.org\/{rel}","templated":true}]}}