{"id":215056,"date":"2023-06-15T11:54:37","date_gmt":"2023-06-15T14:54:37","guid":{"rendered":"https:\/\/www.manaus.am.gov.br\/semcom\/prefeitura-de-manaus-vai-atualizar-camadas-de-georreferenciamento-com-dados-do-censo-2022\/"},"modified":"2023-06-15T11:54:38","modified_gmt":"2023-06-15T14:54:38","slug":"prefeitura-de-manaus-vai-atualizar-camadas-de-georreferenciamento-com-dados-do-censo-2022","status":"publish","type":"post","link":"https:\/\/www.manaus.am.gov.br\/semcom\/prefeitura-de-manaus-vai-atualizar-camadas-de-georreferenciamento-com-dados-do-censo-2022\/","title":{"rendered":"<strong>Prefeitura de Manaus vai atualizar camadas de georreferenciamento com dados do Censo 2022<\/strong>"},"content":{"rendered":"\n<p>O acesso aos dados do Censo 2022 ser\u00e1 fundamental para atualizar a base de georreferenciamento da Prefeitura de Manaus, em parceria com o&nbsp;Instituto Brasileiro de&nbsp;Geografia&nbsp;e Estat\u00edstica (IBGE). A previs\u00e3o \u00e9 ter acesso \u00e0s informa\u00e7\u00f5es a partir do dia 28\/6, quando os dados ser\u00e3o abertos ao p\u00fablico, segundo informa\u00e7\u00f5es repassadas durante a terceira Reuni\u00e3o de Planejamento e Acompanhamento do Censo (REPACs).<\/p>\n\n\n\n<p>Equipes do Instituto Municipal de Planejamento Urbano (Implurb) participaram, durante dois dias (13 e 14), de apresenta\u00e7\u00f5es do IBGE Amazonas sobre o Censo nacional e atividades censit\u00e1rias na regi\u00e3o Norte, no Estado e em Manaus, com apresenta\u00e7\u00f5es realizadas no audit\u00f3rio da superintend\u00eancia estadual do IBGE, na rua Nova Palma, conjunto Vieiralves, bairro Nossa Senhora das Gra\u00e7as, zona Centro-Sul.<\/p>\n\n\n\n<p>As Ger\u00eancias de Mobilidade Urbana (GMU) e de Informa\u00e7\u00e3o de Geoprocessamento (GIG) representaram o instituto, com sua estrutura de&nbsp;geo, base cartogr\u00e1fica e banco de dados colaborativo.<\/p>\n\n\n\n<p>Para o gerente do GIG, Luiz Albuquerque, quando o Censo 2022 estiver aberto para consulta, ser\u00e1 poss\u00edvel baixar camadas de informa\u00e7\u00f5es e alimentar a base de dados da autarquia para o ArcGIS.<\/p>\n\n\n\n<p>\u201cA ferramenta permite um melhor desempenho em rela\u00e7\u00e3o ao trabalho dos setores t\u00e9cnicos e nas a\u00e7\u00f5es integradas de planejamento, desenvolvimento de projetos e fiscaliza\u00e7\u00e3o de forma mais adequada e sustent\u00e1vel para a cidade e para as demandas da popula\u00e7\u00e3o\u201d, disse Albuquerque.<\/p>\n\n\n\n<p><br>Nas reuni\u00f5es do Censo foram abordados temas como os indicadores de coleta de informa\u00e7\u00f5es; plataforma geogr\u00e1fica interativa; pesquisa no entorno de domic\u00edlios; cadastro nacional de endere\u00e7os para fins estat\u00edsticos; popula\u00e7\u00e3o em aglomerados subnormais; povos e comunidades tradicionais; popula\u00e7\u00e3o em situa\u00e7\u00e3o de rua; painel Pnad Cont\u00ednua; avan\u00e7o e inova\u00e7\u00e3o na opera\u00e7\u00e3o censit\u00e1ria, entre outros.<\/p>\n\n\n\n<p>\u201cDa parte de planejamento, aproveitamos para tirar d\u00favida em rela\u00e7\u00e3o aos&nbsp;aglomerados subnormais, que s\u00e3o ocupa\u00e7\u00f5es n\u00e3o regulares, em \u00e1reas p\u00fablicas ou privadas, para fins de habita\u00e7\u00e3o e com padr\u00e3o urban\u00edstico irregular\u201d, comentou o gerente do GIG.<\/p>\n\n\n\n<p><strong>Autarquia<\/strong><\/p>\n\n\n\n<p>O&nbsp;Implurb&nbsp;faz levantamentos do sistema vi\u00e1rio, topografia, curvas de n\u00edvel, constru\u00e7\u00f5es e tipologias, \u00e1reas consolidadas e mobili\u00e1rios urbanos p\u00fablicos, reunindo imagens,&nbsp;vetoriza\u00e7\u00e3o para mapas e fotogrametria, al\u00e9m de mosaicos de&nbsp;ortofoto, que possui uma alta resolu\u00e7\u00e3o espacial (GSD), permitindo an\u00e1lises minuciosas de ordem centim\u00e9trica.<\/p>\n\n\n\n<p><br>\u201cFerramentas tecnol\u00f3gicas ajudam na evolu\u00e7\u00e3o da gest\u00e3o p\u00fablica e na efici\u00eancia. \u00c9 preciso ter conhecimento t\u00e9cnico, virtual e atualizado do nosso espa\u00e7o geogr\u00e1fico, com mapas mais precisos, detalhados, tem\u00e1ticos e que permitem observar a cidade em v\u00e1rias camadas e escalas para interven\u00e7\u00f5es\u201d, acrescentou o diretor-presidente do&nbsp;Implurb, engenheiro Carlos Valente.<\/p>\n\n\n\n<p>A apresenta\u00e7\u00e3o no IBGE contou com a presen\u00e7a do chefe no Amazonas, Ilcleson Mendes, presidente substituto, diretores e coordenadores do \u00f3rg\u00e3o federal, al\u00e9m da Universidade do Estado do Amazonas (UEA).<\/p>\n\n\n\n<p><strong>IBGE<\/strong><\/p>\n\n\n\n<p>No dia 28\/6 ser\u00e3o divulgados os primeiros resultados de popula\u00e7\u00e3o e domic\u00edlios do Censo demogr\u00e1fico, com conjunto de informa\u00e7\u00f5es b\u00e1sicas sobre totais populacionais e de domic\u00edlios no pa\u00eds em diferentes n\u00edveis geogr\u00e1ficos e recortes. Os resultados v\u00e3o permitir a explora\u00e7\u00e3o de informa\u00e7\u00f5es de grandes regi\u00f5es e munic\u00edpios.<\/p>\n\n\n\n<p>O Censo demogr\u00e1fico produz informa\u00e7\u00f5es atualizadas e precisas, que s\u00e3o fundamentais para o desenvolvimento e implementa\u00e7\u00e3o de pol\u00edticas p\u00fablicas e para a realiza\u00e7\u00e3o de investimentos, tanto do governo quanto da iniciativa privada. Al\u00e9m disso, uma sociedade que conhece a si mesma pode executar, com efic\u00e1cia, a\u00e7\u00f5es imediatas e planejar com seguran\u00e7a o seu futuro.<br>Os resultados do Censo 2022 v\u00e3o refletir a realidade brasileira, fornecendo o retrato do Brasil num determinado per\u00edodo de tempo.<\/p>\n\n\n\n<p>&#8212; &#8212; &#8212;<\/p>\n\n\n\n<p><strong>Texto<\/strong>&nbsp;\u2013 Claudia do Valle \/ Implurb<\/p>\n\n\n\n<p><strong>Fotos&nbsp;<\/strong>\u2013 Divulga\u00e7\u00e3o \/ Implurb<\/p>\n","protected":false},"excerpt":{"rendered":"","protected":false},"author":24,"featured_media":215057,"comment_status":"closed","ping_status":"closed","sticky":false,"template":"","format":"standard","meta":{"footnotes":""},"categories":[223],"tags":[408,5247,5248,65,5249,5250,5251],"acf":[],"yoast_head":"<!-- This site is optimized with the Yoast SEO plugin v23.0 - https:\/\/yoast.com\/wordpress\/plugins\/seo\/ -->\n<title>Prefeitura de Manaus vai atualizar camadas de georreferenciamento com dados do Censo 2022 - SEMCOM<\/title>\n<meta name=\"description\" content=\"O acesso aos dados do Censo 2022 ser\u00e1 fundamental para atualizar a base de georreferenciamento da Prefeitura de Manaus, em parceria com o\u00a0Instituto Brasileiro de\u00a0Geografia\u00a0e Estat\u00edstica (IBGE).\" \/>\n<meta name=\"robots\" content=\"index, follow, max-snippet:-1, max-image-preview:large, max-video-preview:-1\" \/>\n<link rel=\"canonical\" href=\"https:\/\/www.manaus.am.gov.br\/semcom\/prefeitura-de-manaus-vai-atualizar-camadas-de-georreferenciamento-com-dados-do-censo-2022\/\" \/>\n<meta property=\"og:locale\" content=\"pt_BR\" \/>\n<meta property=\"og:type\" content=\"article\" \/>\n<meta property=\"og:title\" content=\"Prefeitura de Manaus vai atualizar camadas de georreferenciamento com dados do Censo 2022 - SEMCOM\" \/>\n<meta property=\"og:description\" content=\"O acesso aos dados do Censo 2022 ser\u00e1 fundamental para atualizar a base de georreferenciamento da Prefeitura de Manaus, em parceria com o\u00a0Instituto Brasileiro de\u00a0Geografia\u00a0e Estat\u00edstica (IBGE).\" \/>\n<meta property=\"og:url\" content=\"https:\/\/www.manaus.am.gov.br\/semcom\/prefeitura-de-manaus-vai-atualizar-camadas-de-georreferenciamento-com-dados-do-censo-2022\/\" \/>\n<meta property=\"og:site_name\" content=\"SEMCOM\" \/>\n<meta property=\"article:published_time\" content=\"2023-06-15T14:54:37+00:00\" \/>\n<meta property=\"article:modified_time\" content=\"2023-06-15T14:54:38+00:00\" \/>\n<meta property=\"og:image\" content=\"https:\/\/www.manaus.am.gov.br\/semcom\/wp-content\/uploads\/sites\/5\/2023\/06\/ibge-scaled.jpg\" \/>\n\t<meta property=\"og:image:width\" content=\"2560\" \/>\n\t<meta property=\"og:image:height\" content=\"1707\" \/>\n\t<meta property=\"og:image:type\" content=\"image\/jpeg\" \/>\n<meta name=\"author\" content=\"Cl\u00e1udia Barbosa\" \/>\n<meta name=\"twitter:card\" content=\"summary_large_image\" \/>\n<meta name=\"twitter:label1\" content=\"Written by\" \/>\n\t<meta name=\"twitter:data1\" content=\"Cl\u00e1udia Barbosa\" \/>\n\t<meta name=\"twitter:label2\" content=\"Est. reading time\" \/>\n\t<meta name=\"twitter:data2\" content=\"4 minutos\" \/>\n<script type=\"application\/ld+json\" class=\"yoast-schema-graph\">{\"@context\":\"https:\/\/schema.org\",\"@graph\":[{\"@type\":\"WebPage\",\"@id\":\"https:\/\/www.manaus.am.gov.br\/semcom\/prefeitura-de-manaus-vai-atualizar-camadas-de-georreferenciamento-com-dados-do-censo-2022\/\",\"url\":\"https:\/\/www.manaus.am.gov.br\/semcom\/prefeitura-de-manaus-vai-atualizar-camadas-de-georreferenciamento-com-dados-do-censo-2022\/\",\"name\":\"Prefeitura de Manaus vai atualizar camadas de georreferenciamento com dados do Censo 2022 - SEMCOM\",\"isPartOf\":{\"@id\":\"https:\/\/www.manaus.am.gov.br\/semcom\/#website\"},\"primaryImageOfPage\":{\"@id\":\"https:\/\/www.manaus.am.gov.br\/semcom\/prefeitura-de-manaus-vai-atualizar-camadas-de-georreferenciamento-com-dados-do-censo-2022\/#primaryimage\"},\"image\":{\"@id\":\"https:\/\/www.manaus.am.gov.br\/semcom\/prefeitura-de-manaus-vai-atualizar-camadas-de-georreferenciamento-com-dados-do-censo-2022\/#primaryimage\"},\"thumbnailUrl\":\"https:\/\/www.manaus.am.gov.br\/semcom\/wp-content\/uploads\/sites\/5\/2023\/06\/ibge-scaled.jpg\",\"datePublished\":\"2023-06-15T14:54:37+00:00\",\"dateModified\":\"2023-06-15T14:54:38+00:00\",\"author\":{\"@id\":\"https:\/\/www.manaus.am.gov.br\/semcom\/#\/schema\/person\/d0a166b5031154c33c77794ddc9a827e\"},\"description\":\"O acesso aos dados do Censo 2022 ser\u00e1 fundamental para atualizar a base de georreferenciamento da Prefeitura de Manaus, em parceria com o\u00a0Instituto Brasileiro de\u00a0Geografia\u00a0e Estat\u00edstica (IBGE).\",\"inLanguage\":\"pt-BR\",\"potentialAction\":[{\"@type\":\"ReadAction\",\"target\":[\"https:\/\/www.manaus.am.gov.br\/semcom\/prefeitura-de-manaus-vai-atualizar-camadas-de-georreferenciamento-com-dados-do-censo-2022\/\"]}]},{\"@type\":\"ImageObject\",\"inLanguage\":\"pt-BR\",\"@id\":\"https:\/\/www.manaus.am.gov.br\/semcom\/prefeitura-de-manaus-vai-atualizar-camadas-de-georreferenciamento-com-dados-do-censo-2022\/#primaryimage\",\"url\":\"https:\/\/www.manaus.am.gov.br\/semcom\/wp-content\/uploads\/sites\/5\/2023\/06\/ibge-scaled.jpg\",\"contentUrl\":\"https:\/\/www.manaus.am.gov.br\/semcom\/wp-content\/uploads\/sites\/5\/2023\/06\/ibge-scaled.jpg\",\"width\":2560,\"height\":1707},{\"@type\":\"WebSite\",\"@id\":\"https:\/\/www.manaus.am.gov.br\/semcom\/#website\",\"url\":\"https:\/\/www.manaus.am.gov.br\/semcom\/\",\"name\":\"SEMCOM\",\"description\":\"Secretaria Municipal de Comunica\u00e7\u00e3o\",\"potentialAction\":[{\"@type\":\"SearchAction\",\"target\":{\"@type\":\"EntryPoint\",\"urlTemplate\":\"https:\/\/www.manaus.am.gov.br\/semcom\/?s={search_term_string}\"},\"query-input\":\"required name=search_term_string\"}],\"inLanguage\":\"pt-BR\"},{\"@type\":\"Person\",\"@id\":\"https:\/\/www.manaus.am.gov.br\/semcom\/#\/schema\/person\/d0a166b5031154c33c77794ddc9a827e\",\"name\":\"Cl\u00e1udia Barbosa\",\"image\":{\"@type\":\"ImageObject\",\"inLanguage\":\"pt-BR\",\"@id\":\"https:\/\/www.manaus.am.gov.br\/semcom\/#\/schema\/person\/image\/\",\"url\":\"https:\/\/secure.gravatar.com\/avatar\/42958a1cf007f1a00534009218c72590?s=96&d=mm&r=g\",\"contentUrl\":\"https:\/\/secure.gravatar.com\/avatar\/42958a1cf007f1a00534009218c72590?s=96&d=mm&r=g\",\"caption\":\"Cl\u00e1udia Barbosa\"}}]}<\/script>\n<!-- \/ Yoast SEO plugin. -->","yoast_head_json":{"title":"Prefeitura de Manaus vai atualizar camadas de georreferenciamento com dados do Censo 2022 - SEMCOM","description":"O acesso aos dados do Censo 2022 ser\u00e1 fundamental para atualizar a base de georreferenciamento da Prefeitura de Manaus, em parceria com o\u00a0Instituto Brasileiro de\u00a0Geografia\u00a0e Estat\u00edstica (IBGE).","robots":{"index":"index","follow":"follow","max-snippet":"max-snippet:-1","max-image-preview":"max-image-preview:large","max-video-preview":"max-video-preview:-1"},"canonical":"https:\/\/www.manaus.am.gov.br\/semcom\/prefeitura-de-manaus-vai-atualizar-camadas-de-georreferenciamento-com-dados-do-censo-2022\/","og_locale":"pt_BR","og_type":"article","og_title":"Prefeitura de Manaus vai atualizar camadas de georreferenciamento com dados do Censo 2022 - SEMCOM","og_description":"O acesso aos dados do Censo 2022 ser\u00e1 fundamental para atualizar a base de georreferenciamento da Prefeitura de Manaus, em parceria com o\u00a0Instituto Brasileiro de\u00a0Geografia\u00a0e Estat\u00edstica (IBGE).","og_url":"https:\/\/www.manaus.am.gov.br\/semcom\/prefeitura-de-manaus-vai-atualizar-camadas-de-georreferenciamento-com-dados-do-censo-2022\/","og_site_name":"SEMCOM","article_published_time":"2023-06-15T14:54:37+00:00","article_modified_time":"2023-06-15T14:54:38+00:00","og_image":[{"width":2560,"height":1707,"url":"https:\/\/www.manaus.am.gov.br\/semcom\/wp-content\/uploads\/sites\/5\/2023\/06\/ibge-scaled.jpg","type":"image\/jpeg"}],"author":"Cl\u00e1udia Barbosa","twitter_card":"summary_large_image","twitter_misc":{"Written by":"Cl\u00e1udia Barbosa","Est. reading time":"4 minutos"},"schema":{"@context":"https:\/\/schema.org","@graph":[{"@type":"WebPage","@id":"https:\/\/www.manaus.am.gov.br\/semcom\/prefeitura-de-manaus-vai-atualizar-camadas-de-georreferenciamento-com-dados-do-censo-2022\/","url":"https:\/\/www.manaus.am.gov.br\/semcom\/prefeitura-de-manaus-vai-atualizar-camadas-de-georreferenciamento-com-dados-do-censo-2022\/","name":"Prefeitura de Manaus vai atualizar camadas de georreferenciamento com dados do Censo 2022 - SEMCOM","isPartOf":{"@id":"https:\/\/www.manaus.am.gov.br\/semcom\/#website"},"primaryImageOfPage":{"@id":"https:\/\/www.manaus.am.gov.br\/semcom\/prefeitura-de-manaus-vai-atualizar-camadas-de-georreferenciamento-com-dados-do-censo-2022\/#primaryimage"},"image":{"@id":"https:\/\/www.manaus.am.gov.br\/semcom\/prefeitura-de-manaus-vai-atualizar-camadas-de-georreferenciamento-com-dados-do-censo-2022\/#primaryimage"},"thumbnailUrl":"https:\/\/www.manaus.am.gov.br\/semcom\/wp-content\/uploads\/sites\/5\/2023\/06\/ibge-scaled.jpg","datePublished":"2023-06-15T14:54:37+00:00","dateModified":"2023-06-15T14:54:38+00:00","author":{"@id":"https:\/\/www.manaus.am.gov.br\/semcom\/#\/schema\/person\/d0a166b5031154c33c77794ddc9a827e"},"description":"O acesso aos dados do Censo 2022 ser\u00e1 fundamental para atualizar a base de georreferenciamento da Prefeitura de Manaus, em parceria com o\u00a0Instituto Brasileiro de\u00a0Geografia\u00a0e Estat\u00edstica (IBGE).","inLanguage":"pt-BR","potentialAction":[{"@type":"ReadAction","target":["https:\/\/www.manaus.am.gov.br\/semcom\/prefeitura-de-manaus-vai-atualizar-camadas-de-georreferenciamento-com-dados-do-censo-2022\/"]}]},{"@type":"ImageObject","inLanguage":"pt-BR","@id":"https:\/\/www.manaus.am.gov.br\/semcom\/prefeitura-de-manaus-vai-atualizar-camadas-de-georreferenciamento-com-dados-do-censo-2022\/#primaryimage","url":"https:\/\/www.manaus.am.gov.br\/semcom\/wp-content\/uploads\/sites\/5\/2023\/06\/ibge-scaled.jpg","contentUrl":"https:\/\/www.manaus.am.gov.br\/semcom\/wp-content\/uploads\/sites\/5\/2023\/06\/ibge-scaled.jpg","width":2560,"height":1707},{"@type":"WebSite","@id":"https:\/\/www.manaus.am.gov.br\/semcom\/#website","url":"https:\/\/www.manaus.am.gov.br\/semcom\/","name":"SEMCOM","description":"Secretaria Municipal de Comunica\u00e7\u00e3o","potentialAction":[{"@type":"SearchAction","target":{"@type":"EntryPoint","urlTemplate":"https:\/\/www.manaus.am.gov.br\/semcom\/?s={search_term_string}"},"query-input":"required name=search_term_string"}],"inLanguage":"pt-BR"},{"@type":"Person","@id":"https:\/\/www.manaus.am.gov.br\/semcom\/#\/schema\/person\/d0a166b5031154c33c77794ddc9a827e","name":"Cl\u00e1udia Barbosa","image":{"@type":"ImageObject","inLanguage":"pt-BR","@id":"https:\/\/www.manaus.am.gov.br\/semcom\/#\/schema\/person\/image\/","url":"https:\/\/secure.gravatar.com\/avatar\/42958a1cf007f1a00534009218c72590?s=96&d=mm&r=g","contentUrl":"https:\/\/secure.gravatar.com\/avatar\/42958a1cf007f1a00534009218c72590?s=96&d=mm&r=g","caption":"Cl\u00e1udia Barbosa"}}]}},"_links":{"self":[{"href":"https:\/\/www.manaus.am.gov.br\/semcom\/wp-json\/wp\/v2\/posts\/215056"}],"collection":[{"href":"https:\/\/www.manaus.am.gov.br\/semcom\/wp-json\/wp\/v2\/posts"}],"about":[{"href":"https:\/\/www.manaus.am.gov.br\/semcom\/wp-json\/wp\/v2\/types\/post"}],"author":[{"embeddable":true,"href":"https:\/\/www.manaus.am.gov.br\/semcom\/wp-json\/wp\/v2\/users\/24"}],"replies":[{"embeddable":true,"href":"https:\/\/www.manaus.am.gov.br\/semcom\/wp-json\/wp\/v2\/comments?post=215056"}],"version-history":[{"count":0,"href":"https:\/\/www.manaus.am.gov.br\/semcom\/wp-json\/wp\/v2\/posts\/215056\/revisions"}],"wp:featuredmedia":[{"embeddable":true,"href":"https:\/\/www.manaus.am.gov.br\/semcom\/wp-json\/wp\/v2\/media\/215057"}],"wp:attachment":[{"href":"https:\/\/www.manaus.am.gov.br\/semcom\/wp-json\/wp\/v2\/media?parent=215056"}],"wp:term":[{"taxonomy":"category","embeddable":true,"href":"https:\/\/www.manaus.am.gov.br\/semcom\/wp-json\/wp\/v2\/categories?post=215056"},{"taxonomy":"post_tag","embeddable":true,"href":"https:\/\/www.manaus.am.gov.br\/semcom\/wp-json\/wp\/v2\/tags?post=215056"}],"curies":[{"name":"wp","href":"https:\/\/api.w.org\/{rel}","templated":true}]}}