{"id":214970,"date":"2023-06-13T14:57:53","date_gmt":"2023-06-13T17:57:53","guid":{"rendered":"https:\/\/www.manaus.am.gov.br\/semcom\/prefeito-vistoria-obras-de-revitalizacao-no-campo-da-luzitania\/"},"modified":"2023-06-13T14:57:57","modified_gmt":"2023-06-13T17:57:57","slug":"prefeito-vistoria-obras-de-revitalizacao-no-campo-da-luzitania","status":"publish","type":"post","link":"https:\/\/www.manaus.am.gov.br\/semcom\/prefeito-vistoria-obras-de-revitalizacao-no-campo-da-luzitania\/","title":{"rendered":"<strong>Prefeito vistoria obras de\u00a0revitaliza\u00e7\u00e3o\u00a0no campo da Luzit\u00e2nia<\/strong>"},"content":{"rendered":"\n<p>O prefeito de Manaus, David Almeida, vistoriou, na manh\u00e3 desta ter\u00e7a-feira, 13\/6, a fase final das obras de revitaliza\u00e7\u00e3o do campo da Luzit\u00e2nia, localizado na travessa Boa Esperan\u00e7a, bairro Crespo, zona Sul da capital amazonense. A \u00e1rea ser\u00e1 entregue reurbanizada \u00e0 popula\u00e7\u00e3o nas pr\u00f3ximas semanas.<\/p>\n\n\n\n<p>\u201cN\u00f3s estamos reformando, colocando drenagem, tiramos todo os problemas de infraestrutura que existiam aqui, arrumamos todo o alambrado, estamos colocando um po\u00e7o artesiano para servir \u00e1gua para a popula\u00e7\u00e3o, e n\u00f3s vamos entregar nesse padr\u00e3o, com campo gramado, com irriga\u00e7\u00e3o e dessa forma a gente valoriza o esporte na comunidade, o esporte na cidade de Manaus\u201d, disse Almeida.<\/p>\n\n\n\n<p>A revitaliza\u00e7\u00e3o contempla a reestrutura\u00e7\u00e3o do campo, com a implanta\u00e7\u00e3o de mais areia e a pintura geral do muro. Executadas por meio da Secretaria Municipal de Infraestrutura (Seminf), as obras incluem constru\u00e7\u00e3o de arquibancada, recupera\u00e7\u00e3o das muretas e instala\u00e7\u00e3o de 960 metros de alambrado e muro, para promover a seguran\u00e7a dos usu\u00e1rios.<\/p>\n\n\n\n<p>A Secretaria de Obras implantou no campo uma rede de drenagem com 920 metros de extens\u00e3o. Esse \u00e9 o primeiro campo esportivo de comunidade a receber um sistema completo de escoamento de \u00e1gua da chuva.<\/p>\n\n\n\n<p>\u201cIncentivo ao esporte e de mobiliza\u00e7\u00e3o da comunidade em prol de um bem maior. \u00c9 isso que obtemos ao reformar campos e complexos esportivos como esse, aqui no Crespo. O prefeito David Almeida, em sua gest\u00e3o, quer viabilizar melhorias reais a esses espa\u00e7os em zonas perif\u00e9ricas da cidade e criar, na popula\u00e7\u00e3o, o h\u00e1bito de uma vida saud\u00e1vel\u201d, destacou o secret\u00e1rio de Obras, Renato Junior.<\/p>\n\n\n\n<p><strong>Mais interven\u00e7\u00f5es<\/strong><\/p>\n\n\n\n<p>Ainda no bairro Crespo, na zona Sul, o chefe do Executivo municipal anunciou a reforma da Unidade de Sa\u00fade da Fam\u00edlia (USF) Frank Rosemberg Calderon. \u201cN\u00f3s vamos dar a ordem de servi\u00e7o para a reforma completa dessa unidade. Com a reforma dessa estrutura, n\u00f3s completamos todas as unidades reformadas do complexo aqui no bairro Crespo, pela Prefeitura de Manaus\u201d, completou Almeida.<\/p>\n\n\n\n<p>&#8212; &#8212; &#8212;<\/p>\n\n\n\n<p><strong>Texto &#8211;<\/strong> Beathriz Torres \/ Semcom e Divulga\u00e7\u00e3o \/ Seminf<\/p>\n\n\n\n<p><strong>Fotos \u2013<\/strong> Ruan Souza \/ Semcom<\/p>\n\n\n\n<p><strong>Dispon\u00edveis em &#8211;<\/strong> <a href=\"https:\/\/flic.kr\/s\/aHBqjAHFNX\">https:\/\/flic.kr\/s\/aHBqjAHFNX<\/a><\/p>\n","protected":false},"excerpt":{"rendered":"","protected":false},"author":24,"featured_media":214971,"comment_status":"closed","ping_status":"closed","sticky":false,"template":"","format":"standard","meta":{"footnotes":""},"categories":[8],"tags":[476,91,35,76,77,96,439,450,33,5187],"acf":[],"yoast_head":"<!-- This site is optimized with the Yoast SEO plugin v23.0 - https:\/\/yoast.com\/wordpress\/plugins\/seo\/ -->\n<title>Prefeito vistoria obras de\u00a0revitaliza\u00e7\u00e3o\u00a0no campo da Luzit\u00e2nia - SEMCOM<\/title>\n<meta name=\"description\" content=\"O prefeito de Manaus, David Almeida, vistoriou, na manh\u00e3 desta ter\u00e7a-feira, 13\/6, a fase final das obras de revitaliza\u00e7\u00e3o do campo da Luzit\u00e2nia, localizado na travessa Boa Esperan\u00e7a, bairro Crespo, zona Sul da capital amazonense.\" \/>\n<meta name=\"robots\" content=\"index, follow, max-snippet:-1, max-image-preview:large, max-video-preview:-1\" \/>\n<link rel=\"canonical\" href=\"https:\/\/www.manaus.am.gov.br\/semcom\/prefeito-vistoria-obras-de-revitalizacao-no-campo-da-luzitania\/\" \/>\n<meta property=\"og:locale\" content=\"pt_BR\" \/>\n<meta property=\"og:type\" content=\"article\" \/>\n<meta property=\"og:title\" content=\"Prefeito vistoria obras de\u00a0revitaliza\u00e7\u00e3o\u00a0no campo da Luzit\u00e2nia - SEMCOM\" \/>\n<meta property=\"og:description\" content=\"O prefeito de Manaus, David Almeida, vistoriou, na manh\u00e3 desta ter\u00e7a-feira, 13\/6, a fase final das obras de revitaliza\u00e7\u00e3o do campo da Luzit\u00e2nia, localizado na travessa Boa Esperan\u00e7a, bairro Crespo, zona Sul da capital amazonense.\" \/>\n<meta property=\"og:url\" content=\"https:\/\/www.manaus.am.gov.br\/semcom\/prefeito-vistoria-obras-de-revitalizacao-no-campo-da-luzitania\/\" \/>\n<meta property=\"og:site_name\" content=\"SEMCOM\" \/>\n<meta property=\"article:published_time\" content=\"2023-06-13T17:57:53+00:00\" \/>\n<meta property=\"article:modified_time\" content=\"2023-06-13T17:57:57+00:00\" \/>\n<meta property=\"og:image\" content=\"https:\/\/www.manaus.am.gov.br\/semcom\/wp-content\/uploads\/sites\/5\/2023\/06\/52972549280_b1ba00f123_o-scaled.jpg\" \/>\n\t<meta property=\"og:image:width\" content=\"2560\" \/>\n\t<meta property=\"og:image:height\" content=\"1707\" \/>\n\t<meta property=\"og:image:type\" content=\"image\/jpeg\" \/>\n<meta name=\"author\" content=\"Cl\u00e1udia Barbosa\" \/>\n<meta name=\"twitter:card\" content=\"summary_large_image\" \/>\n<meta name=\"twitter:label1\" content=\"Written by\" \/>\n\t<meta name=\"twitter:data1\" content=\"Cl\u00e1udia Barbosa\" \/>\n\t<meta name=\"twitter:label2\" content=\"Est. reading time\" \/>\n\t<meta name=\"twitter:data2\" content=\"2 minutos\" \/>\n<script type=\"application\/ld+json\" class=\"yoast-schema-graph\">{\"@context\":\"https:\/\/schema.org\",\"@graph\":[{\"@type\":\"WebPage\",\"@id\":\"https:\/\/www.manaus.am.gov.br\/semcom\/prefeito-vistoria-obras-de-revitalizacao-no-campo-da-luzitania\/\",\"url\":\"https:\/\/www.manaus.am.gov.br\/semcom\/prefeito-vistoria-obras-de-revitalizacao-no-campo-da-luzitania\/\",\"name\":\"Prefeito vistoria obras de\u00a0revitaliza\u00e7\u00e3o\u00a0no campo da Luzit\u00e2nia - SEMCOM\",\"isPartOf\":{\"@id\":\"https:\/\/www.manaus.am.gov.br\/semcom\/#website\"},\"primaryImageOfPage\":{\"@id\":\"https:\/\/www.manaus.am.gov.br\/semcom\/prefeito-vistoria-obras-de-revitalizacao-no-campo-da-luzitania\/#primaryimage\"},\"image\":{\"@id\":\"https:\/\/www.manaus.am.gov.br\/semcom\/prefeito-vistoria-obras-de-revitalizacao-no-campo-da-luzitania\/#primaryimage\"},\"thumbnailUrl\":\"https:\/\/www.manaus.am.gov.br\/semcom\/wp-content\/uploads\/sites\/5\/2023\/06\/52972549280_b1ba00f123_o-scaled.jpg\",\"datePublished\":\"2023-06-13T17:57:53+00:00\",\"dateModified\":\"2023-06-13T17:57:57+00:00\",\"author\":{\"@id\":\"https:\/\/www.manaus.am.gov.br\/semcom\/#\/schema\/person\/d0a166b5031154c33c77794ddc9a827e\"},\"description\":\"O prefeito de Manaus, David Almeida, vistoriou, na manh\u00e3 desta ter\u00e7a-feira, 13\/6, a fase final das obras de revitaliza\u00e7\u00e3o do campo da Luzit\u00e2nia, localizado na travessa Boa Esperan\u00e7a, bairro Crespo, zona Sul da capital amazonense.\",\"inLanguage\":\"pt-BR\",\"potentialAction\":[{\"@type\":\"ReadAction\",\"target\":[\"https:\/\/www.manaus.am.gov.br\/semcom\/prefeito-vistoria-obras-de-revitalizacao-no-campo-da-luzitania\/\"]}]},{\"@type\":\"ImageObject\",\"inLanguage\":\"pt-BR\",\"@id\":\"https:\/\/www.manaus.am.gov.br\/semcom\/prefeito-vistoria-obras-de-revitalizacao-no-campo-da-luzitania\/#primaryimage\",\"url\":\"https:\/\/www.manaus.am.gov.br\/semcom\/wp-content\/uploads\/sites\/5\/2023\/06\/52972549280_b1ba00f123_o-scaled.jpg\",\"contentUrl\":\"https:\/\/www.manaus.am.gov.br\/semcom\/wp-content\/uploads\/sites\/5\/2023\/06\/52972549280_b1ba00f123_o-scaled.jpg\",\"width\":2560,\"height\":1707},{\"@type\":\"WebSite\",\"@id\":\"https:\/\/www.manaus.am.gov.br\/semcom\/#website\",\"url\":\"https:\/\/www.manaus.am.gov.br\/semcom\/\",\"name\":\"SEMCOM\",\"description\":\"Secretaria Municipal de Comunica\u00e7\u00e3o\",\"potentialAction\":[{\"@type\":\"SearchAction\",\"target\":{\"@type\":\"EntryPoint\",\"urlTemplate\":\"https:\/\/www.manaus.am.gov.br\/semcom\/?s={search_term_string}\"},\"query-input\":\"required name=search_term_string\"}],\"inLanguage\":\"pt-BR\"},{\"@type\":\"Person\",\"@id\":\"https:\/\/www.manaus.am.gov.br\/semcom\/#\/schema\/person\/d0a166b5031154c33c77794ddc9a827e\",\"name\":\"Cl\u00e1udia Barbosa\",\"image\":{\"@type\":\"ImageObject\",\"inLanguage\":\"pt-BR\",\"@id\":\"https:\/\/www.manaus.am.gov.br\/semcom\/#\/schema\/person\/image\/\",\"url\":\"https:\/\/secure.gravatar.com\/avatar\/42958a1cf007f1a00534009218c72590?s=96&d=mm&r=g\",\"contentUrl\":\"https:\/\/secure.gravatar.com\/avatar\/42958a1cf007f1a00534009218c72590?s=96&d=mm&r=g\",\"caption\":\"Cl\u00e1udia Barbosa\"}}]}<\/script>\n<!-- \/ Yoast SEO plugin. -->","yoast_head_json":{"title":"Prefeito vistoria obras de\u00a0revitaliza\u00e7\u00e3o\u00a0no campo da Luzit\u00e2nia - SEMCOM","description":"O prefeito de Manaus, David Almeida, vistoriou, na manh\u00e3 desta ter\u00e7a-feira, 13\/6, a fase final das obras de revitaliza\u00e7\u00e3o do campo da Luzit\u00e2nia, localizado na travessa Boa Esperan\u00e7a, bairro Crespo, zona Sul da capital amazonense.","robots":{"index":"index","follow":"follow","max-snippet":"max-snippet:-1","max-image-preview":"max-image-preview:large","max-video-preview":"max-video-preview:-1"},"canonical":"https:\/\/www.manaus.am.gov.br\/semcom\/prefeito-vistoria-obras-de-revitalizacao-no-campo-da-luzitania\/","og_locale":"pt_BR","og_type":"article","og_title":"Prefeito vistoria obras de\u00a0revitaliza\u00e7\u00e3o\u00a0no campo da Luzit\u00e2nia - SEMCOM","og_description":"O prefeito de Manaus, David Almeida, vistoriou, na manh\u00e3 desta ter\u00e7a-feira, 13\/6, a fase final das obras de revitaliza\u00e7\u00e3o do campo da Luzit\u00e2nia, localizado na travessa Boa Esperan\u00e7a, bairro Crespo, zona Sul da capital amazonense.","og_url":"https:\/\/www.manaus.am.gov.br\/semcom\/prefeito-vistoria-obras-de-revitalizacao-no-campo-da-luzitania\/","og_site_name":"SEMCOM","article_published_time":"2023-06-13T17:57:53+00:00","article_modified_time":"2023-06-13T17:57:57+00:00","og_image":[{"width":2560,"height":1707,"url":"https:\/\/www.manaus.am.gov.br\/semcom\/wp-content\/uploads\/sites\/5\/2023\/06\/52972549280_b1ba00f123_o-scaled.jpg","type":"image\/jpeg"}],"author":"Cl\u00e1udia Barbosa","twitter_card":"summary_large_image","twitter_misc":{"Written by":"Cl\u00e1udia Barbosa","Est. reading time":"2 minutos"},"schema":{"@context":"https:\/\/schema.org","@graph":[{"@type":"WebPage","@id":"https:\/\/www.manaus.am.gov.br\/semcom\/prefeito-vistoria-obras-de-revitalizacao-no-campo-da-luzitania\/","url":"https:\/\/www.manaus.am.gov.br\/semcom\/prefeito-vistoria-obras-de-revitalizacao-no-campo-da-luzitania\/","name":"Prefeito vistoria obras de\u00a0revitaliza\u00e7\u00e3o\u00a0no campo da Luzit\u00e2nia - SEMCOM","isPartOf":{"@id":"https:\/\/www.manaus.am.gov.br\/semcom\/#website"},"primaryImageOfPage":{"@id":"https:\/\/www.manaus.am.gov.br\/semcom\/prefeito-vistoria-obras-de-revitalizacao-no-campo-da-luzitania\/#primaryimage"},"image":{"@id":"https:\/\/www.manaus.am.gov.br\/semcom\/prefeito-vistoria-obras-de-revitalizacao-no-campo-da-luzitania\/#primaryimage"},"thumbnailUrl":"https:\/\/www.manaus.am.gov.br\/semcom\/wp-content\/uploads\/sites\/5\/2023\/06\/52972549280_b1ba00f123_o-scaled.jpg","datePublished":"2023-06-13T17:57:53+00:00","dateModified":"2023-06-13T17:57:57+00:00","author":{"@id":"https:\/\/www.manaus.am.gov.br\/semcom\/#\/schema\/person\/d0a166b5031154c33c77794ddc9a827e"},"description":"O prefeito de Manaus, David Almeida, vistoriou, na manh\u00e3 desta ter\u00e7a-feira, 13\/6, a fase final das obras de revitaliza\u00e7\u00e3o do campo da Luzit\u00e2nia, localizado na travessa Boa Esperan\u00e7a, bairro Crespo, zona Sul da capital amazonense.","inLanguage":"pt-BR","potentialAction":[{"@type":"ReadAction","target":["https:\/\/www.manaus.am.gov.br\/semcom\/prefeito-vistoria-obras-de-revitalizacao-no-campo-da-luzitania\/"]}]},{"@type":"ImageObject","inLanguage":"pt-BR","@id":"https:\/\/www.manaus.am.gov.br\/semcom\/prefeito-vistoria-obras-de-revitalizacao-no-campo-da-luzitania\/#primaryimage","url":"https:\/\/www.manaus.am.gov.br\/semcom\/wp-content\/uploads\/sites\/5\/2023\/06\/52972549280_b1ba00f123_o-scaled.jpg","contentUrl":"https:\/\/www.manaus.am.gov.br\/semcom\/wp-content\/uploads\/sites\/5\/2023\/06\/52972549280_b1ba00f123_o-scaled.jpg","width":2560,"height":1707},{"@type":"WebSite","@id":"https:\/\/www.manaus.am.gov.br\/semcom\/#website","url":"https:\/\/www.manaus.am.gov.br\/semcom\/","name":"SEMCOM","description":"Secretaria Municipal de Comunica\u00e7\u00e3o","potentialAction":[{"@type":"SearchAction","target":{"@type":"EntryPoint","urlTemplate":"https:\/\/www.manaus.am.gov.br\/semcom\/?s={search_term_string}"},"query-input":"required name=search_term_string"}],"inLanguage":"pt-BR"},{"@type":"Person","@id":"https:\/\/www.manaus.am.gov.br\/semcom\/#\/schema\/person\/d0a166b5031154c33c77794ddc9a827e","name":"Cl\u00e1udia Barbosa","image":{"@type":"ImageObject","inLanguage":"pt-BR","@id":"https:\/\/www.manaus.am.gov.br\/semcom\/#\/schema\/person\/image\/","url":"https:\/\/secure.gravatar.com\/avatar\/42958a1cf007f1a00534009218c72590?s=96&d=mm&r=g","contentUrl":"https:\/\/secure.gravatar.com\/avatar\/42958a1cf007f1a00534009218c72590?s=96&d=mm&r=g","caption":"Cl\u00e1udia Barbosa"}}]}},"_links":{"self":[{"href":"https:\/\/www.manaus.am.gov.br\/semcom\/wp-json\/wp\/v2\/posts\/214970"}],"collection":[{"href":"https:\/\/www.manaus.am.gov.br\/semcom\/wp-json\/wp\/v2\/posts"}],"about":[{"href":"https:\/\/www.manaus.am.gov.br\/semcom\/wp-json\/wp\/v2\/types\/post"}],"author":[{"embeddable":true,"href":"https:\/\/www.manaus.am.gov.br\/semcom\/wp-json\/wp\/v2\/users\/24"}],"replies":[{"embeddable":true,"href":"https:\/\/www.manaus.am.gov.br\/semcom\/wp-json\/wp\/v2\/comments?post=214970"}],"version-history":[{"count":0,"href":"https:\/\/www.manaus.am.gov.br\/semcom\/wp-json\/wp\/v2\/posts\/214970\/revisions"}],"wp:featuredmedia":[{"embeddable":true,"href":"https:\/\/www.manaus.am.gov.br\/semcom\/wp-json\/wp\/v2\/media\/214971"}],"wp:attachment":[{"href":"https:\/\/www.manaus.am.gov.br\/semcom\/wp-json\/wp\/v2\/media?parent=214970"}],"wp:term":[{"taxonomy":"category","embeddable":true,"href":"https:\/\/www.manaus.am.gov.br\/semcom\/wp-json\/wp\/v2\/categories?post=214970"},{"taxonomy":"post_tag","embeddable":true,"href":"https:\/\/www.manaus.am.gov.br\/semcom\/wp-json\/wp\/v2\/tags?post=214970"}],"curies":[{"name":"wp","href":"https:\/\/api.w.org\/{rel}","templated":true}]}}