{"id":214895,"date":"2023-06-09T15:18:30","date_gmt":"2023-06-09T18:18:30","guid":{"rendered":"https:\/\/www.manaus.am.gov.br\/semcom\/prefeitura-de-manaus-contempla-novas-vias-no-bairro-lirio-do-vale-com-recapeamento-asfaltico\/"},"modified":"2023-06-09T16:06:53","modified_gmt":"2023-06-09T19:06:53","slug":"prefeitura-de-manaus-contempla-novas-vias-no-bairro-lirio-do-vale-com-recapeamento-asfaltico","status":"publish","type":"post","link":"https:\/\/www.manaus.am.gov.br\/semcom\/prefeitura-de-manaus-contempla-novas-vias-no-bairro-lirio-do-vale-com-recapeamento-asfaltico\/","title":{"rendered":"Prefeitura de Manaus contempla novas vias no bairro L\u00edrio do Vale com recapeamento asf\u00e1ltico"},"content":{"rendered":"\n<p>A Prefeitura de Manaus, por meio da Secretaria Municipal de Infraestrutura (Seminf), contempla as ruas 4 e 5, no bairro L\u00edrio do Vale, zona Oeste, com as obras de recapeamento asf\u00e1ltico nesta sexta-feira, 9\/6. O distrito de obras da \u00e1rea trabalha para recuperar as vias cr\u00edticas que, durante anos, prejudicaram o acesso dos moradores.<\/p>\n\n\n\n<p>\u201cEstamos seguindo o cronograma de servi\u00e7os nessa \u00e1rea durante esta semana, com a meta de proporcionar mais qualidade e bem-estar aos moradores do bairro, que enfrentaram os buracos e a falta de acessibilidade durante anos. A equipe cumpre a determina\u00e7\u00e3o do prefeito David Almeida e do secret\u00e1rio de Obras, Renato Junior, em todas as zonas, com muitas frentes que ocorrem de forma simult\u00e2nea\u201d, destaca o subsecret\u00e1rio de Servi\u00e7os B\u00e1sicos, Efrain Arag\u00e3o.<\/p>\n\n\n\n<p>O recapeamento \u00e9 realizado, de forma manual, nesses trechos que recebem aproximadamente 40 toneladas de massa asf\u00e1ltica. O pavimento apresentava fissuras e crateras, provocadas por d\u00e9cadas sem servi\u00e7os de manuten\u00e7\u00e3o e pelas fortes chuvas.<\/p>\n\n\n\n<p>Para ampliar o servi\u00e7o na \u00e1rea, a Prefeitura de Manaus deve estender os trabalhos \u00e0s ruas 2 e 3, no bairro L\u00edrio do Vale, com o objetivo de beneficiar mais vias, com infraestrutura de qualidade, seguindo a programa\u00e7\u00e3o de obras, de acordo com a criticidade dos trechos.<\/p>\n\n\n\n<p>&#8212; &#8212; &#8212;<\/p>\n\n\n\n<p><strong>Texto<\/strong> &#8211; Rayana Coutinho\/ Seminf<\/p>\n\n\n\n<p><strong>Fotos<\/strong> &#8211; Divulga\u00e7\u00e3o\/Seminf<\/p>\n","protected":false},"excerpt":{"rendered":"","protected":false},"author":23,"featured_media":214896,"comment_status":"closed","ping_status":"closed","sticky":false,"template":"","format":"standard","meta":{"footnotes":""},"categories":[45],"tags":[661,993,77,352,33],"acf":[],"yoast_head":"<!-- This site is optimized with the Yoast SEO plugin v23.0 - https:\/\/yoast.com\/wordpress\/plugins\/seo\/ -->\n<title>Prefeitura de Manaus contempla novas vias no bairro L\u00edrio do Vale com recapeamento asf\u00e1ltico<\/title>\n<meta name=\"description\" content=\"A Prefeitura de Manaus, por meio da Secretaria Municipal de Infraestrutura (Seminf), contempla as ruas 4 e 5, no bairro L\u00edrio do Vale, zona Oeste, com as obras de recapeamento asf\u00e1ltico nesta sexta-feira, 9\/6. O distrito de obras da \u00e1rea trabalha para recuperar as vias cr\u00edticas que, durante anos, prejudicaram o acesso dos moradores.\" \/>\n<meta name=\"robots\" content=\"index, follow, max-snippet:-1, max-image-preview:large, max-video-preview:-1\" \/>\n<link rel=\"canonical\" href=\"https:\/\/www.manaus.am.gov.br\/semcom\/prefeitura-de-manaus-contempla-novas-vias-no-bairro-lirio-do-vale-com-recapeamento-asfaltico\/\" \/>\n<meta property=\"og:locale\" content=\"pt_BR\" \/>\n<meta property=\"og:type\" content=\"article\" \/>\n<meta property=\"og:title\" content=\"Prefeitura de Manaus contempla novas vias no bairro L\u00edrio do Vale com recapeamento asf\u00e1ltico\" \/>\n<meta property=\"og:description\" content=\"A Prefeitura de Manaus, por meio da Secretaria Municipal de Infraestrutura (Seminf), contempla as ruas 4 e 5, no bairro L\u00edrio do Vale, zona Oeste, com as obras de recapeamento asf\u00e1ltico nesta sexta-feira, 9\/6. O distrito de obras da \u00e1rea trabalha para recuperar as vias cr\u00edticas que, durante anos, prejudicaram o acesso dos moradores.\" \/>\n<meta property=\"og:url\" content=\"https:\/\/www.manaus.am.gov.br\/semcom\/prefeitura-de-manaus-contempla-novas-vias-no-bairro-lirio-do-vale-com-recapeamento-asfaltico\/\" \/>\n<meta property=\"og:site_name\" content=\"SEMCOM\" \/>\n<meta property=\"article:published_time\" content=\"2023-06-09T18:18:30+00:00\" \/>\n<meta property=\"article:modified_time\" content=\"2023-06-09T19:06:53+00:00\" \/>\n<meta property=\"og:image\" content=\"https:\/\/www.manaus.am.gov.br\/semcom\/wp-content\/uploads\/sites\/5\/2023\/06\/WhatsApp-Image-2023-06-09-at-13.11.15.jpeg\" \/>\n\t<meta property=\"og:image:width\" content=\"1075\" \/>\n\t<meta property=\"og:image:height\" content=\"806\" \/>\n\t<meta property=\"og:image:type\" content=\"image\/jpeg\" \/>\n<meta name=\"author\" content=\"Adriana Costa\" \/>\n<meta name=\"twitter:card\" content=\"summary_large_image\" \/>\n<meta name=\"twitter:label1\" content=\"Written by\" \/>\n\t<meta name=\"twitter:data1\" content=\"Adriana Costa\" \/>\n\t<meta name=\"twitter:label2\" content=\"Est. reading time\" \/>\n\t<meta name=\"twitter:data2\" content=\"2 minutos\" \/>\n<script type=\"application\/ld+json\" class=\"yoast-schema-graph\">{\"@context\":\"https:\/\/schema.org\",\"@graph\":[{\"@type\":\"WebPage\",\"@id\":\"https:\/\/www.manaus.am.gov.br\/semcom\/prefeitura-de-manaus-contempla-novas-vias-no-bairro-lirio-do-vale-com-recapeamento-asfaltico\/\",\"url\":\"https:\/\/www.manaus.am.gov.br\/semcom\/prefeitura-de-manaus-contempla-novas-vias-no-bairro-lirio-do-vale-com-recapeamento-asfaltico\/\",\"name\":\"Prefeitura de Manaus contempla novas vias no bairro L\u00edrio do Vale com recapeamento asf\u00e1ltico\",\"isPartOf\":{\"@id\":\"https:\/\/www.manaus.am.gov.br\/semcom\/#website\"},\"primaryImageOfPage\":{\"@id\":\"https:\/\/www.manaus.am.gov.br\/semcom\/prefeitura-de-manaus-contempla-novas-vias-no-bairro-lirio-do-vale-com-recapeamento-asfaltico\/#primaryimage\"},\"image\":{\"@id\":\"https:\/\/www.manaus.am.gov.br\/semcom\/prefeitura-de-manaus-contempla-novas-vias-no-bairro-lirio-do-vale-com-recapeamento-asfaltico\/#primaryimage\"},\"thumbnailUrl\":\"https:\/\/www.manaus.am.gov.br\/semcom\/wp-content\/uploads\/sites\/5\/2023\/06\/WhatsApp-Image-2023-06-09-at-13.11.15.jpeg\",\"datePublished\":\"2023-06-09T18:18:30+00:00\",\"dateModified\":\"2023-06-09T19:06:53+00:00\",\"author\":{\"@id\":\"https:\/\/www.manaus.am.gov.br\/semcom\/#\/schema\/person\/4e49f4e267757a06ca072ec61b2b9968\"},\"description\":\"A Prefeitura de Manaus, por meio da Secretaria Municipal de Infraestrutura (Seminf), contempla as ruas 4 e 5, no bairro L\u00edrio do Vale, zona Oeste, com as obras de recapeamento asf\u00e1ltico nesta sexta-feira, 9\/6. O distrito de obras da \u00e1rea trabalha para recuperar as vias cr\u00edticas que, durante anos, prejudicaram o acesso dos moradores.\",\"inLanguage\":\"pt-BR\",\"potentialAction\":[{\"@type\":\"ReadAction\",\"target\":[\"https:\/\/www.manaus.am.gov.br\/semcom\/prefeitura-de-manaus-contempla-novas-vias-no-bairro-lirio-do-vale-com-recapeamento-asfaltico\/\"]}]},{\"@type\":\"ImageObject\",\"inLanguage\":\"pt-BR\",\"@id\":\"https:\/\/www.manaus.am.gov.br\/semcom\/prefeitura-de-manaus-contempla-novas-vias-no-bairro-lirio-do-vale-com-recapeamento-asfaltico\/#primaryimage\",\"url\":\"https:\/\/www.manaus.am.gov.br\/semcom\/wp-content\/uploads\/sites\/5\/2023\/06\/WhatsApp-Image-2023-06-09-at-13.11.15.jpeg\",\"contentUrl\":\"https:\/\/www.manaus.am.gov.br\/semcom\/wp-content\/uploads\/sites\/5\/2023\/06\/WhatsApp-Image-2023-06-09-at-13.11.15.jpeg\",\"width\":1075,\"height\":806},{\"@type\":\"WebSite\",\"@id\":\"https:\/\/www.manaus.am.gov.br\/semcom\/#website\",\"url\":\"https:\/\/www.manaus.am.gov.br\/semcom\/\",\"name\":\"SEMCOM\",\"description\":\"Secretaria Municipal de Comunica\u00e7\u00e3o\",\"potentialAction\":[{\"@type\":\"SearchAction\",\"target\":{\"@type\":\"EntryPoint\",\"urlTemplate\":\"https:\/\/www.manaus.am.gov.br\/semcom\/?s={search_term_string}\"},\"query-input\":\"required name=search_term_string\"}],\"inLanguage\":\"pt-BR\"},{\"@type\":\"Person\",\"@id\":\"https:\/\/www.manaus.am.gov.br\/semcom\/#\/schema\/person\/4e49f4e267757a06ca072ec61b2b9968\",\"name\":\"Adriana Costa\",\"image\":{\"@type\":\"ImageObject\",\"inLanguage\":\"pt-BR\",\"@id\":\"https:\/\/www.manaus.am.gov.br\/semcom\/#\/schema\/person\/image\/\",\"url\":\"https:\/\/secure.gravatar.com\/avatar\/576258617ef7194f718179e766d57bd4?s=96&d=mm&r=g\",\"contentUrl\":\"https:\/\/secure.gravatar.com\/avatar\/576258617ef7194f718179e766d57bd4?s=96&d=mm&r=g\",\"caption\":\"Adriana Costa\"}}]}<\/script>\n<!-- \/ Yoast SEO plugin. -->","yoast_head_json":{"title":"Prefeitura de Manaus contempla novas vias no bairro L\u00edrio do Vale com recapeamento asf\u00e1ltico","description":"A Prefeitura de Manaus, por meio da Secretaria Municipal de Infraestrutura (Seminf), contempla as ruas 4 e 5, no bairro L\u00edrio do Vale, zona Oeste, com as obras de recapeamento asf\u00e1ltico nesta sexta-feira, 9\/6. O distrito de obras da \u00e1rea trabalha para recuperar as vias cr\u00edticas que, durante anos, prejudicaram o acesso dos moradores.","robots":{"index":"index","follow":"follow","max-snippet":"max-snippet:-1","max-image-preview":"max-image-preview:large","max-video-preview":"max-video-preview:-1"},"canonical":"https:\/\/www.manaus.am.gov.br\/semcom\/prefeitura-de-manaus-contempla-novas-vias-no-bairro-lirio-do-vale-com-recapeamento-asfaltico\/","og_locale":"pt_BR","og_type":"article","og_title":"Prefeitura de Manaus contempla novas vias no bairro L\u00edrio do Vale com recapeamento asf\u00e1ltico","og_description":"A Prefeitura de Manaus, por meio da Secretaria Municipal de Infraestrutura (Seminf), contempla as ruas 4 e 5, no bairro L\u00edrio do Vale, zona Oeste, com as obras de recapeamento asf\u00e1ltico nesta sexta-feira, 9\/6. O distrito de obras da \u00e1rea trabalha para recuperar as vias cr\u00edticas que, durante anos, prejudicaram o acesso dos moradores.","og_url":"https:\/\/www.manaus.am.gov.br\/semcom\/prefeitura-de-manaus-contempla-novas-vias-no-bairro-lirio-do-vale-com-recapeamento-asfaltico\/","og_site_name":"SEMCOM","article_published_time":"2023-06-09T18:18:30+00:00","article_modified_time":"2023-06-09T19:06:53+00:00","og_image":[{"width":1075,"height":806,"url":"https:\/\/www.manaus.am.gov.br\/semcom\/wp-content\/uploads\/sites\/5\/2023\/06\/WhatsApp-Image-2023-06-09-at-13.11.15.jpeg","type":"image\/jpeg"}],"author":"Adriana Costa","twitter_card":"summary_large_image","twitter_misc":{"Written by":"Adriana Costa","Est. reading time":"2 minutos"},"schema":{"@context":"https:\/\/schema.org","@graph":[{"@type":"WebPage","@id":"https:\/\/www.manaus.am.gov.br\/semcom\/prefeitura-de-manaus-contempla-novas-vias-no-bairro-lirio-do-vale-com-recapeamento-asfaltico\/","url":"https:\/\/www.manaus.am.gov.br\/semcom\/prefeitura-de-manaus-contempla-novas-vias-no-bairro-lirio-do-vale-com-recapeamento-asfaltico\/","name":"Prefeitura de Manaus contempla novas vias no bairro L\u00edrio do Vale com recapeamento asf\u00e1ltico","isPartOf":{"@id":"https:\/\/www.manaus.am.gov.br\/semcom\/#website"},"primaryImageOfPage":{"@id":"https:\/\/www.manaus.am.gov.br\/semcom\/prefeitura-de-manaus-contempla-novas-vias-no-bairro-lirio-do-vale-com-recapeamento-asfaltico\/#primaryimage"},"image":{"@id":"https:\/\/www.manaus.am.gov.br\/semcom\/prefeitura-de-manaus-contempla-novas-vias-no-bairro-lirio-do-vale-com-recapeamento-asfaltico\/#primaryimage"},"thumbnailUrl":"https:\/\/www.manaus.am.gov.br\/semcom\/wp-content\/uploads\/sites\/5\/2023\/06\/WhatsApp-Image-2023-06-09-at-13.11.15.jpeg","datePublished":"2023-06-09T18:18:30+00:00","dateModified":"2023-06-09T19:06:53+00:00","author":{"@id":"https:\/\/www.manaus.am.gov.br\/semcom\/#\/schema\/person\/4e49f4e267757a06ca072ec61b2b9968"},"description":"A Prefeitura de Manaus, por meio da Secretaria Municipal de Infraestrutura (Seminf), contempla as ruas 4 e 5, no bairro L\u00edrio do Vale, zona Oeste, com as obras de recapeamento asf\u00e1ltico nesta sexta-feira, 9\/6. O distrito de obras da \u00e1rea trabalha para recuperar as vias cr\u00edticas que, durante anos, prejudicaram o acesso dos moradores.","inLanguage":"pt-BR","potentialAction":[{"@type":"ReadAction","target":["https:\/\/www.manaus.am.gov.br\/semcom\/prefeitura-de-manaus-contempla-novas-vias-no-bairro-lirio-do-vale-com-recapeamento-asfaltico\/"]}]},{"@type":"ImageObject","inLanguage":"pt-BR","@id":"https:\/\/www.manaus.am.gov.br\/semcom\/prefeitura-de-manaus-contempla-novas-vias-no-bairro-lirio-do-vale-com-recapeamento-asfaltico\/#primaryimage","url":"https:\/\/www.manaus.am.gov.br\/semcom\/wp-content\/uploads\/sites\/5\/2023\/06\/WhatsApp-Image-2023-06-09-at-13.11.15.jpeg","contentUrl":"https:\/\/www.manaus.am.gov.br\/semcom\/wp-content\/uploads\/sites\/5\/2023\/06\/WhatsApp-Image-2023-06-09-at-13.11.15.jpeg","width":1075,"height":806},{"@type":"WebSite","@id":"https:\/\/www.manaus.am.gov.br\/semcom\/#website","url":"https:\/\/www.manaus.am.gov.br\/semcom\/","name":"SEMCOM","description":"Secretaria Municipal de Comunica\u00e7\u00e3o","potentialAction":[{"@type":"SearchAction","target":{"@type":"EntryPoint","urlTemplate":"https:\/\/www.manaus.am.gov.br\/semcom\/?s={search_term_string}"},"query-input":"required name=search_term_string"}],"inLanguage":"pt-BR"},{"@type":"Person","@id":"https:\/\/www.manaus.am.gov.br\/semcom\/#\/schema\/person\/4e49f4e267757a06ca072ec61b2b9968","name":"Adriana Costa","image":{"@type":"ImageObject","inLanguage":"pt-BR","@id":"https:\/\/www.manaus.am.gov.br\/semcom\/#\/schema\/person\/image\/","url":"https:\/\/secure.gravatar.com\/avatar\/576258617ef7194f718179e766d57bd4?s=96&d=mm&r=g","contentUrl":"https:\/\/secure.gravatar.com\/avatar\/576258617ef7194f718179e766d57bd4?s=96&d=mm&r=g","caption":"Adriana Costa"}}]}},"_links":{"self":[{"href":"https:\/\/www.manaus.am.gov.br\/semcom\/wp-json\/wp\/v2\/posts\/214895"}],"collection":[{"href":"https:\/\/www.manaus.am.gov.br\/semcom\/wp-json\/wp\/v2\/posts"}],"about":[{"href":"https:\/\/www.manaus.am.gov.br\/semcom\/wp-json\/wp\/v2\/types\/post"}],"author":[{"embeddable":true,"href":"https:\/\/www.manaus.am.gov.br\/semcom\/wp-json\/wp\/v2\/users\/23"}],"replies":[{"embeddable":true,"href":"https:\/\/www.manaus.am.gov.br\/semcom\/wp-json\/wp\/v2\/comments?post=214895"}],"version-history":[{"count":1,"href":"https:\/\/www.manaus.am.gov.br\/semcom\/wp-json\/wp\/v2\/posts\/214895\/revisions"}],"predecessor-version":[{"id":214899,"href":"https:\/\/www.manaus.am.gov.br\/semcom\/wp-json\/wp\/v2\/posts\/214895\/revisions\/214899"}],"wp:featuredmedia":[{"embeddable":true,"href":"https:\/\/www.manaus.am.gov.br\/semcom\/wp-json\/wp\/v2\/media\/214896"}],"wp:attachment":[{"href":"https:\/\/www.manaus.am.gov.br\/semcom\/wp-json\/wp\/v2\/media?parent=214895"}],"wp:term":[{"taxonomy":"category","embeddable":true,"href":"https:\/\/www.manaus.am.gov.br\/semcom\/wp-json\/wp\/v2\/categories?post=214895"},{"taxonomy":"post_tag","embeddable":true,"href":"https:\/\/www.manaus.am.gov.br\/semcom\/wp-json\/wp\/v2\/tags?post=214895"}],"curies":[{"name":"wp","href":"https:\/\/api.w.org\/{rel}","templated":true}]}}