{"id":214830,"date":"2023-06-07T12:23:10","date_gmt":"2023-06-07T15:23:10","guid":{"rendered":"https:\/\/www.manaus.am.gov.br\/semcom\/prefeitura-garante-servicos-essenciais-no-feriadao-de-corpus-christi\/"},"modified":"2023-06-07T12:23:11","modified_gmt":"2023-06-07T15:23:11","slug":"prefeitura-garante-servicos-essenciais-no-feriadao-de-corpus-christi","status":"publish","type":"post","link":"https:\/\/www.manaus.am.gov.br\/semcom\/prefeitura-garante-servicos-essenciais-no-feriadao-de-corpus-christi\/","title":{"rendered":"<strong>Prefeitura garante servi\u00e7os essenciais no feriad\u00e3o de Corpus Christi<\/strong>"},"content":{"rendered":"\n<p>A Prefeitura de Manaus divulga o funcionamento dos servi\u00e7os essenciais \u00e0 popula\u00e7\u00e3o nesta quinta e na sexta-feira, 8 e 9 de junho, feriado nacional e religioso consagrado a Corpus Christi e ponto facultativo no munic\u00edpio, respectivamente.<\/p>\n\n\n\n<p>Os servi\u00e7os essenciais de sa\u00fade administrados pela rede municipal ser\u00e3o mantidos durante o feriado de Corpus Christi, na quinta-feira, 8\/6, e no ponto facultativo da sexta-feira, 9\/6. A Secretaria Municipal de Sa\u00fade (Semsa) gerencia quatro servi\u00e7os que ficam \u00e0 disposi\u00e7\u00e3o da popula\u00e7\u00e3o todos os dias, inclusive, nos fins de semana e feriados.<\/p>\n\n\n\n<p>A Maternidade Dr. Moura Tapaj\u00f3z, no bairro Compensa, zona Oeste da capital, funciona em regime de plant\u00e3o 24 horas, todos os dias, assim como o Servi\u00e7o de Atendimento M\u00f3vel de Urg\u00eancia (Samu), que pode ser acionado para casos de urg\u00eancia pelo n\u00famero 192.<\/p>\n\n\n\n<p>A popula\u00e7\u00e3o poder\u00e1 tamb\u00e9m buscar servi\u00e7os b\u00e1sicos da Aten\u00e7\u00e3o Prim\u00e1ria, como vacina\u00e7\u00e3o do calend\u00e1rio b\u00e1sico, testes r\u00e1pidos de Infec\u00e7\u00f5es Sexualmente Transmiss\u00edveis (ISTs) e procedimentos no Sistema de Regula\u00e7\u00e3o (Sisreg), na cl\u00ednica da fam\u00edlia Carmen Nicolau, localizada na rua Santa Tereza D\u2019\u00c1vila, s\/n\u00ba, bairro Lago Azul, zona Norte, das 8h \u00e0s 18h.<\/p>\n\n\n\n<p>O Centro de Emiss\u00e3o de Declara\u00e7\u00e3o de \u00d3bito por Causa Natural em Domic\u00edlio (Cedo) atende os usu\u00e1rios, das 8h \u00e0s 18h, por meio do n\u00famero (92) 98842-8437. Os demais estabelecimentos da rede municipal de sa\u00fade retomam as atividades na segunda-feira, 12\/6.<\/p>\n\n\n\n<p><strong>Limpeza<\/strong><\/p>\n\n\n\n<p>Uma for\u00e7a-tarefa da Secretaria Municipal de Limpeza Urbana (Semulsp) atuar\u00e1, no feriado, para atender com servi\u00e7os de limpeza o complexo tur\u00edstico Ponta Negra, a \u00e1rea central da cidade, por conta da prociss\u00e3o de Corpus Christi, e arredores da feira da Manaus Moderna, assim como outros pontos estrat\u00e9gicos de Manaus. O servi\u00e7o de varri\u00e7\u00e3o ser\u00e1 em regime de plant\u00e3o, enquanto os coletores n\u00e3o ir\u00e3o parar nos pr\u00f3ximos dias.<\/p>\n\n\n\n<p><strong>Feiras e mercados<\/strong><\/p>\n\n\n\n<p>A Secretaria Municipal de Agricultura, Abastecimento, Centro e Com\u00e9rcio informal (Semacc) ir\u00e1 funcionar, normalmente, durante o feriado de Corpus Christi, no mercado municipal Adolpho Lisboa e nas quatro feiras abastecedoras de Manaus.<\/p>\n\n\n\n<p>O mercado municipal Adolpho Lisboa, na avenida Louren\u00e7o Braga, Centro, estar\u00e1 aberto das 6h \u00e0s 17h. As feiras municipais Coronel Jorge Teixeira (Manaus Moderna) e da Banana, ambas no Centro, funcionam das 3h \u00e0s 18h. A feira municipal do Produtor, da zona Leste, abre as portas das 6h \u00e0s 18h. A feira da Panair, bairro Educandos, zona Sul, recebe o p\u00fablico das 6h \u00e0s 18h. J\u00e1 o tablado do peixe, na mesma feira, funciona das 18h \u00e0s 6h.<\/p>\n\n\n\n<p>A Secretaria Municipal do Trabalho, Empreendedorismo e Inova\u00e7\u00e3o (Semtepi) divulga que,&nbsp;na quinta-feira, 8\/6, as galerias populares Esp\u00edrito Santo e Rem\u00e9dios, Centro, zona Sul, e o shopping Phelippe Daou, zona Leste, funcionar\u00e3o das 8h \u00e0s 15h. J\u00e1 na sexta-feira, 9\/6, os espa\u00e7os funcionar\u00e3o em hor\u00e1rio normal, das 8h \u00e0s 18h.<\/p>\n\n\n\n<p><strong>Sine Manaus<\/strong><\/p>\n\n\n\n<p>A Semtepi informa que o atendimento nos postos do Sine Manaus, localizados na avenida Constantino Nery, zona Sul, e no shopping Phelippe Daou, zona Leste de Manaus, estar\u00e3o suspensos durante os dias 8 e 9\/6.&nbsp;As atividades retornam normalmente na segunda-feira, 12\/6. N\u00e3o \u00e9 necess\u00e1rio fazer agendamento pr\u00e9vio para acessar os servi\u00e7os. A popula\u00e7\u00e3o pode se dirigir a um dos postos, portando os documentos originais e o cart\u00e3o de vacina\u00e7\u00e3o, com o esquema vacinal completo contra a Covid-19, de segunda a sexta-feira, das 8h \u00e0s 16h.<\/p>\n\n\n\n<p>&#8212; &#8212; &#8212;<\/p>\n\n\n\n<p><strong>Texto<\/strong>&nbsp;\u2013 Divulga\u00e7\u00e3o\/Semsa\/Semacc\/Semulsp\/Semtepi<\/p>\n\n\n\n<p><strong>Fotos<\/strong>&nbsp;\u2013 Dhyeizo Lemos\/Semcom (Limpeza), Arquivo\/Semsa (Samu) e Arquivo\/Semcom (Mercad\u00e3o)<\/p>\n","protected":false},"excerpt":{"rendered":"","protected":false},"author":23,"featured_media":214831,"comment_status":"closed","ping_status":"closed","sticky":false,"template":"","format":"standard","meta":{"footnotes":""},"categories":[424],"tags":[5095,5096,1733,5097,77,55,162,22,301,897,23],"acf":[],"yoast_head":"<!-- This site is optimized with the Yoast SEO plugin v23.0 - https:\/\/yoast.com\/wordpress\/plugins\/seo\/ -->\n<title>Prefeitura garante servi\u00e7os essenciais no feriad\u00e3o de Corpus Christi<\/title>\n<meta name=\"description\" content=\"A Prefeitura de Manaus divulga o funcionamento dos servi\u00e7os essenciais \u00e0 popula\u00e7\u00e3o nesta quinta e na sexta-feira, 8 e 9 de junho, feriado nacional e religioso consagrado a Corpus Christi e ponto facultativo no munic\u00edpio, respectivamente.\" \/>\n<meta name=\"robots\" content=\"index, follow, max-snippet:-1, max-image-preview:large, max-video-preview:-1\" \/>\n<link rel=\"canonical\" href=\"https:\/\/www.manaus.am.gov.br\/semcom\/prefeitura-garante-servicos-essenciais-no-feriadao-de-corpus-christi\/\" \/>\n<meta property=\"og:locale\" content=\"pt_BR\" \/>\n<meta property=\"og:type\" content=\"article\" \/>\n<meta property=\"og:title\" content=\"Prefeitura garante servi\u00e7os essenciais no feriad\u00e3o de Corpus Christi\" \/>\n<meta property=\"og:description\" content=\"A Prefeitura de Manaus divulga o funcionamento dos servi\u00e7os essenciais \u00e0 popula\u00e7\u00e3o nesta quinta e na sexta-feira, 8 e 9 de junho, feriado nacional e religioso consagrado a Corpus Christi e ponto facultativo no munic\u00edpio, respectivamente.\" \/>\n<meta property=\"og:url\" content=\"https:\/\/www.manaus.am.gov.br\/semcom\/prefeitura-garante-servicos-essenciais-no-feriadao-de-corpus-christi\/\" \/>\n<meta property=\"og:site_name\" content=\"SEMCOM\" \/>\n<meta property=\"article:published_time\" content=\"2023-06-07T15:23:10+00:00\" \/>\n<meta property=\"article:modified_time\" content=\"2023-06-07T15:23:11+00:00\" \/>\n<meta property=\"og:image\" content=\"https:\/\/www.manaus.am.gov.br\/semcom\/wp-content\/uploads\/sites\/5\/2023\/06\/52306294325_90f185acea_c.jpg\" \/>\n\t<meta property=\"og:image:width\" content=\"799\" \/>\n\t<meta property=\"og:image:height\" content=\"533\" \/>\n\t<meta property=\"og:image:type\" content=\"image\/jpeg\" \/>\n<meta name=\"author\" content=\"Adriana Costa\" \/>\n<meta name=\"twitter:card\" content=\"summary_large_image\" \/>\n<meta name=\"twitter:label1\" content=\"Written by\" \/>\n\t<meta name=\"twitter:data1\" content=\"Adriana Costa\" \/>\n\t<meta name=\"twitter:label2\" content=\"Est. reading time\" \/>\n\t<meta name=\"twitter:data2\" content=\"4 minutos\" \/>\n<script type=\"application\/ld+json\" class=\"yoast-schema-graph\">{\"@context\":\"https:\/\/schema.org\",\"@graph\":[{\"@type\":\"WebPage\",\"@id\":\"https:\/\/www.manaus.am.gov.br\/semcom\/prefeitura-garante-servicos-essenciais-no-feriadao-de-corpus-christi\/\",\"url\":\"https:\/\/www.manaus.am.gov.br\/semcom\/prefeitura-garante-servicos-essenciais-no-feriadao-de-corpus-christi\/\",\"name\":\"Prefeitura garante servi\u00e7os essenciais no feriad\u00e3o de Corpus Christi\",\"isPartOf\":{\"@id\":\"https:\/\/www.manaus.am.gov.br\/semcom\/#website\"},\"primaryImageOfPage\":{\"@id\":\"https:\/\/www.manaus.am.gov.br\/semcom\/prefeitura-garante-servicos-essenciais-no-feriadao-de-corpus-christi\/#primaryimage\"},\"image\":{\"@id\":\"https:\/\/www.manaus.am.gov.br\/semcom\/prefeitura-garante-servicos-essenciais-no-feriadao-de-corpus-christi\/#primaryimage\"},\"thumbnailUrl\":\"https:\/\/www.manaus.am.gov.br\/semcom\/wp-content\/uploads\/sites\/5\/2023\/06\/52306294325_90f185acea_c.jpg\",\"datePublished\":\"2023-06-07T15:23:10+00:00\",\"dateModified\":\"2023-06-07T15:23:11+00:00\",\"author\":{\"@id\":\"https:\/\/www.manaus.am.gov.br\/semcom\/#\/schema\/person\/4e49f4e267757a06ca072ec61b2b9968\"},\"description\":\"A Prefeitura de Manaus divulga o funcionamento dos servi\u00e7os essenciais \u00e0 popula\u00e7\u00e3o nesta quinta e na sexta-feira, 8 e 9 de junho, feriado nacional e religioso consagrado a Corpus Christi e ponto facultativo no munic\u00edpio, respectivamente.\",\"inLanguage\":\"pt-BR\",\"potentialAction\":[{\"@type\":\"ReadAction\",\"target\":[\"https:\/\/www.manaus.am.gov.br\/semcom\/prefeitura-garante-servicos-essenciais-no-feriadao-de-corpus-christi\/\"]}]},{\"@type\":\"ImageObject\",\"inLanguage\":\"pt-BR\",\"@id\":\"https:\/\/www.manaus.am.gov.br\/semcom\/prefeitura-garante-servicos-essenciais-no-feriadao-de-corpus-christi\/#primaryimage\",\"url\":\"https:\/\/www.manaus.am.gov.br\/semcom\/wp-content\/uploads\/sites\/5\/2023\/06\/52306294325_90f185acea_c.jpg\",\"contentUrl\":\"https:\/\/www.manaus.am.gov.br\/semcom\/wp-content\/uploads\/sites\/5\/2023\/06\/52306294325_90f185acea_c.jpg\",\"width\":799,\"height\":533},{\"@type\":\"WebSite\",\"@id\":\"https:\/\/www.manaus.am.gov.br\/semcom\/#website\",\"url\":\"https:\/\/www.manaus.am.gov.br\/semcom\/\",\"name\":\"SEMCOM\",\"description\":\"Secretaria Municipal de Comunica\u00e7\u00e3o\",\"potentialAction\":[{\"@type\":\"SearchAction\",\"target\":{\"@type\":\"EntryPoint\",\"urlTemplate\":\"https:\/\/www.manaus.am.gov.br\/semcom\/?s={search_term_string}\"},\"query-input\":\"required name=search_term_string\"}],\"inLanguage\":\"pt-BR\"},{\"@type\":\"Person\",\"@id\":\"https:\/\/www.manaus.am.gov.br\/semcom\/#\/schema\/person\/4e49f4e267757a06ca072ec61b2b9968\",\"name\":\"Adriana Costa\",\"image\":{\"@type\":\"ImageObject\",\"inLanguage\":\"pt-BR\",\"@id\":\"https:\/\/www.manaus.am.gov.br\/semcom\/#\/schema\/person\/image\/\",\"url\":\"https:\/\/secure.gravatar.com\/avatar\/576258617ef7194f718179e766d57bd4?s=96&d=mm&r=g\",\"contentUrl\":\"https:\/\/secure.gravatar.com\/avatar\/576258617ef7194f718179e766d57bd4?s=96&d=mm&r=g\",\"caption\":\"Adriana Costa\"}}]}<\/script>\n<!-- \/ Yoast SEO plugin. -->","yoast_head_json":{"title":"Prefeitura garante servi\u00e7os essenciais no feriad\u00e3o de Corpus Christi","description":"A Prefeitura de Manaus divulga o funcionamento dos servi\u00e7os essenciais \u00e0 popula\u00e7\u00e3o nesta quinta e na sexta-feira, 8 e 9 de junho, feriado nacional e religioso consagrado a Corpus Christi e ponto facultativo no munic\u00edpio, respectivamente.","robots":{"index":"index","follow":"follow","max-snippet":"max-snippet:-1","max-image-preview":"max-image-preview:large","max-video-preview":"max-video-preview:-1"},"canonical":"https:\/\/www.manaus.am.gov.br\/semcom\/prefeitura-garante-servicos-essenciais-no-feriadao-de-corpus-christi\/","og_locale":"pt_BR","og_type":"article","og_title":"Prefeitura garante servi\u00e7os essenciais no feriad\u00e3o de Corpus Christi","og_description":"A Prefeitura de Manaus divulga o funcionamento dos servi\u00e7os essenciais \u00e0 popula\u00e7\u00e3o nesta quinta e na sexta-feira, 8 e 9 de junho, feriado nacional e religioso consagrado a Corpus Christi e ponto facultativo no munic\u00edpio, respectivamente.","og_url":"https:\/\/www.manaus.am.gov.br\/semcom\/prefeitura-garante-servicos-essenciais-no-feriadao-de-corpus-christi\/","og_site_name":"SEMCOM","article_published_time":"2023-06-07T15:23:10+00:00","article_modified_time":"2023-06-07T15:23:11+00:00","og_image":[{"width":799,"height":533,"url":"https:\/\/www.manaus.am.gov.br\/semcom\/wp-content\/uploads\/sites\/5\/2023\/06\/52306294325_90f185acea_c.jpg","type":"image\/jpeg"}],"author":"Adriana Costa","twitter_card":"summary_large_image","twitter_misc":{"Written by":"Adriana Costa","Est. reading time":"4 minutos"},"schema":{"@context":"https:\/\/schema.org","@graph":[{"@type":"WebPage","@id":"https:\/\/www.manaus.am.gov.br\/semcom\/prefeitura-garante-servicos-essenciais-no-feriadao-de-corpus-christi\/","url":"https:\/\/www.manaus.am.gov.br\/semcom\/prefeitura-garante-servicos-essenciais-no-feriadao-de-corpus-christi\/","name":"Prefeitura garante servi\u00e7os essenciais no feriad\u00e3o de Corpus Christi","isPartOf":{"@id":"https:\/\/www.manaus.am.gov.br\/semcom\/#website"},"primaryImageOfPage":{"@id":"https:\/\/www.manaus.am.gov.br\/semcom\/prefeitura-garante-servicos-essenciais-no-feriadao-de-corpus-christi\/#primaryimage"},"image":{"@id":"https:\/\/www.manaus.am.gov.br\/semcom\/prefeitura-garante-servicos-essenciais-no-feriadao-de-corpus-christi\/#primaryimage"},"thumbnailUrl":"https:\/\/www.manaus.am.gov.br\/semcom\/wp-content\/uploads\/sites\/5\/2023\/06\/52306294325_90f185acea_c.jpg","datePublished":"2023-06-07T15:23:10+00:00","dateModified":"2023-06-07T15:23:11+00:00","author":{"@id":"https:\/\/www.manaus.am.gov.br\/semcom\/#\/schema\/person\/4e49f4e267757a06ca072ec61b2b9968"},"description":"A Prefeitura de Manaus divulga o funcionamento dos servi\u00e7os essenciais \u00e0 popula\u00e7\u00e3o nesta quinta e na sexta-feira, 8 e 9 de junho, feriado nacional e religioso consagrado a Corpus Christi e ponto facultativo no munic\u00edpio, respectivamente.","inLanguage":"pt-BR","potentialAction":[{"@type":"ReadAction","target":["https:\/\/www.manaus.am.gov.br\/semcom\/prefeitura-garante-servicos-essenciais-no-feriadao-de-corpus-christi\/"]}]},{"@type":"ImageObject","inLanguage":"pt-BR","@id":"https:\/\/www.manaus.am.gov.br\/semcom\/prefeitura-garante-servicos-essenciais-no-feriadao-de-corpus-christi\/#primaryimage","url":"https:\/\/www.manaus.am.gov.br\/semcom\/wp-content\/uploads\/sites\/5\/2023\/06\/52306294325_90f185acea_c.jpg","contentUrl":"https:\/\/www.manaus.am.gov.br\/semcom\/wp-content\/uploads\/sites\/5\/2023\/06\/52306294325_90f185acea_c.jpg","width":799,"height":533},{"@type":"WebSite","@id":"https:\/\/www.manaus.am.gov.br\/semcom\/#website","url":"https:\/\/www.manaus.am.gov.br\/semcom\/","name":"SEMCOM","description":"Secretaria Municipal de Comunica\u00e7\u00e3o","potentialAction":[{"@type":"SearchAction","target":{"@type":"EntryPoint","urlTemplate":"https:\/\/www.manaus.am.gov.br\/semcom\/?s={search_term_string}"},"query-input":"required name=search_term_string"}],"inLanguage":"pt-BR"},{"@type":"Person","@id":"https:\/\/www.manaus.am.gov.br\/semcom\/#\/schema\/person\/4e49f4e267757a06ca072ec61b2b9968","name":"Adriana Costa","image":{"@type":"ImageObject","inLanguage":"pt-BR","@id":"https:\/\/www.manaus.am.gov.br\/semcom\/#\/schema\/person\/image\/","url":"https:\/\/secure.gravatar.com\/avatar\/576258617ef7194f718179e766d57bd4?s=96&d=mm&r=g","contentUrl":"https:\/\/secure.gravatar.com\/avatar\/576258617ef7194f718179e766d57bd4?s=96&d=mm&r=g","caption":"Adriana Costa"}}]}},"_links":{"self":[{"href":"https:\/\/www.manaus.am.gov.br\/semcom\/wp-json\/wp\/v2\/posts\/214830"}],"collection":[{"href":"https:\/\/www.manaus.am.gov.br\/semcom\/wp-json\/wp\/v2\/posts"}],"about":[{"href":"https:\/\/www.manaus.am.gov.br\/semcom\/wp-json\/wp\/v2\/types\/post"}],"author":[{"embeddable":true,"href":"https:\/\/www.manaus.am.gov.br\/semcom\/wp-json\/wp\/v2\/users\/23"}],"replies":[{"embeddable":true,"href":"https:\/\/www.manaus.am.gov.br\/semcom\/wp-json\/wp\/v2\/comments?post=214830"}],"version-history":[{"count":0,"href":"https:\/\/www.manaus.am.gov.br\/semcom\/wp-json\/wp\/v2\/posts\/214830\/revisions"}],"wp:featuredmedia":[{"embeddable":true,"href":"https:\/\/www.manaus.am.gov.br\/semcom\/wp-json\/wp\/v2\/media\/214831"}],"wp:attachment":[{"href":"https:\/\/www.manaus.am.gov.br\/semcom\/wp-json\/wp\/v2\/media?parent=214830"}],"wp:term":[{"taxonomy":"category","embeddable":true,"href":"https:\/\/www.manaus.am.gov.br\/semcom\/wp-json\/wp\/v2\/categories?post=214830"},{"taxonomy":"post_tag","embeddable":true,"href":"https:\/\/www.manaus.am.gov.br\/semcom\/wp-json\/wp\/v2\/tags?post=214830"}],"curies":[{"name":"wp","href":"https:\/\/api.w.org\/{rel}","templated":true}]}}