{"id":214554,"date":"2022-10-27T20:28:00","date_gmt":"2022-10-27T23:28:00","guid":{"rendered":"https:\/\/www.manaus.am.gov.br\/semcom\/ruas-da-copa-mostra-meu-povo-e-aniversario-de-manaus-estao-entre-o-balanco-de-atividades-realizadas-no-mes-de-outubro-pela-manauscult\/"},"modified":"2023-05-31T16:37:13","modified_gmt":"2023-05-31T19:37:13","slug":"ruas-da-copa-mostra-meu-povo-e-aniversario-de-manaus-estao-entre-o-balanco-de-atividades-realizadas-no-mes-de-outubro-pela-manauscult","status":"publish","type":"post","link":"https:\/\/www.manaus.am.gov.br\/semcom\/ruas-da-copa-mostra-meu-povo-e-aniversario-de-manaus-estao-entre-o-balanco-de-atividades-realizadas-no-mes-de-outubro-pela-manauscult\/","title":{"rendered":"\u2018Ruas da Copa\u2019, \u2018Mostra Meu Povo\u2019 e \u2018Anivers\u00e1rio de Manaus\u2019 est\u00e3o entre o balan\u00e7o de atividades realizadas no m\u00eas de outubro pela Manauscult"},"content":{"rendered":"\n<p>A Prefeitura de Manaus, por meio da Funda\u00e7\u00e3o Municipal de Cultura, Turismo e Eventos (Manauscult), torna p\u00fablico nesta quinta-feira, 27\/10, o balan\u00e7o de atividades e programas realizados durante o m\u00eas de outubro. Dentre a\u00e7\u00f5es est\u00e3o a 2\u00aa Mostra Ind\u00edgena, Oficinas Manaus Pr\u00f3-Cultura, Feira Brazil Travel Market, Anivers\u00e1rio de Manaus, Lan\u00e7amento Ruas da Copa, entre outras.<\/p>\n\n\n\n<p>\u201cS\u00e3o mais de dez grandes a\u00e7\u00f5es que a Manauscult realizou e se envolveu durante todo o m\u00eas de outubro. Entendemos que a capital Manaus precisa entregar para a popula\u00e7\u00e3o de forma emergente programas que elevem a nossa cultura e o nosso turismo. Tudo o que foi feito agora teve um reflexo muito significativo. N\u00e3o paramos por aqui, j\u00e1 estamos trabalhando com as a\u00e7\u00f5es para o pr\u00f3ximo ano, o Carnaval \u00e9 um deles\u201d, disse o diretor-presidente da Manauscult, Alonso Oliveira.<\/p>\n\n\n\n<h2 class=\"wp-block-heading\">Mostra de Arte Ind\u00edgena<\/h2>\n\n\n\n<p>Para abrir as comemora\u00e7\u00f5es de 353 anos do anivers\u00e1rio da capital amazonense, a Prefeitura de Manaus lan\u00e7ou, no dia 5 de outubro, no Pal\u00e1cio Rio Branco, no centro hist\u00f3rico, a 2\u00aa Mostra de Arte Ind\u00edgena de Manaus 2022.<\/p>\n\n\n\n<p>Em uma edi\u00e7\u00e3o especial ampliada, a Funda\u00e7\u00e3o Municipal de Cultura, Turismo e Eventos (Manauscult) e o Conselho Municipal de Cultura (Concultura) convidaram 26 artistas de 12 povos ind\u00edgenas residentes em Manaus, que expuseram obras de arte, como quadros, esculturas e vestimentas com grafismos, expressando culturas e cosmologia.<\/p>\n\n\n\n<h2 class=\"wp-block-heading\"><strong>Ruas<\/strong> <strong>da Copa<\/strong><\/h2>\n\n\n\n<p>Dez ruas e espa\u00e7os p\u00fablicos ser\u00e3o contemplados com servi\u00e7os de sonoriza\u00e7\u00e3o, ilumina\u00e7\u00e3o, palco, banheiros qu\u00edmicos e tel\u00e3o pela Prefeitura de Manaus para a exibi\u00e7\u00e3o dos jogos da Sele\u00e7\u00e3o Brasileira durante a Copa do Mundo Fifa 2022.<\/p>\n\n\n\n<p>Os eventos dever\u00e3o ocorrer entre os dias 24\/11 e 18\/12. O objetivo \u00e9 selecionar, de acordo com os crit\u00e9rios estabelecidos, dez propostas de decora\u00e7\u00e3o de ruas e espa\u00e7os p\u00fablicos por ocasi\u00e3o da Copa do Mundo Fifa de 2022, que prevejam a exibi\u00e7\u00e3o p\u00fablica dos jogos da Sele\u00e7\u00e3o Brasileira de Futebol, semifinais e finais do evento, que ocorrer\u00e3o nos meses de outubro a novembro de 2022.<\/p>\n\n\n\n<h2 class=\"wp-block-heading\">Feira do Tururi<\/h2>\n\n\n\n<p>A Feirinha do Tururi, considerada um esquenta para o Boi Manaus 2022, atingiu um p\u00fablico hist\u00f3rico de mais de 40 mil pessoas durante os nove dias de evento. Mais de 50 atra\u00e7\u00f5es embalaram os participantes no ritmo do \u201cdois pra l\u00e1, dois pra c\u00e1\u201d. O evento movimentou o setor que mais sofreu com a pandemia da Covid-19 e que estava sedento pelo retorno da grande festa.<\/p>\n\n\n\n<p>Al\u00e9m das apresenta\u00e7\u00f5es dos artistas locais, a feirinha contou com exposi\u00e7\u00f5es, feira gastron\u00f4mica e de artesanato que movimentou um pouco mais de R$ 70 mil&nbsp;e gerou 60 postos de trabalho diretos.<\/p>\n\n\n\n<h2 class=\"wp-block-heading\">Manaus Adventure<\/h2>\n\n\n\n<p>A primeira edi\u00e7\u00e3o do \u201cManaus Adventure\u201d, o maior evento de turismo de esporte de aventura da regi\u00e3o Norte, mostrou que veio para ficar. O evento ocorreu nos dias 14, 15 e 16\/10, na praia da Ponta Negra, zona Oeste da cidade.&nbsp;<\/p>\n\n\n\n<p>Cerca de mil atletas estiveram reunidos entre as modalidades de Pesca Esportiva, na qual os 21 campe\u00f5es brasileiros de nove estados estiveram presentes participando e disputando o trof\u00e9u de campe\u00e3o da 1\u00aa Copa Brasil da Pesca Esportiva do Manaus Adventure e da 8\u00aa Edi\u00e7\u00e3o do Torneio de Pesca Esportiva Amigos do Tarum\u00e3, que reuniu fam\u00edlias e amantes da pesca esportiva em Manaus, al\u00e9m de pescadores profissionais do Jap\u00e3o e da Bol\u00edvia.<\/p>\n\n\n\n<h2 class=\"wp-block-heading\">Feira Brazil Travel Market<\/h2>\n\n\n\n<p>Durante dois dias de programa\u00e7\u00e3o, Manaus mostrou vantagens competitivas para visitantes, ag\u00eancias de turismo e expositores durante a feira Brazil Travel Market que ocorreu no Centro de Conven\u00e7\u00f5es do Cear\u00e1, Norte do Brasil. Cerca de cinco mil pessoas passaram pela exposi\u00e7\u00e3o.<\/p>\n\n\n\n<p>Arquip\u00e9lago de Anavilhanas, encontro com tribos ind\u00edgenas e as cachoeiras de Presidente Figueiredo foram alguns dos destinos mais citados pelos visitantes como pontos para conhecer, al\u00e9m da cidade de Parintins, distante a 369 km de Manaus, que \u00e9 palco do maior festival folcl\u00f3rico do mundo com os bois-bumb\u00e1s Caprichoso e Garantido.<\/p>\n\n\n\n<p>A gastronomia regional tamb\u00e9m teve um grande destaque no estande. Uma degusta\u00e7\u00e3o de \u2018Carpaccio de Pirarucu\u2019 defumado e farinha uarini levaram um pouco do paladar amaz\u00f4nico para pa\u00edses do Oriente M\u00e9dio e do Continente Europeu.<\/p>\n\n\n\n<h2 class=\"wp-block-heading\">Maratona de Manaus<\/h2>\n\n\n\n<p>Manaus apresentou tamb\u00e9m no m\u00eas de outubro a maratona de rua mais desafiadora, a Maratona de Manaus, evento esportivo de corrida pedestre que percorreu 42.195 metros e que revelou a evolu\u00e7\u00e3o da cidade de Manaus.&nbsp;<\/p>\n\n\n\n<p>A Maratona \u00e9 um evento internacional que atraiu atletas do Brasil e de outros pa\u00edses, interessados em conhecer as belezas naturais do estado do Amazonas e, acima de tudo, se superar.&nbsp;<\/p>\n\n\n\n<h2 class=\"wp-block-heading\">PromFac&nbsp;<\/h2>\n\n\n\n<p>Com a chegada da \u00e9poca de festas de rua e carnaval, a Funda\u00e7\u00e3o Municipal de Cultura, Turismo e Eventos (Manauscult), com o Programa Municipal de Forma\u00e7\u00e3o Art\u00edstico cultural (Promfac), traz o curso Produ\u00e7\u00e3o de Eventos de Rua e Oficina de Burocracias para Produ\u00e7\u00e3o de Eventos de Rua.&nbsp;&nbsp;<\/p>\n\n\n\n<p>Em eventos presenciais \u00e9 importante estar atento a diversos itens. No curso ser\u00e3o esclarecidas todas as etapas da produ\u00e7\u00e3o de eventos, presta\u00e7\u00e3o de servi\u00e7o, ferramentas e emiss\u00e3o de autoriza\u00e7\u00f5es das vias p\u00fablicas. Al\u00e9m disso, ser\u00e1 uma possibilidade de atualizar produtores (as) com mais tempo de carreira. Com 50 vagas dispon\u00edveis, o curso ser\u00e1 realizado no Casar\u00e3o da Inova\u00e7\u00e3o Cassina, de 21 a 25 de novembro, de 18h \u00e0s 22h.<\/p>\n\n\n\n<h2 class=\"wp-block-heading\">Pr\u00f3-Cultura<\/h2>\n\n\n\n<p>M\u00eas de outubro tamb\u00e9m foi para capacitar alunos do 5\u00b0 ao 8\u00b0 ano, que receberam a Oficina de Audiovisual na Escola Municipal Raimundo Almeida L\u00facio, no bairro Col\u00f4nia Terra Nova, zona Norte da cidade, vencedores do pr\u00eamio nacional 14\u00ba Festival Internacional do Cinema Escolar (MacacuCine) 2022 e Mostra Competitiva Escolar \u2013 3\u00b0 lugar j\u00fari popular, com o curta metragem \u201cCinema de Escola\u201d, com dire\u00e7\u00e3o de George Augusto e Bruno Pereira.<\/p>\n\n\n\n<h2 class=\"wp-block-heading\">Oficinas Manaus Faz Cultura<\/h2>\n\n\n\n<p>As oficinas do programa Manaus Faz Cultura t\u00eam o objetivo de formar novos artistas e proporcionar novos conhecimentos a artistas de segmentos diversos e procurando atend\u00ea-los em todas as zonas da cidade, ampliando assim a ades\u00e3o por proporcionar aulas com artistas experientes, o mais pr\u00f3ximo poss\u00edvel das resid\u00eancias dos alunos.&nbsp;<\/p>\n\n\n\n<p>Mais de 240 vagas foram ofertadas e 205 alunos inscritos. As oficinas realizadas foram:<\/p>\n\n\n\n<p>\u2013 Oficinas Levadas do Samba e Choro no Cavaquinho \u2013 Morro da Liberdade (zona Sul).<\/p>\n\n\n\n<p>\u2013 Constru\u00e7\u00e3o Coreogr\u00e1fica \u2013 Morro da Liberdade&nbsp;<\/p>\n\n\n\n<p>\u2013 Oficina de Artesanato Ind\u00edgena \u2013 Parque 10 de Novembro (zona Centro-Sul)<\/p>\n\n\n\n<p>\u2013 Oficina de Literatura Oral \u2013 AM-010 (com 23 de setembro \u2013 pr\u00f3ximo a lixeira)<\/p>\n\n\n\n<p>\u2013 Oficina de Acrobacia \u2013 Planalto (zona Centro-Sul)<\/p>\n\n\n\n<p>\u2013 Oficina de Leitura \u2013 Centro<\/p>\n\n\n\n<p>\u2013 Oficina Elabora\u00e7\u00e3o de Projetos Culturais \u2013 Parque 10 de Novembro<\/p>\n\n\n\n<p>\u201cO m\u00eas de outubro foi prof\u00edcuo em a\u00e7\u00f5es culturais em nossa cidade. Iniciamos com a 2\u00aa Mostra de Arte Ind\u00edgena de Manaus, evento simb\u00f3lico de nossa ancestralidade, com mais de 500 visitantes. As sete oficinas de forma\u00e7\u00e3o do Programa Manaus Pr\u00f3-Cultura contemplaram v\u00e1rios segmentos art\u00edsticos e atingiram 205 alunos, com cursos de Elabora\u00e7\u00e3o de Projetos, Acrobacia, Artesanato Ind\u00edgena, entre outros. Avan\u00e7amos com a constru\u00e7\u00e3o do Plano Municipal de Cultura, em fase final, assim como a revis\u00e3o do texto do Decreto regulamentador da Lei de Incentivo. O m\u00eas se encerrar\u00e1 com a celebra\u00e7\u00e3o do Dia D, em homenagem ao grande poeta brasileiro Carlos Drummond de Andrade, no dia 31 de outubro\u201d, ressaltou o presidente do Concultura, Ten\u00f3rio Telles.<\/p>\n\n\n\n<hr class=\"wp-block-separator has-alpha-channel-opacity\"\/>\n\n\n\n<p><strong>Texto&nbsp;<\/strong>\u2013 Fl\u00e1via Moura \/ Manauscult<br><strong>Fotos<\/strong>&nbsp;\u2013&nbsp;Divulga\u00e7\u00e3o \/ Semcom<\/p>\n","protected":false},"excerpt":{"rendered":"","protected":false},"author":27,"featured_media":214555,"comment_status":"closed","ping_status":"closed","sticky":false,"template":"","format":"standard","meta":{"footnotes":""},"categories":[520],"tags":[],"acf":[],"yoast_head":"<!-- This site is optimized with the Yoast SEO plugin v23.0 - https:\/\/yoast.com\/wordpress\/plugins\/seo\/ -->\n<title>\u2018Ruas da Copa\u2019, \u2018Mostra Meu Povo\u2019 e \u2018Anivers\u00e1rio de Manaus\u2019 est\u00e3o entre o balan\u00e7o de atividades realizadas no m\u00eas de outubro pela Manauscult - SEMCOM<\/title>\n<meta name=\"robots\" content=\"index, follow, max-snippet:-1, max-image-preview:large, max-video-preview:-1\" \/>\n<link rel=\"canonical\" href=\"https:\/\/www.manaus.am.gov.br\/semcom\/ruas-da-copa-mostra-meu-povo-e-aniversario-de-manaus-estao-entre-o-balanco-de-atividades-realizadas-no-mes-de-outubro-pela-manauscult\/\" \/>\n<meta property=\"og:locale\" content=\"pt_BR\" \/>\n<meta property=\"og:type\" content=\"article\" \/>\n<meta property=\"og:title\" content=\"\u2018Ruas da Copa\u2019, \u2018Mostra Meu Povo\u2019 e \u2018Anivers\u00e1rio de Manaus\u2019 est\u00e3o entre o balan\u00e7o de atividades realizadas no m\u00eas de outubro pela Manauscult - SEMCOM\" \/>\n<meta property=\"og:url\" content=\"https:\/\/www.manaus.am.gov.br\/semcom\/ruas-da-copa-mostra-meu-povo-e-aniversario-de-manaus-estao-entre-o-balanco-de-atividades-realizadas-no-mes-de-outubro-pela-manauscult\/\" \/>\n<meta property=\"og:site_name\" content=\"SEMCOM\" \/>\n<meta property=\"article:published_time\" content=\"2022-10-27T23:28:00+00:00\" \/>\n<meta property=\"article:modified_time\" content=\"2023-05-31T19:37:13+00:00\" \/>\n<meta property=\"og:image\" content=\"https:\/\/www.manaus.am.gov.br\/semcom\/wp-content\/uploads\/sites\/5\/2023\/05\/Ruas-da-Copa-\u2018Mostra-Meu-Povo-e-\u2018Aniversario-de-Manaus-estao-entre-o-balanco-de-atividades-realizadas-no-mes-de-outubro-pela-Manauscult.jpg\" \/>\n\t<meta property=\"og:image:width\" content=\"800\" \/>\n\t<meta property=\"og:image:height\" content=\"541\" \/>\n\t<meta property=\"og:image:type\" content=\"image\/jpeg\" \/>\n<meta name=\"author\" content=\"Imarketing Digital\" \/>\n<meta name=\"twitter:card\" content=\"summary_large_image\" \/>\n<meta name=\"twitter:label1\" content=\"Written by\" \/>\n\t<meta name=\"twitter:data1\" content=\"Imarketing Digital\" \/>\n\t<meta name=\"twitter:label2\" content=\"Est. reading time\" \/>\n\t<meta name=\"twitter:data2\" content=\"7 minutos\" \/>\n<script type=\"application\/ld+json\" class=\"yoast-schema-graph\">{\"@context\":\"https:\/\/schema.org\",\"@graph\":[{\"@type\":\"WebPage\",\"@id\":\"https:\/\/www.manaus.am.gov.br\/semcom\/ruas-da-copa-mostra-meu-povo-e-aniversario-de-manaus-estao-entre-o-balanco-de-atividades-realizadas-no-mes-de-outubro-pela-manauscult\/\",\"url\":\"https:\/\/www.manaus.am.gov.br\/semcom\/ruas-da-copa-mostra-meu-povo-e-aniversario-de-manaus-estao-entre-o-balanco-de-atividades-realizadas-no-mes-de-outubro-pela-manauscult\/\",\"name\":\"\u2018Ruas da Copa\u2019, \u2018Mostra Meu Povo\u2019 e \u2018Anivers\u00e1rio de Manaus\u2019 est\u00e3o entre o balan\u00e7o de atividades realizadas no m\u00eas de outubro pela Manauscult - SEMCOM\",\"isPartOf\":{\"@id\":\"https:\/\/www.manaus.am.gov.br\/semcom\/#website\"},\"primaryImageOfPage\":{\"@id\":\"https:\/\/www.manaus.am.gov.br\/semcom\/ruas-da-copa-mostra-meu-povo-e-aniversario-de-manaus-estao-entre-o-balanco-de-atividades-realizadas-no-mes-de-outubro-pela-manauscult\/#primaryimage\"},\"image\":{\"@id\":\"https:\/\/www.manaus.am.gov.br\/semcom\/ruas-da-copa-mostra-meu-povo-e-aniversario-de-manaus-estao-entre-o-balanco-de-atividades-realizadas-no-mes-de-outubro-pela-manauscult\/#primaryimage\"},\"thumbnailUrl\":\"https:\/\/www.manaus.am.gov.br\/semcom\/wp-content\/uploads\/sites\/5\/2023\/05\/Ruas-da-Copa-\u2018Mostra-Meu-Povo-e-\u2018Aniversario-de-Manaus-estao-entre-o-balanco-de-atividades-realizadas-no-mes-de-outubro-pela-Manauscult.jpg\",\"datePublished\":\"2022-10-27T23:28:00+00:00\",\"dateModified\":\"2023-05-31T19:37:13+00:00\",\"author\":{\"@id\":\"https:\/\/www.manaus.am.gov.br\/semcom\/#\/schema\/person\/79525a47ac5902f50493820d995728ee\"},\"inLanguage\":\"pt-BR\",\"potentialAction\":[{\"@type\":\"ReadAction\",\"target\":[\"https:\/\/www.manaus.am.gov.br\/semcom\/ruas-da-copa-mostra-meu-povo-e-aniversario-de-manaus-estao-entre-o-balanco-de-atividades-realizadas-no-mes-de-outubro-pela-manauscult\/\"]}]},{\"@type\":\"ImageObject\",\"inLanguage\":\"pt-BR\",\"@id\":\"https:\/\/www.manaus.am.gov.br\/semcom\/ruas-da-copa-mostra-meu-povo-e-aniversario-de-manaus-estao-entre-o-balanco-de-atividades-realizadas-no-mes-de-outubro-pela-manauscult\/#primaryimage\",\"url\":\"https:\/\/www.manaus.am.gov.br\/semcom\/wp-content\/uploads\/sites\/5\/2023\/05\/Ruas-da-Copa-\u2018Mostra-Meu-Povo-e-\u2018Aniversario-de-Manaus-estao-entre-o-balanco-de-atividades-realizadas-no-mes-de-outubro-pela-Manauscult.jpg\",\"contentUrl\":\"https:\/\/www.manaus.am.gov.br\/semcom\/wp-content\/uploads\/sites\/5\/2023\/05\/Ruas-da-Copa-\u2018Mostra-Meu-Povo-e-\u2018Aniversario-de-Manaus-estao-entre-o-balanco-de-atividades-realizadas-no-mes-de-outubro-pela-Manauscult.jpg\",\"width\":800,\"height\":541,\"caption\":\"\u2018Ruas da Copa\u2019, \u2018Mostra Meu Povo\u2019 e \u2018Anivers\u00e1rio de Manaus\u2019 est\u00e3o entre o balan\u00e7o de atividades realizadas no m\u00eas de outubro pela Manauscult\"},{\"@type\":\"WebSite\",\"@id\":\"https:\/\/www.manaus.am.gov.br\/semcom\/#website\",\"url\":\"https:\/\/www.manaus.am.gov.br\/semcom\/\",\"name\":\"SEMCOM\",\"description\":\"Secretaria Municipal de Comunica\u00e7\u00e3o\",\"potentialAction\":[{\"@type\":\"SearchAction\",\"target\":{\"@type\":\"EntryPoint\",\"urlTemplate\":\"https:\/\/www.manaus.am.gov.br\/semcom\/?s={search_term_string}\"},\"query-input\":\"required name=search_term_string\"}],\"inLanguage\":\"pt-BR\"},{\"@type\":\"Person\",\"@id\":\"https:\/\/www.manaus.am.gov.br\/semcom\/#\/schema\/person\/79525a47ac5902f50493820d995728ee\",\"name\":\"Imarketing Digital\",\"image\":{\"@type\":\"ImageObject\",\"inLanguage\":\"pt-BR\",\"@id\":\"https:\/\/www.manaus.am.gov.br\/semcom\/#\/schema\/person\/image\/\",\"url\":\"https:\/\/secure.gravatar.com\/avatar\/03432d3c57b756ed9760f7019c815a3a?s=96&d=mm&r=g\",\"contentUrl\":\"https:\/\/secure.gravatar.com\/avatar\/03432d3c57b756ed9760f7019c815a3a?s=96&d=mm&r=g\",\"caption\":\"Imarketing Digital\"}}]}<\/script>\n<!-- \/ Yoast SEO plugin. -->","yoast_head_json":{"title":"\u2018Ruas da Copa\u2019, \u2018Mostra Meu Povo\u2019 e \u2018Anivers\u00e1rio de Manaus\u2019 est\u00e3o entre o balan\u00e7o de atividades realizadas no m\u00eas de outubro pela Manauscult - SEMCOM","robots":{"index":"index","follow":"follow","max-snippet":"max-snippet:-1","max-image-preview":"max-image-preview:large","max-video-preview":"max-video-preview:-1"},"canonical":"https:\/\/www.manaus.am.gov.br\/semcom\/ruas-da-copa-mostra-meu-povo-e-aniversario-de-manaus-estao-entre-o-balanco-de-atividades-realizadas-no-mes-de-outubro-pela-manauscult\/","og_locale":"pt_BR","og_type":"article","og_title":"\u2018Ruas da Copa\u2019, \u2018Mostra Meu Povo\u2019 e \u2018Anivers\u00e1rio de Manaus\u2019 est\u00e3o entre o balan\u00e7o de atividades realizadas no m\u00eas de outubro pela Manauscult - SEMCOM","og_url":"https:\/\/www.manaus.am.gov.br\/semcom\/ruas-da-copa-mostra-meu-povo-e-aniversario-de-manaus-estao-entre-o-balanco-de-atividades-realizadas-no-mes-de-outubro-pela-manauscult\/","og_site_name":"SEMCOM","article_published_time":"2022-10-27T23:28:00+00:00","article_modified_time":"2023-05-31T19:37:13+00:00","og_image":[{"width":800,"height":541,"url":"https:\/\/www.manaus.am.gov.br\/semcom\/wp-content\/uploads\/sites\/5\/2023\/05\/Ruas-da-Copa-\u2018Mostra-Meu-Povo-e-\u2018Aniversario-de-Manaus-estao-entre-o-balanco-de-atividades-realizadas-no-mes-de-outubro-pela-Manauscult.jpg","type":"image\/jpeg"}],"author":"Imarketing Digital","twitter_card":"summary_large_image","twitter_misc":{"Written by":"Imarketing Digital","Est. reading time":"7 minutos"},"schema":{"@context":"https:\/\/schema.org","@graph":[{"@type":"WebPage","@id":"https:\/\/www.manaus.am.gov.br\/semcom\/ruas-da-copa-mostra-meu-povo-e-aniversario-de-manaus-estao-entre-o-balanco-de-atividades-realizadas-no-mes-de-outubro-pela-manauscult\/","url":"https:\/\/www.manaus.am.gov.br\/semcom\/ruas-da-copa-mostra-meu-povo-e-aniversario-de-manaus-estao-entre-o-balanco-de-atividades-realizadas-no-mes-de-outubro-pela-manauscult\/","name":"\u2018Ruas da Copa\u2019, \u2018Mostra Meu Povo\u2019 e \u2018Anivers\u00e1rio de Manaus\u2019 est\u00e3o entre o balan\u00e7o de atividades realizadas no m\u00eas de outubro pela Manauscult - SEMCOM","isPartOf":{"@id":"https:\/\/www.manaus.am.gov.br\/semcom\/#website"},"primaryImageOfPage":{"@id":"https:\/\/www.manaus.am.gov.br\/semcom\/ruas-da-copa-mostra-meu-povo-e-aniversario-de-manaus-estao-entre-o-balanco-de-atividades-realizadas-no-mes-de-outubro-pela-manauscult\/#primaryimage"},"image":{"@id":"https:\/\/www.manaus.am.gov.br\/semcom\/ruas-da-copa-mostra-meu-povo-e-aniversario-de-manaus-estao-entre-o-balanco-de-atividades-realizadas-no-mes-de-outubro-pela-manauscult\/#primaryimage"},"thumbnailUrl":"https:\/\/www.manaus.am.gov.br\/semcom\/wp-content\/uploads\/sites\/5\/2023\/05\/Ruas-da-Copa-\u2018Mostra-Meu-Povo-e-\u2018Aniversario-de-Manaus-estao-entre-o-balanco-de-atividades-realizadas-no-mes-de-outubro-pela-Manauscult.jpg","datePublished":"2022-10-27T23:28:00+00:00","dateModified":"2023-05-31T19:37:13+00:00","author":{"@id":"https:\/\/www.manaus.am.gov.br\/semcom\/#\/schema\/person\/79525a47ac5902f50493820d995728ee"},"inLanguage":"pt-BR","potentialAction":[{"@type":"ReadAction","target":["https:\/\/www.manaus.am.gov.br\/semcom\/ruas-da-copa-mostra-meu-povo-e-aniversario-de-manaus-estao-entre-o-balanco-de-atividades-realizadas-no-mes-de-outubro-pela-manauscult\/"]}]},{"@type":"ImageObject","inLanguage":"pt-BR","@id":"https:\/\/www.manaus.am.gov.br\/semcom\/ruas-da-copa-mostra-meu-povo-e-aniversario-de-manaus-estao-entre-o-balanco-de-atividades-realizadas-no-mes-de-outubro-pela-manauscult\/#primaryimage","url":"https:\/\/www.manaus.am.gov.br\/semcom\/wp-content\/uploads\/sites\/5\/2023\/05\/Ruas-da-Copa-\u2018Mostra-Meu-Povo-e-\u2018Aniversario-de-Manaus-estao-entre-o-balanco-de-atividades-realizadas-no-mes-de-outubro-pela-Manauscult.jpg","contentUrl":"https:\/\/www.manaus.am.gov.br\/semcom\/wp-content\/uploads\/sites\/5\/2023\/05\/Ruas-da-Copa-\u2018Mostra-Meu-Povo-e-\u2018Aniversario-de-Manaus-estao-entre-o-balanco-de-atividades-realizadas-no-mes-de-outubro-pela-Manauscult.jpg","width":800,"height":541,"caption":"\u2018Ruas da Copa\u2019, \u2018Mostra Meu Povo\u2019 e \u2018Anivers\u00e1rio de Manaus\u2019 est\u00e3o entre o balan\u00e7o de atividades realizadas no m\u00eas de outubro pela Manauscult"},{"@type":"WebSite","@id":"https:\/\/www.manaus.am.gov.br\/semcom\/#website","url":"https:\/\/www.manaus.am.gov.br\/semcom\/","name":"SEMCOM","description":"Secretaria Municipal de Comunica\u00e7\u00e3o","potentialAction":[{"@type":"SearchAction","target":{"@type":"EntryPoint","urlTemplate":"https:\/\/www.manaus.am.gov.br\/semcom\/?s={search_term_string}"},"query-input":"required name=search_term_string"}],"inLanguage":"pt-BR"},{"@type":"Person","@id":"https:\/\/www.manaus.am.gov.br\/semcom\/#\/schema\/person\/79525a47ac5902f50493820d995728ee","name":"Imarketing Digital","image":{"@type":"ImageObject","inLanguage":"pt-BR","@id":"https:\/\/www.manaus.am.gov.br\/semcom\/#\/schema\/person\/image\/","url":"https:\/\/secure.gravatar.com\/avatar\/03432d3c57b756ed9760f7019c815a3a?s=96&d=mm&r=g","contentUrl":"https:\/\/secure.gravatar.com\/avatar\/03432d3c57b756ed9760f7019c815a3a?s=96&d=mm&r=g","caption":"Imarketing Digital"}}]}},"_links":{"self":[{"href":"https:\/\/www.manaus.am.gov.br\/semcom\/wp-json\/wp\/v2\/posts\/214554"}],"collection":[{"href":"https:\/\/www.manaus.am.gov.br\/semcom\/wp-json\/wp\/v2\/posts"}],"about":[{"href":"https:\/\/www.manaus.am.gov.br\/semcom\/wp-json\/wp\/v2\/types\/post"}],"author":[{"embeddable":true,"href":"https:\/\/www.manaus.am.gov.br\/semcom\/wp-json\/wp\/v2\/users\/27"}],"replies":[{"embeddable":true,"href":"https:\/\/www.manaus.am.gov.br\/semcom\/wp-json\/wp\/v2\/comments?post=214554"}],"version-history":[{"count":0,"href":"https:\/\/www.manaus.am.gov.br\/semcom\/wp-json\/wp\/v2\/posts\/214554\/revisions"}],"wp:featuredmedia":[{"embeddable":true,"href":"https:\/\/www.manaus.am.gov.br\/semcom\/wp-json\/wp\/v2\/media\/214555"}],"wp:attachment":[{"href":"https:\/\/www.manaus.am.gov.br\/semcom\/wp-json\/wp\/v2\/media?parent=214554"}],"wp:term":[{"taxonomy":"category","embeddable":true,"href":"https:\/\/www.manaus.am.gov.br\/semcom\/wp-json\/wp\/v2\/categories?post=214554"},{"taxonomy":"post_tag","embeddable":true,"href":"https:\/\/www.manaus.am.gov.br\/semcom\/wp-json\/wp\/v2\/tags?post=214554"}],"curies":[{"name":"wp","href":"https:\/\/api.w.org\/{rel}","templated":true}]}}