{"id":214505,"date":"2023-05-31T12:30:22","date_gmt":"2023-05-31T15:30:22","guid":{"rendered":"https:\/\/www.manaus.am.gov.br\/semcom\/moradores-do-monte-sinai-recebem-nova-area-de-acesso-apos-construcao-de-escada-pela-prefeitura-de-manaus\/"},"modified":"2023-05-31T12:30:23","modified_gmt":"2023-05-31T15:30:23","slug":"moradores-do-monte-sinai-recebem-nova-area-de-acesso-apos-construcao-de-escada-pela-prefeitura-de-manaus","status":"publish","type":"post","link":"https:\/\/www.manaus.am.gov.br\/semcom\/moradores-do-monte-sinai-recebem-nova-area-de-acesso-apos-construcao-de-escada-pela-prefeitura-de-manaus\/","title":{"rendered":"<strong>Moradores do Monte Sinai recebem nova \u00e1rea de acesso ap\u00f3s constru\u00e7\u00e3o de escada pela Prefeitura de Manaus<\/strong>"},"content":{"rendered":"\n<p>A Prefeitura de Manaus, por meio da Secretaria Municipal de Infraestrutura (Seminf), trabalha, nesta quarta-feira, 31\/5, na constru\u00e7\u00e3o de uma escada de acesso com 35 metros de extens\u00e3o, que beneficiar\u00e1 quase 350 fam\u00edlias. O novo equipamento em madeira foi implantado na rua Domingos Briegas, na comunidade Monte Sinai, bairro Cidade Nova, zona Norte da capital.<\/p>\n\n\n\n<p>A equipe formada por 12 servidores atua com cautela, por se tratar de uma \u00e1rea \u00edngreme, com dificuldade de acesso. De acordo com o subsecret\u00e1rio municipal de Servi\u00e7os B\u00e1sicos da Seminf, Efrain Arag\u00e3o, a escada era uma solicita\u00e7\u00e3o antiga da comunidade, uma vez que as descidas e subidas no barranco eram perigosas e provocaram v\u00e1rios acidentes.<br><br>\u201cOs moradores usam a travessia do barranco para cortar caminho, mas, por se tratar de uma \u00e1rea muito \u00edngreme, os acidentes eram comuns, sobretudo em dias de chuva, com o solo escorregadio. A determina\u00e7\u00e3o do prefeito David Almeida e do secret\u00e1rio de Obras, Renato Junior, \u00e9 a constru\u00e7\u00e3o imediata de uma escada que ir\u00e1 encurtar os caminhos e promover acessibilidade segura aos moradores da \u00e1rea\u201d, explicou Efrain.<br><br>Os moradores comemoram a chegada do equipamento. A dona de casa Maria da Silva, que mora h\u00e1 12 anos no local, diz que a maior dificuldade era levar a filha \u00e0 escola.<br><br>\u201cAqui era horr\u00edvel, e eu j\u00e1 ca\u00ed uma vez, quando chove, tenho que dar uma volta horr\u00edvel para chegar \u00e0 escola da minha filha e n\u00e3o descer o barranco que fica liso, principalmente em dias de chuva. Essa escada vai melhorar muito a vida da gente, voc\u00eas n\u00e3o imaginam o quanto. Estou muito feliz\u201d, agradeceu a moradora.<\/p>\n\n\n\n<p>&#8212; &#8212; &#8212;<\/p>\n\n\n\n<p><strong>Texto<\/strong>&nbsp;\u2013 Valesca Martins\/Seminf<\/p>\n\n\n\n<p><strong>Fotos<\/strong>&nbsp;\u2013 M\u00e1rcio Melo\/Seminf<\/p>\n","protected":false},"excerpt":{"rendered":"","protected":false},"author":23,"featured_media":214506,"comment_status":"closed","ping_status":"closed","sticky":false,"template":"","format":"standard","meta":{"footnotes":""},"categories":[45],"tags":[266,4861,4862,77,33,328],"acf":[],"yoast_head":"<!-- This site is optimized with the Yoast SEO plugin v23.0 - https:\/\/yoast.com\/wordpress\/plugins\/seo\/ -->\n<title>Moradores do Monte Sinai recebem nova \u00e1rea de acesso ap\u00f3s constru\u00e7\u00e3o de escada pela Prefeitura de Manaus<\/title>\n<meta name=\"description\" content=\"A Prefeitura de Manaus, por meio da Secretaria Municipal de Infraestrutura (Seminf), trabalha, nesta quarta-feira, 31\/5, na constru\u00e7\u00e3o de uma escada de acesso com 35 metros de extens\u00e3o, que beneficiar\u00e1 quase 350 fam\u00edlias. O novo equipamento em madeira foi implantado na rua Domingos Briegas, na comunidade Monte Sinai, bairro Cidade Nova, zona Norte da capital.\" \/>\n<meta name=\"robots\" content=\"index, follow, max-snippet:-1, max-image-preview:large, max-video-preview:-1\" \/>\n<link rel=\"canonical\" href=\"https:\/\/www.manaus.am.gov.br\/semcom\/moradores-do-monte-sinai-recebem-nova-area-de-acesso-apos-construcao-de-escada-pela-prefeitura-de-manaus\/\" \/>\n<meta property=\"og:locale\" content=\"pt_BR\" \/>\n<meta property=\"og:type\" content=\"article\" \/>\n<meta property=\"og:title\" content=\"Moradores do Monte Sinai recebem nova \u00e1rea de acesso ap\u00f3s constru\u00e7\u00e3o de escada pela Prefeitura de Manaus\" \/>\n<meta property=\"og:description\" content=\"A Prefeitura de Manaus, por meio da Secretaria Municipal de Infraestrutura (Seminf), trabalha, nesta quarta-feira, 31\/5, na constru\u00e7\u00e3o de uma escada de acesso com 35 metros de extens\u00e3o, que beneficiar\u00e1 quase 350 fam\u00edlias. O novo equipamento em madeira foi implantado na rua Domingos Briegas, na comunidade Monte Sinai, bairro Cidade Nova, zona Norte da capital.\" \/>\n<meta property=\"og:url\" content=\"https:\/\/www.manaus.am.gov.br\/semcom\/moradores-do-monte-sinai-recebem-nova-area-de-acesso-apos-construcao-de-escada-pela-prefeitura-de-manaus\/\" \/>\n<meta property=\"og:site_name\" content=\"SEMCOM\" \/>\n<meta property=\"article:published_time\" content=\"2023-05-31T15:30:22+00:00\" \/>\n<meta property=\"article:modified_time\" content=\"2023-05-31T15:30:23+00:00\" \/>\n<meta property=\"og:image\" content=\"https:\/\/www.manaus.am.gov.br\/semcom\/wp-content\/uploads\/sites\/5\/2023\/05\/WhatsApp-Image-2023-05-31-at-10.59.13-2.jpeg\" \/>\n\t<meta property=\"og:image:width\" content=\"1600\" \/>\n\t<meta property=\"og:image:height\" content=\"1066\" \/>\n\t<meta property=\"og:image:type\" content=\"image\/jpeg\" \/>\n<meta name=\"author\" content=\"Adriana Costa\" \/>\n<meta name=\"twitter:card\" content=\"summary_large_image\" \/>\n<meta name=\"twitter:label1\" content=\"Written by\" \/>\n\t<meta name=\"twitter:data1\" content=\"Adriana Costa\" \/>\n\t<meta name=\"twitter:label2\" content=\"Est. reading time\" \/>\n\t<meta name=\"twitter:data2\" content=\"2 minutos\" \/>\n<script type=\"application\/ld+json\" class=\"yoast-schema-graph\">{\"@context\":\"https:\/\/schema.org\",\"@graph\":[{\"@type\":\"WebPage\",\"@id\":\"https:\/\/www.manaus.am.gov.br\/semcom\/moradores-do-monte-sinai-recebem-nova-area-de-acesso-apos-construcao-de-escada-pela-prefeitura-de-manaus\/\",\"url\":\"https:\/\/www.manaus.am.gov.br\/semcom\/moradores-do-monte-sinai-recebem-nova-area-de-acesso-apos-construcao-de-escada-pela-prefeitura-de-manaus\/\",\"name\":\"Moradores do Monte Sinai recebem nova \u00e1rea de acesso ap\u00f3s constru\u00e7\u00e3o de escada pela Prefeitura de Manaus\",\"isPartOf\":{\"@id\":\"https:\/\/www.manaus.am.gov.br\/semcom\/#website\"},\"primaryImageOfPage\":{\"@id\":\"https:\/\/www.manaus.am.gov.br\/semcom\/moradores-do-monte-sinai-recebem-nova-area-de-acesso-apos-construcao-de-escada-pela-prefeitura-de-manaus\/#primaryimage\"},\"image\":{\"@id\":\"https:\/\/www.manaus.am.gov.br\/semcom\/moradores-do-monte-sinai-recebem-nova-area-de-acesso-apos-construcao-de-escada-pela-prefeitura-de-manaus\/#primaryimage\"},\"thumbnailUrl\":\"https:\/\/www.manaus.am.gov.br\/semcom\/wp-content\/uploads\/sites\/5\/2023\/05\/WhatsApp-Image-2023-05-31-at-10.59.13-2.jpeg\",\"datePublished\":\"2023-05-31T15:30:22+00:00\",\"dateModified\":\"2023-05-31T15:30:23+00:00\",\"author\":{\"@id\":\"https:\/\/www.manaus.am.gov.br\/semcom\/#\/schema\/person\/4e49f4e267757a06ca072ec61b2b9968\"},\"description\":\"A Prefeitura de Manaus, por meio da Secretaria Municipal de Infraestrutura (Seminf), trabalha, nesta quarta-feira, 31\/5, na constru\u00e7\u00e3o de uma escada de acesso com 35 metros de extens\u00e3o, que beneficiar\u00e1 quase 350 fam\u00edlias. O novo equipamento em madeira foi implantado na rua Domingos Briegas, na comunidade Monte Sinai, bairro Cidade Nova, zona Norte da capital.\",\"inLanguage\":\"pt-BR\",\"potentialAction\":[{\"@type\":\"ReadAction\",\"target\":[\"https:\/\/www.manaus.am.gov.br\/semcom\/moradores-do-monte-sinai-recebem-nova-area-de-acesso-apos-construcao-de-escada-pela-prefeitura-de-manaus\/\"]}]},{\"@type\":\"ImageObject\",\"inLanguage\":\"pt-BR\",\"@id\":\"https:\/\/www.manaus.am.gov.br\/semcom\/moradores-do-monte-sinai-recebem-nova-area-de-acesso-apos-construcao-de-escada-pela-prefeitura-de-manaus\/#primaryimage\",\"url\":\"https:\/\/www.manaus.am.gov.br\/semcom\/wp-content\/uploads\/sites\/5\/2023\/05\/WhatsApp-Image-2023-05-31-at-10.59.13-2.jpeg\",\"contentUrl\":\"https:\/\/www.manaus.am.gov.br\/semcom\/wp-content\/uploads\/sites\/5\/2023\/05\/WhatsApp-Image-2023-05-31-at-10.59.13-2.jpeg\",\"width\":1600,\"height\":1066},{\"@type\":\"WebSite\",\"@id\":\"https:\/\/www.manaus.am.gov.br\/semcom\/#website\",\"url\":\"https:\/\/www.manaus.am.gov.br\/semcom\/\",\"name\":\"SEMCOM\",\"description\":\"Secretaria Municipal de Comunica\u00e7\u00e3o\",\"potentialAction\":[{\"@type\":\"SearchAction\",\"target\":{\"@type\":\"EntryPoint\",\"urlTemplate\":\"https:\/\/www.manaus.am.gov.br\/semcom\/?s={search_term_string}\"},\"query-input\":\"required name=search_term_string\"}],\"inLanguage\":\"pt-BR\"},{\"@type\":\"Person\",\"@id\":\"https:\/\/www.manaus.am.gov.br\/semcom\/#\/schema\/person\/4e49f4e267757a06ca072ec61b2b9968\",\"name\":\"Adriana Costa\",\"image\":{\"@type\":\"ImageObject\",\"inLanguage\":\"pt-BR\",\"@id\":\"https:\/\/www.manaus.am.gov.br\/semcom\/#\/schema\/person\/image\/\",\"url\":\"https:\/\/secure.gravatar.com\/avatar\/576258617ef7194f718179e766d57bd4?s=96&d=mm&r=g\",\"contentUrl\":\"https:\/\/secure.gravatar.com\/avatar\/576258617ef7194f718179e766d57bd4?s=96&d=mm&r=g\",\"caption\":\"Adriana Costa\"}}]}<\/script>\n<!-- \/ Yoast SEO plugin. -->","yoast_head_json":{"title":"Moradores do Monte Sinai recebem nova \u00e1rea de acesso ap\u00f3s constru\u00e7\u00e3o de escada pela Prefeitura de Manaus","description":"A Prefeitura de Manaus, por meio da Secretaria Municipal de Infraestrutura (Seminf), trabalha, nesta quarta-feira, 31\/5, na constru\u00e7\u00e3o de uma escada de acesso com 35 metros de extens\u00e3o, que beneficiar\u00e1 quase 350 fam\u00edlias. O novo equipamento em madeira foi implantado na rua Domingos Briegas, na comunidade Monte Sinai, bairro Cidade Nova, zona Norte da capital.","robots":{"index":"index","follow":"follow","max-snippet":"max-snippet:-1","max-image-preview":"max-image-preview:large","max-video-preview":"max-video-preview:-1"},"canonical":"https:\/\/www.manaus.am.gov.br\/semcom\/moradores-do-monte-sinai-recebem-nova-area-de-acesso-apos-construcao-de-escada-pela-prefeitura-de-manaus\/","og_locale":"pt_BR","og_type":"article","og_title":"Moradores do Monte Sinai recebem nova \u00e1rea de acesso ap\u00f3s constru\u00e7\u00e3o de escada pela Prefeitura de Manaus","og_description":"A Prefeitura de Manaus, por meio da Secretaria Municipal de Infraestrutura (Seminf), trabalha, nesta quarta-feira, 31\/5, na constru\u00e7\u00e3o de uma escada de acesso com 35 metros de extens\u00e3o, que beneficiar\u00e1 quase 350 fam\u00edlias. O novo equipamento em madeira foi implantado na rua Domingos Briegas, na comunidade Monte Sinai, bairro Cidade Nova, zona Norte da capital.","og_url":"https:\/\/www.manaus.am.gov.br\/semcom\/moradores-do-monte-sinai-recebem-nova-area-de-acesso-apos-construcao-de-escada-pela-prefeitura-de-manaus\/","og_site_name":"SEMCOM","article_published_time":"2023-05-31T15:30:22+00:00","article_modified_time":"2023-05-31T15:30:23+00:00","og_image":[{"width":1600,"height":1066,"url":"https:\/\/www.manaus.am.gov.br\/semcom\/wp-content\/uploads\/sites\/5\/2023\/05\/WhatsApp-Image-2023-05-31-at-10.59.13-2.jpeg","type":"image\/jpeg"}],"author":"Adriana Costa","twitter_card":"summary_large_image","twitter_misc":{"Written by":"Adriana Costa","Est. reading time":"2 minutos"},"schema":{"@context":"https:\/\/schema.org","@graph":[{"@type":"WebPage","@id":"https:\/\/www.manaus.am.gov.br\/semcom\/moradores-do-monte-sinai-recebem-nova-area-de-acesso-apos-construcao-de-escada-pela-prefeitura-de-manaus\/","url":"https:\/\/www.manaus.am.gov.br\/semcom\/moradores-do-monte-sinai-recebem-nova-area-de-acesso-apos-construcao-de-escada-pela-prefeitura-de-manaus\/","name":"Moradores do Monte Sinai recebem nova \u00e1rea de acesso ap\u00f3s constru\u00e7\u00e3o de escada pela Prefeitura de Manaus","isPartOf":{"@id":"https:\/\/www.manaus.am.gov.br\/semcom\/#website"},"primaryImageOfPage":{"@id":"https:\/\/www.manaus.am.gov.br\/semcom\/moradores-do-monte-sinai-recebem-nova-area-de-acesso-apos-construcao-de-escada-pela-prefeitura-de-manaus\/#primaryimage"},"image":{"@id":"https:\/\/www.manaus.am.gov.br\/semcom\/moradores-do-monte-sinai-recebem-nova-area-de-acesso-apos-construcao-de-escada-pela-prefeitura-de-manaus\/#primaryimage"},"thumbnailUrl":"https:\/\/www.manaus.am.gov.br\/semcom\/wp-content\/uploads\/sites\/5\/2023\/05\/WhatsApp-Image-2023-05-31-at-10.59.13-2.jpeg","datePublished":"2023-05-31T15:30:22+00:00","dateModified":"2023-05-31T15:30:23+00:00","author":{"@id":"https:\/\/www.manaus.am.gov.br\/semcom\/#\/schema\/person\/4e49f4e267757a06ca072ec61b2b9968"},"description":"A Prefeitura de Manaus, por meio da Secretaria Municipal de Infraestrutura (Seminf), trabalha, nesta quarta-feira, 31\/5, na constru\u00e7\u00e3o de uma escada de acesso com 35 metros de extens\u00e3o, que beneficiar\u00e1 quase 350 fam\u00edlias. O novo equipamento em madeira foi implantado na rua Domingos Briegas, na comunidade Monte Sinai, bairro Cidade Nova, zona Norte da capital.","inLanguage":"pt-BR","potentialAction":[{"@type":"ReadAction","target":["https:\/\/www.manaus.am.gov.br\/semcom\/moradores-do-monte-sinai-recebem-nova-area-de-acesso-apos-construcao-de-escada-pela-prefeitura-de-manaus\/"]}]},{"@type":"ImageObject","inLanguage":"pt-BR","@id":"https:\/\/www.manaus.am.gov.br\/semcom\/moradores-do-monte-sinai-recebem-nova-area-de-acesso-apos-construcao-de-escada-pela-prefeitura-de-manaus\/#primaryimage","url":"https:\/\/www.manaus.am.gov.br\/semcom\/wp-content\/uploads\/sites\/5\/2023\/05\/WhatsApp-Image-2023-05-31-at-10.59.13-2.jpeg","contentUrl":"https:\/\/www.manaus.am.gov.br\/semcom\/wp-content\/uploads\/sites\/5\/2023\/05\/WhatsApp-Image-2023-05-31-at-10.59.13-2.jpeg","width":1600,"height":1066},{"@type":"WebSite","@id":"https:\/\/www.manaus.am.gov.br\/semcom\/#website","url":"https:\/\/www.manaus.am.gov.br\/semcom\/","name":"SEMCOM","description":"Secretaria Municipal de Comunica\u00e7\u00e3o","potentialAction":[{"@type":"SearchAction","target":{"@type":"EntryPoint","urlTemplate":"https:\/\/www.manaus.am.gov.br\/semcom\/?s={search_term_string}"},"query-input":"required name=search_term_string"}],"inLanguage":"pt-BR"},{"@type":"Person","@id":"https:\/\/www.manaus.am.gov.br\/semcom\/#\/schema\/person\/4e49f4e267757a06ca072ec61b2b9968","name":"Adriana Costa","image":{"@type":"ImageObject","inLanguage":"pt-BR","@id":"https:\/\/www.manaus.am.gov.br\/semcom\/#\/schema\/person\/image\/","url":"https:\/\/secure.gravatar.com\/avatar\/576258617ef7194f718179e766d57bd4?s=96&d=mm&r=g","contentUrl":"https:\/\/secure.gravatar.com\/avatar\/576258617ef7194f718179e766d57bd4?s=96&d=mm&r=g","caption":"Adriana Costa"}}]}},"_links":{"self":[{"href":"https:\/\/www.manaus.am.gov.br\/semcom\/wp-json\/wp\/v2\/posts\/214505"}],"collection":[{"href":"https:\/\/www.manaus.am.gov.br\/semcom\/wp-json\/wp\/v2\/posts"}],"about":[{"href":"https:\/\/www.manaus.am.gov.br\/semcom\/wp-json\/wp\/v2\/types\/post"}],"author":[{"embeddable":true,"href":"https:\/\/www.manaus.am.gov.br\/semcom\/wp-json\/wp\/v2\/users\/23"}],"replies":[{"embeddable":true,"href":"https:\/\/www.manaus.am.gov.br\/semcom\/wp-json\/wp\/v2\/comments?post=214505"}],"version-history":[{"count":0,"href":"https:\/\/www.manaus.am.gov.br\/semcom\/wp-json\/wp\/v2\/posts\/214505\/revisions"}],"wp:featuredmedia":[{"embeddable":true,"href":"https:\/\/www.manaus.am.gov.br\/semcom\/wp-json\/wp\/v2\/media\/214506"}],"wp:attachment":[{"href":"https:\/\/www.manaus.am.gov.br\/semcom\/wp-json\/wp\/v2\/media?parent=214505"}],"wp:term":[{"taxonomy":"category","embeddable":true,"href":"https:\/\/www.manaus.am.gov.br\/semcom\/wp-json\/wp\/v2\/categories?post=214505"},{"taxonomy":"post_tag","embeddable":true,"href":"https:\/\/www.manaus.am.gov.br\/semcom\/wp-json\/wp\/v2\/tags?post=214505"}],"curies":[{"name":"wp","href":"https:\/\/api.w.org\/{rel}","templated":true}]}}