{"id":214491,"date":"2021-10-25T12:50:58","date_gmt":"2021-10-25T15:50:58","guid":{"rendered":"https:\/\/www.manaus.am.gov.br\/semcom\/prefeitura-entrega-ampliacao-da-avenida-lourenco-braga-na-manaus-moderna\/"},"modified":"2023-05-31T10:44:12","modified_gmt":"2023-05-31T13:44:12","slug":"prefeitura-entrega-ampliacao-da-avenida-lourenco-braga-na-manaus-moderna","status":"publish","type":"post","link":"https:\/\/www.manaus.am.gov.br\/semcom\/prefeitura-entrega-ampliacao-da-avenida-lourenco-braga-na-manaus-moderna\/","title":{"rendered":"Prefeitura entrega amplia\u00e7\u00e3o da avenida Louren\u00e7o Braga na Manaus Moderna"},"content":{"rendered":"\n<p>A Prefeitura de Manaus, por meio da Secretaria Municipal de Agricultura, Abastecimento, Centro e Com\u00e9rcio Informal (Semacc), entregou, na manh\u00e3 desta segunda-feira, 25\/10, o trecho do alargamento da avenida Louren\u00e7o Braga, na Manaus Moderna. As obras de revitaliza\u00e7\u00e3o dessa \u00e1rea fazem parte da opera\u00e7\u00e3o \u201cOrla Mais Segura\u201d, iniciada no dia 20 de outubro.<\/p>\n\n\n\n<p>De acordo com o secret\u00e1rio da Semacc, Renato J\u00fanior, a entrega da pista ao lado da feira da Banana \u00e9 mais um desdobramento da opera\u00e7\u00e3o, que visa reorganizar essa \u00e1rea do centro de Manaus. Com a retirada do canteiro central, entre a rua dos Bar\u00e9s e a rua Pedro Botelho, a avenida Manaus Moderna ganha quase 4 metros a mais de largura.<\/p>\n\n\n\n<p>\u201cNessa \u00e1rea, o tr\u00e2nsito estrangulava por conta de uma bifurca\u00e7\u00e3o que tinha ali no fim da feira da Banana e, agora, com mais uma faixa, os carros v\u00e3o poder transitar com mais seguran\u00e7a, e isso vai dar melhor fluidez ao tr\u00e2nsito\u201d, enfatizou o secret\u00e1rio.<\/p>\n\n\n\n<p>Mais de 300 agentes p\u00fablicos participam da opera\u00e7\u00e3o \u201cOrla Mais Segura\u201d. O canteiro, de aproximadamente 200 metros, foi retirado pela equipe da Secretaria Municipal de Infraestrutura (Seminf). O servi\u00e7o de revitaliza\u00e7\u00e3o continua em toda a via.<\/p>\n\n\n\n<p>\u201cA gente continua fazendo a demoli\u00e7\u00e3o da antiga cal\u00e7ada para fazer uma nova, de concreto usinado, e trabalhando na troca do guarda corpo de toda a extens\u00e3o da orla da Manaus Moderna, que vai receber guarda corpo tubular em um trecho aproximado de 250 metros, a fim de proporcionar melhor vis\u00e3o para quem trafega nessa \u00e1rea\u201d, explicou o chefe da Divis\u00e3o Distrital do Centro Hist\u00f3rico da Seminf, Efraim Arag\u00e3o.<\/p>\n\n\n\n<p>Todos os comerciantes irregulares que ficavam no entorno das feiras e do mercado municipal, retirados no primeiro dia da opera\u00e7\u00e3o, est\u00e3o recebendo aten\u00e7\u00e3o especial da prefeitura. \u201cN\u00f3s cadastramos os ambulantes e demos a eles a oportunidade de serem realocados em outras feiras, aqueles que aceitaram j\u00e1 est\u00e3o sendo realocados\u201d, explicou o secret\u00e1rio Renato J\u00fanior.<\/p>\n\n\n\n<p>Para o comerciante Ant\u00f4nio Azamor, cliente da feira da Banana, a a\u00e7\u00e3o s\u00f3 demonstra o cuidado que o prefeito David Almeida tem com a cidade.<\/p>\n\n\n\n<p>\u201cEssa a\u00e7\u00e3o foi um presente para Manaus. A gente vinha aqui no Centro e era sempre aquela confus\u00e3o, um sufoco mesmo. O prefeito est\u00e1 de parab\u00e9ns pela coragem de fazer essa limpeza, essa reforma em toda essa \u00e1rea\u201d, finalizou o comerciante.<\/p>\n\n\n\n<p>&#8212; &#8212; &#8212;<\/p>\n\n\n\n<p><strong>Texto<\/strong>\u00a0&#8211;\u00a0Dalva Andrade \/ Semacc<br><strong>Fotos<\/strong>\u00a0\u2013 Marinho Ramos\/Semcom<br><strong>Dispon\u00edveis em<\/strong> &#8211; <a href=\"https:\/\/flic.kr\/s\/aHsmWZMKmP\" target=\"_blank\" rel=\"noreferrer noopener\">https:\/\/flic.kr\/s\/aHsmWZMKmP<\/a><\/p>\n","protected":false},"excerpt":{"rendered":"","protected":false},"author":23,"featured_media":214492,"comment_status":"closed","ping_status":"closed","sticky":false,"template":"","format":"standard","meta":{"footnotes":""},"categories":[182],"tags":[4857,138,1086,4858,77],"acf":[],"yoast_head":"<!-- This site is optimized with the Yoast SEO plugin v23.0 - https:\/\/yoast.com\/wordpress\/plugins\/seo\/ -->\n<title>Prefeitura entrega amplia\u00e7\u00e3o da avenida Louren\u00e7o Braga na Manaus Moderna - SEMCOM<\/title>\n<meta name=\"robots\" content=\"index, follow, max-snippet:-1, max-image-preview:large, max-video-preview:-1\" \/>\n<link rel=\"canonical\" href=\"https:\/\/www.manaus.am.gov.br\/semcom\/prefeitura-entrega-ampliacao-da-avenida-lourenco-braga-na-manaus-moderna\/\" \/>\n<meta property=\"og:locale\" content=\"pt_BR\" \/>\n<meta property=\"og:type\" content=\"article\" \/>\n<meta property=\"og:title\" content=\"Prefeitura entrega amplia\u00e7\u00e3o da avenida Louren\u00e7o Braga na Manaus Moderna - SEMCOM\" \/>\n<meta property=\"og:url\" content=\"https:\/\/www.manaus.am.gov.br\/semcom\/prefeitura-entrega-ampliacao-da-avenida-lourenco-braga-na-manaus-moderna\/\" \/>\n<meta property=\"og:site_name\" content=\"SEMCOM\" \/>\n<meta property=\"article:published_time\" content=\"2021-10-25T15:50:58+00:00\" \/>\n<meta property=\"article:modified_time\" content=\"2023-05-31T13:44:12+00:00\" \/>\n<meta property=\"og:image\" content=\"https:\/\/www.manaus.am.gov.br\/semcom\/wp-content\/uploads\/sites\/5\/2023\/05\/Prefeitura-entrega-ampliacao-da-avenida-Lourenco-Braga-na-Manaus-Moderna.jpg\" \/>\n\t<meta property=\"og:image:width\" content=\"799\" \/>\n\t<meta property=\"og:image:height\" content=\"533\" \/>\n\t<meta property=\"og:image:type\" content=\"image\/jpeg\" \/>\n<meta name=\"author\" content=\"Adriana Costa\" \/>\n<meta name=\"twitter:card\" content=\"summary_large_image\" \/>\n<meta name=\"twitter:label1\" content=\"Written by\" \/>\n\t<meta name=\"twitter:data1\" content=\"Adriana Costa\" \/>\n\t<meta name=\"twitter:label2\" content=\"Est. reading time\" \/>\n\t<meta name=\"twitter:data2\" content=\"3 minutos\" \/>\n<script type=\"application\/ld+json\" class=\"yoast-schema-graph\">{\"@context\":\"https:\/\/schema.org\",\"@graph\":[{\"@type\":\"WebPage\",\"@id\":\"https:\/\/www.manaus.am.gov.br\/semcom\/prefeitura-entrega-ampliacao-da-avenida-lourenco-braga-na-manaus-moderna\/\",\"url\":\"https:\/\/www.manaus.am.gov.br\/semcom\/prefeitura-entrega-ampliacao-da-avenida-lourenco-braga-na-manaus-moderna\/\",\"name\":\"Prefeitura entrega amplia\u00e7\u00e3o da avenida Louren\u00e7o Braga na Manaus Moderna - SEMCOM\",\"isPartOf\":{\"@id\":\"https:\/\/www.manaus.am.gov.br\/semcom\/#website\"},\"primaryImageOfPage\":{\"@id\":\"https:\/\/www.manaus.am.gov.br\/semcom\/prefeitura-entrega-ampliacao-da-avenida-lourenco-braga-na-manaus-moderna\/#primaryimage\"},\"image\":{\"@id\":\"https:\/\/www.manaus.am.gov.br\/semcom\/prefeitura-entrega-ampliacao-da-avenida-lourenco-braga-na-manaus-moderna\/#primaryimage\"},\"thumbnailUrl\":\"https:\/\/www.manaus.am.gov.br\/semcom\/wp-content\/uploads\/sites\/5\/2023\/05\/Prefeitura-entrega-ampliacao-da-avenida-Lourenco-Braga-na-Manaus-Moderna.jpg\",\"datePublished\":\"2021-10-25T15:50:58+00:00\",\"dateModified\":\"2023-05-31T13:44:12+00:00\",\"author\":{\"@id\":\"https:\/\/www.manaus.am.gov.br\/semcom\/#\/schema\/person\/4e49f4e267757a06ca072ec61b2b9968\"},\"inLanguage\":\"pt-BR\",\"potentialAction\":[{\"@type\":\"ReadAction\",\"target\":[\"https:\/\/www.manaus.am.gov.br\/semcom\/prefeitura-entrega-ampliacao-da-avenida-lourenco-braga-na-manaus-moderna\/\"]}]},{\"@type\":\"ImageObject\",\"inLanguage\":\"pt-BR\",\"@id\":\"https:\/\/www.manaus.am.gov.br\/semcom\/prefeitura-entrega-ampliacao-da-avenida-lourenco-braga-na-manaus-moderna\/#primaryimage\",\"url\":\"https:\/\/www.manaus.am.gov.br\/semcom\/wp-content\/uploads\/sites\/5\/2023\/05\/Prefeitura-entrega-ampliacao-da-avenida-Lourenco-Braga-na-Manaus-Moderna.jpg\",\"contentUrl\":\"https:\/\/www.manaus.am.gov.br\/semcom\/wp-content\/uploads\/sites\/5\/2023\/05\/Prefeitura-entrega-ampliacao-da-avenida-Lourenco-Braga-na-Manaus-Moderna.jpg\",\"width\":799,\"height\":533,\"caption\":\"Prefeitura entrega amplia\u00e7\u00e3o da avenida Louren\u00e7o Braga na Manaus Moderna\"},{\"@type\":\"WebSite\",\"@id\":\"https:\/\/www.manaus.am.gov.br\/semcom\/#website\",\"url\":\"https:\/\/www.manaus.am.gov.br\/semcom\/\",\"name\":\"SEMCOM\",\"description\":\"Secretaria Municipal de Comunica\u00e7\u00e3o\",\"potentialAction\":[{\"@type\":\"SearchAction\",\"target\":{\"@type\":\"EntryPoint\",\"urlTemplate\":\"https:\/\/www.manaus.am.gov.br\/semcom\/?s={search_term_string}\"},\"query-input\":\"required name=search_term_string\"}],\"inLanguage\":\"pt-BR\"},{\"@type\":\"Person\",\"@id\":\"https:\/\/www.manaus.am.gov.br\/semcom\/#\/schema\/person\/4e49f4e267757a06ca072ec61b2b9968\",\"name\":\"Adriana Costa\",\"image\":{\"@type\":\"ImageObject\",\"inLanguage\":\"pt-BR\",\"@id\":\"https:\/\/www.manaus.am.gov.br\/semcom\/#\/schema\/person\/image\/\",\"url\":\"https:\/\/secure.gravatar.com\/avatar\/576258617ef7194f718179e766d57bd4?s=96&d=mm&r=g\",\"contentUrl\":\"https:\/\/secure.gravatar.com\/avatar\/576258617ef7194f718179e766d57bd4?s=96&d=mm&r=g\",\"caption\":\"Adriana Costa\"}}]}<\/script>\n<!-- \/ Yoast SEO plugin. -->","yoast_head_json":{"title":"Prefeitura entrega amplia\u00e7\u00e3o da avenida Louren\u00e7o Braga na Manaus Moderna - SEMCOM","robots":{"index":"index","follow":"follow","max-snippet":"max-snippet:-1","max-image-preview":"max-image-preview:large","max-video-preview":"max-video-preview:-1"},"canonical":"https:\/\/www.manaus.am.gov.br\/semcom\/prefeitura-entrega-ampliacao-da-avenida-lourenco-braga-na-manaus-moderna\/","og_locale":"pt_BR","og_type":"article","og_title":"Prefeitura entrega amplia\u00e7\u00e3o da avenida Louren\u00e7o Braga na Manaus Moderna - SEMCOM","og_url":"https:\/\/www.manaus.am.gov.br\/semcom\/prefeitura-entrega-ampliacao-da-avenida-lourenco-braga-na-manaus-moderna\/","og_site_name":"SEMCOM","article_published_time":"2021-10-25T15:50:58+00:00","article_modified_time":"2023-05-31T13:44:12+00:00","og_image":[{"width":799,"height":533,"url":"https:\/\/www.manaus.am.gov.br\/semcom\/wp-content\/uploads\/sites\/5\/2023\/05\/Prefeitura-entrega-ampliacao-da-avenida-Lourenco-Braga-na-Manaus-Moderna.jpg","type":"image\/jpeg"}],"author":"Adriana Costa","twitter_card":"summary_large_image","twitter_misc":{"Written by":"Adriana Costa","Est. reading time":"3 minutos"},"schema":{"@context":"https:\/\/schema.org","@graph":[{"@type":"WebPage","@id":"https:\/\/www.manaus.am.gov.br\/semcom\/prefeitura-entrega-ampliacao-da-avenida-lourenco-braga-na-manaus-moderna\/","url":"https:\/\/www.manaus.am.gov.br\/semcom\/prefeitura-entrega-ampliacao-da-avenida-lourenco-braga-na-manaus-moderna\/","name":"Prefeitura entrega amplia\u00e7\u00e3o da avenida Louren\u00e7o Braga na Manaus Moderna - SEMCOM","isPartOf":{"@id":"https:\/\/www.manaus.am.gov.br\/semcom\/#website"},"primaryImageOfPage":{"@id":"https:\/\/www.manaus.am.gov.br\/semcom\/prefeitura-entrega-ampliacao-da-avenida-lourenco-braga-na-manaus-moderna\/#primaryimage"},"image":{"@id":"https:\/\/www.manaus.am.gov.br\/semcom\/prefeitura-entrega-ampliacao-da-avenida-lourenco-braga-na-manaus-moderna\/#primaryimage"},"thumbnailUrl":"https:\/\/www.manaus.am.gov.br\/semcom\/wp-content\/uploads\/sites\/5\/2023\/05\/Prefeitura-entrega-ampliacao-da-avenida-Lourenco-Braga-na-Manaus-Moderna.jpg","datePublished":"2021-10-25T15:50:58+00:00","dateModified":"2023-05-31T13:44:12+00:00","author":{"@id":"https:\/\/www.manaus.am.gov.br\/semcom\/#\/schema\/person\/4e49f4e267757a06ca072ec61b2b9968"},"inLanguage":"pt-BR","potentialAction":[{"@type":"ReadAction","target":["https:\/\/www.manaus.am.gov.br\/semcom\/prefeitura-entrega-ampliacao-da-avenida-lourenco-braga-na-manaus-moderna\/"]}]},{"@type":"ImageObject","inLanguage":"pt-BR","@id":"https:\/\/www.manaus.am.gov.br\/semcom\/prefeitura-entrega-ampliacao-da-avenida-lourenco-braga-na-manaus-moderna\/#primaryimage","url":"https:\/\/www.manaus.am.gov.br\/semcom\/wp-content\/uploads\/sites\/5\/2023\/05\/Prefeitura-entrega-ampliacao-da-avenida-Lourenco-Braga-na-Manaus-Moderna.jpg","contentUrl":"https:\/\/www.manaus.am.gov.br\/semcom\/wp-content\/uploads\/sites\/5\/2023\/05\/Prefeitura-entrega-ampliacao-da-avenida-Lourenco-Braga-na-Manaus-Moderna.jpg","width":799,"height":533,"caption":"Prefeitura entrega amplia\u00e7\u00e3o da avenida Louren\u00e7o Braga na Manaus Moderna"},{"@type":"WebSite","@id":"https:\/\/www.manaus.am.gov.br\/semcom\/#website","url":"https:\/\/www.manaus.am.gov.br\/semcom\/","name":"SEMCOM","description":"Secretaria Municipal de Comunica\u00e7\u00e3o","potentialAction":[{"@type":"SearchAction","target":{"@type":"EntryPoint","urlTemplate":"https:\/\/www.manaus.am.gov.br\/semcom\/?s={search_term_string}"},"query-input":"required name=search_term_string"}],"inLanguage":"pt-BR"},{"@type":"Person","@id":"https:\/\/www.manaus.am.gov.br\/semcom\/#\/schema\/person\/4e49f4e267757a06ca072ec61b2b9968","name":"Adriana Costa","image":{"@type":"ImageObject","inLanguage":"pt-BR","@id":"https:\/\/www.manaus.am.gov.br\/semcom\/#\/schema\/person\/image\/","url":"https:\/\/secure.gravatar.com\/avatar\/576258617ef7194f718179e766d57bd4?s=96&d=mm&r=g","contentUrl":"https:\/\/secure.gravatar.com\/avatar\/576258617ef7194f718179e766d57bd4?s=96&d=mm&r=g","caption":"Adriana Costa"}}]}},"_links":{"self":[{"href":"https:\/\/www.manaus.am.gov.br\/semcom\/wp-json\/wp\/v2\/posts\/214491"}],"collection":[{"href":"https:\/\/www.manaus.am.gov.br\/semcom\/wp-json\/wp\/v2\/posts"}],"about":[{"href":"https:\/\/www.manaus.am.gov.br\/semcom\/wp-json\/wp\/v2\/types\/post"}],"author":[{"embeddable":true,"href":"https:\/\/www.manaus.am.gov.br\/semcom\/wp-json\/wp\/v2\/users\/23"}],"replies":[{"embeddable":true,"href":"https:\/\/www.manaus.am.gov.br\/semcom\/wp-json\/wp\/v2\/comments?post=214491"}],"version-history":[{"count":0,"href":"https:\/\/www.manaus.am.gov.br\/semcom\/wp-json\/wp\/v2\/posts\/214491\/revisions"}],"wp:featuredmedia":[{"embeddable":true,"href":"https:\/\/www.manaus.am.gov.br\/semcom\/wp-json\/wp\/v2\/media\/214492"}],"wp:attachment":[{"href":"https:\/\/www.manaus.am.gov.br\/semcom\/wp-json\/wp\/v2\/media?parent=214491"}],"wp:term":[{"taxonomy":"category","embeddable":true,"href":"https:\/\/www.manaus.am.gov.br\/semcom\/wp-json\/wp\/v2\/categories?post=214491"},{"taxonomy":"post_tag","embeddable":true,"href":"https:\/\/www.manaus.am.gov.br\/semcom\/wp-json\/wp\/v2\/tags?post=214491"}],"curies":[{"name":"wp","href":"https:\/\/api.w.org\/{rel}","templated":true}]}}