{"id":214,"date":"2022-12-27T13:47:00","date_gmt":"2022-12-27T16:47:00","guid":{"rendered":"https:\/\/www.manaus.am.gov.br\/semcom\/2022\/12\/29\/prefeito-david-almeida-comemora-avanco-em-revitalizacao-de-mercados-da-zona-sul\/"},"modified":"2022-12-29T16:22:55","modified_gmt":"2022-12-29T19:22:55","slug":"prefeito-david-almeida-comemora-avanco-em-revitalizacao-de-mercados-da-zona-sul","status":"publish","type":"post","link":"https:\/\/www.manaus.am.gov.br\/semcom\/prefeito-david-almeida-comemora-avanco-em-revitalizacao-de-mercados-da-zona-sul\/","title":{"rendered":"Prefeito David Almeida comemora avan\u00e7o em revitaliza\u00e7\u00e3o de mercados da zona Sul"},"content":{"rendered":"\n<p>O prefeito de Manaus, David Almeida, acompanhou, na manh\u00e3 desta ter\u00e7a-feira, 27\/12, ao lado do titular da Secretaria Municipal de Agricultura, Centro e Com\u00e9rcio Informal (Semacc), Wanderson Costa, as obras de revitaliza\u00e7\u00e3o dos mercados municipais Carneiro da Mota, localizado no bairro Morro da Liberdade, e S\u00e3o Francisco, no bairro S\u00e3o Francisco, ambos na zona Sul da capital do Amazonas.<\/p>\n\n\n\n<p>De acordo com David Almeida, as obras ser\u00e3o importantes para fomentar a economia dos bairros e ajudar no desenvolvimento dos empreendedores informais.<\/p>\n\n\n\n<p>\u201cEstamos realizando essas fiscaliza\u00e7\u00f5es para garantir que os nossos permission\u00e1rios tenham a melhor infraestrutura de mercados e feiras do Brasil. Essas obras est\u00e3o sendo realizadas com fruto de parcerias. O Mercado Carneiro da Mota foi por meio de emendas do deputado federal Alberto Neto, e a Feira do S\u00e3o Francisco \u00e9 uma das 32 que est\u00e3o sendo reformadas por meio do conv\u00eanio fechado com o governo do Amazonas. Esse segmento estava esquecido e agora os permission\u00e1rios est\u00e3o sendo escutados e valorizados pela gest\u00e3o municipal\u201d, enfatizou Almeida.<\/p>\n\n\n\n<p>Com a ordem de servi\u00e7o assinada em julho, o projeto de reforma da Feira Municipal do S\u00e3o Francisco totaliza R$ 436 mil. A obra contempla, entre outros servi\u00e7os, reforma geral da cobertura, do piso, do sistema de drenagem, das instala\u00e7\u00f5es el\u00e9tricas e das esquadrias, al\u00e9m de pintura.<\/p>\n\n\n\n<p>Surgida nos anos 1950, a feira fica na rua General Carneiro e n\u00e3o recebia qualquer tipo de melhoria h\u00e1, pelo menos, 23 anos. O complexo comercial possui \u00e1rea constru\u00edda de 836,13m\u00b2 e atende a 48 permission\u00e1rios. A feira gera cerca de 90 empregos diretos e mais de 4.000 indiretos.<\/p>\n\n\n\n<p>J\u00e1 o Mercado Carneiro da Mota vem recebendo servi\u00e7os de pintura externa e interna, troca de forro, revis\u00e3o geral das instala\u00e7\u00f5es el\u00e9tricas, reforma da cobertura frontal e lateral, constru\u00e7\u00e3o de novas rampas de acesso, reforma geral dos banheiros, recupera\u00e7\u00e3o da fachada total no local e amplia\u00e7\u00e3o dos boxes.<\/p>\n\n\n\n<p>Inaugurado em 1967, o espa\u00e7o estava h\u00e1 21 anos sem receber reforma.<\/p>\n\n\n\n<p>\u2014 \u2014 \u2014<\/p>\n\n\n\n<p><strong>Texto<\/strong>&nbsp;\u2013 Thiago Fernando \/ Semcom<br><strong>Fotos<\/strong>&nbsp;\u2013 Dhyeizo Lemos \/ Semcom<br><strong>Dispon\u00edveis em<\/strong>&nbsp;\u2013 <a href=\"https:\/\/flic.kr\/s\/aHBqjAkPkf\" target=\"_blank\" rel=\"noreferrer noopener\">https:\/\/flic.kr\/s\/aHBqjAkPkf<\/a><\/p>\n","protected":false},"excerpt":{"rendered":"","protected":false},"author":27,"featured_media":215,"comment_status":"closed","ping_status":"closed","sticky":false,"template":"","format":"standard","meta":{"footnotes":""},"categories":[6],"tags":[],"acf":[],"yoast_head":"<!-- This site is optimized with the Yoast SEO plugin v23.0 - https:\/\/yoast.com\/wordpress\/plugins\/seo\/ -->\n<title>Prefeito David Almeida comemora avan\u00e7o em revitaliza\u00e7\u00e3o de mercados da zona Sul - SEMCOM<\/title>\n<meta name=\"robots\" content=\"index, follow, max-snippet:-1, max-image-preview:large, max-video-preview:-1\" \/>\n<link rel=\"canonical\" href=\"https:\/\/www.manaus.am.gov.br\/semcom\/prefeito-david-almeida-comemora-avanco-em-revitalizacao-de-mercados-da-zona-sul\/\" \/>\n<meta property=\"og:locale\" content=\"pt_BR\" \/>\n<meta property=\"og:type\" content=\"article\" \/>\n<meta property=\"og:title\" content=\"Prefeito David Almeida comemora avan\u00e7o em revitaliza\u00e7\u00e3o de mercados da zona Sul - SEMCOM\" \/>\n<meta property=\"og:url\" content=\"https:\/\/www.manaus.am.gov.br\/semcom\/prefeito-david-almeida-comemora-avanco-em-revitalizacao-de-mercados-da-zona-sul\/\" \/>\n<meta property=\"og:site_name\" content=\"SEMCOM\" \/>\n<meta property=\"article:published_time\" content=\"2022-12-27T16:47:00+00:00\" \/>\n<meta property=\"article:modified_time\" content=\"2022-12-29T19:22:55+00:00\" \/>\n<meta property=\"og:image\" content=\"https:\/\/www.manaus.am.gov.br\/semcom\/wp-content\/uploads\/sites\/5\/2022\/12\/Prefeito-David-Almeida-comemora-avanco-em-revitalizacao-de-mercados-da-zona-Sul.jpg\" \/>\n\t<meta property=\"og:image:width\" content=\"799\" \/>\n\t<meta property=\"og:image:height\" content=\"533\" \/>\n\t<meta property=\"og:image:type\" content=\"image\/jpeg\" \/>\n<meta name=\"author\" content=\"Imarketing Digital\" \/>\n<meta name=\"twitter:card\" content=\"summary_large_image\" \/>\n<meta name=\"twitter:label1\" content=\"Written by\" \/>\n\t<meta name=\"twitter:data1\" content=\"Imarketing Digital\" \/>\n\t<meta name=\"twitter:label2\" content=\"Est. reading time\" \/>\n\t<meta name=\"twitter:data2\" content=\"2 minutos\" \/>\n<script type=\"application\/ld+json\" class=\"yoast-schema-graph\">{\"@context\":\"https:\/\/schema.org\",\"@graph\":[{\"@type\":\"WebPage\",\"@id\":\"https:\/\/www.manaus.am.gov.br\/semcom\/prefeito-david-almeida-comemora-avanco-em-revitalizacao-de-mercados-da-zona-sul\/\",\"url\":\"https:\/\/www.manaus.am.gov.br\/semcom\/prefeito-david-almeida-comemora-avanco-em-revitalizacao-de-mercados-da-zona-sul\/\",\"name\":\"Prefeito David Almeida comemora avan\u00e7o em revitaliza\u00e7\u00e3o de mercados da zona Sul - SEMCOM\",\"isPartOf\":{\"@id\":\"https:\/\/www.manaus.am.gov.br\/semcom\/#website\"},\"primaryImageOfPage\":{\"@id\":\"https:\/\/www.manaus.am.gov.br\/semcom\/prefeito-david-almeida-comemora-avanco-em-revitalizacao-de-mercados-da-zona-sul\/#primaryimage\"},\"image\":{\"@id\":\"https:\/\/www.manaus.am.gov.br\/semcom\/prefeito-david-almeida-comemora-avanco-em-revitalizacao-de-mercados-da-zona-sul\/#primaryimage\"},\"thumbnailUrl\":\"https:\/\/www.manaus.am.gov.br\/semcom\/wp-content\/uploads\/sites\/5\/2022\/12\/Prefeito-David-Almeida-comemora-avanco-em-revitalizacao-de-mercados-da-zona-Sul.jpg\",\"datePublished\":\"2022-12-27T16:47:00+00:00\",\"dateModified\":\"2022-12-29T19:22:55+00:00\",\"author\":{\"@id\":\"https:\/\/www.manaus.am.gov.br\/semcom\/#\/schema\/person\/79525a47ac5902f50493820d995728ee\"},\"inLanguage\":\"pt-BR\",\"potentialAction\":[{\"@type\":\"ReadAction\",\"target\":[\"https:\/\/www.manaus.am.gov.br\/semcom\/prefeito-david-almeida-comemora-avanco-em-revitalizacao-de-mercados-da-zona-sul\/\"]}]},{\"@type\":\"ImageObject\",\"inLanguage\":\"pt-BR\",\"@id\":\"https:\/\/www.manaus.am.gov.br\/semcom\/prefeito-david-almeida-comemora-avanco-em-revitalizacao-de-mercados-da-zona-sul\/#primaryimage\",\"url\":\"https:\/\/www.manaus.am.gov.br\/semcom\/wp-content\/uploads\/sites\/5\/2022\/12\/Prefeito-David-Almeida-comemora-avanco-em-revitalizacao-de-mercados-da-zona-Sul.jpg\",\"contentUrl\":\"https:\/\/www.manaus.am.gov.br\/semcom\/wp-content\/uploads\/sites\/5\/2022\/12\/Prefeito-David-Almeida-comemora-avanco-em-revitalizacao-de-mercados-da-zona-Sul.jpg\",\"width\":799,\"height\":533,\"caption\":\"Prefeito David Almeida comemora avan\u00e7o em revitaliza\u00e7\u00e3o de mercados da zona Sul\"},{\"@type\":\"WebSite\",\"@id\":\"https:\/\/www.manaus.am.gov.br\/semcom\/#website\",\"url\":\"https:\/\/www.manaus.am.gov.br\/semcom\/\",\"name\":\"SEMCOM\",\"description\":\"Secretaria Municipal de Comunica\u00e7\u00e3o\",\"potentialAction\":[{\"@type\":\"SearchAction\",\"target\":{\"@type\":\"EntryPoint\",\"urlTemplate\":\"https:\/\/www.manaus.am.gov.br\/semcom\/?s={search_term_string}\"},\"query-input\":\"required name=search_term_string\"}],\"inLanguage\":\"pt-BR\"},{\"@type\":\"Person\",\"@id\":\"https:\/\/www.manaus.am.gov.br\/semcom\/#\/schema\/person\/79525a47ac5902f50493820d995728ee\",\"name\":\"Imarketing Digital\",\"image\":{\"@type\":\"ImageObject\",\"inLanguage\":\"pt-BR\",\"@id\":\"https:\/\/www.manaus.am.gov.br\/semcom\/#\/schema\/person\/image\/\",\"url\":\"https:\/\/secure.gravatar.com\/avatar\/03432d3c57b756ed9760f7019c815a3a?s=96&d=mm&r=g\",\"contentUrl\":\"https:\/\/secure.gravatar.com\/avatar\/03432d3c57b756ed9760f7019c815a3a?s=96&d=mm&r=g\",\"caption\":\"Imarketing Digital\"}}]}<\/script>\n<!-- \/ Yoast SEO plugin. -->","yoast_head_json":{"title":"Prefeito David Almeida comemora avan\u00e7o em revitaliza\u00e7\u00e3o de mercados da zona Sul - SEMCOM","robots":{"index":"index","follow":"follow","max-snippet":"max-snippet:-1","max-image-preview":"max-image-preview:large","max-video-preview":"max-video-preview:-1"},"canonical":"https:\/\/www.manaus.am.gov.br\/semcom\/prefeito-david-almeida-comemora-avanco-em-revitalizacao-de-mercados-da-zona-sul\/","og_locale":"pt_BR","og_type":"article","og_title":"Prefeito David Almeida comemora avan\u00e7o em revitaliza\u00e7\u00e3o de mercados da zona Sul - SEMCOM","og_url":"https:\/\/www.manaus.am.gov.br\/semcom\/prefeito-david-almeida-comemora-avanco-em-revitalizacao-de-mercados-da-zona-sul\/","og_site_name":"SEMCOM","article_published_time":"2022-12-27T16:47:00+00:00","article_modified_time":"2022-12-29T19:22:55+00:00","og_image":[{"width":799,"height":533,"url":"https:\/\/www.manaus.am.gov.br\/semcom\/wp-content\/uploads\/sites\/5\/2022\/12\/Prefeito-David-Almeida-comemora-avanco-em-revitalizacao-de-mercados-da-zona-Sul.jpg","type":"image\/jpeg"}],"author":"Imarketing Digital","twitter_card":"summary_large_image","twitter_misc":{"Written by":"Imarketing Digital","Est. reading time":"2 minutos"},"schema":{"@context":"https:\/\/schema.org","@graph":[{"@type":"WebPage","@id":"https:\/\/www.manaus.am.gov.br\/semcom\/prefeito-david-almeida-comemora-avanco-em-revitalizacao-de-mercados-da-zona-sul\/","url":"https:\/\/www.manaus.am.gov.br\/semcom\/prefeito-david-almeida-comemora-avanco-em-revitalizacao-de-mercados-da-zona-sul\/","name":"Prefeito David Almeida comemora avan\u00e7o em revitaliza\u00e7\u00e3o de mercados da zona Sul - SEMCOM","isPartOf":{"@id":"https:\/\/www.manaus.am.gov.br\/semcom\/#website"},"primaryImageOfPage":{"@id":"https:\/\/www.manaus.am.gov.br\/semcom\/prefeito-david-almeida-comemora-avanco-em-revitalizacao-de-mercados-da-zona-sul\/#primaryimage"},"image":{"@id":"https:\/\/www.manaus.am.gov.br\/semcom\/prefeito-david-almeida-comemora-avanco-em-revitalizacao-de-mercados-da-zona-sul\/#primaryimage"},"thumbnailUrl":"https:\/\/www.manaus.am.gov.br\/semcom\/wp-content\/uploads\/sites\/5\/2022\/12\/Prefeito-David-Almeida-comemora-avanco-em-revitalizacao-de-mercados-da-zona-Sul.jpg","datePublished":"2022-12-27T16:47:00+00:00","dateModified":"2022-12-29T19:22:55+00:00","author":{"@id":"https:\/\/www.manaus.am.gov.br\/semcom\/#\/schema\/person\/79525a47ac5902f50493820d995728ee"},"inLanguage":"pt-BR","potentialAction":[{"@type":"ReadAction","target":["https:\/\/www.manaus.am.gov.br\/semcom\/prefeito-david-almeida-comemora-avanco-em-revitalizacao-de-mercados-da-zona-sul\/"]}]},{"@type":"ImageObject","inLanguage":"pt-BR","@id":"https:\/\/www.manaus.am.gov.br\/semcom\/prefeito-david-almeida-comemora-avanco-em-revitalizacao-de-mercados-da-zona-sul\/#primaryimage","url":"https:\/\/www.manaus.am.gov.br\/semcom\/wp-content\/uploads\/sites\/5\/2022\/12\/Prefeito-David-Almeida-comemora-avanco-em-revitalizacao-de-mercados-da-zona-Sul.jpg","contentUrl":"https:\/\/www.manaus.am.gov.br\/semcom\/wp-content\/uploads\/sites\/5\/2022\/12\/Prefeito-David-Almeida-comemora-avanco-em-revitalizacao-de-mercados-da-zona-Sul.jpg","width":799,"height":533,"caption":"Prefeito David Almeida comemora avan\u00e7o em revitaliza\u00e7\u00e3o de mercados da zona Sul"},{"@type":"WebSite","@id":"https:\/\/www.manaus.am.gov.br\/semcom\/#website","url":"https:\/\/www.manaus.am.gov.br\/semcom\/","name":"SEMCOM","description":"Secretaria Municipal de Comunica\u00e7\u00e3o","potentialAction":[{"@type":"SearchAction","target":{"@type":"EntryPoint","urlTemplate":"https:\/\/www.manaus.am.gov.br\/semcom\/?s={search_term_string}"},"query-input":"required name=search_term_string"}],"inLanguage":"pt-BR"},{"@type":"Person","@id":"https:\/\/www.manaus.am.gov.br\/semcom\/#\/schema\/person\/79525a47ac5902f50493820d995728ee","name":"Imarketing Digital","image":{"@type":"ImageObject","inLanguage":"pt-BR","@id":"https:\/\/www.manaus.am.gov.br\/semcom\/#\/schema\/person\/image\/","url":"https:\/\/secure.gravatar.com\/avatar\/03432d3c57b756ed9760f7019c815a3a?s=96&d=mm&r=g","contentUrl":"https:\/\/secure.gravatar.com\/avatar\/03432d3c57b756ed9760f7019c815a3a?s=96&d=mm&r=g","caption":"Imarketing Digital"}}]}},"_links":{"self":[{"href":"https:\/\/www.manaus.am.gov.br\/semcom\/wp-json\/wp\/v2\/posts\/214"}],"collection":[{"href":"https:\/\/www.manaus.am.gov.br\/semcom\/wp-json\/wp\/v2\/posts"}],"about":[{"href":"https:\/\/www.manaus.am.gov.br\/semcom\/wp-json\/wp\/v2\/types\/post"}],"author":[{"embeddable":true,"href":"https:\/\/www.manaus.am.gov.br\/semcom\/wp-json\/wp\/v2\/users\/27"}],"replies":[{"embeddable":true,"href":"https:\/\/www.manaus.am.gov.br\/semcom\/wp-json\/wp\/v2\/comments?post=214"}],"version-history":[{"count":2,"href":"https:\/\/www.manaus.am.gov.br\/semcom\/wp-json\/wp\/v2\/posts\/214\/revisions"}],"predecessor-version":[{"id":217,"href":"https:\/\/www.manaus.am.gov.br\/semcom\/wp-json\/wp\/v2\/posts\/214\/revisions\/217"}],"wp:featuredmedia":[{"embeddable":true,"href":"https:\/\/www.manaus.am.gov.br\/semcom\/wp-json\/wp\/v2\/media\/215"}],"wp:attachment":[{"href":"https:\/\/www.manaus.am.gov.br\/semcom\/wp-json\/wp\/v2\/media?parent=214"}],"wp:term":[{"taxonomy":"category","embeddable":true,"href":"https:\/\/www.manaus.am.gov.br\/semcom\/wp-json\/wp\/v2\/categories?post=214"},{"taxonomy":"post_tag","embeddable":true,"href":"https:\/\/www.manaus.am.gov.br\/semcom\/wp-json\/wp\/v2\/tags?post=214"}],"curies":[{"name":"wp","href":"https:\/\/api.w.org\/{rel}","templated":true}]}}