{"id":213619,"date":"2022-04-25T19:43:25","date_gmt":"2022-04-25T22:43:25","guid":{"rendered":"https:\/\/www.manaus.am.gov.br\/semcom\/semad-promove-a-1a-semana-interna-de-prevencao-de-acidentes-do-trabalho\/"},"modified":"2023-05-15T10:51:31","modified_gmt":"2023-05-15T13:51:31","slug":"semad-promove-a-1a-semana-interna-de-prevencao-de-acidentes-do-trabalho","status":"publish","type":"post","link":"https:\/\/www.manaus.am.gov.br\/semcom\/semad-promove-a-1a-semana-interna-de-prevencao-de-acidentes-do-trabalho\/","title":{"rendered":"Semad promove a 1\u00aa Semana Interna de Preven\u00e7\u00e3o de Acidentes do Trabalho"},"content":{"rendered":"\n<p><span style=\"font-family: verdana, geneva, sans-serif;\">Como parte da pol\u00edtica de valoriza\u00e7\u00e3o do servidor, a <a href=\"https:\/\/www.manaus.am.gov.br\/\">Prefeitura de Manaus<\/a> abre, nesta quarta-feira, 27\/4, \u00e0s 8h30, a 1\u00aa Semana Interna de Preven\u00e7\u00e3o de Acidentes do Trabalho e Meio Ambiente (Sipama), da Secretaria Municipal de Administra\u00e7\u00e3o, Planejamento e Gest\u00e3o (Semad), em sua sede, na Vila da Prata, zona Oeste. Durante tr\u00eas dias, haver\u00e1 programa\u00e7\u00e3o incluindo palestras sobre seguran\u00e7a do trabalho, sa\u00fade ocupacional, equipamentos de seguran\u00e7a, preven\u00e7\u00e3o e combate a inc\u00eandios, al\u00e9m de simula\u00e7\u00e3o de primeiros socorros.<\/span><\/p>\n\n\n\n<p><span style=\"font-family: verdana, geneva, sans-serif;\">\u201cA gest\u00e3o do prefeito David Almeida tem uma grande preocupa\u00e7\u00e3o com a sa\u00fade e o bem-estar do servidor p\u00fablico municipal e esse cuidado passa, tamb\u00e9m, pelo ambiente de trabalho. Por essa raz\u00e3o, a Semad, dentro da campanha Abril Verde, m\u00eas de conscientiza\u00e7\u00e3o sobre seguran\u00e7a e sa\u00fade no trabalho, vai promover atividades relacionadas a essa tem\u00e1tica\u201d, explica o titular da Semad, Ebenezer Bezerra.<\/span><\/p>\n\n\n\n<p><span style=\"font-family: verdana, geneva, sans-serif;\">A 1\u00aa Sipama \u00e9 coordenada pela Comiss\u00e3o Permanente de Periculosidade e Insalubridade (CPPI), da Semad, que tem a finalidade de promover a\u00e7\u00f5es voltadas para a preserva\u00e7\u00e3o da integridade f\u00edsica e mental dos servidores. A CPPI \u00e9 formada por uma equipe de engenheiro, m\u00e9dico e t\u00e9cnico de seguran\u00e7a do trabalho.<\/span><\/p>\n\n\n\n<p><span style=\"font-family: verdana, geneva, sans-serif;\">\u201cEsse evento vai permitir o debate sobre a necessidade de implanta\u00e7\u00e3o de determinados setores de seguran\u00e7a e sa\u00fade ocupacional dentro da Semad e, posteriormente, em toda a estrutura da gest\u00e3o municipal\u201d, informa o engenheiro do trabalho, Cleves Bruce, presidente da CPPI.<\/span><\/p>\n\n\n\n<p><span style=\"font-family: verdana, geneva, sans-serif;\">&#8212; &#8212; &#8212;<\/span><\/p>\n\n\n\n<p><span style=\"font-family: verdana, geneva, sans-serif;\"><strong>Texto<\/strong> &#8211; Sandra Monteiro \/ Semad<\/span><\/p>\n\n\n\n<p><span style=\"font-family: verdana, geneva, sans-serif;\"><strong>Foto<\/strong>&nbsp;&#8211; Thelson Souza \/ Semad<\/span><\/p>\n","protected":false},"excerpt":{"rendered":"","protected":false},"author":8,"featured_media":213620,"comment_status":"closed","ping_status":"closed","sticky":false,"template":"","format":"standard","meta":{"footnotes":""},"categories":[1628],"tags":[838,4235],"acf":[],"yoast_head":"<!-- This site is optimized with the Yoast SEO plugin v23.0 - https:\/\/yoast.com\/wordpress\/plugins\/seo\/ -->\n<title>Semad promove a 1\u00aa Semana de Preven\u00e7\u00e3o de Acidentes do Trabalho<\/title>\n<meta name=\"description\" content=\"Semad promove a 1\u00aa Semana Interna de Preven\u00e7\u00e3o de Acidentes do Trabalho (Sipama0, em sua sede, na Vila da Prata, zona Oeste...\" \/>\n<meta name=\"robots\" content=\"index, follow, max-snippet:-1, max-image-preview:large, max-video-preview:-1\" \/>\n<link rel=\"canonical\" href=\"https:\/\/www.manaus.am.gov.br\/semcom\/semad-promove-a-1a-semana-interna-de-prevencao-de-acidentes-do-trabalho\/\" \/>\n<meta property=\"og:locale\" content=\"pt_BR\" \/>\n<meta property=\"og:type\" content=\"article\" \/>\n<meta property=\"og:title\" content=\"Semad promove a 1\u00aa Semana de Preven\u00e7\u00e3o de Acidentes do Trabalho\" \/>\n<meta property=\"og:description\" content=\"Semad promove a 1\u00aa Semana Interna de Preven\u00e7\u00e3o de Acidentes do Trabalho (Sipama0, em sua sede, na Vila da Prata, zona Oeste...\" \/>\n<meta property=\"og:url\" content=\"https:\/\/www.manaus.am.gov.br\/semcom\/semad-promove-a-1a-semana-interna-de-prevencao-de-acidentes-do-trabalho\/\" \/>\n<meta property=\"og:site_name\" content=\"SEMCOM\" \/>\n<meta property=\"article:published_time\" content=\"2022-04-25T22:43:25+00:00\" \/>\n<meta property=\"article:modified_time\" content=\"2023-05-15T13:51:31+00:00\" \/>\n<meta property=\"og:image\" content=\"https:\/\/www.manaus.am.gov.br\/semcom\/wp-content\/uploads\/sites\/5\/2023\/05\/Semad-promove-a-1a-Semana-Interna-de-Prevencao-de-Acidentes-do-Trabalho.jpg\" \/>\n\t<meta property=\"og:image:width\" content=\"720\" \/>\n\t<meta property=\"og:image:height\" content=\"407\" \/>\n\t<meta property=\"og:image:type\" content=\"image\/jpeg\" \/>\n<meta name=\"author\" content=\"Glauber Farias\" \/>\n<meta name=\"twitter:card\" content=\"summary_large_image\" \/>\n<meta name=\"twitter:label1\" content=\"Written by\" \/>\n\t<meta name=\"twitter:data1\" content=\"Glauber Farias\" \/>\n\t<meta name=\"twitter:label2\" content=\"Est. reading time\" \/>\n\t<meta name=\"twitter:data2\" content=\"2 minutos\" \/>\n<script type=\"application\/ld+json\" class=\"yoast-schema-graph\">{\"@context\":\"https:\/\/schema.org\",\"@graph\":[{\"@type\":\"WebPage\",\"@id\":\"https:\/\/www.manaus.am.gov.br\/semcom\/semad-promove-a-1a-semana-interna-de-prevencao-de-acidentes-do-trabalho\/\",\"url\":\"https:\/\/www.manaus.am.gov.br\/semcom\/semad-promove-a-1a-semana-interna-de-prevencao-de-acidentes-do-trabalho\/\",\"name\":\"Semad promove a 1\u00aa Semana de Preven\u00e7\u00e3o de Acidentes do Trabalho\",\"isPartOf\":{\"@id\":\"https:\/\/www.manaus.am.gov.br\/semcom\/#website\"},\"primaryImageOfPage\":{\"@id\":\"https:\/\/www.manaus.am.gov.br\/semcom\/semad-promove-a-1a-semana-interna-de-prevencao-de-acidentes-do-trabalho\/#primaryimage\"},\"image\":{\"@id\":\"https:\/\/www.manaus.am.gov.br\/semcom\/semad-promove-a-1a-semana-interna-de-prevencao-de-acidentes-do-trabalho\/#primaryimage\"},\"thumbnailUrl\":\"https:\/\/www.manaus.am.gov.br\/semcom\/wp-content\/uploads\/sites\/5\/2023\/05\/Semad-promove-a-1a-Semana-Interna-de-Prevencao-de-Acidentes-do-Trabalho.jpg\",\"datePublished\":\"2022-04-25T22:43:25+00:00\",\"dateModified\":\"2023-05-15T13:51:31+00:00\",\"author\":{\"@id\":\"https:\/\/www.manaus.am.gov.br\/semcom\/#\/schema\/person\/fe69d2249d78e7a3112d42bc34c44a58\"},\"description\":\"Semad promove a 1\u00aa Semana Interna de Preven\u00e7\u00e3o de Acidentes do Trabalho (Sipama0, em sua sede, na Vila da Prata, zona Oeste...\",\"inLanguage\":\"pt-BR\",\"potentialAction\":[{\"@type\":\"ReadAction\",\"target\":[\"https:\/\/www.manaus.am.gov.br\/semcom\/semad-promove-a-1a-semana-interna-de-prevencao-de-acidentes-do-trabalho\/\"]}]},{\"@type\":\"ImageObject\",\"inLanguage\":\"pt-BR\",\"@id\":\"https:\/\/www.manaus.am.gov.br\/semcom\/semad-promove-a-1a-semana-interna-de-prevencao-de-acidentes-do-trabalho\/#primaryimage\",\"url\":\"https:\/\/www.manaus.am.gov.br\/semcom\/wp-content\/uploads\/sites\/5\/2023\/05\/Semad-promove-a-1a-Semana-Interna-de-Prevencao-de-Acidentes-do-Trabalho.jpg\",\"contentUrl\":\"https:\/\/www.manaus.am.gov.br\/semcom\/wp-content\/uploads\/sites\/5\/2023\/05\/Semad-promove-a-1a-Semana-Interna-de-Prevencao-de-Acidentes-do-Trabalho.jpg\",\"width\":720,\"height\":407,\"caption\":\"Semad promove a 1\u00aa Semana Interna de Preven\u00e7\u00e3o de Acidentes do Trabalho\"},{\"@type\":\"WebSite\",\"@id\":\"https:\/\/www.manaus.am.gov.br\/semcom\/#website\",\"url\":\"https:\/\/www.manaus.am.gov.br\/semcom\/\",\"name\":\"SEMCOM\",\"description\":\"Secretaria Municipal de Comunica\u00e7\u00e3o\",\"potentialAction\":[{\"@type\":\"SearchAction\",\"target\":{\"@type\":\"EntryPoint\",\"urlTemplate\":\"https:\/\/www.manaus.am.gov.br\/semcom\/?s={search_term_string}\"},\"query-input\":\"required name=search_term_string\"}],\"inLanguage\":\"pt-BR\"},{\"@type\":\"Person\",\"@id\":\"https:\/\/www.manaus.am.gov.br\/semcom\/#\/schema\/person\/fe69d2249d78e7a3112d42bc34c44a58\",\"name\":\"Glauber Farias\",\"image\":{\"@type\":\"ImageObject\",\"inLanguage\":\"pt-BR\",\"@id\":\"https:\/\/www.manaus.am.gov.br\/semcom\/#\/schema\/person\/image\/\",\"url\":\"https:\/\/secure.gravatar.com\/avatar\/eb33200ffd19538372f635b2165531c0?s=96&d=mm&r=g\",\"contentUrl\":\"https:\/\/secure.gravatar.com\/avatar\/eb33200ffd19538372f635b2165531c0?s=96&d=mm&r=g\",\"caption\":\"Glauber Farias\"}}]}<\/script>\n<!-- \/ Yoast SEO plugin. -->","yoast_head_json":{"title":"Semad promove a 1\u00aa Semana de Preven\u00e7\u00e3o de Acidentes do Trabalho","description":"Semad promove a 1\u00aa Semana Interna de Preven\u00e7\u00e3o de Acidentes do Trabalho (Sipama0, em sua sede, na Vila da Prata, zona Oeste...","robots":{"index":"index","follow":"follow","max-snippet":"max-snippet:-1","max-image-preview":"max-image-preview:large","max-video-preview":"max-video-preview:-1"},"canonical":"https:\/\/www.manaus.am.gov.br\/semcom\/semad-promove-a-1a-semana-interna-de-prevencao-de-acidentes-do-trabalho\/","og_locale":"pt_BR","og_type":"article","og_title":"Semad promove a 1\u00aa Semana de Preven\u00e7\u00e3o de Acidentes do Trabalho","og_description":"Semad promove a 1\u00aa Semana Interna de Preven\u00e7\u00e3o de Acidentes do Trabalho (Sipama0, em sua sede, na Vila da Prata, zona Oeste...","og_url":"https:\/\/www.manaus.am.gov.br\/semcom\/semad-promove-a-1a-semana-interna-de-prevencao-de-acidentes-do-trabalho\/","og_site_name":"SEMCOM","article_published_time":"2022-04-25T22:43:25+00:00","article_modified_time":"2023-05-15T13:51:31+00:00","og_image":[{"width":720,"height":407,"url":"https:\/\/www.manaus.am.gov.br\/semcom\/wp-content\/uploads\/sites\/5\/2023\/05\/Semad-promove-a-1a-Semana-Interna-de-Prevencao-de-Acidentes-do-Trabalho.jpg","type":"image\/jpeg"}],"author":"Glauber Farias","twitter_card":"summary_large_image","twitter_misc":{"Written by":"Glauber Farias","Est. reading time":"2 minutos"},"schema":{"@context":"https:\/\/schema.org","@graph":[{"@type":"WebPage","@id":"https:\/\/www.manaus.am.gov.br\/semcom\/semad-promove-a-1a-semana-interna-de-prevencao-de-acidentes-do-trabalho\/","url":"https:\/\/www.manaus.am.gov.br\/semcom\/semad-promove-a-1a-semana-interna-de-prevencao-de-acidentes-do-trabalho\/","name":"Semad promove a 1\u00aa Semana de Preven\u00e7\u00e3o de Acidentes do Trabalho","isPartOf":{"@id":"https:\/\/www.manaus.am.gov.br\/semcom\/#website"},"primaryImageOfPage":{"@id":"https:\/\/www.manaus.am.gov.br\/semcom\/semad-promove-a-1a-semana-interna-de-prevencao-de-acidentes-do-trabalho\/#primaryimage"},"image":{"@id":"https:\/\/www.manaus.am.gov.br\/semcom\/semad-promove-a-1a-semana-interna-de-prevencao-de-acidentes-do-trabalho\/#primaryimage"},"thumbnailUrl":"https:\/\/www.manaus.am.gov.br\/semcom\/wp-content\/uploads\/sites\/5\/2023\/05\/Semad-promove-a-1a-Semana-Interna-de-Prevencao-de-Acidentes-do-Trabalho.jpg","datePublished":"2022-04-25T22:43:25+00:00","dateModified":"2023-05-15T13:51:31+00:00","author":{"@id":"https:\/\/www.manaus.am.gov.br\/semcom\/#\/schema\/person\/fe69d2249d78e7a3112d42bc34c44a58"},"description":"Semad promove a 1\u00aa Semana Interna de Preven\u00e7\u00e3o de Acidentes do Trabalho (Sipama0, em sua sede, na Vila da Prata, zona Oeste...","inLanguage":"pt-BR","potentialAction":[{"@type":"ReadAction","target":["https:\/\/www.manaus.am.gov.br\/semcom\/semad-promove-a-1a-semana-interna-de-prevencao-de-acidentes-do-trabalho\/"]}]},{"@type":"ImageObject","inLanguage":"pt-BR","@id":"https:\/\/www.manaus.am.gov.br\/semcom\/semad-promove-a-1a-semana-interna-de-prevencao-de-acidentes-do-trabalho\/#primaryimage","url":"https:\/\/www.manaus.am.gov.br\/semcom\/wp-content\/uploads\/sites\/5\/2023\/05\/Semad-promove-a-1a-Semana-Interna-de-Prevencao-de-Acidentes-do-Trabalho.jpg","contentUrl":"https:\/\/www.manaus.am.gov.br\/semcom\/wp-content\/uploads\/sites\/5\/2023\/05\/Semad-promove-a-1a-Semana-Interna-de-Prevencao-de-Acidentes-do-Trabalho.jpg","width":720,"height":407,"caption":"Semad promove a 1\u00aa Semana Interna de Preven\u00e7\u00e3o de Acidentes do Trabalho"},{"@type":"WebSite","@id":"https:\/\/www.manaus.am.gov.br\/semcom\/#website","url":"https:\/\/www.manaus.am.gov.br\/semcom\/","name":"SEMCOM","description":"Secretaria Municipal de Comunica\u00e7\u00e3o","potentialAction":[{"@type":"SearchAction","target":{"@type":"EntryPoint","urlTemplate":"https:\/\/www.manaus.am.gov.br\/semcom\/?s={search_term_string}"},"query-input":"required name=search_term_string"}],"inLanguage":"pt-BR"},{"@type":"Person","@id":"https:\/\/www.manaus.am.gov.br\/semcom\/#\/schema\/person\/fe69d2249d78e7a3112d42bc34c44a58","name":"Glauber Farias","image":{"@type":"ImageObject","inLanguage":"pt-BR","@id":"https:\/\/www.manaus.am.gov.br\/semcom\/#\/schema\/person\/image\/","url":"https:\/\/secure.gravatar.com\/avatar\/eb33200ffd19538372f635b2165531c0?s=96&d=mm&r=g","contentUrl":"https:\/\/secure.gravatar.com\/avatar\/eb33200ffd19538372f635b2165531c0?s=96&d=mm&r=g","caption":"Glauber Farias"}}]}},"_links":{"self":[{"href":"https:\/\/www.manaus.am.gov.br\/semcom\/wp-json\/wp\/v2\/posts\/213619"}],"collection":[{"href":"https:\/\/www.manaus.am.gov.br\/semcom\/wp-json\/wp\/v2\/posts"}],"about":[{"href":"https:\/\/www.manaus.am.gov.br\/semcom\/wp-json\/wp\/v2\/types\/post"}],"author":[{"embeddable":true,"href":"https:\/\/www.manaus.am.gov.br\/semcom\/wp-json\/wp\/v2\/users\/8"}],"replies":[{"embeddable":true,"href":"https:\/\/www.manaus.am.gov.br\/semcom\/wp-json\/wp\/v2\/comments?post=213619"}],"version-history":[{"count":0,"href":"https:\/\/www.manaus.am.gov.br\/semcom\/wp-json\/wp\/v2\/posts\/213619\/revisions"}],"wp:featuredmedia":[{"embeddable":true,"href":"https:\/\/www.manaus.am.gov.br\/semcom\/wp-json\/wp\/v2\/media\/213620"}],"wp:attachment":[{"href":"https:\/\/www.manaus.am.gov.br\/semcom\/wp-json\/wp\/v2\/media?parent=213619"}],"wp:term":[{"taxonomy":"category","embeddable":true,"href":"https:\/\/www.manaus.am.gov.br\/semcom\/wp-json\/wp\/v2\/categories?post=213619"},{"taxonomy":"post_tag","embeddable":true,"href":"https:\/\/www.manaus.am.gov.br\/semcom\/wp-json\/wp\/v2\/tags?post=213619"}],"curies":[{"name":"wp","href":"https:\/\/api.w.org\/{rel}","templated":true}]}}