{"id":213596,"date":"2023-05-14T15:40:25","date_gmt":"2023-05-14T18:40:25","guid":{"rendered":"https:\/\/www.manaus.am.gov.br\/semcom\/cemiterio-homenageia-maes\/"},"modified":"2023-05-14T15:40:27","modified_gmt":"2023-05-14T18:40:27","slug":"cemiterio-homenageia-maes","status":"publish","type":"post","link":"https:\/\/www.manaus.am.gov.br\/semcom\/cemiterio-homenageia-maes\/","title":{"rendered":"<strong>Prefeito destaca zelo com os cemit\u00e9rios e homenageia as m\u00e3es<\/strong>"},"content":{"rendered":"\n<p>O prefeito de Manaus, David Almeida, visitou, na manh\u00e3 deste domingo, 14\/5, dois dos principais cemit\u00e9rios da capital amazonense e destacou o cuidado que a administra\u00e7\u00e3o municipal est\u00e1 tendo com esses espa\u00e7os p\u00fablicos. Al\u00e9m disso, o chefe do executivo municipal tamb\u00e9m homenageou as m\u00e3es pelo seu dia, enfatizando a import\u00e2ncia da presen\u00e7a materna na forma\u00e7\u00e3o de uma fam\u00edlia forte e unida.<\/p>\n\n\n\n<p>A primeira visita realizada pelo prefeito de Manaus foi ao cemit\u00e9rio S\u00e3o Francisco, localizado no Morro da Liberdade, zona Sul. Logo em seguida, ele se dirigiu ao S\u00e3o Jo\u00e3o Batista, que fica no boulevard \u00c1lvaro Maia, no bairro Nossa Senhora das Gra\u00e7as, zona Centro-Sul.<\/p>\n\n\n\n<p>Em ambos os espa\u00e7os p\u00fablicos, David Almeida parabenizou os servidores da Secretaria Municipal de Limpeza Urbana (Semulsp) pela excelente conserva\u00e7\u00e3o dos ambientes.<\/p>\n\n\n\n<p>\u201cEu estive visitando o cemit\u00e9rio do Morro da Liberdade (S\u00e3o Francisco), onde toda a minha fam\u00edlia est\u00e1 enterrada, e aproveitei para vir ao S\u00e3o Jo\u00e3o Batista visitar o t\u00famulo da minha esposa. Estou muito feliz com o que estou vendo. Os cemit\u00e9rios est\u00e3o limpos, organizados e bem cuidados. Existem muitos sentimentos nestes locais. Na minha gest\u00e3o, n\u00f3s recuperamos e reformamos todos os cemit\u00e9rios de Manaus\u201d, enfatizou Almeida.<\/p>\n\n\n\n<p>Em homenagem ao Dia das M\u00e3es, a Prefeitura de Manaus preparou uma programa\u00e7\u00e3o especial para todos os dez cemit\u00e9rios da capital amazonense. Durante todo o dia, os espa\u00e7os receberam sonoriza\u00e7\u00e3o e missas.<\/p>\n\n\n\n<p>David Almeida fez quest\u00e3o de deixar a sua homenagem \u00e0s m\u00e3es manauaras e salientou a import\u00e2ncia das fam\u00edlias aproveitarem momentos de comemora\u00e7\u00e3o como o deste domingo, para fortalecer ainda mais o la\u00e7o familiar.<\/p>\n\n\n\n<p>&#8220;Aproveito essa oportunidade para deixar um grande beijo e desejar um maravilhoso Dia das M\u00e3es para todas as m\u00e3es da nossa cidade. Voc\u00eas s\u00e3o verdadeiras guerreiras e merecem ser lembradas diariamente. Tamb\u00e9m quero deixar uma mensagem para os filhos. Se voc\u00ea tem sua m\u00e3e viva, vai com ela, abra\u00e7a, d\u00ea um beijo, esteja presente\u201d, destacou o prefeito.<\/p>\n\n\n\n<p><strong>Manuten\u00e7\u00e3o<\/strong><\/p>\n\n\n\n<p>De acordo com o secret\u00e1rio da Semulsp, Sab\u00e1 Reis, todos os cemit\u00e9rios contam com uma equipe permanente, o que facilita que sempre estejam conservados e limpos. Ele frisou que esse \u00e9 o respeito que a gest\u00e3o tem pelas pessoas que ajudaram a formar a cidade de Manaus.<\/p>\n\n\n\n<p>\u201cO que a popula\u00e7\u00e3o est\u00e1 vendo nos cemit\u00e9rios, n\u00f3s fazemos permanentemente na gest\u00e3o do prefeito David Almeida. O cemit\u00e9rio \u00e9 um local de santifica\u00e7\u00e3o e com muito sentimento, e precisa ser muito bem cuidado, at\u00e9 porque, todo mundo um dia vai vir para c\u00e1. \u00c9 nossa obriga\u00e7\u00e3o&nbsp;servir toda a nossa popula\u00e7\u00e3o&#8221;, disse Reis.<\/p>\n\n\n\n<p>Todos os anos, a professora Eliana Sena, ao lado de suas irm\u00e3s, vai ao cemit\u00e9rio S\u00e3o Jo\u00e3o Batista para visitar o t\u00famulo de sua m\u00e3e. Desta vez, elas foram surpreendidas ao ver que todos os espa\u00e7os estavam bem cuidados e preservados. Ao encontrar David Almeida, Eliana fez quest\u00e3o de agradecer pelo carinho demonstrado pela Prefeitura de Manaus.<\/p>\n\n\n\n<p>\u201cAcabei de falar para o prefeito que est\u00e1 tudo muito bonito e a gest\u00e3o est\u00e1 de parab\u00e9ns. Todos os anos venho ao cemit\u00e9rio e nunca tinha visto t\u00e3o bem conservado.&nbsp;Antigamente, pag\u00e1vamos para algu\u00e9m&nbsp;limpar, mas desta vez, nos surpreendemos quando vimos que o espa\u00e7o estava limpo\u201d, afirmou.&nbsp;<\/p>\n\n\n\n<p>&#8212; &#8212; &#8212;<\/p>\n\n\n\n<p><strong>Texto<\/strong> \u2013 Thiago Fernando \/ Semcom<\/p>\n\n\n\n<p><strong>Fotos<\/strong> \u2013 Ruan Souza \/ Semcom e Aguilar Abecassis \/ Semcom<\/p>\n\n\n\n<p><strong>Dispon\u00edveis em<\/strong> &#8211; https:\/\/flic.kr\/s\/aHBqjADF3y<\/p>\n","protected":false},"excerpt":{"rendered":"","protected":false},"author":25,"featured_media":213597,"comment_status":"closed","ping_status":"closed","sticky":false,"template":"","format":"standard","meta":{"footnotes":""},"categories":[3968],"tags":[3092,35,3960,299],"acf":[],"yoast_head":"<!-- This site is optimized with the Yoast SEO plugin v23.0 - https:\/\/yoast.com\/wordpress\/plugins\/seo\/ -->\n<title>Prefeito destaca zelo com os cemit\u00e9rios e homenageia as m\u00e3es<\/title>\n<meta name=\"description\" content=\"O prefeito de Manaus, David Almeida, visitou, na manh\u00e3 deste domingo, 14\/5, dois dos principais cemit\u00e9rios da capital amazonense\" \/>\n<meta name=\"robots\" content=\"index, follow, max-snippet:-1, max-image-preview:large, max-video-preview:-1\" \/>\n<link rel=\"canonical\" href=\"https:\/\/www.manaus.am.gov.br\/semcom\/cemiterio-homenageia-maes\/\" \/>\n<meta property=\"og:locale\" content=\"pt_BR\" \/>\n<meta property=\"og:type\" content=\"article\" \/>\n<meta property=\"og:title\" content=\"Prefeito destaca zelo com os cemit\u00e9rios e homenageia as m\u00e3es\" \/>\n<meta property=\"og:description\" content=\"O prefeito de Manaus, David Almeida, visitou, na manh\u00e3 deste domingo, 14\/5, dois dos principais cemit\u00e9rios da capital amazonense\" \/>\n<meta property=\"og:url\" content=\"https:\/\/www.manaus.am.gov.br\/semcom\/cemiterio-homenageia-maes\/\" \/>\n<meta property=\"og:site_name\" content=\"SEMCOM\" \/>\n<meta property=\"article:published_time\" content=\"2023-05-14T18:40:25+00:00\" \/>\n<meta property=\"article:modified_time\" content=\"2023-05-14T18:40:27+00:00\" \/>\n<meta property=\"og:image\" content=\"https:\/\/www.manaus.am.gov.br\/semcom\/wp-content\/uploads\/sites\/5\/2023\/05\/52897674065_b389855c30_c.jpg\" \/>\n\t<meta property=\"og:image:width\" content=\"800\" \/>\n\t<meta property=\"og:image:height\" content=\"468\" \/>\n\t<meta property=\"og:image:type\" content=\"image\/jpeg\" \/>\n<meta name=\"author\" content=\"Maur\u00edcio Freire\" \/>\n<meta name=\"twitter:card\" content=\"summary_large_image\" \/>\n<meta name=\"twitter:label1\" content=\"Written by\" \/>\n\t<meta name=\"twitter:data1\" content=\"Maur\u00edcio Freire\" \/>\n\t<meta name=\"twitter:label2\" content=\"Est. reading time\" \/>\n\t<meta name=\"twitter:data2\" content=\"3 minutos\" \/>\n<script type=\"application\/ld+json\" class=\"yoast-schema-graph\">{\"@context\":\"https:\/\/schema.org\",\"@graph\":[{\"@type\":\"WebPage\",\"@id\":\"https:\/\/www.manaus.am.gov.br\/semcom\/cemiterio-homenageia-maes\/\",\"url\":\"https:\/\/www.manaus.am.gov.br\/semcom\/cemiterio-homenageia-maes\/\",\"name\":\"Prefeito destaca zelo com os cemit\u00e9rios e homenageia as m\u00e3es\",\"isPartOf\":{\"@id\":\"https:\/\/www.manaus.am.gov.br\/semcom\/#website\"},\"primaryImageOfPage\":{\"@id\":\"https:\/\/www.manaus.am.gov.br\/semcom\/cemiterio-homenageia-maes\/#primaryimage\"},\"image\":{\"@id\":\"https:\/\/www.manaus.am.gov.br\/semcom\/cemiterio-homenageia-maes\/#primaryimage\"},\"thumbnailUrl\":\"https:\/\/www.manaus.am.gov.br\/semcom\/wp-content\/uploads\/sites\/5\/2023\/05\/52897674065_b389855c30_c.jpg\",\"datePublished\":\"2023-05-14T18:40:25+00:00\",\"dateModified\":\"2023-05-14T18:40:27+00:00\",\"author\":{\"@id\":\"https:\/\/www.manaus.am.gov.br\/semcom\/#\/schema\/person\/587989a23a463cde5618e6a028977a9a\"},\"description\":\"O prefeito de Manaus, David Almeida, visitou, na manh\u00e3 deste domingo, 14\/5, dois dos principais cemit\u00e9rios da capital amazonense\",\"inLanguage\":\"pt-BR\",\"potentialAction\":[{\"@type\":\"ReadAction\",\"target\":[\"https:\/\/www.manaus.am.gov.br\/semcom\/cemiterio-homenageia-maes\/\"]}]},{\"@type\":\"ImageObject\",\"inLanguage\":\"pt-BR\",\"@id\":\"https:\/\/www.manaus.am.gov.br\/semcom\/cemiterio-homenageia-maes\/#primaryimage\",\"url\":\"https:\/\/www.manaus.am.gov.br\/semcom\/wp-content\/uploads\/sites\/5\/2023\/05\/52897674065_b389855c30_c.jpg\",\"contentUrl\":\"https:\/\/www.manaus.am.gov.br\/semcom\/wp-content\/uploads\/sites\/5\/2023\/05\/52897674065_b389855c30_c.jpg\",\"width\":800,\"height\":468},{\"@type\":\"WebSite\",\"@id\":\"https:\/\/www.manaus.am.gov.br\/semcom\/#website\",\"url\":\"https:\/\/www.manaus.am.gov.br\/semcom\/\",\"name\":\"SEMCOM\",\"description\":\"Secretaria Municipal de Comunica\u00e7\u00e3o\",\"potentialAction\":[{\"@type\":\"SearchAction\",\"target\":{\"@type\":\"EntryPoint\",\"urlTemplate\":\"https:\/\/www.manaus.am.gov.br\/semcom\/?s={search_term_string}\"},\"query-input\":\"required name=search_term_string\"}],\"inLanguage\":\"pt-BR\"},{\"@type\":\"Person\",\"@id\":\"https:\/\/www.manaus.am.gov.br\/semcom\/#\/schema\/person\/587989a23a463cde5618e6a028977a9a\",\"name\":\"Maur\u00edcio Freire\",\"image\":{\"@type\":\"ImageObject\",\"inLanguage\":\"pt-BR\",\"@id\":\"https:\/\/www.manaus.am.gov.br\/semcom\/#\/schema\/person\/image\/\",\"url\":\"https:\/\/secure.gravatar.com\/avatar\/dc1481799a1f75c733ac3b2634cd6749?s=96&d=mm&r=g\",\"contentUrl\":\"https:\/\/secure.gravatar.com\/avatar\/dc1481799a1f75c733ac3b2634cd6749?s=96&d=mm&r=g\",\"caption\":\"Maur\u00edcio Freire\"}}]}<\/script>\n<!-- \/ Yoast SEO plugin. -->","yoast_head_json":{"title":"Prefeito destaca zelo com os cemit\u00e9rios e homenageia as m\u00e3es","description":"O prefeito de Manaus, David Almeida, visitou, na manh\u00e3 deste domingo, 14\/5, dois dos principais cemit\u00e9rios da capital amazonense","robots":{"index":"index","follow":"follow","max-snippet":"max-snippet:-1","max-image-preview":"max-image-preview:large","max-video-preview":"max-video-preview:-1"},"canonical":"https:\/\/www.manaus.am.gov.br\/semcom\/cemiterio-homenageia-maes\/","og_locale":"pt_BR","og_type":"article","og_title":"Prefeito destaca zelo com os cemit\u00e9rios e homenageia as m\u00e3es","og_description":"O prefeito de Manaus, David Almeida, visitou, na manh\u00e3 deste domingo, 14\/5, dois dos principais cemit\u00e9rios da capital amazonense","og_url":"https:\/\/www.manaus.am.gov.br\/semcom\/cemiterio-homenageia-maes\/","og_site_name":"SEMCOM","article_published_time":"2023-05-14T18:40:25+00:00","article_modified_time":"2023-05-14T18:40:27+00:00","og_image":[{"width":800,"height":468,"url":"https:\/\/www.manaus.am.gov.br\/semcom\/wp-content\/uploads\/sites\/5\/2023\/05\/52897674065_b389855c30_c.jpg","type":"image\/jpeg"}],"author":"Maur\u00edcio Freire","twitter_card":"summary_large_image","twitter_misc":{"Written by":"Maur\u00edcio Freire","Est. reading time":"3 minutos"},"schema":{"@context":"https:\/\/schema.org","@graph":[{"@type":"WebPage","@id":"https:\/\/www.manaus.am.gov.br\/semcom\/cemiterio-homenageia-maes\/","url":"https:\/\/www.manaus.am.gov.br\/semcom\/cemiterio-homenageia-maes\/","name":"Prefeito destaca zelo com os cemit\u00e9rios e homenageia as m\u00e3es","isPartOf":{"@id":"https:\/\/www.manaus.am.gov.br\/semcom\/#website"},"primaryImageOfPage":{"@id":"https:\/\/www.manaus.am.gov.br\/semcom\/cemiterio-homenageia-maes\/#primaryimage"},"image":{"@id":"https:\/\/www.manaus.am.gov.br\/semcom\/cemiterio-homenageia-maes\/#primaryimage"},"thumbnailUrl":"https:\/\/www.manaus.am.gov.br\/semcom\/wp-content\/uploads\/sites\/5\/2023\/05\/52897674065_b389855c30_c.jpg","datePublished":"2023-05-14T18:40:25+00:00","dateModified":"2023-05-14T18:40:27+00:00","author":{"@id":"https:\/\/www.manaus.am.gov.br\/semcom\/#\/schema\/person\/587989a23a463cde5618e6a028977a9a"},"description":"O prefeito de Manaus, David Almeida, visitou, na manh\u00e3 deste domingo, 14\/5, dois dos principais cemit\u00e9rios da capital amazonense","inLanguage":"pt-BR","potentialAction":[{"@type":"ReadAction","target":["https:\/\/www.manaus.am.gov.br\/semcom\/cemiterio-homenageia-maes\/"]}]},{"@type":"ImageObject","inLanguage":"pt-BR","@id":"https:\/\/www.manaus.am.gov.br\/semcom\/cemiterio-homenageia-maes\/#primaryimage","url":"https:\/\/www.manaus.am.gov.br\/semcom\/wp-content\/uploads\/sites\/5\/2023\/05\/52897674065_b389855c30_c.jpg","contentUrl":"https:\/\/www.manaus.am.gov.br\/semcom\/wp-content\/uploads\/sites\/5\/2023\/05\/52897674065_b389855c30_c.jpg","width":800,"height":468},{"@type":"WebSite","@id":"https:\/\/www.manaus.am.gov.br\/semcom\/#website","url":"https:\/\/www.manaus.am.gov.br\/semcom\/","name":"SEMCOM","description":"Secretaria Municipal de Comunica\u00e7\u00e3o","potentialAction":[{"@type":"SearchAction","target":{"@type":"EntryPoint","urlTemplate":"https:\/\/www.manaus.am.gov.br\/semcom\/?s={search_term_string}"},"query-input":"required name=search_term_string"}],"inLanguage":"pt-BR"},{"@type":"Person","@id":"https:\/\/www.manaus.am.gov.br\/semcom\/#\/schema\/person\/587989a23a463cde5618e6a028977a9a","name":"Maur\u00edcio Freire","image":{"@type":"ImageObject","inLanguage":"pt-BR","@id":"https:\/\/www.manaus.am.gov.br\/semcom\/#\/schema\/person\/image\/","url":"https:\/\/secure.gravatar.com\/avatar\/dc1481799a1f75c733ac3b2634cd6749?s=96&d=mm&r=g","contentUrl":"https:\/\/secure.gravatar.com\/avatar\/dc1481799a1f75c733ac3b2634cd6749?s=96&d=mm&r=g","caption":"Maur\u00edcio Freire"}}]}},"_links":{"self":[{"href":"https:\/\/www.manaus.am.gov.br\/semcom\/wp-json\/wp\/v2\/posts\/213596"}],"collection":[{"href":"https:\/\/www.manaus.am.gov.br\/semcom\/wp-json\/wp\/v2\/posts"}],"about":[{"href":"https:\/\/www.manaus.am.gov.br\/semcom\/wp-json\/wp\/v2\/types\/post"}],"author":[{"embeddable":true,"href":"https:\/\/www.manaus.am.gov.br\/semcom\/wp-json\/wp\/v2\/users\/25"}],"replies":[{"embeddable":true,"href":"https:\/\/www.manaus.am.gov.br\/semcom\/wp-json\/wp\/v2\/comments?post=213596"}],"version-history":[{"count":0,"href":"https:\/\/www.manaus.am.gov.br\/semcom\/wp-json\/wp\/v2\/posts\/213596\/revisions"}],"wp:featuredmedia":[{"embeddable":true,"href":"https:\/\/www.manaus.am.gov.br\/semcom\/wp-json\/wp\/v2\/media\/213597"}],"wp:attachment":[{"href":"https:\/\/www.manaus.am.gov.br\/semcom\/wp-json\/wp\/v2\/media?parent=213596"}],"wp:term":[{"taxonomy":"category","embeddable":true,"href":"https:\/\/www.manaus.am.gov.br\/semcom\/wp-json\/wp\/v2\/categories?post=213596"},{"taxonomy":"post_tag","embeddable":true,"href":"https:\/\/www.manaus.am.gov.br\/semcom\/wp-json\/wp\/v2\/tags?post=213596"}],"curies":[{"name":"wp","href":"https:\/\/api.w.org\/{rel}","templated":true}]}}