{"id":213517,"date":"2022-03-28T13:22:29","date_gmt":"2022-03-28T17:22:29","guid":{"rendered":"https:\/\/www.manaus.am.gov.br\/semcom\/casa-de-alvenaria-desaba-parcialmente-no-centro-e-prefeitura-de-manaus-realiza-interdicao\/"},"modified":"2022-03-28T13:22:29","modified_gmt":"2022-03-28T17:22:29","slug":"casa-de-alvenaria-desaba-parcialmente-no-centro-e-prefeitura-de-manaus-realiza-interdicao","status":"publish","type":"post","link":"https:\/\/www.manaus.am.gov.br\/semcom\/casa-de-alvenaria-desaba-parcialmente-no-centro-e-prefeitura-de-manaus-realiza-interdicao\/","title":{"rendered":"Casa de alvenaria desaba parcialmente no Centro e Prefeitura de Manaus realiza interdi\u00e7\u00e3o"},"content":{"rendered":"\n<p>A Prefeitura de Manaus, por meio da Secretaria Municipal de Seguran\u00e7a P\u00fablica e Defesa Social (Semseg), atuou na manh\u00e3 desta segunda-feira 28\/3, na ocorr\u00eancia de desabamento de um telhado de barro, que fez cair parcialmente a fachada frontal de uma casa de alvenaria, localizada na avenida Epaminondas, no Centro da cidade. Equipes de fiscaliza\u00e7\u00e3o do Instituto de Planejamento Urbano (Implurb) fizeram a notifica\u00e7\u00e3o e interdi\u00e7\u00e3o do im\u00f3vel por risco de novo desabamento pela instabilidade do pr\u00e9dio abandonado, que visualmente aparenta ter estrutura comprometida.<\/p>\n\n\n<div class=\"wp-block-image\">\n<figure class=\"aligncenter\"><img decoding=\"async\" src=\"https:\/\/www.manaus.am.gov.br\/semcom\/wp-content\/uploads\/sites\/5\/2023\/05\/51967457070_c742348a11_o-720x407.jpg\" alt=\"\" class=\"wp-image-213518\"\/><\/figure><\/div>\n\n\n<p>A atua\u00e7\u00e3o aconteceu de forma conjunta entre Defesa Civil, Implurb e Secretaria Municipal de Infraestrutura (Seminf), menos de uma hora ap\u00f3s o ocorrido.<\/p>\n\n\n\n<p>A Defesa Civil foi acionada e j\u00e1 iniciou o processo de vistoria e avalia\u00e7\u00e3o das estruturas, para que as resid\u00eancias pr\u00f3ximas do pr\u00e9dio afetado possam ser liberadas ou n\u00e3o. O laudo deve sair at\u00e9 o fim do dia. De acordo com o secret\u00e1rio executivo da Defesa Civil do munic\u00edpio, Fernando Junior, a prioridade agora \u00e9 demolir parcialmente as paredes que ainda oferecem risco e liberar o acesso dos pedestres e moradores do entorno.<\/p>\n\n\n\n<p>\u201cO incidente ocorreu por volta das 7h e desde as 8h a Defesa Civil est\u00e1 atuando, junto com a nossa equipe de engenharia que est\u00e1 vistoriando e fazendo a avalia\u00e7\u00e3o necess\u00e1ria para garantir a seguran\u00e7a dos transeuntes e dos moradores das resid\u00eancias ao lado que nesse momento ainda correm risco de serem afetados\u201d, ressaltou.<\/p>\n\n\n\n<p>O pr\u00e9dio com sinistro est\u00e1 na listagem de interesse de preserva\u00e7\u00e3o e tamb\u00e9m numa lista de im\u00f3veis abandonados na \u00e1rea central. A responsabilidade em rela\u00e7\u00e3o \u00e0 manuten\u00e7\u00e3o, preserva\u00e7\u00e3o e pr\u00f3pria seguran\u00e7a do edif\u00edcio cabe ao propriet\u00e1rio, por se tratar de uma propriedade particular. Cabe ao Poder P\u00fablico tomar as a\u00e7\u00f5es de fiscaliza\u00e7\u00e3o e, principalmente, diante desse sinistro, interditar e notificar o propriet\u00e1rio para tomar ci\u00eancia e as medidas cab\u00edveis urgentes.<\/p>\n\n\n\n<p><strong>&nbsp;<\/strong><\/p>\n\n\n\n<h2 class=\"wp-block-heading\">Implurb<\/h2>\n\n\n\n<p>A interdi\u00e7\u00e3o determina a proibi\u00e7\u00e3o imediata de uso de parte ou da totalidade de uma edifica\u00e7\u00e3o, sendo aplic\u00e1vel quando existir \u201crisco \u00e0 seguran\u00e7a de pessoas, bens, instala\u00e7\u00f5es ou equipamentos, inclusive p\u00fablicos ou de utilidade p\u00fablica\u201d, segundo o artigo 38, inciso b, do C\u00f3digo de Obras (Lei Complementar 003\/2014), do Plano Diretor de Manaus.<\/p>\n\n\n\n<p>Ainda segundo a Lei 003, em seu cap\u00edtulo II, artigo XI, \u201c\u00e9 obrigat\u00f3ria a manuten\u00e7\u00e3o e limpeza dos terrenos e im\u00f3veis abandonados, assim como seu fechamento com muros ou cercas, para garantir a seguran\u00e7a dos im\u00f3veis lindeiros\u201d.<\/p>\n\n\n\n<p>&#8212; &#8212; &#8212;<\/p>\n\n\n\n<p><strong>Texto \u2013<\/strong> Divulga\u00e7\u00e3o Semseg e Implurb<br><strong>Fotos \u2013<\/strong> Ant\u00f4nio Pereira \/ Semcom<br><strong>Dispon\u00edveis em &#8211;<\/strong> <a href=\"https:\/\/flic.kr\/s\/aHBqjzHtBM\">https:\/\/flic.kr\/s\/aHBqjzHtBM<\/a><\/p>\n\n\n\n<p>&nbsp;<\/p>\n","protected":false},"excerpt":{"rendered":"","protected":false},"author":24,"featured_media":0,"comment_status":"closed","ping_status":"closed","sticky":false,"template":"","format":"standard","meta":{"footnotes":""},"categories":[4173],"tags":[4174,4175,2269,4176,403,4177],"acf":[],"yoast_head":"<!-- This site is optimized with the Yoast SEO plugin v23.0 - https:\/\/yoast.com\/wordpress\/plugins\/seo\/ -->\n<title>Casa de alvenaria desaba parcialmente no Centro e Prefeitura de Manaus realiza interdi\u00e7\u00e3o - SEMCOM<\/title>\n<meta name=\"robots\" content=\"index, follow, max-snippet:-1, max-image-preview:large, max-video-preview:-1\" \/>\n<link rel=\"canonical\" href=\"https:\/\/www.manaus.am.gov.br\/semcom\/casa-de-alvenaria-desaba-parcialmente-no-centro-e-prefeitura-de-manaus-realiza-interdicao\/\" \/>\n<meta property=\"og:locale\" content=\"pt_BR\" \/>\n<meta property=\"og:type\" content=\"article\" \/>\n<meta property=\"og:title\" content=\"Casa de alvenaria desaba parcialmente no Centro e Prefeitura de Manaus realiza interdi\u00e7\u00e3o - SEMCOM\" \/>\n<meta property=\"og:url\" content=\"https:\/\/www.manaus.am.gov.br\/semcom\/casa-de-alvenaria-desaba-parcialmente-no-centro-e-prefeitura-de-manaus-realiza-interdicao\/\" \/>\n<meta property=\"og:site_name\" content=\"SEMCOM\" \/>\n<meta property=\"article:published_time\" content=\"2022-03-28T17:22:29+00:00\" \/>\n<meta property=\"og:image\" content=\"https:\/\/www.manaus.am.gov.br\/semcom\/wp-content\/uploads\/sites\/5\/2023\/05\/51967457070_c742348a11_o-720x407.jpg\" \/>\n<meta name=\"author\" content=\"Cl\u00e1udia Barbosa\" \/>\n<meta name=\"twitter:card\" content=\"summary_large_image\" \/>\n<meta name=\"twitter:label1\" content=\"Written by\" \/>\n\t<meta name=\"twitter:data1\" content=\"Cl\u00e1udia Barbosa\" \/>\n\t<meta name=\"twitter:label2\" content=\"Est. reading time\" \/>\n\t<meta name=\"twitter:data2\" content=\"3 minutos\" \/>\n<script type=\"application\/ld+json\" class=\"yoast-schema-graph\">{\"@context\":\"https:\/\/schema.org\",\"@graph\":[{\"@type\":\"WebPage\",\"@id\":\"https:\/\/www.manaus.am.gov.br\/semcom\/casa-de-alvenaria-desaba-parcialmente-no-centro-e-prefeitura-de-manaus-realiza-interdicao\/\",\"url\":\"https:\/\/www.manaus.am.gov.br\/semcom\/casa-de-alvenaria-desaba-parcialmente-no-centro-e-prefeitura-de-manaus-realiza-interdicao\/\",\"name\":\"Casa de alvenaria desaba parcialmente no Centro e Prefeitura de Manaus realiza interdi\u00e7\u00e3o - SEMCOM\",\"isPartOf\":{\"@id\":\"https:\/\/www.manaus.am.gov.br\/semcom\/#website\"},\"primaryImageOfPage\":{\"@id\":\"https:\/\/www.manaus.am.gov.br\/semcom\/casa-de-alvenaria-desaba-parcialmente-no-centro-e-prefeitura-de-manaus-realiza-interdicao\/#primaryimage\"},\"image\":{\"@id\":\"https:\/\/www.manaus.am.gov.br\/semcom\/casa-de-alvenaria-desaba-parcialmente-no-centro-e-prefeitura-de-manaus-realiza-interdicao\/#primaryimage\"},\"thumbnailUrl\":\"https:\/\/www.manaus.am.gov.br\/semcom\/wp-content\/uploads\/sites\/5\/2023\/05\/51967457070_c742348a11_o-720x407.jpg\",\"datePublished\":\"2022-03-28T17:22:29+00:00\",\"dateModified\":\"2022-03-28T17:22:29+00:00\",\"author\":{\"@id\":\"https:\/\/www.manaus.am.gov.br\/semcom\/#\/schema\/person\/d0a166b5031154c33c77794ddc9a827e\"},\"inLanguage\":\"pt-BR\",\"potentialAction\":[{\"@type\":\"ReadAction\",\"target\":[\"https:\/\/www.manaus.am.gov.br\/semcom\/casa-de-alvenaria-desaba-parcialmente-no-centro-e-prefeitura-de-manaus-realiza-interdicao\/\"]}]},{\"@type\":\"ImageObject\",\"inLanguage\":\"pt-BR\",\"@id\":\"https:\/\/www.manaus.am.gov.br\/semcom\/casa-de-alvenaria-desaba-parcialmente-no-centro-e-prefeitura-de-manaus-realiza-interdicao\/#primaryimage\",\"url\":\"https:\/\/www.manaus.am.gov.br\/semcom\/wp-content\/uploads\/sites\/5\/2023\/05\/51967457070_c742348a11_o.jpg\",\"contentUrl\":\"https:\/\/www.manaus.am.gov.br\/semcom\/wp-content\/uploads\/sites\/5\/2023\/05\/51967457070_c742348a11_o.jpg\",\"width\":2047,\"height\":1365},{\"@type\":\"WebSite\",\"@id\":\"https:\/\/www.manaus.am.gov.br\/semcom\/#website\",\"url\":\"https:\/\/www.manaus.am.gov.br\/semcom\/\",\"name\":\"SEMCOM\",\"description\":\"Secretaria Municipal de Comunica\u00e7\u00e3o\",\"potentialAction\":[{\"@type\":\"SearchAction\",\"target\":{\"@type\":\"EntryPoint\",\"urlTemplate\":\"https:\/\/www.manaus.am.gov.br\/semcom\/?s={search_term_string}\"},\"query-input\":\"required name=search_term_string\"}],\"inLanguage\":\"pt-BR\"},{\"@type\":\"Person\",\"@id\":\"https:\/\/www.manaus.am.gov.br\/semcom\/#\/schema\/person\/d0a166b5031154c33c77794ddc9a827e\",\"name\":\"Cl\u00e1udia Barbosa\",\"image\":{\"@type\":\"ImageObject\",\"inLanguage\":\"pt-BR\",\"@id\":\"https:\/\/www.manaus.am.gov.br\/semcom\/#\/schema\/person\/image\/\",\"url\":\"https:\/\/secure.gravatar.com\/avatar\/42958a1cf007f1a00534009218c72590?s=96&d=mm&r=g\",\"contentUrl\":\"https:\/\/secure.gravatar.com\/avatar\/42958a1cf007f1a00534009218c72590?s=96&d=mm&r=g\",\"caption\":\"Cl\u00e1udia Barbosa\"}}]}<\/script>\n<!-- \/ Yoast SEO plugin. -->","yoast_head_json":{"title":"Casa de alvenaria desaba parcialmente no Centro e Prefeitura de Manaus realiza interdi\u00e7\u00e3o - SEMCOM","robots":{"index":"index","follow":"follow","max-snippet":"max-snippet:-1","max-image-preview":"max-image-preview:large","max-video-preview":"max-video-preview:-1"},"canonical":"https:\/\/www.manaus.am.gov.br\/semcom\/casa-de-alvenaria-desaba-parcialmente-no-centro-e-prefeitura-de-manaus-realiza-interdicao\/","og_locale":"pt_BR","og_type":"article","og_title":"Casa de alvenaria desaba parcialmente no Centro e Prefeitura de Manaus realiza interdi\u00e7\u00e3o - SEMCOM","og_url":"https:\/\/www.manaus.am.gov.br\/semcom\/casa-de-alvenaria-desaba-parcialmente-no-centro-e-prefeitura-de-manaus-realiza-interdicao\/","og_site_name":"SEMCOM","article_published_time":"2022-03-28T17:22:29+00:00","og_image":[{"url":"https:\/\/www.manaus.am.gov.br\/semcom\/wp-content\/uploads\/sites\/5\/2023\/05\/51967457070_c742348a11_o-720x407.jpg"}],"author":"Cl\u00e1udia Barbosa","twitter_card":"summary_large_image","twitter_misc":{"Written by":"Cl\u00e1udia Barbosa","Est. reading time":"3 minutos"},"schema":{"@context":"https:\/\/schema.org","@graph":[{"@type":"WebPage","@id":"https:\/\/www.manaus.am.gov.br\/semcom\/casa-de-alvenaria-desaba-parcialmente-no-centro-e-prefeitura-de-manaus-realiza-interdicao\/","url":"https:\/\/www.manaus.am.gov.br\/semcom\/casa-de-alvenaria-desaba-parcialmente-no-centro-e-prefeitura-de-manaus-realiza-interdicao\/","name":"Casa de alvenaria desaba parcialmente no Centro e Prefeitura de Manaus realiza interdi\u00e7\u00e3o - SEMCOM","isPartOf":{"@id":"https:\/\/www.manaus.am.gov.br\/semcom\/#website"},"primaryImageOfPage":{"@id":"https:\/\/www.manaus.am.gov.br\/semcom\/casa-de-alvenaria-desaba-parcialmente-no-centro-e-prefeitura-de-manaus-realiza-interdicao\/#primaryimage"},"image":{"@id":"https:\/\/www.manaus.am.gov.br\/semcom\/casa-de-alvenaria-desaba-parcialmente-no-centro-e-prefeitura-de-manaus-realiza-interdicao\/#primaryimage"},"thumbnailUrl":"https:\/\/www.manaus.am.gov.br\/semcom\/wp-content\/uploads\/sites\/5\/2023\/05\/51967457070_c742348a11_o-720x407.jpg","datePublished":"2022-03-28T17:22:29+00:00","dateModified":"2022-03-28T17:22:29+00:00","author":{"@id":"https:\/\/www.manaus.am.gov.br\/semcom\/#\/schema\/person\/d0a166b5031154c33c77794ddc9a827e"},"inLanguage":"pt-BR","potentialAction":[{"@type":"ReadAction","target":["https:\/\/www.manaus.am.gov.br\/semcom\/casa-de-alvenaria-desaba-parcialmente-no-centro-e-prefeitura-de-manaus-realiza-interdicao\/"]}]},{"@type":"ImageObject","inLanguage":"pt-BR","@id":"https:\/\/www.manaus.am.gov.br\/semcom\/casa-de-alvenaria-desaba-parcialmente-no-centro-e-prefeitura-de-manaus-realiza-interdicao\/#primaryimage","url":"https:\/\/www.manaus.am.gov.br\/semcom\/wp-content\/uploads\/sites\/5\/2023\/05\/51967457070_c742348a11_o.jpg","contentUrl":"https:\/\/www.manaus.am.gov.br\/semcom\/wp-content\/uploads\/sites\/5\/2023\/05\/51967457070_c742348a11_o.jpg","width":2047,"height":1365},{"@type":"WebSite","@id":"https:\/\/www.manaus.am.gov.br\/semcom\/#website","url":"https:\/\/www.manaus.am.gov.br\/semcom\/","name":"SEMCOM","description":"Secretaria Municipal de Comunica\u00e7\u00e3o","potentialAction":[{"@type":"SearchAction","target":{"@type":"EntryPoint","urlTemplate":"https:\/\/www.manaus.am.gov.br\/semcom\/?s={search_term_string}"},"query-input":"required name=search_term_string"}],"inLanguage":"pt-BR"},{"@type":"Person","@id":"https:\/\/www.manaus.am.gov.br\/semcom\/#\/schema\/person\/d0a166b5031154c33c77794ddc9a827e","name":"Cl\u00e1udia Barbosa","image":{"@type":"ImageObject","inLanguage":"pt-BR","@id":"https:\/\/www.manaus.am.gov.br\/semcom\/#\/schema\/person\/image\/","url":"https:\/\/secure.gravatar.com\/avatar\/42958a1cf007f1a00534009218c72590?s=96&d=mm&r=g","contentUrl":"https:\/\/secure.gravatar.com\/avatar\/42958a1cf007f1a00534009218c72590?s=96&d=mm&r=g","caption":"Cl\u00e1udia Barbosa"}}]}},"_links":{"self":[{"href":"https:\/\/www.manaus.am.gov.br\/semcom\/wp-json\/wp\/v2\/posts\/213517"}],"collection":[{"href":"https:\/\/www.manaus.am.gov.br\/semcom\/wp-json\/wp\/v2\/posts"}],"about":[{"href":"https:\/\/www.manaus.am.gov.br\/semcom\/wp-json\/wp\/v2\/types\/post"}],"author":[{"embeddable":true,"href":"https:\/\/www.manaus.am.gov.br\/semcom\/wp-json\/wp\/v2\/users\/24"}],"replies":[{"embeddable":true,"href":"https:\/\/www.manaus.am.gov.br\/semcom\/wp-json\/wp\/v2\/comments?post=213517"}],"version-history":[{"count":1,"href":"https:\/\/www.manaus.am.gov.br\/semcom\/wp-json\/wp\/v2\/posts\/213517\/revisions"}],"predecessor-version":[{"id":213519,"href":"https:\/\/www.manaus.am.gov.br\/semcom\/wp-json\/wp\/v2\/posts\/213517\/revisions\/213519"}],"wp:attachment":[{"href":"https:\/\/www.manaus.am.gov.br\/semcom\/wp-json\/wp\/v2\/media?parent=213517"}],"wp:term":[{"taxonomy":"category","embeddable":true,"href":"https:\/\/www.manaus.am.gov.br\/semcom\/wp-json\/wp\/v2\/categories?post=213517"},{"taxonomy":"post_tag","embeddable":true,"href":"https:\/\/www.manaus.am.gov.br\/semcom\/wp-json\/wp\/v2\/tags?post=213517"}],"curies":[{"name":"wp","href":"https:\/\/api.w.org\/{rel}","templated":true}]}}