{"id":213408,"date":"2023-05-10T11:12:30","date_gmt":"2023-05-10T14:12:30","guid":{"rendered":"https:\/\/www.manaus.am.gov.br\/semcom\/prefeitura-de-manaus-aplica-13-mil-tonelada-de-asfalto-em-principal-avenida-do-alvorada\/"},"modified":"2023-05-10T11:12:31","modified_gmt":"2023-05-10T14:12:31","slug":"prefeitura-de-manaus-aplica-13-mil-tonelada-de-asfalto-em-principal-avenida-do-alvorada","status":"publish","type":"post","link":"https:\/\/www.manaus.am.gov.br\/semcom\/prefeitura-de-manaus-aplica-13-mil-tonelada-de-asfalto-em-principal-avenida-do-alvorada\/","title":{"rendered":"<strong>Prefeitura de Manaus aplica 1,3 mil tonelada de asfalto em principal avenida do Alvorada<\/strong>"},"content":{"rendered":"\n<p>Uma faixa de tr\u00e2nsito, no sentido bairro-Centro, da avenida Desembargador Jo\u00e3o Machado, no bairro Alvorada, zona Centro-Oeste, foi interditada, na noite de ter\u00e7a-feira, 9\/5, para as obras do \u201cAsfalta Manaus\u201d, em execu\u00e7\u00e3o pela Prefeitura de Manaus, via Secretaria Municipal de Infraestrutura (Seminf). A pasta emprega 1.310 toneladas de asfalto em 500 metros de extens\u00e3o da avenida.&nbsp;<\/p>\n\n\n\n<p>\u201c\u00c9 um trabalho cont\u00ednuo, necess\u00e1rio. Priorizamos as obras em per\u00edodo noturno por entendermos que a interdi\u00e7\u00e3o, durante o dia, pode prejudicar o tr\u00e1fego de ve\u00edculos, que, normalmente, \u00e9 intenso\u201d, afirmou o secret\u00e1rio de Obras, Renato Junior, enquanto vistoriou o andamento dos servi\u00e7os.<\/p>\n\n\n\n<p>\u201cO prefeito David Almeida determina que grandes interven\u00e7\u00f5es sejam realizadas de forma ininterrupta e c\u00e9lere, para corresponder aos anseios do povo, em ter uma gest\u00e3o eficiente e din\u00e2mica\u201d, acrescentou.&nbsp;<\/p>\n\n\n\n<p>Trinta pessoas atuam no canteiro de obras, realizando a limpeza, imprima\u00e7\u00e3o do trecho e aplica\u00e7\u00e3o de asfalto. O trabalho, conforme o secret\u00e1rio, entrou pela madrugada.<\/p>\n\n\n\n<p>Os comerciantes e motoristas, que passavam pr\u00f3ximo ao trecho, observavam, nessa ter\u00e7a-feira, a concentra\u00e7\u00e3o de maquin\u00e1rio pesado, constitu\u00eddo por vibroacabadora, rolo pneum\u00e1tico e de chapa, retroescavadeira, minicarregadeira, fresadora e caminh\u00e3o espargidor. Nesta quarta-feira \u00e0 noite, o servi\u00e7o ser\u00e1 retomado para ajustes finais, mas sem necessidade de interdi\u00e7\u00e3o da via.<\/p>\n\n\n\n<p>O programa \u201cAsfalta Manaus\u201d, lan\u00e7ado no primeiro semestre de 2022, se consagra pelos 12 meses de atua\u00e7\u00e3o com mais de 2 mil ruas asfaltadas pela capital. Dessas, o site \u201cAsfalt\u00f4metro\u201d contabiliza 297 ruas asfaltadas na zona Centro-Oeste. Nos quatro cantos, moradores viram suas ruas se transformarem em verdadeiros canteiros de obras.<\/p>\n\n\n\n<p>&#8212; &#8212; &#8212;<\/p>\n\n\n\n<p><strong>Texto<\/strong>&nbsp;\u2013 Alessandra Taveira\/Seminf<\/p>\n\n\n\n<p><strong>Fotos<\/strong>&nbsp;\u2013 M\u00e1rcio Melo\/Seminf<\/p>\n\n\n\n<p><strong>Dispon\u00edveis em<\/strong>&nbsp;&#8211;&nbsp;<a href=\"https:\/\/flic.kr\/s\/aHBqjADaus\" target=\"_blank\" rel=\"noreferrer noopener\">https:\/\/flic.kr\/s\/aHBqjADaus<\/a><\/p>\n","protected":false},"excerpt":{"rendered":"","protected":false},"author":23,"featured_media":213409,"comment_status":"closed","ping_status":"closed","sticky":false,"template":"","format":"standard","meta":{"footnotes":""},"categories":[127],"tags":[1874,4072,77,261,33,4073],"acf":[],"yoast_head":"<!-- This site is optimized with the Yoast SEO plugin v23.0 - https:\/\/yoast.com\/wordpress\/plugins\/seo\/ -->\n<title>Prefeitura de Manaus aplica 1,3 mil tonelada de asfalto em principal avenida do Alvorada<\/title>\n<meta name=\"description\" content=\"Uma faixa de tr\u00e2nsito, no sentido bairro-Centro, da avenida Desembargador Jo\u00e3o Machado, no bairro Alvorada, zona Centro-Oeste, foi interditada, na noite de ter\u00e7a-feira, 9\/5, para as obras do \u201cAsfalta Manaus\u201d, em execu\u00e7\u00e3o pela Prefeitura de Manaus, via Secretaria Municipal de Infraestrutura (Seminf). A pasta emprega 1.310 toneladas de asfalto em 500 metros de extens\u00e3o da avenida.\" \/>\n<meta name=\"robots\" content=\"index, follow, max-snippet:-1, max-image-preview:large, max-video-preview:-1\" \/>\n<link rel=\"canonical\" href=\"https:\/\/www.manaus.am.gov.br\/semcom\/prefeitura-de-manaus-aplica-13-mil-tonelada-de-asfalto-em-principal-avenida-do-alvorada\/\" \/>\n<meta property=\"og:locale\" content=\"pt_BR\" \/>\n<meta property=\"og:type\" content=\"article\" \/>\n<meta property=\"og:title\" content=\"Prefeitura de Manaus aplica 1,3 mil tonelada de asfalto em principal avenida do Alvorada\" \/>\n<meta property=\"og:description\" content=\"Uma faixa de tr\u00e2nsito, no sentido bairro-Centro, da avenida Desembargador Jo\u00e3o Machado, no bairro Alvorada, zona Centro-Oeste, foi interditada, na noite de ter\u00e7a-feira, 9\/5, para as obras do \u201cAsfalta Manaus\u201d, em execu\u00e7\u00e3o pela Prefeitura de Manaus, via Secretaria Municipal de Infraestrutura (Seminf). A pasta emprega 1.310 toneladas de asfalto em 500 metros de extens\u00e3o da avenida.\" \/>\n<meta property=\"og:url\" content=\"https:\/\/www.manaus.am.gov.br\/semcom\/prefeitura-de-manaus-aplica-13-mil-tonelada-de-asfalto-em-principal-avenida-do-alvorada\/\" \/>\n<meta property=\"og:site_name\" content=\"SEMCOM\" \/>\n<meta property=\"article:published_time\" content=\"2023-05-10T14:12:30+00:00\" \/>\n<meta property=\"article:modified_time\" content=\"2023-05-10T14:12:31+00:00\" \/>\n<meta property=\"og:image\" content=\"https:\/\/www.manaus.am.gov.br\/semcom\/wp-content\/uploads\/sites\/5\/2023\/05\/52885614437_6e2258f808_c.jpg\" \/>\n\t<meta property=\"og:image:width\" content=\"800\" \/>\n\t<meta property=\"og:image:height\" content=\"539\" \/>\n\t<meta property=\"og:image:type\" content=\"image\/jpeg\" \/>\n<meta name=\"author\" content=\"Adriana Costa\" \/>\n<meta name=\"twitter:card\" content=\"summary_large_image\" \/>\n<meta name=\"twitter:label1\" content=\"Written by\" \/>\n\t<meta name=\"twitter:data1\" content=\"Adriana Costa\" \/>\n\t<meta name=\"twitter:label2\" content=\"Est. reading time\" \/>\n\t<meta name=\"twitter:data2\" content=\"2 minutos\" \/>\n<script type=\"application\/ld+json\" class=\"yoast-schema-graph\">{\"@context\":\"https:\/\/schema.org\",\"@graph\":[{\"@type\":\"WebPage\",\"@id\":\"https:\/\/www.manaus.am.gov.br\/semcom\/prefeitura-de-manaus-aplica-13-mil-tonelada-de-asfalto-em-principal-avenida-do-alvorada\/\",\"url\":\"https:\/\/www.manaus.am.gov.br\/semcom\/prefeitura-de-manaus-aplica-13-mil-tonelada-de-asfalto-em-principal-avenida-do-alvorada\/\",\"name\":\"Prefeitura de Manaus aplica 1,3 mil tonelada de asfalto em principal avenida do Alvorada\",\"isPartOf\":{\"@id\":\"https:\/\/www.manaus.am.gov.br\/semcom\/#website\"},\"primaryImageOfPage\":{\"@id\":\"https:\/\/www.manaus.am.gov.br\/semcom\/prefeitura-de-manaus-aplica-13-mil-tonelada-de-asfalto-em-principal-avenida-do-alvorada\/#primaryimage\"},\"image\":{\"@id\":\"https:\/\/www.manaus.am.gov.br\/semcom\/prefeitura-de-manaus-aplica-13-mil-tonelada-de-asfalto-em-principal-avenida-do-alvorada\/#primaryimage\"},\"thumbnailUrl\":\"https:\/\/www.manaus.am.gov.br\/semcom\/wp-content\/uploads\/sites\/5\/2023\/05\/52885614437_6e2258f808_c.jpg\",\"datePublished\":\"2023-05-10T14:12:30+00:00\",\"dateModified\":\"2023-05-10T14:12:31+00:00\",\"author\":{\"@id\":\"https:\/\/www.manaus.am.gov.br\/semcom\/#\/schema\/person\/4e49f4e267757a06ca072ec61b2b9968\"},\"description\":\"Uma faixa de tr\u00e2nsito, no sentido bairro-Centro, da avenida Desembargador Jo\u00e3o Machado, no bairro Alvorada, zona Centro-Oeste, foi interditada, na noite de ter\u00e7a-feira, 9\/5, para as obras do \u201cAsfalta Manaus\u201d, em execu\u00e7\u00e3o pela Prefeitura de Manaus, via Secretaria Municipal de Infraestrutura (Seminf). A pasta emprega 1.310 toneladas de asfalto em 500 metros de extens\u00e3o da avenida.\",\"inLanguage\":\"pt-BR\",\"potentialAction\":[{\"@type\":\"ReadAction\",\"target\":[\"https:\/\/www.manaus.am.gov.br\/semcom\/prefeitura-de-manaus-aplica-13-mil-tonelada-de-asfalto-em-principal-avenida-do-alvorada\/\"]}]},{\"@type\":\"ImageObject\",\"inLanguage\":\"pt-BR\",\"@id\":\"https:\/\/www.manaus.am.gov.br\/semcom\/prefeitura-de-manaus-aplica-13-mil-tonelada-de-asfalto-em-principal-avenida-do-alvorada\/#primaryimage\",\"url\":\"https:\/\/www.manaus.am.gov.br\/semcom\/wp-content\/uploads\/sites\/5\/2023\/05\/52885614437_6e2258f808_c.jpg\",\"contentUrl\":\"https:\/\/www.manaus.am.gov.br\/semcom\/wp-content\/uploads\/sites\/5\/2023\/05\/52885614437_6e2258f808_c.jpg\",\"width\":800,\"height\":539},{\"@type\":\"WebSite\",\"@id\":\"https:\/\/www.manaus.am.gov.br\/semcom\/#website\",\"url\":\"https:\/\/www.manaus.am.gov.br\/semcom\/\",\"name\":\"SEMCOM\",\"description\":\"Secretaria Municipal de Comunica\u00e7\u00e3o\",\"potentialAction\":[{\"@type\":\"SearchAction\",\"target\":{\"@type\":\"EntryPoint\",\"urlTemplate\":\"https:\/\/www.manaus.am.gov.br\/semcom\/?s={search_term_string}\"},\"query-input\":\"required name=search_term_string\"}],\"inLanguage\":\"pt-BR\"},{\"@type\":\"Person\",\"@id\":\"https:\/\/www.manaus.am.gov.br\/semcom\/#\/schema\/person\/4e49f4e267757a06ca072ec61b2b9968\",\"name\":\"Adriana Costa\",\"image\":{\"@type\":\"ImageObject\",\"inLanguage\":\"pt-BR\",\"@id\":\"https:\/\/www.manaus.am.gov.br\/semcom\/#\/schema\/person\/image\/\",\"url\":\"https:\/\/secure.gravatar.com\/avatar\/576258617ef7194f718179e766d57bd4?s=96&d=mm&r=g\",\"contentUrl\":\"https:\/\/secure.gravatar.com\/avatar\/576258617ef7194f718179e766d57bd4?s=96&d=mm&r=g\",\"caption\":\"Adriana Costa\"}}]}<\/script>\n<!-- \/ Yoast SEO plugin. -->","yoast_head_json":{"title":"Prefeitura de Manaus aplica 1,3 mil tonelada de asfalto em principal avenida do Alvorada","description":"Uma faixa de tr\u00e2nsito, no sentido bairro-Centro, da avenida Desembargador Jo\u00e3o Machado, no bairro Alvorada, zona Centro-Oeste, foi interditada, na noite de ter\u00e7a-feira, 9\/5, para as obras do \u201cAsfalta Manaus\u201d, em execu\u00e7\u00e3o pela Prefeitura de Manaus, via Secretaria Municipal de Infraestrutura (Seminf). A pasta emprega 1.310 toneladas de asfalto em 500 metros de extens\u00e3o da avenida.","robots":{"index":"index","follow":"follow","max-snippet":"max-snippet:-1","max-image-preview":"max-image-preview:large","max-video-preview":"max-video-preview:-1"},"canonical":"https:\/\/www.manaus.am.gov.br\/semcom\/prefeitura-de-manaus-aplica-13-mil-tonelada-de-asfalto-em-principal-avenida-do-alvorada\/","og_locale":"pt_BR","og_type":"article","og_title":"Prefeitura de Manaus aplica 1,3 mil tonelada de asfalto em principal avenida do Alvorada","og_description":"Uma faixa de tr\u00e2nsito, no sentido bairro-Centro, da avenida Desembargador Jo\u00e3o Machado, no bairro Alvorada, zona Centro-Oeste, foi interditada, na noite de ter\u00e7a-feira, 9\/5, para as obras do \u201cAsfalta Manaus\u201d, em execu\u00e7\u00e3o pela Prefeitura de Manaus, via Secretaria Municipal de Infraestrutura (Seminf). A pasta emprega 1.310 toneladas de asfalto em 500 metros de extens\u00e3o da avenida.","og_url":"https:\/\/www.manaus.am.gov.br\/semcom\/prefeitura-de-manaus-aplica-13-mil-tonelada-de-asfalto-em-principal-avenida-do-alvorada\/","og_site_name":"SEMCOM","article_published_time":"2023-05-10T14:12:30+00:00","article_modified_time":"2023-05-10T14:12:31+00:00","og_image":[{"width":800,"height":539,"url":"https:\/\/www.manaus.am.gov.br\/semcom\/wp-content\/uploads\/sites\/5\/2023\/05\/52885614437_6e2258f808_c.jpg","type":"image\/jpeg"}],"author":"Adriana Costa","twitter_card":"summary_large_image","twitter_misc":{"Written by":"Adriana Costa","Est. reading time":"2 minutos"},"schema":{"@context":"https:\/\/schema.org","@graph":[{"@type":"WebPage","@id":"https:\/\/www.manaus.am.gov.br\/semcom\/prefeitura-de-manaus-aplica-13-mil-tonelada-de-asfalto-em-principal-avenida-do-alvorada\/","url":"https:\/\/www.manaus.am.gov.br\/semcom\/prefeitura-de-manaus-aplica-13-mil-tonelada-de-asfalto-em-principal-avenida-do-alvorada\/","name":"Prefeitura de Manaus aplica 1,3 mil tonelada de asfalto em principal avenida do Alvorada","isPartOf":{"@id":"https:\/\/www.manaus.am.gov.br\/semcom\/#website"},"primaryImageOfPage":{"@id":"https:\/\/www.manaus.am.gov.br\/semcom\/prefeitura-de-manaus-aplica-13-mil-tonelada-de-asfalto-em-principal-avenida-do-alvorada\/#primaryimage"},"image":{"@id":"https:\/\/www.manaus.am.gov.br\/semcom\/prefeitura-de-manaus-aplica-13-mil-tonelada-de-asfalto-em-principal-avenida-do-alvorada\/#primaryimage"},"thumbnailUrl":"https:\/\/www.manaus.am.gov.br\/semcom\/wp-content\/uploads\/sites\/5\/2023\/05\/52885614437_6e2258f808_c.jpg","datePublished":"2023-05-10T14:12:30+00:00","dateModified":"2023-05-10T14:12:31+00:00","author":{"@id":"https:\/\/www.manaus.am.gov.br\/semcom\/#\/schema\/person\/4e49f4e267757a06ca072ec61b2b9968"},"description":"Uma faixa de tr\u00e2nsito, no sentido bairro-Centro, da avenida Desembargador Jo\u00e3o Machado, no bairro Alvorada, zona Centro-Oeste, foi interditada, na noite de ter\u00e7a-feira, 9\/5, para as obras do \u201cAsfalta Manaus\u201d, em execu\u00e7\u00e3o pela Prefeitura de Manaus, via Secretaria Municipal de Infraestrutura (Seminf). A pasta emprega 1.310 toneladas de asfalto em 500 metros de extens\u00e3o da avenida.","inLanguage":"pt-BR","potentialAction":[{"@type":"ReadAction","target":["https:\/\/www.manaus.am.gov.br\/semcom\/prefeitura-de-manaus-aplica-13-mil-tonelada-de-asfalto-em-principal-avenida-do-alvorada\/"]}]},{"@type":"ImageObject","inLanguage":"pt-BR","@id":"https:\/\/www.manaus.am.gov.br\/semcom\/prefeitura-de-manaus-aplica-13-mil-tonelada-de-asfalto-em-principal-avenida-do-alvorada\/#primaryimage","url":"https:\/\/www.manaus.am.gov.br\/semcom\/wp-content\/uploads\/sites\/5\/2023\/05\/52885614437_6e2258f808_c.jpg","contentUrl":"https:\/\/www.manaus.am.gov.br\/semcom\/wp-content\/uploads\/sites\/5\/2023\/05\/52885614437_6e2258f808_c.jpg","width":800,"height":539},{"@type":"WebSite","@id":"https:\/\/www.manaus.am.gov.br\/semcom\/#website","url":"https:\/\/www.manaus.am.gov.br\/semcom\/","name":"SEMCOM","description":"Secretaria Municipal de Comunica\u00e7\u00e3o","potentialAction":[{"@type":"SearchAction","target":{"@type":"EntryPoint","urlTemplate":"https:\/\/www.manaus.am.gov.br\/semcom\/?s={search_term_string}"},"query-input":"required name=search_term_string"}],"inLanguage":"pt-BR"},{"@type":"Person","@id":"https:\/\/www.manaus.am.gov.br\/semcom\/#\/schema\/person\/4e49f4e267757a06ca072ec61b2b9968","name":"Adriana Costa","image":{"@type":"ImageObject","inLanguage":"pt-BR","@id":"https:\/\/www.manaus.am.gov.br\/semcom\/#\/schema\/person\/image\/","url":"https:\/\/secure.gravatar.com\/avatar\/576258617ef7194f718179e766d57bd4?s=96&d=mm&r=g","contentUrl":"https:\/\/secure.gravatar.com\/avatar\/576258617ef7194f718179e766d57bd4?s=96&d=mm&r=g","caption":"Adriana Costa"}}]}},"_links":{"self":[{"href":"https:\/\/www.manaus.am.gov.br\/semcom\/wp-json\/wp\/v2\/posts\/213408"}],"collection":[{"href":"https:\/\/www.manaus.am.gov.br\/semcom\/wp-json\/wp\/v2\/posts"}],"about":[{"href":"https:\/\/www.manaus.am.gov.br\/semcom\/wp-json\/wp\/v2\/types\/post"}],"author":[{"embeddable":true,"href":"https:\/\/www.manaus.am.gov.br\/semcom\/wp-json\/wp\/v2\/users\/23"}],"replies":[{"embeddable":true,"href":"https:\/\/www.manaus.am.gov.br\/semcom\/wp-json\/wp\/v2\/comments?post=213408"}],"version-history":[{"count":0,"href":"https:\/\/www.manaus.am.gov.br\/semcom\/wp-json\/wp\/v2\/posts\/213408\/revisions"}],"wp:featuredmedia":[{"embeddable":true,"href":"https:\/\/www.manaus.am.gov.br\/semcom\/wp-json\/wp\/v2\/media\/213409"}],"wp:attachment":[{"href":"https:\/\/www.manaus.am.gov.br\/semcom\/wp-json\/wp\/v2\/media?parent=213408"}],"wp:term":[{"taxonomy":"category","embeddable":true,"href":"https:\/\/www.manaus.am.gov.br\/semcom\/wp-json\/wp\/v2\/categories?post=213408"},{"taxonomy":"post_tag","embeddable":true,"href":"https:\/\/www.manaus.am.gov.br\/semcom\/wp-json\/wp\/v2\/tags?post=213408"}],"curies":[{"name":"wp","href":"https:\/\/api.w.org\/{rel}","templated":true}]}}