{"id":213399,"date":"2023-05-09T19:17:45","date_gmt":"2023-05-09T22:17:45","guid":{"rendered":"https:\/\/www.manaus.am.gov.br\/semcom\/prefeitura-de-manaus-oferece-atividades-relaxantes-a-maes-de-alunos-com-deficiencia\/"},"modified":"2023-05-09T19:17:47","modified_gmt":"2023-05-09T22:17:47","slug":"prefeitura-de-manaus-oferece-atividades-relaxantes-a-maes-de-alunos-com-deficiencia","status":"publish","type":"post","link":"https:\/\/www.manaus.am.gov.br\/semcom\/prefeitura-de-manaus-oferece-atividades-relaxantes-a-maes-de-alunos-com-deficiencia\/","title":{"rendered":"<strong>Prefeitura de Manaus oferece atividades relaxantes a m\u00e3es de alunos com defici\u00eancia<\/strong>"},"content":{"rendered":"\n<p>Como forma de comemorar o Dia das M\u00e3es, celebrado no pr\u00f3ximo domingo, 14\/4, o Centro Municipal de Educa\u00e7\u00e3o Especial (CMEE) Andr\u00e9 Vidal de Ara\u00fajo, da Prefeitura de Manaus, realizou nesta ter\u00e7a-feira, 9\/5, uma a\u00e7\u00e3o voltada ao bem-estar das m\u00e3es, cujos filhos participam dos Programas de Atividades Motoras Adaptadas (Pama) e de Atividades Motoras Adaptadas \u00e0 Reeduca\u00e7\u00e3o Comportamental (Pamarc).<br><br>A a\u00e7\u00e3o contou com entrega de \u00f3rteses (pe\u00e7as ou aparelhos de corre\u00e7\u00e3o ou complementa\u00e7\u00e3o de membros ou \u00f3rg\u00e3os do corpo), exerc\u00edcios de alongamento e de coordena\u00e7\u00e3o motora, massagem e bingo.<br><br>O evento contou com a parceria das faculdades Fametro e Uninorte.<br>Para a gerente de Educa\u00e7\u00e3o Especial (GEE), da Secretaria Municipal de Educa\u00e7\u00e3o (Semed), Amanda Macanoni, \u00e9 muito importante aproveitar esses apoios para valorizar as m\u00e3es desses alunos.<\/p>\n\n\n\n<p><br>\u201c\u00c9 algo diferente tendo em vista que o dia das m\u00e3es est\u00e1 chegando, e as parcerias s\u00e3o de fundamental import\u00e2ncia porque a gente recebe o aux\u00edlio desses profissionais na execu\u00e7\u00e3o dos programas. Dessa forma, eles podem compreender esse mundo da educa\u00e7\u00e3o especial e da inclus\u00e3o\u201d, completou a gerente.<\/p>\n\n\n\n<p><br>De acordo com a fisioterapeuta dos dois programas, Geralcy de Souza, esta \u00e9 a primeira vez que a a\u00e7\u00e3o acontece e a expectativa em rela\u00e7\u00e3o ao atendimento \u00e9 muito boa, porque essas m\u00e3es precisam deste momento de aten\u00e7\u00e3o.<\/p>\n\n\n\n<p><br>\u201cN\u00f3s fizemos esse momento de acolhimento para as m\u00e3es. Al\u00e9m de atendermos as crian\u00e7as, tiramos este dia para elas, oferecendo massagem e um momento bem especial\u201d, acrescentou Geralcy.<\/p>\n\n\n\n<p><br>Para a m\u00e3e da aluna Vit\u00f3ria Alfaia, do 2\u00ba ano, Adriana Alfaia, 39 anos, al\u00e9m do programa ser muito importante para o desenvolvimento da filha, a a\u00e7\u00e3o proporcionou um dia relaxante.<\/p>\n\n\n\n<p>\u201c\u00c9 uma a\u00e7\u00e3o maravilhosa, e n\u00f3s precisamos desse espa\u00e7o tamb\u00e9m, desse atendimento porque lidamos com muitas responsabilidades no dia a dia, ent\u00e3o foi maravilhoso. Gostei muito da massagem relaxante\u201d, finalizou a m\u00e3e.<\/p>\n\n\n\n<p>&#8212; &#8212; &#8212;<\/p>\n\n\n\n<p><strong>Texto<\/strong>&nbsp;&#8211; Alexandre Abreu \/ Semed<\/p>\n\n\n\n<p><strong>Fotos<\/strong>&nbsp;&#8211; M\u00e1rio Oliveira \/ Semed<\/p>\n\n\n\n<p>Dispon\u00edveis em &#8211;&nbsp;<a href=\"https:\/\/flic.kr\/s\/aHBqjAD5yW\" target=\"_blank\" rel=\"noreferrer noopener\">https:\/\/flic.kr\/s\/aHBqjAD5yW<\/a><\/p>\n","protected":false},"excerpt":{"rendered":"","protected":false},"author":31,"featured_media":213400,"comment_status":"closed","ping_status":"closed","sticky":false,"template":"","format":"standard","meta":{"footnotes":""},"categories":[3968],"tags":[1365,4068,4069,4070],"acf":[],"yoast_head":"<!-- This site is optimized with the Yoast SEO plugin v23.0 - https:\/\/yoast.com\/wordpress\/plugins\/seo\/ -->\n<title>Prefeitura de Manaus oferece atividades relaxantes a m\u00e3es de alunos com defici\u00eancia - SEMCOM<\/title>\n<meta name=\"robots\" content=\"index, follow, max-snippet:-1, max-image-preview:large, max-video-preview:-1\" \/>\n<link rel=\"canonical\" href=\"https:\/\/www.manaus.am.gov.br\/semcom\/prefeitura-de-manaus-oferece-atividades-relaxantes-a-maes-de-alunos-com-deficiencia\/\" \/>\n<meta property=\"og:locale\" content=\"pt_BR\" \/>\n<meta property=\"og:type\" content=\"article\" \/>\n<meta property=\"og:title\" content=\"Prefeitura de Manaus oferece atividades relaxantes a m\u00e3es de alunos com defici\u00eancia - SEMCOM\" \/>\n<meta property=\"og:url\" content=\"https:\/\/www.manaus.am.gov.br\/semcom\/prefeitura-de-manaus-oferece-atividades-relaxantes-a-maes-de-alunos-com-deficiencia\/\" \/>\n<meta property=\"og:site_name\" content=\"SEMCOM\" \/>\n<meta property=\"article:published_time\" content=\"2023-05-09T22:17:45+00:00\" \/>\n<meta property=\"article:modified_time\" content=\"2023-05-09T22:17:47+00:00\" \/>\n<meta property=\"og:image\" content=\"https:\/\/www.manaus.am.gov.br\/semcom\/wp-content\/uploads\/sites\/5\/2023\/05\/52883846602_824eca3545_c.jpg\" \/>\n\t<meta property=\"og:image:width\" content=\"799\" \/>\n\t<meta property=\"og:image:height\" content=\"533\" \/>\n\t<meta property=\"og:image:type\" content=\"image\/jpeg\" \/>\n<meta name=\"author\" content=\"Renata Felix\" \/>\n<meta name=\"twitter:card\" content=\"summary_large_image\" \/>\n<meta name=\"twitter:label1\" content=\"Written by\" \/>\n\t<meta name=\"twitter:data1\" content=\"Renata Felix\" \/>\n\t<meta name=\"twitter:label2\" content=\"Est. reading time\" \/>\n\t<meta name=\"twitter:data2\" content=\"2 minutos\" \/>\n<script type=\"application\/ld+json\" class=\"yoast-schema-graph\">{\"@context\":\"https:\/\/schema.org\",\"@graph\":[{\"@type\":\"WebPage\",\"@id\":\"https:\/\/www.manaus.am.gov.br\/semcom\/prefeitura-de-manaus-oferece-atividades-relaxantes-a-maes-de-alunos-com-deficiencia\/\",\"url\":\"https:\/\/www.manaus.am.gov.br\/semcom\/prefeitura-de-manaus-oferece-atividades-relaxantes-a-maes-de-alunos-com-deficiencia\/\",\"name\":\"Prefeitura de Manaus oferece atividades relaxantes a m\u00e3es de alunos com defici\u00eancia - SEMCOM\",\"isPartOf\":{\"@id\":\"https:\/\/www.manaus.am.gov.br\/semcom\/#website\"},\"primaryImageOfPage\":{\"@id\":\"https:\/\/www.manaus.am.gov.br\/semcom\/prefeitura-de-manaus-oferece-atividades-relaxantes-a-maes-de-alunos-com-deficiencia\/#primaryimage\"},\"image\":{\"@id\":\"https:\/\/www.manaus.am.gov.br\/semcom\/prefeitura-de-manaus-oferece-atividades-relaxantes-a-maes-de-alunos-com-deficiencia\/#primaryimage\"},\"thumbnailUrl\":\"https:\/\/www.manaus.am.gov.br\/semcom\/wp-content\/uploads\/sites\/5\/2023\/05\/52883846602_824eca3545_c.jpg\",\"datePublished\":\"2023-05-09T22:17:45+00:00\",\"dateModified\":\"2023-05-09T22:17:47+00:00\",\"author\":{\"@id\":\"https:\/\/www.manaus.am.gov.br\/semcom\/#\/schema\/person\/4eea2a8f78dc853097abb026f728aa06\"},\"inLanguage\":\"pt-BR\",\"potentialAction\":[{\"@type\":\"ReadAction\",\"target\":[\"https:\/\/www.manaus.am.gov.br\/semcom\/prefeitura-de-manaus-oferece-atividades-relaxantes-a-maes-de-alunos-com-deficiencia\/\"]}]},{\"@type\":\"ImageObject\",\"inLanguage\":\"pt-BR\",\"@id\":\"https:\/\/www.manaus.am.gov.br\/semcom\/prefeitura-de-manaus-oferece-atividades-relaxantes-a-maes-de-alunos-com-deficiencia\/#primaryimage\",\"url\":\"https:\/\/www.manaus.am.gov.br\/semcom\/wp-content\/uploads\/sites\/5\/2023\/05\/52883846602_824eca3545_c.jpg\",\"contentUrl\":\"https:\/\/www.manaus.am.gov.br\/semcom\/wp-content\/uploads\/sites\/5\/2023\/05\/52883846602_824eca3545_c.jpg\",\"width\":799,\"height\":533},{\"@type\":\"WebSite\",\"@id\":\"https:\/\/www.manaus.am.gov.br\/semcom\/#website\",\"url\":\"https:\/\/www.manaus.am.gov.br\/semcom\/\",\"name\":\"SEMCOM\",\"description\":\"Secretaria Municipal de Comunica\u00e7\u00e3o\",\"potentialAction\":[{\"@type\":\"SearchAction\",\"target\":{\"@type\":\"EntryPoint\",\"urlTemplate\":\"https:\/\/www.manaus.am.gov.br\/semcom\/?s={search_term_string}\"},\"query-input\":\"required name=search_term_string\"}],\"inLanguage\":\"pt-BR\"},{\"@type\":\"Person\",\"@id\":\"https:\/\/www.manaus.am.gov.br\/semcom\/#\/schema\/person\/4eea2a8f78dc853097abb026f728aa06\",\"name\":\"Renata Felix\",\"image\":{\"@type\":\"ImageObject\",\"inLanguage\":\"pt-BR\",\"@id\":\"https:\/\/www.manaus.am.gov.br\/semcom\/#\/schema\/person\/image\/\",\"url\":\"https:\/\/secure.gravatar.com\/avatar\/3c196cf9d3b837b24c8edb2c50fd8f29?s=96&d=mm&r=g\",\"contentUrl\":\"https:\/\/secure.gravatar.com\/avatar\/3c196cf9d3b837b24c8edb2c50fd8f29?s=96&d=mm&r=g\",\"caption\":\"Renata Felix\"}}]}<\/script>\n<!-- \/ Yoast SEO plugin. -->","yoast_head_json":{"title":"Prefeitura de Manaus oferece atividades relaxantes a m\u00e3es de alunos com defici\u00eancia - SEMCOM","robots":{"index":"index","follow":"follow","max-snippet":"max-snippet:-1","max-image-preview":"max-image-preview:large","max-video-preview":"max-video-preview:-1"},"canonical":"https:\/\/www.manaus.am.gov.br\/semcom\/prefeitura-de-manaus-oferece-atividades-relaxantes-a-maes-de-alunos-com-deficiencia\/","og_locale":"pt_BR","og_type":"article","og_title":"Prefeitura de Manaus oferece atividades relaxantes a m\u00e3es de alunos com defici\u00eancia - SEMCOM","og_url":"https:\/\/www.manaus.am.gov.br\/semcom\/prefeitura-de-manaus-oferece-atividades-relaxantes-a-maes-de-alunos-com-deficiencia\/","og_site_name":"SEMCOM","article_published_time":"2023-05-09T22:17:45+00:00","article_modified_time":"2023-05-09T22:17:47+00:00","og_image":[{"width":799,"height":533,"url":"https:\/\/www.manaus.am.gov.br\/semcom\/wp-content\/uploads\/sites\/5\/2023\/05\/52883846602_824eca3545_c.jpg","type":"image\/jpeg"}],"author":"Renata Felix","twitter_card":"summary_large_image","twitter_misc":{"Written by":"Renata Felix","Est. reading time":"2 minutos"},"schema":{"@context":"https:\/\/schema.org","@graph":[{"@type":"WebPage","@id":"https:\/\/www.manaus.am.gov.br\/semcom\/prefeitura-de-manaus-oferece-atividades-relaxantes-a-maes-de-alunos-com-deficiencia\/","url":"https:\/\/www.manaus.am.gov.br\/semcom\/prefeitura-de-manaus-oferece-atividades-relaxantes-a-maes-de-alunos-com-deficiencia\/","name":"Prefeitura de Manaus oferece atividades relaxantes a m\u00e3es de alunos com defici\u00eancia - SEMCOM","isPartOf":{"@id":"https:\/\/www.manaus.am.gov.br\/semcom\/#website"},"primaryImageOfPage":{"@id":"https:\/\/www.manaus.am.gov.br\/semcom\/prefeitura-de-manaus-oferece-atividades-relaxantes-a-maes-de-alunos-com-deficiencia\/#primaryimage"},"image":{"@id":"https:\/\/www.manaus.am.gov.br\/semcom\/prefeitura-de-manaus-oferece-atividades-relaxantes-a-maes-de-alunos-com-deficiencia\/#primaryimage"},"thumbnailUrl":"https:\/\/www.manaus.am.gov.br\/semcom\/wp-content\/uploads\/sites\/5\/2023\/05\/52883846602_824eca3545_c.jpg","datePublished":"2023-05-09T22:17:45+00:00","dateModified":"2023-05-09T22:17:47+00:00","author":{"@id":"https:\/\/www.manaus.am.gov.br\/semcom\/#\/schema\/person\/4eea2a8f78dc853097abb026f728aa06"},"inLanguage":"pt-BR","potentialAction":[{"@type":"ReadAction","target":["https:\/\/www.manaus.am.gov.br\/semcom\/prefeitura-de-manaus-oferece-atividades-relaxantes-a-maes-de-alunos-com-deficiencia\/"]}]},{"@type":"ImageObject","inLanguage":"pt-BR","@id":"https:\/\/www.manaus.am.gov.br\/semcom\/prefeitura-de-manaus-oferece-atividades-relaxantes-a-maes-de-alunos-com-deficiencia\/#primaryimage","url":"https:\/\/www.manaus.am.gov.br\/semcom\/wp-content\/uploads\/sites\/5\/2023\/05\/52883846602_824eca3545_c.jpg","contentUrl":"https:\/\/www.manaus.am.gov.br\/semcom\/wp-content\/uploads\/sites\/5\/2023\/05\/52883846602_824eca3545_c.jpg","width":799,"height":533},{"@type":"WebSite","@id":"https:\/\/www.manaus.am.gov.br\/semcom\/#website","url":"https:\/\/www.manaus.am.gov.br\/semcom\/","name":"SEMCOM","description":"Secretaria Municipal de Comunica\u00e7\u00e3o","potentialAction":[{"@type":"SearchAction","target":{"@type":"EntryPoint","urlTemplate":"https:\/\/www.manaus.am.gov.br\/semcom\/?s={search_term_string}"},"query-input":"required name=search_term_string"}],"inLanguage":"pt-BR"},{"@type":"Person","@id":"https:\/\/www.manaus.am.gov.br\/semcom\/#\/schema\/person\/4eea2a8f78dc853097abb026f728aa06","name":"Renata Felix","image":{"@type":"ImageObject","inLanguage":"pt-BR","@id":"https:\/\/www.manaus.am.gov.br\/semcom\/#\/schema\/person\/image\/","url":"https:\/\/secure.gravatar.com\/avatar\/3c196cf9d3b837b24c8edb2c50fd8f29?s=96&d=mm&r=g","contentUrl":"https:\/\/secure.gravatar.com\/avatar\/3c196cf9d3b837b24c8edb2c50fd8f29?s=96&d=mm&r=g","caption":"Renata Felix"}}]}},"_links":{"self":[{"href":"https:\/\/www.manaus.am.gov.br\/semcom\/wp-json\/wp\/v2\/posts\/213399"}],"collection":[{"href":"https:\/\/www.manaus.am.gov.br\/semcom\/wp-json\/wp\/v2\/posts"}],"about":[{"href":"https:\/\/www.manaus.am.gov.br\/semcom\/wp-json\/wp\/v2\/types\/post"}],"author":[{"embeddable":true,"href":"https:\/\/www.manaus.am.gov.br\/semcom\/wp-json\/wp\/v2\/users\/31"}],"replies":[{"embeddable":true,"href":"https:\/\/www.manaus.am.gov.br\/semcom\/wp-json\/wp\/v2\/comments?post=213399"}],"version-history":[{"count":0,"href":"https:\/\/www.manaus.am.gov.br\/semcom\/wp-json\/wp\/v2\/posts\/213399\/revisions"}],"wp:featuredmedia":[{"embeddable":true,"href":"https:\/\/www.manaus.am.gov.br\/semcom\/wp-json\/wp\/v2\/media\/213400"}],"wp:attachment":[{"href":"https:\/\/www.manaus.am.gov.br\/semcom\/wp-json\/wp\/v2\/media?parent=213399"}],"wp:term":[{"taxonomy":"category","embeddable":true,"href":"https:\/\/www.manaus.am.gov.br\/semcom\/wp-json\/wp\/v2\/categories?post=213399"},{"taxonomy":"post_tag","embeddable":true,"href":"https:\/\/www.manaus.am.gov.br\/semcom\/wp-json\/wp\/v2\/tags?post=213399"}],"curies":[{"name":"wp","href":"https:\/\/api.w.org\/{rel}","templated":true}]}}