{"id":213291,"date":"2023-05-06T16:08:31","date_gmt":"2023-05-06T19:08:31","guid":{"rendered":"https:\/\/www.manaus.am.gov.br\/semcom\/cemiterio-nossa-senhora-aparecida-recebe-limpeza-e-melhorias-em-acao-da-prefeitura-de-manaus\/"},"modified":"2023-05-30T18:12:39","modified_gmt":"2023-05-30T21:12:39","slug":"cemiterio-nossa-senhora-aparecida-recebe-limpeza-e-melhorias-em-acao-da-prefeitura-de-manaus","status":"publish","type":"post","link":"https:\/\/www.manaus.am.gov.br\/semcom\/cemiterio-nossa-senhora-aparecida-recebe-limpeza-e-melhorias-em-acao-da-prefeitura-de-manaus\/","title":{"rendered":"Cemit\u00e9rio Nossa Senhora Aparecida recebe limpeza e melhorias em a\u00e7\u00e3o da Prefeitura de Manaus"},"content":{"rendered":"\n<p>A Prefeitura de Manaus, por meio da Secretaria Municipal de Limpeza Urbana (Semulsp), realizou uma grande opera\u00e7\u00e3o de limpeza e melhorias na infraestrutura, no cemit\u00e9rio Nossa Senhora Aparecida, localizado no bairro Tarum\u00e3, zona Oeste, neste s\u00e1bado, 6\/5, como parte das a\u00e7\u00f5es alusivas ao Dia das M\u00e3es.<\/p>\n\n\n\n<p>Considerado um dos maiores campos-santos da capital amazonense, o local recebeu mais de 400 homens que trabalharam em atividades como poda de \u00e1rvores, capina\u00e7\u00e3o, retirada de lixo, pintura de meio-fio, al\u00e9m de melhorias na ilumina\u00e7\u00e3o, dentre outras interven\u00e7\u00f5es infraestruturais.<\/p>\n\n\n\n<p>O objetivo da opera\u00e7\u00e3o \u00e9 deixar tudo pronto para as visita\u00e7\u00f5es no segundo domingo de maio, em que se comemora o Dia das M\u00e3es. A expectativa \u00e9 que muitas pessoas visitem o cemit\u00e9rio nesta data para prestar homenagens \u00e0s m\u00e3es que j\u00e1 faleceram.<\/p>\n\n\n\n<p>A a\u00e7\u00e3o da Semulsp no cemit\u00e9rio Nossa Senhora Aparecida \u00e9 parte de um esfor\u00e7o maior para melhorar a infraestrutura do local. Segundo o secret\u00e1rio da pasta, Sab\u00e1 Reis, a iniciativa visa atender as demandas da popula\u00e7\u00e3o por espa\u00e7os p\u00fablicos mais limpos e bem cuidados.<\/p>\n\n\n\n<p>\u201cO cemit\u00e9rio Nossa Senhora Aparecida \u00e9 um local de grande import\u00e2ncia para a cidade, especialmente no Dia das M\u00e3es, quando muitas pessoas visitam seus entes queridos. Por isso, estamos intensificando nossos trabalhos de limpeza e melhoria para garantir que todos possam visitar o cemit\u00e9rio em um ambiente mais agrad\u00e1vel e acolhedor. O prefeito David, foi eleito para cuidar das pessoas e da cidade\u201d, afirmou o secret\u00e1rio.<\/p>\n\n\n\n<p>Al\u00e9m da opera\u00e7\u00e3o no Nossa Senhora Aparecida, a Semulsp tem realizado uma s\u00e9rie de a\u00e7\u00f5es em toda a cidade para melhorar a qualidade de vida da popula\u00e7\u00e3o. Entre as iniciativas est\u00e3o a revitaliza\u00e7\u00e3o da pra\u00e7a de alimenta\u00e7\u00e3o do Dom Pedro, do anfiteatro do bairro Cidade Nova, bola do Mindu, entre outros ambientes p\u00fablicos.<\/p>\n\n\n\n<p>Com essas a\u00e7\u00f5es, a Prefeitura de Manaus espera oferecer uma cidade mais limpa, organizada e acolhedora a seus moradores e visitantes.<\/p>\n\n\n\n<p>&#8212; &#8212; &#8212;<\/p>\n\n\n\n<p><strong>Texto e fotos<\/strong>&nbsp;\u2013 Divulga\u00e7\u00e3o \/ Semulsp<\/p>\n","protected":false},"excerpt":{"rendered":"","protected":false},"author":31,"featured_media":213292,"comment_status":"closed","ping_status":"closed","sticky":false,"template":"","format":"standard","meta":{"footnotes":""},"categories":[3968],"tags":[3583,4171,29,3969],"acf":[],"yoast_head":"<!-- This site is optimized with the Yoast SEO plugin v23.0 - https:\/\/yoast.com\/wordpress\/plugins\/seo\/ -->\n<title>Cemit\u00e9rio Nossa Senhora Aparecida recebe limpeza e melhorias em a\u00e7\u00e3o da Prefeitura de Manaus - SEMCOM<\/title>\n<meta name=\"robots\" content=\"index, follow, max-snippet:-1, max-image-preview:large, max-video-preview:-1\" \/>\n<link rel=\"canonical\" href=\"https:\/\/www.manaus.am.gov.br\/semcom\/cemiterio-nossa-senhora-aparecida-recebe-limpeza-e-melhorias-em-acao-da-prefeitura-de-manaus\/\" \/>\n<meta property=\"og:locale\" content=\"pt_BR\" \/>\n<meta property=\"og:type\" content=\"article\" \/>\n<meta property=\"og:title\" content=\"Cemit\u00e9rio Nossa Senhora Aparecida recebe limpeza e melhorias em a\u00e7\u00e3o da Prefeitura de Manaus - SEMCOM\" \/>\n<meta property=\"og:url\" content=\"https:\/\/www.manaus.am.gov.br\/semcom\/cemiterio-nossa-senhora-aparecida-recebe-limpeza-e-melhorias-em-acao-da-prefeitura-de-manaus\/\" \/>\n<meta property=\"og:site_name\" content=\"SEMCOM\" \/>\n<meta property=\"article:published_time\" content=\"2023-05-06T19:08:31+00:00\" \/>\n<meta property=\"article:modified_time\" content=\"2023-05-30T21:12:39+00:00\" \/>\n<meta property=\"og:image\" content=\"https:\/\/www.manaus.am.gov.br\/semcom\/wp-content\/uploads\/sites\/5\/2023\/05\/WhatsApp-Image-2023-05-06-at-13.59.17-1.jpeg\" \/>\n\t<meta property=\"og:image:width\" content=\"1600\" \/>\n\t<meta property=\"og:image:height\" content=\"777\" \/>\n\t<meta property=\"og:image:type\" content=\"image\/jpeg\" \/>\n<meta name=\"author\" content=\"Renata Felix\" \/>\n<meta name=\"twitter:card\" content=\"summary_large_image\" \/>\n<meta name=\"twitter:label1\" content=\"Written by\" \/>\n\t<meta name=\"twitter:data1\" content=\"Renata Felix\" \/>\n\t<meta name=\"twitter:label2\" content=\"Est. reading time\" \/>\n\t<meta name=\"twitter:data2\" content=\"2 minutos\" \/>\n<script type=\"application\/ld+json\" class=\"yoast-schema-graph\">{\"@context\":\"https:\/\/schema.org\",\"@graph\":[{\"@type\":\"WebPage\",\"@id\":\"https:\/\/www.manaus.am.gov.br\/semcom\/cemiterio-nossa-senhora-aparecida-recebe-limpeza-e-melhorias-em-acao-da-prefeitura-de-manaus\/\",\"url\":\"https:\/\/www.manaus.am.gov.br\/semcom\/cemiterio-nossa-senhora-aparecida-recebe-limpeza-e-melhorias-em-acao-da-prefeitura-de-manaus\/\",\"name\":\"Cemit\u00e9rio Nossa Senhora Aparecida recebe limpeza e melhorias em a\u00e7\u00e3o da Prefeitura de Manaus - SEMCOM\",\"isPartOf\":{\"@id\":\"https:\/\/www.manaus.am.gov.br\/semcom\/#website\"},\"primaryImageOfPage\":{\"@id\":\"https:\/\/www.manaus.am.gov.br\/semcom\/cemiterio-nossa-senhora-aparecida-recebe-limpeza-e-melhorias-em-acao-da-prefeitura-de-manaus\/#primaryimage\"},\"image\":{\"@id\":\"https:\/\/www.manaus.am.gov.br\/semcom\/cemiterio-nossa-senhora-aparecida-recebe-limpeza-e-melhorias-em-acao-da-prefeitura-de-manaus\/#primaryimage\"},\"thumbnailUrl\":\"https:\/\/www.manaus.am.gov.br\/semcom\/wp-content\/uploads\/sites\/5\/2023\/05\/WhatsApp-Image-2023-05-06-at-13.59.17-1.jpeg\",\"datePublished\":\"2023-05-06T19:08:31+00:00\",\"dateModified\":\"2023-05-30T21:12:39+00:00\",\"author\":{\"@id\":\"https:\/\/www.manaus.am.gov.br\/semcom\/#\/schema\/person\/4eea2a8f78dc853097abb026f728aa06\"},\"inLanguage\":\"pt-BR\",\"potentialAction\":[{\"@type\":\"ReadAction\",\"target\":[\"https:\/\/www.manaus.am.gov.br\/semcom\/cemiterio-nossa-senhora-aparecida-recebe-limpeza-e-melhorias-em-acao-da-prefeitura-de-manaus\/\"]}]},{\"@type\":\"ImageObject\",\"inLanguage\":\"pt-BR\",\"@id\":\"https:\/\/www.manaus.am.gov.br\/semcom\/cemiterio-nossa-senhora-aparecida-recebe-limpeza-e-melhorias-em-acao-da-prefeitura-de-manaus\/#primaryimage\",\"url\":\"https:\/\/www.manaus.am.gov.br\/semcom\/wp-content\/uploads\/sites\/5\/2023\/05\/WhatsApp-Image-2023-05-06-at-13.59.17-1.jpeg\",\"contentUrl\":\"https:\/\/www.manaus.am.gov.br\/semcom\/wp-content\/uploads\/sites\/5\/2023\/05\/WhatsApp-Image-2023-05-06-at-13.59.17-1.jpeg\",\"width\":1600,\"height\":777},{\"@type\":\"WebSite\",\"@id\":\"https:\/\/www.manaus.am.gov.br\/semcom\/#website\",\"url\":\"https:\/\/www.manaus.am.gov.br\/semcom\/\",\"name\":\"SEMCOM\",\"description\":\"Secretaria Municipal de Comunica\u00e7\u00e3o\",\"potentialAction\":[{\"@type\":\"SearchAction\",\"target\":{\"@type\":\"EntryPoint\",\"urlTemplate\":\"https:\/\/www.manaus.am.gov.br\/semcom\/?s={search_term_string}\"},\"query-input\":\"required name=search_term_string\"}],\"inLanguage\":\"pt-BR\"},{\"@type\":\"Person\",\"@id\":\"https:\/\/www.manaus.am.gov.br\/semcom\/#\/schema\/person\/4eea2a8f78dc853097abb026f728aa06\",\"name\":\"Renata Felix\",\"image\":{\"@type\":\"ImageObject\",\"inLanguage\":\"pt-BR\",\"@id\":\"https:\/\/www.manaus.am.gov.br\/semcom\/#\/schema\/person\/image\/\",\"url\":\"https:\/\/secure.gravatar.com\/avatar\/3c196cf9d3b837b24c8edb2c50fd8f29?s=96&d=mm&r=g\",\"contentUrl\":\"https:\/\/secure.gravatar.com\/avatar\/3c196cf9d3b837b24c8edb2c50fd8f29?s=96&d=mm&r=g\",\"caption\":\"Renata Felix\"}}]}<\/script>\n<!-- \/ Yoast SEO plugin. -->","yoast_head_json":{"title":"Cemit\u00e9rio Nossa Senhora Aparecida recebe limpeza e melhorias em a\u00e7\u00e3o da Prefeitura de Manaus - SEMCOM","robots":{"index":"index","follow":"follow","max-snippet":"max-snippet:-1","max-image-preview":"max-image-preview:large","max-video-preview":"max-video-preview:-1"},"canonical":"https:\/\/www.manaus.am.gov.br\/semcom\/cemiterio-nossa-senhora-aparecida-recebe-limpeza-e-melhorias-em-acao-da-prefeitura-de-manaus\/","og_locale":"pt_BR","og_type":"article","og_title":"Cemit\u00e9rio Nossa Senhora Aparecida recebe limpeza e melhorias em a\u00e7\u00e3o da Prefeitura de Manaus - SEMCOM","og_url":"https:\/\/www.manaus.am.gov.br\/semcom\/cemiterio-nossa-senhora-aparecida-recebe-limpeza-e-melhorias-em-acao-da-prefeitura-de-manaus\/","og_site_name":"SEMCOM","article_published_time":"2023-05-06T19:08:31+00:00","article_modified_time":"2023-05-30T21:12:39+00:00","og_image":[{"width":1600,"height":777,"url":"https:\/\/www.manaus.am.gov.br\/semcom\/wp-content\/uploads\/sites\/5\/2023\/05\/WhatsApp-Image-2023-05-06-at-13.59.17-1.jpeg","type":"image\/jpeg"}],"author":"Renata Felix","twitter_card":"summary_large_image","twitter_misc":{"Written by":"Renata Felix","Est. reading time":"2 minutos"},"schema":{"@context":"https:\/\/schema.org","@graph":[{"@type":"WebPage","@id":"https:\/\/www.manaus.am.gov.br\/semcom\/cemiterio-nossa-senhora-aparecida-recebe-limpeza-e-melhorias-em-acao-da-prefeitura-de-manaus\/","url":"https:\/\/www.manaus.am.gov.br\/semcom\/cemiterio-nossa-senhora-aparecida-recebe-limpeza-e-melhorias-em-acao-da-prefeitura-de-manaus\/","name":"Cemit\u00e9rio Nossa Senhora Aparecida recebe limpeza e melhorias em a\u00e7\u00e3o da Prefeitura de Manaus - SEMCOM","isPartOf":{"@id":"https:\/\/www.manaus.am.gov.br\/semcom\/#website"},"primaryImageOfPage":{"@id":"https:\/\/www.manaus.am.gov.br\/semcom\/cemiterio-nossa-senhora-aparecida-recebe-limpeza-e-melhorias-em-acao-da-prefeitura-de-manaus\/#primaryimage"},"image":{"@id":"https:\/\/www.manaus.am.gov.br\/semcom\/cemiterio-nossa-senhora-aparecida-recebe-limpeza-e-melhorias-em-acao-da-prefeitura-de-manaus\/#primaryimage"},"thumbnailUrl":"https:\/\/www.manaus.am.gov.br\/semcom\/wp-content\/uploads\/sites\/5\/2023\/05\/WhatsApp-Image-2023-05-06-at-13.59.17-1.jpeg","datePublished":"2023-05-06T19:08:31+00:00","dateModified":"2023-05-30T21:12:39+00:00","author":{"@id":"https:\/\/www.manaus.am.gov.br\/semcom\/#\/schema\/person\/4eea2a8f78dc853097abb026f728aa06"},"inLanguage":"pt-BR","potentialAction":[{"@type":"ReadAction","target":["https:\/\/www.manaus.am.gov.br\/semcom\/cemiterio-nossa-senhora-aparecida-recebe-limpeza-e-melhorias-em-acao-da-prefeitura-de-manaus\/"]}]},{"@type":"ImageObject","inLanguage":"pt-BR","@id":"https:\/\/www.manaus.am.gov.br\/semcom\/cemiterio-nossa-senhora-aparecida-recebe-limpeza-e-melhorias-em-acao-da-prefeitura-de-manaus\/#primaryimage","url":"https:\/\/www.manaus.am.gov.br\/semcom\/wp-content\/uploads\/sites\/5\/2023\/05\/WhatsApp-Image-2023-05-06-at-13.59.17-1.jpeg","contentUrl":"https:\/\/www.manaus.am.gov.br\/semcom\/wp-content\/uploads\/sites\/5\/2023\/05\/WhatsApp-Image-2023-05-06-at-13.59.17-1.jpeg","width":1600,"height":777},{"@type":"WebSite","@id":"https:\/\/www.manaus.am.gov.br\/semcom\/#website","url":"https:\/\/www.manaus.am.gov.br\/semcom\/","name":"SEMCOM","description":"Secretaria Municipal de Comunica\u00e7\u00e3o","potentialAction":[{"@type":"SearchAction","target":{"@type":"EntryPoint","urlTemplate":"https:\/\/www.manaus.am.gov.br\/semcom\/?s={search_term_string}"},"query-input":"required name=search_term_string"}],"inLanguage":"pt-BR"},{"@type":"Person","@id":"https:\/\/www.manaus.am.gov.br\/semcom\/#\/schema\/person\/4eea2a8f78dc853097abb026f728aa06","name":"Renata Felix","image":{"@type":"ImageObject","inLanguage":"pt-BR","@id":"https:\/\/www.manaus.am.gov.br\/semcom\/#\/schema\/person\/image\/","url":"https:\/\/secure.gravatar.com\/avatar\/3c196cf9d3b837b24c8edb2c50fd8f29?s=96&d=mm&r=g","contentUrl":"https:\/\/secure.gravatar.com\/avatar\/3c196cf9d3b837b24c8edb2c50fd8f29?s=96&d=mm&r=g","caption":"Renata Felix"}}]}},"_links":{"self":[{"href":"https:\/\/www.manaus.am.gov.br\/semcom\/wp-json\/wp\/v2\/posts\/213291"}],"collection":[{"href":"https:\/\/www.manaus.am.gov.br\/semcom\/wp-json\/wp\/v2\/posts"}],"about":[{"href":"https:\/\/www.manaus.am.gov.br\/semcom\/wp-json\/wp\/v2\/types\/post"}],"author":[{"embeddable":true,"href":"https:\/\/www.manaus.am.gov.br\/semcom\/wp-json\/wp\/v2\/users\/31"}],"replies":[{"embeddable":true,"href":"https:\/\/www.manaus.am.gov.br\/semcom\/wp-json\/wp\/v2\/comments?post=213291"}],"version-history":[{"count":1,"href":"https:\/\/www.manaus.am.gov.br\/semcom\/wp-json\/wp\/v2\/posts\/213291\/revisions"}],"predecessor-version":[{"id":214439,"href":"https:\/\/www.manaus.am.gov.br\/semcom\/wp-json\/wp\/v2\/posts\/213291\/revisions\/214439"}],"wp:featuredmedia":[{"embeddable":true,"href":"https:\/\/www.manaus.am.gov.br\/semcom\/wp-json\/wp\/v2\/media\/213292"}],"wp:attachment":[{"href":"https:\/\/www.manaus.am.gov.br\/semcom\/wp-json\/wp\/v2\/media?parent=213291"}],"wp:term":[{"taxonomy":"category","embeddable":true,"href":"https:\/\/www.manaus.am.gov.br\/semcom\/wp-json\/wp\/v2\/categories?post=213291"},{"taxonomy":"post_tag","embeddable":true,"href":"https:\/\/www.manaus.am.gov.br\/semcom\/wp-json\/wp\/v2\/tags?post=213291"}],"curies":[{"name":"wp","href":"https:\/\/api.w.org\/{rel}","templated":true}]}}