{"id":213286,"date":"2023-05-05T19:45:04","date_gmt":"2023-05-05T22:45:04","guid":{"rendered":"https:\/\/www.manaus.am.gov.br\/semcom\/prefeitura-de-manaus-realiza-o-plantio-de-230-mudas-de-plantas-nesta-sexta-feira\/"},"modified":"2023-05-05T19:45:06","modified_gmt":"2023-05-05T22:45:06","slug":"prefeitura-de-manaus-realiza-o-plantio-de-230-mudas-de-plantas-nesta-sexta-feira","status":"publish","type":"post","link":"https:\/\/www.manaus.am.gov.br\/semcom\/prefeitura-de-manaus-realiza-o-plantio-de-230-mudas-de-plantas-nesta-sexta-feira\/","title":{"rendered":"<strong>Prefeitura de Manaus realiza o plantio\u00a0de 230 mudas de plantas nesta sexta-feira<\/strong>"},"content":{"rendered":"\n<p>A Prefeitura de Manaus iniciou, nesta sexta-feira, 5\/5, o plantio de \u00e1rvores como medida de compensa\u00e7\u00e3o ambiental pelo corte das \u00e1rvores que ocorreu na avenida Ephig\u00eanio Salles, zona Centro-Sul da capital. No total, foram plantadas 230 mudas de plantas nesta primeira etapa, segundo informou a Secretaria Municipal de Meio Ambiente e Sustentabilidade (Semmas).<\/p>\n\n\n\n<p>A primeira etapa desse trabalho foi realizada, durante toda esta sexta-feira, na ciclovia da rua Rio Negro, via de acesso localizada entre as avenidas Ephig\u00eanio Salles e Governador Jos\u00e9 Lindoso, popularmente conhecida como \u201cavenida das Torres\u201d.<\/p>\n\n\n\n<p>Ainda nos pr\u00f3ximos dias, a medida de compensa\u00e7\u00e3o vai avan\u00e7ar e a Semmas realizar\u00e1 mais plantios nas proximidades de onde as \u00e1rvores foram cortadas. Al\u00e9m disso, o trabalho ir\u00e1 se estender para a avenida Governador Jos\u00e9 Lindoso, de acordo com o secret\u00e1rio da Semmas, Antonio Stroski.<\/p>\n\n\n\n<p>\u201cN\u00f3s voluntariamente nos dispomos a fazer esse plantio numa quantidade bem acima do que \u00e9 normalmente exigido pelos \u00f3rg\u00e3os ambientais. As esp\u00e9cies, que est\u00e3o sendo plantadas, foram previamente escolhidas pela nossa equipe, considerando o porte, a rede el\u00e9trica e o cal\u00e7amento desta via. Destacamos ainda que as mudas t\u00eam um padr\u00e3o m\u00ednimo de um metro e meio, al\u00e9m de estarem preparadas para o per\u00edodo conhecido como ver\u00e3o amaz\u00f4nico\u201d, explicou Stroski.<\/p>\n\n\n\n<p><strong>Aplicativo<\/strong><\/p>\n\n\n\n<p>Em paralelo ao plantio, t\u00e9cnicos da Semmas j\u00e1 iniciaram o trabalho de cataloga\u00e7\u00e3o de georreferenciamento das mudas, que foram plantadas nesta sexta-feira, por meio do uso de um aplicativo voltado para gerenciar as a\u00e7\u00f5es de arboriza\u00e7\u00e3o da cidade.<\/p>\n\n\n\n<p>\u201cN\u00f3s estamos fazendo a coleta de todos os dados das mudas que s\u00e3o plantadas e que foram plantadas em anos anteriores. O uso do aplicativo vai ajudar ainda no trabalho de compor o banco de dados do invent\u00e1rio de arboriza\u00e7\u00e3o de Manaus\u201d, destacou o diretor de Arboriza\u00e7\u00e3o da Semmas, Deyvson Braga.<\/p>\n\n\n\n<p>O aplicativo, de uso exclusivo dos colaboradores da Semmas, foi desenvolvido em parceria com a Subsecretaria de Tecnologia da Informa\u00e7\u00e3o (Subti) da Secretaria Municipal de Finan\u00e7as e Tecnologia da Informa\u00e7\u00e3o (Semef).<\/p>\n\n\n\n<p><strong>Como funciona?<\/strong><\/p>\n\n\n\n<p>Ap\u00f3s o plantio, o analista ambiental da Semmas vai coletar informa\u00e7\u00f5es referentes aquela \u00e1rvore j\u00e1 existente ou daquela muda que foi plantada. Durante a coleta, o analista vai inserir o nome, esp\u00e9cie, se \u00e9 nativa ou ex\u00f3tica, bairro, zona e ano que foi plantada.<\/p>\n\n\n\n<p>\u201cTodas essas informa\u00e7\u00f5es v\u00e3o para um banco de dados que j\u00e1 \u00e9 georreferenciado da arboriza\u00e7\u00e3o da cidade, onde \u00e9 gerado um webmap. A partir desse levantamento de dados, com certeza vamos obter muitos resultados positivos nas a\u00e7\u00f5es de arboriza\u00e7\u00e3o\u201d, concluiu o diretor do departamento de Geoprocessamento da Semmas, Cleber Damasceno.<\/p>\n\n\n\n<p>&#8212; &#8212; &#8212;<\/p>\n\n\n\n<p><strong>Texto \u2013 <\/strong>Keynes Breves \/ Semmas<\/p>\n\n\n\n<p><strong>Fotos \u2013 <\/strong>Jo\u00e3o Viana \/ Semcom<\/p>\n\n\n\n<p><strong>Dispon\u00edveis em &#8211; <\/strong><a href=\"https:\/\/flic.kr\/s\/aHBqjACzXe\">https:\/\/flic.kr\/s\/aHBqjACzXe<\/a><\/p>\n","protected":false},"excerpt":{"rendered":"","protected":false},"author":39,"featured_media":213287,"comment_status":"closed","ping_status":"closed","sticky":false,"template":"","format":"standard","meta":{"footnotes":""},"categories":[3878],"tags":[3965,3966,3967,77,19],"acf":[],"yoast_head":"<!-- This site is optimized with the Yoast SEO plugin v23.0 - https:\/\/yoast.com\/wordpress\/plugins\/seo\/ -->\n<title>Prefeitura de Manaus realiza o plantio de 230 mudas de plantas nesta sexta-feira<\/title>\n<meta name=\"description\" content=\"A primeira etapa desse trabalho foi realizada, durante toda esta sexta-feira, na ciclovia da rua Rio Negro, via de acesso localizada entre as avenidas Ephig\u00eanio Salles e Governador Jos\u00e9 Lindoso, popularmente conhecida como \u201cavenida das Torres\u201d.\" \/>\n<meta name=\"robots\" content=\"index, follow, max-snippet:-1, max-image-preview:large, max-video-preview:-1\" \/>\n<link rel=\"canonical\" href=\"https:\/\/www.manaus.am.gov.br\/semcom\/prefeitura-de-manaus-realiza-o-plantio-de-230-mudas-de-plantas-nesta-sexta-feira\/\" \/>\n<meta property=\"og:locale\" content=\"pt_BR\" \/>\n<meta property=\"og:type\" content=\"article\" \/>\n<meta property=\"og:title\" content=\"Prefeitura de Manaus realiza o plantio de 230 mudas de plantas nesta sexta-feira\" \/>\n<meta property=\"og:description\" content=\"A primeira etapa desse trabalho foi realizada, durante toda esta sexta-feira, na ciclovia da rua Rio Negro, via de acesso localizada entre as avenidas Ephig\u00eanio Salles e Governador Jos\u00e9 Lindoso, popularmente conhecida como \u201cavenida das Torres\u201d.\" \/>\n<meta property=\"og:url\" content=\"https:\/\/www.manaus.am.gov.br\/semcom\/prefeitura-de-manaus-realiza-o-plantio-de-230-mudas-de-plantas-nesta-sexta-feira\/\" \/>\n<meta property=\"og:site_name\" content=\"SEMCOM\" \/>\n<meta property=\"article:published_time\" content=\"2023-05-05T22:45:04+00:00\" \/>\n<meta property=\"article:modified_time\" content=\"2023-05-05T22:45:06+00:00\" \/>\n<meta property=\"og:image\" content=\"https:\/\/www.manaus.am.gov.br\/semcom\/wp-content\/uploads\/sites\/5\/2023\/05\/52872745359_e2fc8f0f6d_k.jpg\" \/>\n\t<meta property=\"og:image:width\" content=\"2048\" \/>\n\t<meta property=\"og:image:height\" content=\"1365\" \/>\n\t<meta property=\"og:image:type\" content=\"image\/jpeg\" \/>\n<meta name=\"author\" content=\"Bruna Greco\" \/>\n<meta name=\"twitter:card\" content=\"summary_large_image\" \/>\n<meta name=\"twitter:label1\" content=\"Written by\" \/>\n\t<meta name=\"twitter:data1\" content=\"Bruna Greco\" \/>\n\t<meta name=\"twitter:label2\" content=\"Est. reading time\" \/>\n\t<meta name=\"twitter:data2\" content=\"3 minutos\" \/>\n<script type=\"application\/ld+json\" class=\"yoast-schema-graph\">{\"@context\":\"https:\/\/schema.org\",\"@graph\":[{\"@type\":\"WebPage\",\"@id\":\"https:\/\/www.manaus.am.gov.br\/semcom\/prefeitura-de-manaus-realiza-o-plantio-de-230-mudas-de-plantas-nesta-sexta-feira\/\",\"url\":\"https:\/\/www.manaus.am.gov.br\/semcom\/prefeitura-de-manaus-realiza-o-plantio-de-230-mudas-de-plantas-nesta-sexta-feira\/\",\"name\":\"Prefeitura de Manaus realiza o plantio de 230 mudas de plantas nesta sexta-feira\",\"isPartOf\":{\"@id\":\"https:\/\/www.manaus.am.gov.br\/semcom\/#website\"},\"primaryImageOfPage\":{\"@id\":\"https:\/\/www.manaus.am.gov.br\/semcom\/prefeitura-de-manaus-realiza-o-plantio-de-230-mudas-de-plantas-nesta-sexta-feira\/#primaryimage\"},\"image\":{\"@id\":\"https:\/\/www.manaus.am.gov.br\/semcom\/prefeitura-de-manaus-realiza-o-plantio-de-230-mudas-de-plantas-nesta-sexta-feira\/#primaryimage\"},\"thumbnailUrl\":\"https:\/\/www.manaus.am.gov.br\/semcom\/wp-content\/uploads\/sites\/5\/2023\/05\/52872745359_e2fc8f0f6d_k.jpg\",\"datePublished\":\"2023-05-05T22:45:04+00:00\",\"dateModified\":\"2023-05-05T22:45:06+00:00\",\"author\":{\"@id\":\"https:\/\/www.manaus.am.gov.br\/semcom\/#\/schema\/person\/05d223aea2bf115f9883a6ff3683d81b\"},\"description\":\"A primeira etapa desse trabalho foi realizada, durante toda esta sexta-feira, na ciclovia da rua Rio Negro, via de acesso localizada entre as avenidas Ephig\u00eanio Salles e Governador Jos\u00e9 Lindoso, popularmente conhecida como \u201cavenida das Torres\u201d.\",\"inLanguage\":\"pt-BR\",\"potentialAction\":[{\"@type\":\"ReadAction\",\"target\":[\"https:\/\/www.manaus.am.gov.br\/semcom\/prefeitura-de-manaus-realiza-o-plantio-de-230-mudas-de-plantas-nesta-sexta-feira\/\"]}]},{\"@type\":\"ImageObject\",\"inLanguage\":\"pt-BR\",\"@id\":\"https:\/\/www.manaus.am.gov.br\/semcom\/prefeitura-de-manaus-realiza-o-plantio-de-230-mudas-de-plantas-nesta-sexta-feira\/#primaryimage\",\"url\":\"https:\/\/www.manaus.am.gov.br\/semcom\/wp-content\/uploads\/sites\/5\/2023\/05\/52872745359_e2fc8f0f6d_k.jpg\",\"contentUrl\":\"https:\/\/www.manaus.am.gov.br\/semcom\/wp-content\/uploads\/sites\/5\/2023\/05\/52872745359_e2fc8f0f6d_k.jpg\",\"width\":2048,\"height\":1365},{\"@type\":\"WebSite\",\"@id\":\"https:\/\/www.manaus.am.gov.br\/semcom\/#website\",\"url\":\"https:\/\/www.manaus.am.gov.br\/semcom\/\",\"name\":\"SEMCOM\",\"description\":\"Secretaria Municipal de Comunica\u00e7\u00e3o\",\"potentialAction\":[{\"@type\":\"SearchAction\",\"target\":{\"@type\":\"EntryPoint\",\"urlTemplate\":\"https:\/\/www.manaus.am.gov.br\/semcom\/?s={search_term_string}\"},\"query-input\":\"required name=search_term_string\"}],\"inLanguage\":\"pt-BR\"},{\"@type\":\"Person\",\"@id\":\"https:\/\/www.manaus.am.gov.br\/semcom\/#\/schema\/person\/05d223aea2bf115f9883a6ff3683d81b\",\"name\":\"Bruna Greco\",\"image\":{\"@type\":\"ImageObject\",\"inLanguage\":\"pt-BR\",\"@id\":\"https:\/\/www.manaus.am.gov.br\/semcom\/#\/schema\/person\/image\/\",\"url\":\"https:\/\/secure.gravatar.com\/avatar\/9c877d1a6adc2a055330e5c09a8653ce?s=96&d=mm&r=g\",\"contentUrl\":\"https:\/\/secure.gravatar.com\/avatar\/9c877d1a6adc2a055330e5c09a8653ce?s=96&d=mm&r=g\",\"caption\":\"Bruna Greco\"}}]}<\/script>\n<!-- \/ Yoast SEO plugin. -->","yoast_head_json":{"title":"Prefeitura de Manaus realiza o plantio de 230 mudas de plantas nesta sexta-feira","description":"A primeira etapa desse trabalho foi realizada, durante toda esta sexta-feira, na ciclovia da rua Rio Negro, via de acesso localizada entre as avenidas Ephig\u00eanio Salles e Governador Jos\u00e9 Lindoso, popularmente conhecida como \u201cavenida das Torres\u201d.","robots":{"index":"index","follow":"follow","max-snippet":"max-snippet:-1","max-image-preview":"max-image-preview:large","max-video-preview":"max-video-preview:-1"},"canonical":"https:\/\/www.manaus.am.gov.br\/semcom\/prefeitura-de-manaus-realiza-o-plantio-de-230-mudas-de-plantas-nesta-sexta-feira\/","og_locale":"pt_BR","og_type":"article","og_title":"Prefeitura de Manaus realiza o plantio de 230 mudas de plantas nesta sexta-feira","og_description":"A primeira etapa desse trabalho foi realizada, durante toda esta sexta-feira, na ciclovia da rua Rio Negro, via de acesso localizada entre as avenidas Ephig\u00eanio Salles e Governador Jos\u00e9 Lindoso, popularmente conhecida como \u201cavenida das Torres\u201d.","og_url":"https:\/\/www.manaus.am.gov.br\/semcom\/prefeitura-de-manaus-realiza-o-plantio-de-230-mudas-de-plantas-nesta-sexta-feira\/","og_site_name":"SEMCOM","article_published_time":"2023-05-05T22:45:04+00:00","article_modified_time":"2023-05-05T22:45:06+00:00","og_image":[{"width":2048,"height":1365,"url":"https:\/\/www.manaus.am.gov.br\/semcom\/wp-content\/uploads\/sites\/5\/2023\/05\/52872745359_e2fc8f0f6d_k.jpg","type":"image\/jpeg"}],"author":"Bruna Greco","twitter_card":"summary_large_image","twitter_misc":{"Written by":"Bruna Greco","Est. reading time":"3 minutos"},"schema":{"@context":"https:\/\/schema.org","@graph":[{"@type":"WebPage","@id":"https:\/\/www.manaus.am.gov.br\/semcom\/prefeitura-de-manaus-realiza-o-plantio-de-230-mudas-de-plantas-nesta-sexta-feira\/","url":"https:\/\/www.manaus.am.gov.br\/semcom\/prefeitura-de-manaus-realiza-o-plantio-de-230-mudas-de-plantas-nesta-sexta-feira\/","name":"Prefeitura de Manaus realiza o plantio de 230 mudas de plantas nesta sexta-feira","isPartOf":{"@id":"https:\/\/www.manaus.am.gov.br\/semcom\/#website"},"primaryImageOfPage":{"@id":"https:\/\/www.manaus.am.gov.br\/semcom\/prefeitura-de-manaus-realiza-o-plantio-de-230-mudas-de-plantas-nesta-sexta-feira\/#primaryimage"},"image":{"@id":"https:\/\/www.manaus.am.gov.br\/semcom\/prefeitura-de-manaus-realiza-o-plantio-de-230-mudas-de-plantas-nesta-sexta-feira\/#primaryimage"},"thumbnailUrl":"https:\/\/www.manaus.am.gov.br\/semcom\/wp-content\/uploads\/sites\/5\/2023\/05\/52872745359_e2fc8f0f6d_k.jpg","datePublished":"2023-05-05T22:45:04+00:00","dateModified":"2023-05-05T22:45:06+00:00","author":{"@id":"https:\/\/www.manaus.am.gov.br\/semcom\/#\/schema\/person\/05d223aea2bf115f9883a6ff3683d81b"},"description":"A primeira etapa desse trabalho foi realizada, durante toda esta sexta-feira, na ciclovia da rua Rio Negro, via de acesso localizada entre as avenidas Ephig\u00eanio Salles e Governador Jos\u00e9 Lindoso, popularmente conhecida como \u201cavenida das Torres\u201d.","inLanguage":"pt-BR","potentialAction":[{"@type":"ReadAction","target":["https:\/\/www.manaus.am.gov.br\/semcom\/prefeitura-de-manaus-realiza-o-plantio-de-230-mudas-de-plantas-nesta-sexta-feira\/"]}]},{"@type":"ImageObject","inLanguage":"pt-BR","@id":"https:\/\/www.manaus.am.gov.br\/semcom\/prefeitura-de-manaus-realiza-o-plantio-de-230-mudas-de-plantas-nesta-sexta-feira\/#primaryimage","url":"https:\/\/www.manaus.am.gov.br\/semcom\/wp-content\/uploads\/sites\/5\/2023\/05\/52872745359_e2fc8f0f6d_k.jpg","contentUrl":"https:\/\/www.manaus.am.gov.br\/semcom\/wp-content\/uploads\/sites\/5\/2023\/05\/52872745359_e2fc8f0f6d_k.jpg","width":2048,"height":1365},{"@type":"WebSite","@id":"https:\/\/www.manaus.am.gov.br\/semcom\/#website","url":"https:\/\/www.manaus.am.gov.br\/semcom\/","name":"SEMCOM","description":"Secretaria Municipal de Comunica\u00e7\u00e3o","potentialAction":[{"@type":"SearchAction","target":{"@type":"EntryPoint","urlTemplate":"https:\/\/www.manaus.am.gov.br\/semcom\/?s={search_term_string}"},"query-input":"required name=search_term_string"}],"inLanguage":"pt-BR"},{"@type":"Person","@id":"https:\/\/www.manaus.am.gov.br\/semcom\/#\/schema\/person\/05d223aea2bf115f9883a6ff3683d81b","name":"Bruna Greco","image":{"@type":"ImageObject","inLanguage":"pt-BR","@id":"https:\/\/www.manaus.am.gov.br\/semcom\/#\/schema\/person\/image\/","url":"https:\/\/secure.gravatar.com\/avatar\/9c877d1a6adc2a055330e5c09a8653ce?s=96&d=mm&r=g","contentUrl":"https:\/\/secure.gravatar.com\/avatar\/9c877d1a6adc2a055330e5c09a8653ce?s=96&d=mm&r=g","caption":"Bruna Greco"}}]}},"_links":{"self":[{"href":"https:\/\/www.manaus.am.gov.br\/semcom\/wp-json\/wp\/v2\/posts\/213286"}],"collection":[{"href":"https:\/\/www.manaus.am.gov.br\/semcom\/wp-json\/wp\/v2\/posts"}],"about":[{"href":"https:\/\/www.manaus.am.gov.br\/semcom\/wp-json\/wp\/v2\/types\/post"}],"author":[{"embeddable":true,"href":"https:\/\/www.manaus.am.gov.br\/semcom\/wp-json\/wp\/v2\/users\/39"}],"replies":[{"embeddable":true,"href":"https:\/\/www.manaus.am.gov.br\/semcom\/wp-json\/wp\/v2\/comments?post=213286"}],"version-history":[{"count":0,"href":"https:\/\/www.manaus.am.gov.br\/semcom\/wp-json\/wp\/v2\/posts\/213286\/revisions"}],"wp:featuredmedia":[{"embeddable":true,"href":"https:\/\/www.manaus.am.gov.br\/semcom\/wp-json\/wp\/v2\/media\/213287"}],"wp:attachment":[{"href":"https:\/\/www.manaus.am.gov.br\/semcom\/wp-json\/wp\/v2\/media?parent=213286"}],"wp:term":[{"taxonomy":"category","embeddable":true,"href":"https:\/\/www.manaus.am.gov.br\/semcom\/wp-json\/wp\/v2\/categories?post=213286"},{"taxonomy":"post_tag","embeddable":true,"href":"https:\/\/www.manaus.am.gov.br\/semcom\/wp-json\/wp\/v2\/tags?post=213286"}],"curies":[{"name":"wp","href":"https:\/\/api.w.org\/{rel}","templated":true}]}}