{"id":213273,"date":"2023-05-05T15:58:44","date_gmt":"2023-05-05T18:58:44","guid":{"rendered":"https:\/\/www.manaus.am.gov.br\/semcom\/prefeitura-de-manaus-divulga-lista-de-selecionados-em-cursos-de-qualificacao-profissional\/"},"modified":"2023-05-05T15:58:45","modified_gmt":"2023-05-05T18:58:45","slug":"prefeitura-de-manaus-divulga-lista-de-selecionados-em-cursos-de-qualificacao-profissional","status":"publish","type":"post","link":"https:\/\/www.manaus.am.gov.br\/semcom\/prefeitura-de-manaus-divulga-lista-de-selecionados-em-cursos-de-qualificacao-profissional\/","title":{"rendered":"<strong>Prefeitura de Manaus divulga lista de selecionados em cursos de qualifica\u00e7\u00e3o profissional<\/strong>"},"content":{"rendered":"\n<p>A Prefeitura de Manaus, por meio da Secretaria Municipal do Trabalho, Empreendedorismo e Inova\u00e7\u00e3o (Semtepi), em parceria com o Centro de Ensino Unisaber Mais, divulga nesta sexta-feira, 5\/5, a lista de selecionados para os cursos de Frentista, Solda de Componentes, Metrologia e Matem\u00e1tica b\u00e1sica.<\/p>\n\n\n\n<p>Os cursos fazem parte do projeto \u201cQualificar \u00e9 o Caminho Certo para Empregar\u201d, que tem como miss\u00e3o disseminar e promover pol\u00edticas p\u00fablicas voltadas \u00e0 gera\u00e7\u00e3o de emprego, renda, desenvolvimento social e econ\u00f4mico ao p\u00fablico em geral.&nbsp;&nbsp;<\/p>\n\n\n\n<p>Para o secret\u00e1rio da Semtepi, Radyr J\u00fanior, essa iniciativa \u00e9 fundamental para preparar os cidad\u00e3os para o mercado de trabalho.<\/p>\n\n\n\n<p>&#8220;A qualifica\u00e7\u00e3o profissional \u00e9 um passo importante para a inser\u00e7\u00e3o e ascens\u00e3o no mercado de trabalho. Estamos muito felizes em oferecer esses cursos gratuitamente para a popula\u00e7\u00e3o, contribuindo assim para a gera\u00e7\u00e3o de emprego e renda em nossa cidade&#8221;, afirmou.<\/p>\n\n\n\n<p>Os cursos ser\u00e3o realizados presencialmente no per\u00edodo de 8 a 26\/5, das 13h \u00e0s 17h, no shopping Phelippe Daou, localizado na avenida Camapu\u00e3, n\u00ba 2.939, bairro Cidade de Deus, zona Norte.<\/p>\n\n\n\n<p>A lista completa de selecionados pode ser conferida em&nbsp;<a href=\"https:\/\/semtepi.manaus.am.gov.br\/\" target=\"_blank\" rel=\"noreferrer noopener\">https:\/\/semtepi.manaus.am.gov.br<\/a>.<\/p>\n\n\n\n<p>&#8212; &#8212; &#8212;<\/p>\n\n\n\n<p><strong>Texto \u2013<\/strong>&nbsp;Divulga\u00e7\u00e3o \/ Semtepi<\/p>\n\n\n\n<p><strong>Fotos \u2013<\/strong>\u00a0Elton Viana \/ Semcom<\/p>\n\n\n\n<p><strong>Dispon\u00edveis em &#8211;<\/strong><a href=\"https:\/\/flic.kr\/s\/aHBqjAehJN\" target=\"_blank\" rel=\"noreferrer noopener\">https:\/\/flic.kr\/s\/aHBqjAehJN<\/a><\/p>\n","protected":false},"excerpt":{"rendered":"","protected":false},"author":24,"featured_media":213274,"comment_status":"closed","ping_status":"closed","sticky":false,"template":"","format":"standard","meta":{"footnotes":""},"categories":[3951],"tags":[3836,3231,3952,1488,3953,3954,77,3208,25,22,3955],"acf":[],"yoast_head":"<!-- This site is optimized with the Yoast SEO plugin v23.0 - https:\/\/yoast.com\/wordpress\/plugins\/seo\/ -->\n<title>Prefeitura de Manaus divulga lista de selecionados em cursos de qualifica\u00e7\u00e3o profissional<\/title>\n<meta name=\"description\" content=\"A Prefeitura de Manaus, por meio da Secretaria Municipal do Trabalho, Empreendedorismo e Inova\u00e7\u00e3o (Semtepi), em parceria com o Centro de Ensino Unisaber Mais, divulga nesta sexta-feira, 5\/5, a lista de selecionados para os cursos de Frentista, Solda de Componentes, Metrologia e Matem\u00e1tica b\u00e1sica.\" \/>\n<meta name=\"robots\" content=\"index, follow, max-snippet:-1, max-image-preview:large, max-video-preview:-1\" \/>\n<link rel=\"canonical\" href=\"https:\/\/www.manaus.am.gov.br\/semcom\/prefeitura-de-manaus-divulga-lista-de-selecionados-em-cursos-de-qualificacao-profissional\/\" \/>\n<meta property=\"og:locale\" content=\"pt_BR\" \/>\n<meta property=\"og:type\" content=\"article\" \/>\n<meta property=\"og:title\" content=\"Prefeitura de Manaus divulga lista de selecionados em cursos de qualifica\u00e7\u00e3o profissional\" \/>\n<meta property=\"og:description\" content=\"A Prefeitura de Manaus, por meio da Secretaria Municipal do Trabalho, Empreendedorismo e Inova\u00e7\u00e3o (Semtepi), em parceria com o Centro de Ensino Unisaber Mais, divulga nesta sexta-feira, 5\/5, a lista de selecionados para os cursos de Frentista, Solda de Componentes, Metrologia e Matem\u00e1tica b\u00e1sica.\" \/>\n<meta property=\"og:url\" content=\"https:\/\/www.manaus.am.gov.br\/semcom\/prefeitura-de-manaus-divulga-lista-de-selecionados-em-cursos-de-qualificacao-profissional\/\" \/>\n<meta property=\"og:site_name\" content=\"SEMCOM\" \/>\n<meta property=\"article:published_time\" content=\"2023-05-05T18:58:44+00:00\" \/>\n<meta property=\"article:modified_time\" content=\"2023-05-05T18:58:45+00:00\" \/>\n<meta property=\"og:image\" content=\"https:\/\/www.manaus.am.gov.br\/semcom\/wp-content\/uploads\/sites\/5\/2023\/05\/Prefeitura-de-Manaus-divulga-lista-de-selecionados-em-cursos-de-qualificacao-profissional-2-scaled.jpg\" \/>\n\t<meta property=\"og:image:width\" content=\"2560\" \/>\n\t<meta property=\"og:image:height\" content=\"1707\" \/>\n\t<meta property=\"og:image:type\" content=\"image\/jpeg\" \/>\n<meta name=\"author\" content=\"Cl\u00e1udia Barbosa\" \/>\n<meta name=\"twitter:card\" content=\"summary_large_image\" \/>\n<meta name=\"twitter:label1\" content=\"Written by\" \/>\n\t<meta name=\"twitter:data1\" content=\"Cl\u00e1udia Barbosa\" \/>\n\t<meta name=\"twitter:label2\" content=\"Est. reading time\" \/>\n\t<meta name=\"twitter:data2\" content=\"2 minutos\" \/>\n<script type=\"application\/ld+json\" class=\"yoast-schema-graph\">{\"@context\":\"https:\/\/schema.org\",\"@graph\":[{\"@type\":\"WebPage\",\"@id\":\"https:\/\/www.manaus.am.gov.br\/semcom\/prefeitura-de-manaus-divulga-lista-de-selecionados-em-cursos-de-qualificacao-profissional\/\",\"url\":\"https:\/\/www.manaus.am.gov.br\/semcom\/prefeitura-de-manaus-divulga-lista-de-selecionados-em-cursos-de-qualificacao-profissional\/\",\"name\":\"Prefeitura de Manaus divulga lista de selecionados em cursos de qualifica\u00e7\u00e3o profissional\",\"isPartOf\":{\"@id\":\"https:\/\/www.manaus.am.gov.br\/semcom\/#website\"},\"primaryImageOfPage\":{\"@id\":\"https:\/\/www.manaus.am.gov.br\/semcom\/prefeitura-de-manaus-divulga-lista-de-selecionados-em-cursos-de-qualificacao-profissional\/#primaryimage\"},\"image\":{\"@id\":\"https:\/\/www.manaus.am.gov.br\/semcom\/prefeitura-de-manaus-divulga-lista-de-selecionados-em-cursos-de-qualificacao-profissional\/#primaryimage\"},\"thumbnailUrl\":\"https:\/\/www.manaus.am.gov.br\/semcom\/wp-content\/uploads\/sites\/5\/2023\/05\/Prefeitura-de-Manaus-divulga-lista-de-selecionados-em-cursos-de-qualificacao-profissional-2-scaled.jpg\",\"datePublished\":\"2023-05-05T18:58:44+00:00\",\"dateModified\":\"2023-05-05T18:58:45+00:00\",\"author\":{\"@id\":\"https:\/\/www.manaus.am.gov.br\/semcom\/#\/schema\/person\/d0a166b5031154c33c77794ddc9a827e\"},\"description\":\"A Prefeitura de Manaus, por meio da Secretaria Municipal do Trabalho, Empreendedorismo e Inova\u00e7\u00e3o (Semtepi), em parceria com o Centro de Ensino Unisaber Mais, divulga nesta sexta-feira, 5\/5, a lista de selecionados para os cursos de Frentista, Solda de Componentes, Metrologia e Matem\u00e1tica b\u00e1sica.\",\"inLanguage\":\"pt-BR\",\"potentialAction\":[{\"@type\":\"ReadAction\",\"target\":[\"https:\/\/www.manaus.am.gov.br\/semcom\/prefeitura-de-manaus-divulga-lista-de-selecionados-em-cursos-de-qualificacao-profissional\/\"]}]},{\"@type\":\"ImageObject\",\"inLanguage\":\"pt-BR\",\"@id\":\"https:\/\/www.manaus.am.gov.br\/semcom\/prefeitura-de-manaus-divulga-lista-de-selecionados-em-cursos-de-qualificacao-profissional\/#primaryimage\",\"url\":\"https:\/\/www.manaus.am.gov.br\/semcom\/wp-content\/uploads\/sites\/5\/2023\/05\/Prefeitura-de-Manaus-divulga-lista-de-selecionados-em-cursos-de-qualificacao-profissional-2-scaled.jpg\",\"contentUrl\":\"https:\/\/www.manaus.am.gov.br\/semcom\/wp-content\/uploads\/sites\/5\/2023\/05\/Prefeitura-de-Manaus-divulga-lista-de-selecionados-em-cursos-de-qualificacao-profissional-2-scaled.jpg\",\"width\":2560,\"height\":1707},{\"@type\":\"WebSite\",\"@id\":\"https:\/\/www.manaus.am.gov.br\/semcom\/#website\",\"url\":\"https:\/\/www.manaus.am.gov.br\/semcom\/\",\"name\":\"SEMCOM\",\"description\":\"Secretaria Municipal de Comunica\u00e7\u00e3o\",\"potentialAction\":[{\"@type\":\"SearchAction\",\"target\":{\"@type\":\"EntryPoint\",\"urlTemplate\":\"https:\/\/www.manaus.am.gov.br\/semcom\/?s={search_term_string}\"},\"query-input\":\"required name=search_term_string\"}],\"inLanguage\":\"pt-BR\"},{\"@type\":\"Person\",\"@id\":\"https:\/\/www.manaus.am.gov.br\/semcom\/#\/schema\/person\/d0a166b5031154c33c77794ddc9a827e\",\"name\":\"Cl\u00e1udia Barbosa\",\"image\":{\"@type\":\"ImageObject\",\"inLanguage\":\"pt-BR\",\"@id\":\"https:\/\/www.manaus.am.gov.br\/semcom\/#\/schema\/person\/image\/\",\"url\":\"https:\/\/secure.gravatar.com\/avatar\/42958a1cf007f1a00534009218c72590?s=96&d=mm&r=g\",\"contentUrl\":\"https:\/\/secure.gravatar.com\/avatar\/42958a1cf007f1a00534009218c72590?s=96&d=mm&r=g\",\"caption\":\"Cl\u00e1udia Barbosa\"}}]}<\/script>\n<!-- \/ Yoast SEO plugin. -->","yoast_head_json":{"title":"Prefeitura de Manaus divulga lista de selecionados em cursos de qualifica\u00e7\u00e3o profissional","description":"A Prefeitura de Manaus, por meio da Secretaria Municipal do Trabalho, Empreendedorismo e Inova\u00e7\u00e3o (Semtepi), em parceria com o Centro de Ensino Unisaber Mais, divulga nesta sexta-feira, 5\/5, a lista de selecionados para os cursos de Frentista, Solda de Componentes, Metrologia e Matem\u00e1tica b\u00e1sica.","robots":{"index":"index","follow":"follow","max-snippet":"max-snippet:-1","max-image-preview":"max-image-preview:large","max-video-preview":"max-video-preview:-1"},"canonical":"https:\/\/www.manaus.am.gov.br\/semcom\/prefeitura-de-manaus-divulga-lista-de-selecionados-em-cursos-de-qualificacao-profissional\/","og_locale":"pt_BR","og_type":"article","og_title":"Prefeitura de Manaus divulga lista de selecionados em cursos de qualifica\u00e7\u00e3o profissional","og_description":"A Prefeitura de Manaus, por meio da Secretaria Municipal do Trabalho, Empreendedorismo e Inova\u00e7\u00e3o (Semtepi), em parceria com o Centro de Ensino Unisaber Mais, divulga nesta sexta-feira, 5\/5, a lista de selecionados para os cursos de Frentista, Solda de Componentes, Metrologia e Matem\u00e1tica b\u00e1sica.","og_url":"https:\/\/www.manaus.am.gov.br\/semcom\/prefeitura-de-manaus-divulga-lista-de-selecionados-em-cursos-de-qualificacao-profissional\/","og_site_name":"SEMCOM","article_published_time":"2023-05-05T18:58:44+00:00","article_modified_time":"2023-05-05T18:58:45+00:00","og_image":[{"width":2560,"height":1707,"url":"https:\/\/www.manaus.am.gov.br\/semcom\/wp-content\/uploads\/sites\/5\/2023\/05\/Prefeitura-de-Manaus-divulga-lista-de-selecionados-em-cursos-de-qualificacao-profissional-2-scaled.jpg","type":"image\/jpeg"}],"author":"Cl\u00e1udia Barbosa","twitter_card":"summary_large_image","twitter_misc":{"Written by":"Cl\u00e1udia Barbosa","Est. reading time":"2 minutos"},"schema":{"@context":"https:\/\/schema.org","@graph":[{"@type":"WebPage","@id":"https:\/\/www.manaus.am.gov.br\/semcom\/prefeitura-de-manaus-divulga-lista-de-selecionados-em-cursos-de-qualificacao-profissional\/","url":"https:\/\/www.manaus.am.gov.br\/semcom\/prefeitura-de-manaus-divulga-lista-de-selecionados-em-cursos-de-qualificacao-profissional\/","name":"Prefeitura de Manaus divulga lista de selecionados em cursos de qualifica\u00e7\u00e3o profissional","isPartOf":{"@id":"https:\/\/www.manaus.am.gov.br\/semcom\/#website"},"primaryImageOfPage":{"@id":"https:\/\/www.manaus.am.gov.br\/semcom\/prefeitura-de-manaus-divulga-lista-de-selecionados-em-cursos-de-qualificacao-profissional\/#primaryimage"},"image":{"@id":"https:\/\/www.manaus.am.gov.br\/semcom\/prefeitura-de-manaus-divulga-lista-de-selecionados-em-cursos-de-qualificacao-profissional\/#primaryimage"},"thumbnailUrl":"https:\/\/www.manaus.am.gov.br\/semcom\/wp-content\/uploads\/sites\/5\/2023\/05\/Prefeitura-de-Manaus-divulga-lista-de-selecionados-em-cursos-de-qualificacao-profissional-2-scaled.jpg","datePublished":"2023-05-05T18:58:44+00:00","dateModified":"2023-05-05T18:58:45+00:00","author":{"@id":"https:\/\/www.manaus.am.gov.br\/semcom\/#\/schema\/person\/d0a166b5031154c33c77794ddc9a827e"},"description":"A Prefeitura de Manaus, por meio da Secretaria Municipal do Trabalho, Empreendedorismo e Inova\u00e7\u00e3o (Semtepi), em parceria com o Centro de Ensino Unisaber Mais, divulga nesta sexta-feira, 5\/5, a lista de selecionados para os cursos de Frentista, Solda de Componentes, Metrologia e Matem\u00e1tica b\u00e1sica.","inLanguage":"pt-BR","potentialAction":[{"@type":"ReadAction","target":["https:\/\/www.manaus.am.gov.br\/semcom\/prefeitura-de-manaus-divulga-lista-de-selecionados-em-cursos-de-qualificacao-profissional\/"]}]},{"@type":"ImageObject","inLanguage":"pt-BR","@id":"https:\/\/www.manaus.am.gov.br\/semcom\/prefeitura-de-manaus-divulga-lista-de-selecionados-em-cursos-de-qualificacao-profissional\/#primaryimage","url":"https:\/\/www.manaus.am.gov.br\/semcom\/wp-content\/uploads\/sites\/5\/2023\/05\/Prefeitura-de-Manaus-divulga-lista-de-selecionados-em-cursos-de-qualificacao-profissional-2-scaled.jpg","contentUrl":"https:\/\/www.manaus.am.gov.br\/semcom\/wp-content\/uploads\/sites\/5\/2023\/05\/Prefeitura-de-Manaus-divulga-lista-de-selecionados-em-cursos-de-qualificacao-profissional-2-scaled.jpg","width":2560,"height":1707},{"@type":"WebSite","@id":"https:\/\/www.manaus.am.gov.br\/semcom\/#website","url":"https:\/\/www.manaus.am.gov.br\/semcom\/","name":"SEMCOM","description":"Secretaria Municipal de Comunica\u00e7\u00e3o","potentialAction":[{"@type":"SearchAction","target":{"@type":"EntryPoint","urlTemplate":"https:\/\/www.manaus.am.gov.br\/semcom\/?s={search_term_string}"},"query-input":"required name=search_term_string"}],"inLanguage":"pt-BR"},{"@type":"Person","@id":"https:\/\/www.manaus.am.gov.br\/semcom\/#\/schema\/person\/d0a166b5031154c33c77794ddc9a827e","name":"Cl\u00e1udia Barbosa","image":{"@type":"ImageObject","inLanguage":"pt-BR","@id":"https:\/\/www.manaus.am.gov.br\/semcom\/#\/schema\/person\/image\/","url":"https:\/\/secure.gravatar.com\/avatar\/42958a1cf007f1a00534009218c72590?s=96&d=mm&r=g","contentUrl":"https:\/\/secure.gravatar.com\/avatar\/42958a1cf007f1a00534009218c72590?s=96&d=mm&r=g","caption":"Cl\u00e1udia Barbosa"}}]}},"_links":{"self":[{"href":"https:\/\/www.manaus.am.gov.br\/semcom\/wp-json\/wp\/v2\/posts\/213273"}],"collection":[{"href":"https:\/\/www.manaus.am.gov.br\/semcom\/wp-json\/wp\/v2\/posts"}],"about":[{"href":"https:\/\/www.manaus.am.gov.br\/semcom\/wp-json\/wp\/v2\/types\/post"}],"author":[{"embeddable":true,"href":"https:\/\/www.manaus.am.gov.br\/semcom\/wp-json\/wp\/v2\/users\/24"}],"replies":[{"embeddable":true,"href":"https:\/\/www.manaus.am.gov.br\/semcom\/wp-json\/wp\/v2\/comments?post=213273"}],"version-history":[{"count":0,"href":"https:\/\/www.manaus.am.gov.br\/semcom\/wp-json\/wp\/v2\/posts\/213273\/revisions"}],"wp:featuredmedia":[{"embeddable":true,"href":"https:\/\/www.manaus.am.gov.br\/semcom\/wp-json\/wp\/v2\/media\/213274"}],"wp:attachment":[{"href":"https:\/\/www.manaus.am.gov.br\/semcom\/wp-json\/wp\/v2\/media?parent=213273"}],"wp:term":[{"taxonomy":"category","embeddable":true,"href":"https:\/\/www.manaus.am.gov.br\/semcom\/wp-json\/wp\/v2\/categories?post=213273"},{"taxonomy":"post_tag","embeddable":true,"href":"https:\/\/www.manaus.am.gov.br\/semcom\/wp-json\/wp\/v2\/tags?post=213273"}],"curies":[{"name":"wp","href":"https:\/\/api.w.org\/{rel}","templated":true}]}}