{"id":212507,"date":"2023-04-25T12:38:00","date_gmt":"2023-04-25T15:38:00","guid":{"rendered":"https:\/\/www.manaus.am.gov.br\/semcom\/prefeito-vistoria-fase-final-das-obras-da-casa-de-praia-zezinho-correa\/"},"modified":"2023-04-25T16:27:12","modified_gmt":"2023-04-25T19:27:12","slug":"prefeito-vistoria-fase-final-das-obras-da-casa-de-praia-zezinho-correa","status":"publish","type":"post","link":"https:\/\/www.manaus.am.gov.br\/semcom\/prefeito-vistoria-fase-final-das-obras-da-casa-de-praia-zezinho-correa\/","title":{"rendered":"<strong>Prefeito vistoria fase final das obras da Casa de Praia Zezinho Corr\u00eaa<\/strong>"},"content":{"rendered":"\n<p>O prefeito de Manaus, David Almeida, vistoriou, na manh\u00e3 desta ter\u00e7a-feira, 25\/4, a fase final das obras da Casa de Praia Zezinho Corr\u00eaa, localizada na orla do complexo tur\u00edstico Ponta Negra, zona Oeste. O espa\u00e7o, previsto para ser inaugurado no pr\u00f3ximo dia 1\u00ba\/5, alcan\u00e7a 98% de conclus\u00e3o, faltando ajustes e altera\u00e7\u00f5es espec\u00edficas, al\u00e9m das opera\u00e7\u00f5es de neg\u00f3cios previstos para o novo ponto tur\u00edstico e de visita\u00e7\u00e3o da capital amazonense.<\/p>\n\n\n\n<p>\u201cDia 1\u00ba de maio, na pr\u00f3xima segunda-feira, n\u00f3s estaremos devolvendo \u00e0 popula\u00e7\u00e3o da cidade esse espa\u00e7o que est\u00e1 lindo, colocando novamente Manaus de frente para o rio. Nossa ideia \u00e9 fazer com que as pessoas tenham acesso a essa vista, a essa paisagem linda do rio Negro, nosso cart\u00e3o-postal, e a Casa de Praia Zezinho Corr\u00eaa tem essa proposta, aqui teremos espa\u00e7o gastron\u00f4mico, cultural, de lazer e entretenimento, ent\u00e3o n\u00f3s vamos devolver tudo isso para a cidade de Manaus\u201d, afirmou Almeida.<\/p>\n\n\n\n<p>O chefe do Executivo municipal frisou, ainda, que a inaugura\u00e7\u00e3o ser\u00e1 marcada por uma programa\u00e7\u00e3o comemorativa em alus\u00e3o ao Dia do Trabalhador. \u201cTeremos algumas atra\u00e7\u00f5es especiais nessa festa do dia 1\u00ba, Dia do Trabalhador, com uma programa\u00e7\u00e3o extensa que a popula\u00e7\u00e3o vai conseguir participar\u201d, disse.<\/p>\n\n\n\n<p>O espa\u00e7o p\u00fablico est\u00e1 sendo instalado onde funcionava uma antiga casa de shows, que estava abandonada h\u00e1 mais de 20 anos. O novo espa\u00e7o fornecer\u00e1 uma central de artesanato, playground, \u00e1reas de conviv\u00eancia, quiosques e a\u00e7\u00f5es, com estrutura para receber shows&nbsp; de pequeno porte.<\/p>\n\n\n\n<p>&nbsp;<strong>Homenagem<\/strong><\/p>\n\n\n\n<p>O local passa a se chamar Casa de Praia Zezinho Corr\u00eaa, em homenagem ao cantor amazonense Jos\u00e9 Maia Nunes Corr\u00eaa, conhecido como Zezinho Corr\u00eaa. Nascido em 21 de maio de 1951 no munic\u00edpio de Carauari, no Amazonas, Zezinho Corr\u00eaa \u00e9 considerado um dos maiores \u00edcones da cultura amaz\u00f4nica. O artista atuou em v\u00e1rios musicais antes de come\u00e7ar sua carreira como cantor, na d\u00e9cada de 1980. Ingressou no grupo Carrapicho, que estourou na d\u00e9cada de 1990 com o single &#8220;Tic, Tic, Tac&#8221;. Al\u00e9m de cantor, foi ator e um grande incentivador da arte local. Morreu aos 69 anos, em 6 de fevereiro de 2021, v\u00edtima de Covid-19.<\/p>\n\n\n\n<p>&#8212; &#8212; &#8212;<\/p>\n\n\n\n<p><strong>Texto \u2013&nbsp;<\/strong>Beathriz Torres \/ Semcom<\/p>\n\n\n\n<p><strong>Fotos \u2013<\/strong><\/p>\n\n\n\n<p><strong>Dispon\u00edveis em &#8211;<\/strong><\/p>\n","protected":false},"excerpt":{"rendered":"","protected":false},"author":24,"featured_media":212508,"comment_status":"closed","ping_status":"closed","sticky":false,"template":"","format":"standard","meta":{"footnotes":""},"categories":[1315],"tags":[3653,3559,1219,35,3654,3655,3656,778],"acf":[],"yoast_head":"<!-- This site is optimized with the Yoast SEO plugin v23.0 - https:\/\/yoast.com\/wordpress\/plugins\/seo\/ -->\n<title>Prefeito vistoria fase final das obras da Casa de Praia Zezinho Corr\u00eaa<\/title>\n<meta name=\"description\" content=\"O prefeito de Manaus, David Almeida, vistoriou, na manh\u00e3 desta ter\u00e7a-feira, 25\/4, a fase final das obras do local Casa de Praia Zezinho Corr\u00eaa, localizada na orla do complexo tur\u00edstico Ponta Negra, zona Oeste.\" \/>\n<meta name=\"robots\" content=\"index, follow, max-snippet:-1, max-image-preview:large, max-video-preview:-1\" \/>\n<link rel=\"canonical\" href=\"https:\/\/www.manaus.am.gov.br\/semcom\/prefeito-vistoria-fase-final-das-obras-da-casa-de-praia-zezinho-correa\/\" \/>\n<meta property=\"og:locale\" content=\"pt_BR\" \/>\n<meta property=\"og:type\" content=\"article\" \/>\n<meta property=\"og:title\" content=\"Prefeito vistoria fase final das obras da Casa de Praia Zezinho Corr\u00eaa\" \/>\n<meta property=\"og:description\" content=\"O prefeito de Manaus, David Almeida, vistoriou, na manh\u00e3 desta ter\u00e7a-feira, 25\/4, a fase final das obras do local Casa de Praia Zezinho Corr\u00eaa, localizada na orla do complexo tur\u00edstico Ponta Negra, zona Oeste.\" \/>\n<meta property=\"og:url\" content=\"https:\/\/www.manaus.am.gov.br\/semcom\/prefeito-vistoria-fase-final-das-obras-da-casa-de-praia-zezinho-correa\/\" \/>\n<meta property=\"og:site_name\" content=\"SEMCOM\" \/>\n<meta property=\"article:published_time\" content=\"2023-04-25T15:38:00+00:00\" \/>\n<meta property=\"article:modified_time\" content=\"2023-04-25T19:27:12+00:00\" \/>\n<meta property=\"og:image\" content=\"https:\/\/www.manaus.am.gov.br\/semcom\/wp-content\/uploads\/sites\/5\/2023\/04\/52845467661_0d92b95db3_o-1-scaled.jpg\" \/>\n\t<meta property=\"og:image:width\" content=\"2560\" \/>\n\t<meta property=\"og:image:height\" content=\"1707\" \/>\n\t<meta property=\"og:image:type\" content=\"image\/jpeg\" \/>\n<meta name=\"author\" content=\"Cl\u00e1udia Barbosa\" \/>\n<meta name=\"twitter:card\" content=\"summary_large_image\" \/>\n<meta name=\"twitter:label1\" content=\"Written by\" \/>\n\t<meta name=\"twitter:data1\" content=\"Cl\u00e1udia Barbosa\" \/>\n\t<meta name=\"twitter:label2\" content=\"Est. reading time\" \/>\n\t<meta name=\"twitter:data2\" content=\"2 minutos\" \/>\n<script type=\"application\/ld+json\" class=\"yoast-schema-graph\">{\"@context\":\"https:\/\/schema.org\",\"@graph\":[{\"@type\":\"WebPage\",\"@id\":\"https:\/\/www.manaus.am.gov.br\/semcom\/prefeito-vistoria-fase-final-das-obras-da-casa-de-praia-zezinho-correa\/\",\"url\":\"https:\/\/www.manaus.am.gov.br\/semcom\/prefeito-vistoria-fase-final-das-obras-da-casa-de-praia-zezinho-correa\/\",\"name\":\"Prefeito vistoria fase final das obras da Casa de Praia Zezinho Corr\u00eaa\",\"isPartOf\":{\"@id\":\"https:\/\/www.manaus.am.gov.br\/semcom\/#website\"},\"primaryImageOfPage\":{\"@id\":\"https:\/\/www.manaus.am.gov.br\/semcom\/prefeito-vistoria-fase-final-das-obras-da-casa-de-praia-zezinho-correa\/#primaryimage\"},\"image\":{\"@id\":\"https:\/\/www.manaus.am.gov.br\/semcom\/prefeito-vistoria-fase-final-das-obras-da-casa-de-praia-zezinho-correa\/#primaryimage\"},\"thumbnailUrl\":\"https:\/\/www.manaus.am.gov.br\/semcom\/wp-content\/uploads\/sites\/5\/2023\/04\/52845467661_0d92b95db3_o-1-scaled.jpg\",\"datePublished\":\"2023-04-25T15:38:00+00:00\",\"dateModified\":\"2023-04-25T19:27:12+00:00\",\"author\":{\"@id\":\"https:\/\/www.manaus.am.gov.br\/semcom\/#\/schema\/person\/d0a166b5031154c33c77794ddc9a827e\"},\"description\":\"O prefeito de Manaus, David Almeida, vistoriou, na manh\u00e3 desta ter\u00e7a-feira, 25\/4, a fase final das obras do local Casa de Praia Zezinho Corr\u00eaa, localizada na orla do complexo tur\u00edstico Ponta Negra, zona Oeste.\",\"inLanguage\":\"pt-BR\",\"potentialAction\":[{\"@type\":\"ReadAction\",\"target\":[\"https:\/\/www.manaus.am.gov.br\/semcom\/prefeito-vistoria-fase-final-das-obras-da-casa-de-praia-zezinho-correa\/\"]}]},{\"@type\":\"ImageObject\",\"inLanguage\":\"pt-BR\",\"@id\":\"https:\/\/www.manaus.am.gov.br\/semcom\/prefeito-vistoria-fase-final-das-obras-da-casa-de-praia-zezinho-correa\/#primaryimage\",\"url\":\"https:\/\/www.manaus.am.gov.br\/semcom\/wp-content\/uploads\/sites\/5\/2023\/04\/52845467661_0d92b95db3_o-1-scaled.jpg\",\"contentUrl\":\"https:\/\/www.manaus.am.gov.br\/semcom\/wp-content\/uploads\/sites\/5\/2023\/04\/52845467661_0d92b95db3_o-1-scaled.jpg\",\"width\":2560,\"height\":1707},{\"@type\":\"WebSite\",\"@id\":\"https:\/\/www.manaus.am.gov.br\/semcom\/#website\",\"url\":\"https:\/\/www.manaus.am.gov.br\/semcom\/\",\"name\":\"SEMCOM\",\"description\":\"Secretaria Municipal de Comunica\u00e7\u00e3o\",\"potentialAction\":[{\"@type\":\"SearchAction\",\"target\":{\"@type\":\"EntryPoint\",\"urlTemplate\":\"https:\/\/www.manaus.am.gov.br\/semcom\/?s={search_term_string}\"},\"query-input\":\"required name=search_term_string\"}],\"inLanguage\":\"pt-BR\"},{\"@type\":\"Person\",\"@id\":\"https:\/\/www.manaus.am.gov.br\/semcom\/#\/schema\/person\/d0a166b5031154c33c77794ddc9a827e\",\"name\":\"Cl\u00e1udia Barbosa\",\"image\":{\"@type\":\"ImageObject\",\"inLanguage\":\"pt-BR\",\"@id\":\"https:\/\/www.manaus.am.gov.br\/semcom\/#\/schema\/person\/image\/\",\"url\":\"https:\/\/secure.gravatar.com\/avatar\/42958a1cf007f1a00534009218c72590?s=96&d=mm&r=g\",\"contentUrl\":\"https:\/\/secure.gravatar.com\/avatar\/42958a1cf007f1a00534009218c72590?s=96&d=mm&r=g\",\"caption\":\"Cl\u00e1udia Barbosa\"}}]}<\/script>\n<!-- \/ Yoast SEO plugin. -->","yoast_head_json":{"title":"Prefeito vistoria fase final das obras da Casa de Praia Zezinho Corr\u00eaa","description":"O prefeito de Manaus, David Almeida, vistoriou, na manh\u00e3 desta ter\u00e7a-feira, 25\/4, a fase final das obras do local Casa de Praia Zezinho Corr\u00eaa, localizada na orla do complexo tur\u00edstico Ponta Negra, zona Oeste.","robots":{"index":"index","follow":"follow","max-snippet":"max-snippet:-1","max-image-preview":"max-image-preview:large","max-video-preview":"max-video-preview:-1"},"canonical":"https:\/\/www.manaus.am.gov.br\/semcom\/prefeito-vistoria-fase-final-das-obras-da-casa-de-praia-zezinho-correa\/","og_locale":"pt_BR","og_type":"article","og_title":"Prefeito vistoria fase final das obras da Casa de Praia Zezinho Corr\u00eaa","og_description":"O prefeito de Manaus, David Almeida, vistoriou, na manh\u00e3 desta ter\u00e7a-feira, 25\/4, a fase final das obras do local Casa de Praia Zezinho Corr\u00eaa, localizada na orla do complexo tur\u00edstico Ponta Negra, zona Oeste.","og_url":"https:\/\/www.manaus.am.gov.br\/semcom\/prefeito-vistoria-fase-final-das-obras-da-casa-de-praia-zezinho-correa\/","og_site_name":"SEMCOM","article_published_time":"2023-04-25T15:38:00+00:00","article_modified_time":"2023-04-25T19:27:12+00:00","og_image":[{"width":2560,"height":1707,"url":"https:\/\/www.manaus.am.gov.br\/semcom\/wp-content\/uploads\/sites\/5\/2023\/04\/52845467661_0d92b95db3_o-1-scaled.jpg","type":"image\/jpeg"}],"author":"Cl\u00e1udia Barbosa","twitter_card":"summary_large_image","twitter_misc":{"Written by":"Cl\u00e1udia Barbosa","Est. reading time":"2 minutos"},"schema":{"@context":"https:\/\/schema.org","@graph":[{"@type":"WebPage","@id":"https:\/\/www.manaus.am.gov.br\/semcom\/prefeito-vistoria-fase-final-das-obras-da-casa-de-praia-zezinho-correa\/","url":"https:\/\/www.manaus.am.gov.br\/semcom\/prefeito-vistoria-fase-final-das-obras-da-casa-de-praia-zezinho-correa\/","name":"Prefeito vistoria fase final das obras da Casa de Praia Zezinho Corr\u00eaa","isPartOf":{"@id":"https:\/\/www.manaus.am.gov.br\/semcom\/#website"},"primaryImageOfPage":{"@id":"https:\/\/www.manaus.am.gov.br\/semcom\/prefeito-vistoria-fase-final-das-obras-da-casa-de-praia-zezinho-correa\/#primaryimage"},"image":{"@id":"https:\/\/www.manaus.am.gov.br\/semcom\/prefeito-vistoria-fase-final-das-obras-da-casa-de-praia-zezinho-correa\/#primaryimage"},"thumbnailUrl":"https:\/\/www.manaus.am.gov.br\/semcom\/wp-content\/uploads\/sites\/5\/2023\/04\/52845467661_0d92b95db3_o-1-scaled.jpg","datePublished":"2023-04-25T15:38:00+00:00","dateModified":"2023-04-25T19:27:12+00:00","author":{"@id":"https:\/\/www.manaus.am.gov.br\/semcom\/#\/schema\/person\/d0a166b5031154c33c77794ddc9a827e"},"description":"O prefeito de Manaus, David Almeida, vistoriou, na manh\u00e3 desta ter\u00e7a-feira, 25\/4, a fase final das obras do local Casa de Praia Zezinho Corr\u00eaa, localizada na orla do complexo tur\u00edstico Ponta Negra, zona Oeste.","inLanguage":"pt-BR","potentialAction":[{"@type":"ReadAction","target":["https:\/\/www.manaus.am.gov.br\/semcom\/prefeito-vistoria-fase-final-das-obras-da-casa-de-praia-zezinho-correa\/"]}]},{"@type":"ImageObject","inLanguage":"pt-BR","@id":"https:\/\/www.manaus.am.gov.br\/semcom\/prefeito-vistoria-fase-final-das-obras-da-casa-de-praia-zezinho-correa\/#primaryimage","url":"https:\/\/www.manaus.am.gov.br\/semcom\/wp-content\/uploads\/sites\/5\/2023\/04\/52845467661_0d92b95db3_o-1-scaled.jpg","contentUrl":"https:\/\/www.manaus.am.gov.br\/semcom\/wp-content\/uploads\/sites\/5\/2023\/04\/52845467661_0d92b95db3_o-1-scaled.jpg","width":2560,"height":1707},{"@type":"WebSite","@id":"https:\/\/www.manaus.am.gov.br\/semcom\/#website","url":"https:\/\/www.manaus.am.gov.br\/semcom\/","name":"SEMCOM","description":"Secretaria Municipal de Comunica\u00e7\u00e3o","potentialAction":[{"@type":"SearchAction","target":{"@type":"EntryPoint","urlTemplate":"https:\/\/www.manaus.am.gov.br\/semcom\/?s={search_term_string}"},"query-input":"required name=search_term_string"}],"inLanguage":"pt-BR"},{"@type":"Person","@id":"https:\/\/www.manaus.am.gov.br\/semcom\/#\/schema\/person\/d0a166b5031154c33c77794ddc9a827e","name":"Cl\u00e1udia Barbosa","image":{"@type":"ImageObject","inLanguage":"pt-BR","@id":"https:\/\/www.manaus.am.gov.br\/semcom\/#\/schema\/person\/image\/","url":"https:\/\/secure.gravatar.com\/avatar\/42958a1cf007f1a00534009218c72590?s=96&d=mm&r=g","contentUrl":"https:\/\/secure.gravatar.com\/avatar\/42958a1cf007f1a00534009218c72590?s=96&d=mm&r=g","caption":"Cl\u00e1udia Barbosa"}}]}},"_links":{"self":[{"href":"https:\/\/www.manaus.am.gov.br\/semcom\/wp-json\/wp\/v2\/posts\/212507"}],"collection":[{"href":"https:\/\/www.manaus.am.gov.br\/semcom\/wp-json\/wp\/v2\/posts"}],"about":[{"href":"https:\/\/www.manaus.am.gov.br\/semcom\/wp-json\/wp\/v2\/types\/post"}],"author":[{"embeddable":true,"href":"https:\/\/www.manaus.am.gov.br\/semcom\/wp-json\/wp\/v2\/users\/24"}],"replies":[{"embeddable":true,"href":"https:\/\/www.manaus.am.gov.br\/semcom\/wp-json\/wp\/v2\/comments?post=212507"}],"version-history":[{"count":2,"href":"https:\/\/www.manaus.am.gov.br\/semcom\/wp-json\/wp\/v2\/posts\/212507\/revisions"}],"predecessor-version":[{"id":212536,"href":"https:\/\/www.manaus.am.gov.br\/semcom\/wp-json\/wp\/v2\/posts\/212507\/revisions\/212536"}],"wp:featuredmedia":[{"embeddable":true,"href":"https:\/\/www.manaus.am.gov.br\/semcom\/wp-json\/wp\/v2\/media\/212508"}],"wp:attachment":[{"href":"https:\/\/www.manaus.am.gov.br\/semcom\/wp-json\/wp\/v2\/media?parent=212507"}],"wp:term":[{"taxonomy":"category","embeddable":true,"href":"https:\/\/www.manaus.am.gov.br\/semcom\/wp-json\/wp\/v2\/categories?post=212507"},{"taxonomy":"post_tag","embeddable":true,"href":"https:\/\/www.manaus.am.gov.br\/semcom\/wp-json\/wp\/v2\/tags?post=212507"}],"curies":[{"name":"wp","href":"https:\/\/api.w.org\/{rel}","templated":true}]}}