{"id":212291,"date":"2023-04-19T13:51:38","date_gmt":"2023-04-19T16:51:38","guid":{"rendered":"https:\/\/www.manaus.am.gov.br\/semcom\/prefeitura-de-manaus-constroi-pontes-para-dar-acessibilidade-aos-moradores-do-bairro-zumbi\/"},"modified":"2023-04-19T13:51:39","modified_gmt":"2023-04-19T16:51:39","slug":"prefeitura-de-manaus-constroi-pontes-para-dar-acessibilidade-aos-moradores-do-bairro-zumbi","status":"publish","type":"post","link":"https:\/\/www.manaus.am.gov.br\/semcom\/prefeitura-de-manaus-constroi-pontes-para-dar-acessibilidade-aos-moradores-do-bairro-zumbi\/","title":{"rendered":"<strong>Prefeitura de Manaus constr\u00f3i pontes para dar acessibilidade aos moradores do bairro Zumbi<\/strong>"},"content":{"rendered":"\n<p>A Prefeitura de Manaus, por meio da Secretaria Municipal de Infraestrutura (Seminf), intensifica os servi\u00e7os de constru\u00e7\u00e3o de pontes em madeira sobre igarap\u00e9s, no bairro Zumbi dos Palmares, zona Leste.&nbsp; Nesta quarta-feira, 19\/4, as equipes de obras atuam na constru\u00e7\u00e3o de uma ponte com 230 metros de extens\u00e3o na rua Doutor Bas\u00edlio, que teve a antiga ponte totalmente destru\u00edda pela for\u00e7a da \u00e1gua das chuvas.&nbsp;<\/p>\n\n\n\n<p>Atendendo a pedidos dos moradores, a prefeitura tamb\u00e9m construiu novas pontes na rua Doutora Telma, que faz interliga\u00e7\u00e3o com a rua Doutora Marilza, em um total de 20 metros de extens\u00e3o, al\u00e9m da rua Doutora Iolanda, com 100 metros, que d\u00e1 acesso a escolas, e rua Doutor Daniel, com 22 metros de extens\u00e3o.&nbsp;<\/p>\n\n\n\n<p>\u201cS\u00e3o todas pontes novas, com madeira de qualidade, garantindo seguran\u00e7a e acessibilidade dos moradores em \u00e1reas de igarap\u00e9 no Zumbi dos Palmares, como determinam o prefeito David Almeida e o secret\u00e1rio de Obras, Renato Junior\u201d, afirmou o engenheiro R\u00f4mulo Guedes.&nbsp;<\/p>\n\n\n\n<p>Mais de 500 fam\u00edlias s\u00e3o beneficiadas com a constru\u00e7\u00e3o das novas pontes, que mudam a rotina dos moradores em v\u00e1rias comunidades do bairro Zumbi dos Palmares. Entre as fam\u00edlias beneficiadas est\u00e1 a do mec\u00e2nico Jos\u00e9 Gomes, 37 anos. \u201cPara quem mora perto do igarap\u00e9, ganhar uma ponte novinha dessa n\u00e3o tem pre\u00e7o. Muita gente j\u00e1 caiu nos dias de chuva, por causa dessa madeira toda quebrada, e agora vai ser bem mais tranquilo passar por aqui e levar as crian\u00e7as \u00e0 escola. Agrade\u00e7o muito, porque o prefeito David olhou pela gente\u201d, afirmou o morador.<\/p>\n\n\n\n<p>O material utilizado atende \u00e0s normas ambientais, respeitando as caracter\u00edsticas naturais das edifica\u00e7\u00f5es, para que haja maior durabilidade. Todas as pontes ser\u00e3o entregues aos moradores do Zumbi dos Palmares ainda esta semana.<\/p>\n\n\n\n<p>&#8212; &#8212; &#8212;<\/p>\n\n\n\n<p><strong>Texto<\/strong> &#8211; Mariana Rocha\/Seminf&nbsp;<\/p>\n\n\n\n<p><strong>Fotos<\/strong> &#8211; Divulga\u00e7\u00e3o\/Seminf<\/p>\n\n\n\n<p><strong>Dispon\u00edveis em &#8211; <\/strong><a href=\"https:\/\/flic.kr\/s\/aHBqjAApua\">https:\/\/flic.kr\/s\/aHBqjAApua<\/a><\/p>\n","protected":false},"excerpt":{"rendered":"","protected":false},"author":23,"featured_media":212292,"comment_status":"closed","ping_status":"closed","sticky":false,"template":"","format":"standard","meta":{"footnotes":""},"categories":[45],"tags":[661,3499,77,33,1830],"acf":[],"yoast_head":"<!-- This site is optimized with the Yoast SEO plugin v23.0 - https:\/\/yoast.com\/wordpress\/plugins\/seo\/ -->\n<title>Prefeitura de Manaus constr\u00f3i pontes para dar acessibilidade aos moradores do bairro Zumbi<\/title>\n<meta name=\"description\" content=\"A Prefeitura de Manaus, por meio da Secretaria Municipal de Infraestrutura (Seminf), intensifica os servi\u00e7os de constru\u00e7\u00e3o de pontes em madeira sobre igarap\u00e9s, no bairro Zumbi dos Palmares, zona Leste. Nesta quarta-feira, 19\/4, as equipes de obras atuam na constru\u00e7\u00e3o de uma ponte com 230 metros de extens\u00e3o na rua Doutor Bas\u00edlio, que teve a antiga ponte totalmente destru\u00edda pela for\u00e7a da \u00e1gua das chuvas.\" \/>\n<meta name=\"robots\" content=\"index, follow, max-snippet:-1, max-image-preview:large, max-video-preview:-1\" \/>\n<link rel=\"canonical\" href=\"https:\/\/www.manaus.am.gov.br\/semcom\/prefeitura-de-manaus-constroi-pontes-para-dar-acessibilidade-aos-moradores-do-bairro-zumbi\/\" \/>\n<meta property=\"og:locale\" content=\"pt_BR\" \/>\n<meta property=\"og:type\" content=\"article\" \/>\n<meta property=\"og:title\" content=\"Prefeitura de Manaus constr\u00f3i pontes para dar acessibilidade aos moradores do bairro Zumbi\" \/>\n<meta property=\"og:description\" content=\"A Prefeitura de Manaus, por meio da Secretaria Municipal de Infraestrutura (Seminf), intensifica os servi\u00e7os de constru\u00e7\u00e3o de pontes em madeira sobre igarap\u00e9s, no bairro Zumbi dos Palmares, zona Leste. Nesta quarta-feira, 19\/4, as equipes de obras atuam na constru\u00e7\u00e3o de uma ponte com 230 metros de extens\u00e3o na rua Doutor Bas\u00edlio, que teve a antiga ponte totalmente destru\u00edda pela for\u00e7a da \u00e1gua das chuvas.\" \/>\n<meta property=\"og:url\" content=\"https:\/\/www.manaus.am.gov.br\/semcom\/prefeitura-de-manaus-constroi-pontes-para-dar-acessibilidade-aos-moradores-do-bairro-zumbi\/\" \/>\n<meta property=\"og:site_name\" content=\"SEMCOM\" \/>\n<meta property=\"article:published_time\" content=\"2023-04-19T16:51:38+00:00\" \/>\n<meta property=\"article:modified_time\" content=\"2023-04-19T16:51:39+00:00\" \/>\n<meta property=\"og:image\" content=\"https:\/\/www.manaus.am.gov.br\/semcom\/wp-content\/uploads\/sites\/5\/2023\/04\/52830236680_27d0500bd8_c.jpg\" \/>\n\t<meta property=\"og:image:width\" content=\"799\" \/>\n\t<meta property=\"og:image:height\" content=\"533\" \/>\n\t<meta property=\"og:image:type\" content=\"image\/jpeg\" \/>\n<meta name=\"author\" content=\"Adriana Costa\" \/>\n<meta name=\"twitter:card\" content=\"summary_large_image\" \/>\n<meta name=\"twitter:label1\" content=\"Written by\" \/>\n\t<meta name=\"twitter:data1\" content=\"Adriana Costa\" \/>\n\t<meta name=\"twitter:label2\" content=\"Est. reading time\" \/>\n\t<meta name=\"twitter:data2\" content=\"2 minutos\" \/>\n<script type=\"application\/ld+json\" class=\"yoast-schema-graph\">{\"@context\":\"https:\/\/schema.org\",\"@graph\":[{\"@type\":\"WebPage\",\"@id\":\"https:\/\/www.manaus.am.gov.br\/semcom\/prefeitura-de-manaus-constroi-pontes-para-dar-acessibilidade-aos-moradores-do-bairro-zumbi\/\",\"url\":\"https:\/\/www.manaus.am.gov.br\/semcom\/prefeitura-de-manaus-constroi-pontes-para-dar-acessibilidade-aos-moradores-do-bairro-zumbi\/\",\"name\":\"Prefeitura de Manaus constr\u00f3i pontes para dar acessibilidade aos moradores do bairro Zumbi\",\"isPartOf\":{\"@id\":\"https:\/\/www.manaus.am.gov.br\/semcom\/#website\"},\"primaryImageOfPage\":{\"@id\":\"https:\/\/www.manaus.am.gov.br\/semcom\/prefeitura-de-manaus-constroi-pontes-para-dar-acessibilidade-aos-moradores-do-bairro-zumbi\/#primaryimage\"},\"image\":{\"@id\":\"https:\/\/www.manaus.am.gov.br\/semcom\/prefeitura-de-manaus-constroi-pontes-para-dar-acessibilidade-aos-moradores-do-bairro-zumbi\/#primaryimage\"},\"thumbnailUrl\":\"https:\/\/www.manaus.am.gov.br\/semcom\/wp-content\/uploads\/sites\/5\/2023\/04\/52830236680_27d0500bd8_c.jpg\",\"datePublished\":\"2023-04-19T16:51:38+00:00\",\"dateModified\":\"2023-04-19T16:51:39+00:00\",\"author\":{\"@id\":\"https:\/\/www.manaus.am.gov.br\/semcom\/#\/schema\/person\/4e49f4e267757a06ca072ec61b2b9968\"},\"description\":\"A Prefeitura de Manaus, por meio da Secretaria Municipal de Infraestrutura (Seminf), intensifica os servi\u00e7os de constru\u00e7\u00e3o de pontes em madeira sobre igarap\u00e9s, no bairro Zumbi dos Palmares, zona Leste. Nesta quarta-feira, 19\/4, as equipes de obras atuam na constru\u00e7\u00e3o de uma ponte com 230 metros de extens\u00e3o na rua Doutor Bas\u00edlio, que teve a antiga ponte totalmente destru\u00edda pela for\u00e7a da \u00e1gua das chuvas.\",\"inLanguage\":\"pt-BR\",\"potentialAction\":[{\"@type\":\"ReadAction\",\"target\":[\"https:\/\/www.manaus.am.gov.br\/semcom\/prefeitura-de-manaus-constroi-pontes-para-dar-acessibilidade-aos-moradores-do-bairro-zumbi\/\"]}]},{\"@type\":\"ImageObject\",\"inLanguage\":\"pt-BR\",\"@id\":\"https:\/\/www.manaus.am.gov.br\/semcom\/prefeitura-de-manaus-constroi-pontes-para-dar-acessibilidade-aos-moradores-do-bairro-zumbi\/#primaryimage\",\"url\":\"https:\/\/www.manaus.am.gov.br\/semcom\/wp-content\/uploads\/sites\/5\/2023\/04\/52830236680_27d0500bd8_c.jpg\",\"contentUrl\":\"https:\/\/www.manaus.am.gov.br\/semcom\/wp-content\/uploads\/sites\/5\/2023\/04\/52830236680_27d0500bd8_c.jpg\",\"width\":799,\"height\":533},{\"@type\":\"WebSite\",\"@id\":\"https:\/\/www.manaus.am.gov.br\/semcom\/#website\",\"url\":\"https:\/\/www.manaus.am.gov.br\/semcom\/\",\"name\":\"SEMCOM\",\"description\":\"Secretaria Municipal de Comunica\u00e7\u00e3o\",\"potentialAction\":[{\"@type\":\"SearchAction\",\"target\":{\"@type\":\"EntryPoint\",\"urlTemplate\":\"https:\/\/www.manaus.am.gov.br\/semcom\/?s={search_term_string}\"},\"query-input\":\"required name=search_term_string\"}],\"inLanguage\":\"pt-BR\"},{\"@type\":\"Person\",\"@id\":\"https:\/\/www.manaus.am.gov.br\/semcom\/#\/schema\/person\/4e49f4e267757a06ca072ec61b2b9968\",\"name\":\"Adriana Costa\",\"image\":{\"@type\":\"ImageObject\",\"inLanguage\":\"pt-BR\",\"@id\":\"https:\/\/www.manaus.am.gov.br\/semcom\/#\/schema\/person\/image\/\",\"url\":\"https:\/\/secure.gravatar.com\/avatar\/576258617ef7194f718179e766d57bd4?s=96&d=mm&r=g\",\"contentUrl\":\"https:\/\/secure.gravatar.com\/avatar\/576258617ef7194f718179e766d57bd4?s=96&d=mm&r=g\",\"caption\":\"Adriana Costa\"}}]}<\/script>\n<!-- \/ Yoast SEO plugin. -->","yoast_head_json":{"title":"Prefeitura de Manaus constr\u00f3i pontes para dar acessibilidade aos moradores do bairro Zumbi","description":"A Prefeitura de Manaus, por meio da Secretaria Municipal de Infraestrutura (Seminf), intensifica os servi\u00e7os de constru\u00e7\u00e3o de pontes em madeira sobre igarap\u00e9s, no bairro Zumbi dos Palmares, zona Leste. Nesta quarta-feira, 19\/4, as equipes de obras atuam na constru\u00e7\u00e3o de uma ponte com 230 metros de extens\u00e3o na rua Doutor Bas\u00edlio, que teve a antiga ponte totalmente destru\u00edda pela for\u00e7a da \u00e1gua das chuvas.","robots":{"index":"index","follow":"follow","max-snippet":"max-snippet:-1","max-image-preview":"max-image-preview:large","max-video-preview":"max-video-preview:-1"},"canonical":"https:\/\/www.manaus.am.gov.br\/semcom\/prefeitura-de-manaus-constroi-pontes-para-dar-acessibilidade-aos-moradores-do-bairro-zumbi\/","og_locale":"pt_BR","og_type":"article","og_title":"Prefeitura de Manaus constr\u00f3i pontes para dar acessibilidade aos moradores do bairro Zumbi","og_description":"A Prefeitura de Manaus, por meio da Secretaria Municipal de Infraestrutura (Seminf), intensifica os servi\u00e7os de constru\u00e7\u00e3o de pontes em madeira sobre igarap\u00e9s, no bairro Zumbi dos Palmares, zona Leste. Nesta quarta-feira, 19\/4, as equipes de obras atuam na constru\u00e7\u00e3o de uma ponte com 230 metros de extens\u00e3o na rua Doutor Bas\u00edlio, que teve a antiga ponte totalmente destru\u00edda pela for\u00e7a da \u00e1gua das chuvas.","og_url":"https:\/\/www.manaus.am.gov.br\/semcom\/prefeitura-de-manaus-constroi-pontes-para-dar-acessibilidade-aos-moradores-do-bairro-zumbi\/","og_site_name":"SEMCOM","article_published_time":"2023-04-19T16:51:38+00:00","article_modified_time":"2023-04-19T16:51:39+00:00","og_image":[{"width":799,"height":533,"url":"https:\/\/www.manaus.am.gov.br\/semcom\/wp-content\/uploads\/sites\/5\/2023\/04\/52830236680_27d0500bd8_c.jpg","type":"image\/jpeg"}],"author":"Adriana Costa","twitter_card":"summary_large_image","twitter_misc":{"Written by":"Adriana Costa","Est. reading time":"2 minutos"},"schema":{"@context":"https:\/\/schema.org","@graph":[{"@type":"WebPage","@id":"https:\/\/www.manaus.am.gov.br\/semcom\/prefeitura-de-manaus-constroi-pontes-para-dar-acessibilidade-aos-moradores-do-bairro-zumbi\/","url":"https:\/\/www.manaus.am.gov.br\/semcom\/prefeitura-de-manaus-constroi-pontes-para-dar-acessibilidade-aos-moradores-do-bairro-zumbi\/","name":"Prefeitura de Manaus constr\u00f3i pontes para dar acessibilidade aos moradores do bairro Zumbi","isPartOf":{"@id":"https:\/\/www.manaus.am.gov.br\/semcom\/#website"},"primaryImageOfPage":{"@id":"https:\/\/www.manaus.am.gov.br\/semcom\/prefeitura-de-manaus-constroi-pontes-para-dar-acessibilidade-aos-moradores-do-bairro-zumbi\/#primaryimage"},"image":{"@id":"https:\/\/www.manaus.am.gov.br\/semcom\/prefeitura-de-manaus-constroi-pontes-para-dar-acessibilidade-aos-moradores-do-bairro-zumbi\/#primaryimage"},"thumbnailUrl":"https:\/\/www.manaus.am.gov.br\/semcom\/wp-content\/uploads\/sites\/5\/2023\/04\/52830236680_27d0500bd8_c.jpg","datePublished":"2023-04-19T16:51:38+00:00","dateModified":"2023-04-19T16:51:39+00:00","author":{"@id":"https:\/\/www.manaus.am.gov.br\/semcom\/#\/schema\/person\/4e49f4e267757a06ca072ec61b2b9968"},"description":"A Prefeitura de Manaus, por meio da Secretaria Municipal de Infraestrutura (Seminf), intensifica os servi\u00e7os de constru\u00e7\u00e3o de pontes em madeira sobre igarap\u00e9s, no bairro Zumbi dos Palmares, zona Leste. Nesta quarta-feira, 19\/4, as equipes de obras atuam na constru\u00e7\u00e3o de uma ponte com 230 metros de extens\u00e3o na rua Doutor Bas\u00edlio, que teve a antiga ponte totalmente destru\u00edda pela for\u00e7a da \u00e1gua das chuvas.","inLanguage":"pt-BR","potentialAction":[{"@type":"ReadAction","target":["https:\/\/www.manaus.am.gov.br\/semcom\/prefeitura-de-manaus-constroi-pontes-para-dar-acessibilidade-aos-moradores-do-bairro-zumbi\/"]}]},{"@type":"ImageObject","inLanguage":"pt-BR","@id":"https:\/\/www.manaus.am.gov.br\/semcom\/prefeitura-de-manaus-constroi-pontes-para-dar-acessibilidade-aos-moradores-do-bairro-zumbi\/#primaryimage","url":"https:\/\/www.manaus.am.gov.br\/semcom\/wp-content\/uploads\/sites\/5\/2023\/04\/52830236680_27d0500bd8_c.jpg","contentUrl":"https:\/\/www.manaus.am.gov.br\/semcom\/wp-content\/uploads\/sites\/5\/2023\/04\/52830236680_27d0500bd8_c.jpg","width":799,"height":533},{"@type":"WebSite","@id":"https:\/\/www.manaus.am.gov.br\/semcom\/#website","url":"https:\/\/www.manaus.am.gov.br\/semcom\/","name":"SEMCOM","description":"Secretaria Municipal de Comunica\u00e7\u00e3o","potentialAction":[{"@type":"SearchAction","target":{"@type":"EntryPoint","urlTemplate":"https:\/\/www.manaus.am.gov.br\/semcom\/?s={search_term_string}"},"query-input":"required name=search_term_string"}],"inLanguage":"pt-BR"},{"@type":"Person","@id":"https:\/\/www.manaus.am.gov.br\/semcom\/#\/schema\/person\/4e49f4e267757a06ca072ec61b2b9968","name":"Adriana Costa","image":{"@type":"ImageObject","inLanguage":"pt-BR","@id":"https:\/\/www.manaus.am.gov.br\/semcom\/#\/schema\/person\/image\/","url":"https:\/\/secure.gravatar.com\/avatar\/576258617ef7194f718179e766d57bd4?s=96&d=mm&r=g","contentUrl":"https:\/\/secure.gravatar.com\/avatar\/576258617ef7194f718179e766d57bd4?s=96&d=mm&r=g","caption":"Adriana Costa"}}]}},"_links":{"self":[{"href":"https:\/\/www.manaus.am.gov.br\/semcom\/wp-json\/wp\/v2\/posts\/212291"}],"collection":[{"href":"https:\/\/www.manaus.am.gov.br\/semcom\/wp-json\/wp\/v2\/posts"}],"about":[{"href":"https:\/\/www.manaus.am.gov.br\/semcom\/wp-json\/wp\/v2\/types\/post"}],"author":[{"embeddable":true,"href":"https:\/\/www.manaus.am.gov.br\/semcom\/wp-json\/wp\/v2\/users\/23"}],"replies":[{"embeddable":true,"href":"https:\/\/www.manaus.am.gov.br\/semcom\/wp-json\/wp\/v2\/comments?post=212291"}],"version-history":[{"count":0,"href":"https:\/\/www.manaus.am.gov.br\/semcom\/wp-json\/wp\/v2\/posts\/212291\/revisions"}],"wp:featuredmedia":[{"embeddable":true,"href":"https:\/\/www.manaus.am.gov.br\/semcom\/wp-json\/wp\/v2\/media\/212292"}],"wp:attachment":[{"href":"https:\/\/www.manaus.am.gov.br\/semcom\/wp-json\/wp\/v2\/media?parent=212291"}],"wp:term":[{"taxonomy":"category","embeddable":true,"href":"https:\/\/www.manaus.am.gov.br\/semcom\/wp-json\/wp\/v2\/categories?post=212291"},{"taxonomy":"post_tag","embeddable":true,"href":"https:\/\/www.manaus.am.gov.br\/semcom\/wp-json\/wp\/v2\/tags?post=212291"}],"curies":[{"name":"wp","href":"https:\/\/api.w.org\/{rel}","templated":true}]}}