{"id":212226,"date":"2023-04-17T21:54:09","date_gmt":"2023-04-18T00:54:09","guid":{"rendered":"https:\/\/www.manaus.am.gov.br\/semcom\/prefeitura-de-manaus-apresenta-a-cmm-acoes-de-cultura-e-turismo-do-segundo-trimestre-do-ano\/"},"modified":"2023-04-18T14:20:46","modified_gmt":"2023-04-18T17:20:46","slug":"prefeitura-de-manaus-apresenta-a-cmm-acoes-de-cultura-e-turismo-do-segundo-trimestre-do-ano","status":"publish","type":"post","link":"https:\/\/www.manaus.am.gov.br\/semcom\/prefeitura-de-manaus-apresenta-a-cmm-acoes-de-cultura-e-turismo-do-segundo-trimestre-do-ano\/","title":{"rendered":"<strong>Prefeitura de Manaus apresenta \u00e0 CMM a\u00e7\u00f5es de cultura e turismo do segundo trimestre do ano<\/strong>"},"content":{"rendered":"\n<p>A determina\u00e7\u00e3o da gest\u00e3o municipal \u00e9 fortalecer a difus\u00e3o cultural em todas as zonas da cidade, garantindo ampla divulga\u00e7\u00e3o. Para isso, a Prefeitura de <a href=\"https:\/\/www.manaus.am.gov.br\" target=\"_blank\" rel=\"noreferrer noopener\">Manaus<\/a>, por meio da Funda\u00e7\u00e3o Municipal de Cultura, Turismo e Eventos (<a href=\"https:\/\/manauscult.manaus.am.gov.br\/\" target=\"_blank\" rel=\"noreferrer noopener\">Manauscult<\/a>), apresentou, nesta segunda-feira, 17\/4, \u00e0 C\u00e2mara Municipal de Manaus (CMM), diversos projetos para serem trabalhados em toda a cidade, com destaque para o Arte pela Cidade e o Festival Folcl\u00f3rico do Amazonas, previstos para este segundo trimestre de 2023.<\/p>\n\n\n\n<p>O diretor-presidente da Manauscult, Osvaldo Cardoso, cumprindo agenda institucional na CMM, iniciou tratativas para obter apoio dos vereadores a eventos de pequeno, m\u00e9dio e grande porte, importantes para o fortalecimento das pol\u00edticas p\u00fablicas culturais e gera\u00e7\u00e3o de postos de trabalho na cidade.<\/p>\n\n\n\n<p>\u201cVim a esta honrosa casa, me colocar \u00e0 disposi\u00e7\u00e3o dos nobres vereadores, e dizer que a nossa gest\u00e3o quer somar com todos e que a ajuda deles \u00e9 imprescind\u00edvel para que projetos culturais alcancem as pessoas da periferia, n\u00e3o apenas com eventos, mas com oficinas de m\u00fasica, dan\u00e7a, pintura, cinema, dentre outros, importante para o fortalecimento cultural da cidade\u201d, explicou o diretor-presidente da Manauscult, Osvaldo Cardoso.<\/p>\n\n\n\n<p>Dentre as a\u00e7\u00f5es que comp\u00f5em a agenda de desenvolvimento da cultura para o trimestre, Osvaldo destacou o lan\u00e7amento da 2\u00aa Mostra de Arte Ind\u00edgena, evento que faz parte do programa de promo\u00e7\u00e3o e preserva\u00e7\u00e3o da nossa ancestralidade, e que vai contar com a participa\u00e7\u00e3o de 26 artistas ind\u00edgenas de 12 etnias, al\u00e9m de um p\u00fablico m\u00e9dio 500 visitantes.<\/p>\n\n\n\n<p>Ao finalizar sua apresenta\u00e7\u00e3o na tribuna, Cardoso circulou entre as bancadas, onde cumprimentou cada vereador presente durante o pequeno expediente.<\/p>\n\n\n\n<p>\u201cFiz quest\u00e3o de apresentar-me pessoalmente aos vereadores, e deixar claro que nossa gest\u00e3o n\u00e3o far\u00e1 distin\u00e7\u00e3o entre as bases. Inclusive, j\u00e1 saio dessa casa com algumas&nbsp;sugest\u00f5es acolhidas\u201d, finalizou.<\/p>\n\n\n\n<p>Tamb\u00e9m est\u00e3o planejadas pela Manauscult, para os pr\u00f3ximos meses, a\u00e7\u00f5es que englobam a capacita\u00e7\u00e3o de artistas, difus\u00e3o cultural e fomento por meio de editais, tanto para a cultura quanto para o turismo.<\/p>\n\n\n\n<p>&#8212; &#8212; &#8212;<\/p>\n\n\n\n<p><strong>Texto<\/strong>&nbsp;&#8211; Emanuelle Baires \/ Manauscult&nbsp;<\/p>\n\n\n\n<p><strong>Foto<\/strong>&nbsp;&#8211; Divulga\u00e7\u00e3o&nbsp;\/ Manauscult<\/p>\n","protected":false},"excerpt":{"rendered":"","protected":false},"author":31,"featured_media":212227,"comment_status":"closed","ping_status":"closed","sticky":false,"template":"","format":"standard","meta":{"footnotes":""},"categories":[3460],"tags":[1193,729,110,641,418],"acf":[],"yoast_head":"<!-- This site is optimized with the Yoast SEO plugin v23.0 - https:\/\/yoast.com\/wordpress\/plugins\/seo\/ -->\n<title>Prefeitura de Manaus apresenta \u00e0 CMM a\u00e7\u00f5es de cultura e turismo<\/title>\n<meta name=\"description\" content=\"A Prefeitura de Manaus, apresentou, nesta segunda-feira, 17\/4, \u00e0 CMM, diversos projetos para serem trabalhados em toda a cidade, com destaque para o Arte pela Cidade e o Festival Folcl\u00f3rico do Amazonas, previstos para este segundo trimestre de 2023.\" \/>\n<meta name=\"robots\" content=\"index, follow, max-snippet:-1, max-image-preview:large, max-video-preview:-1\" \/>\n<link rel=\"canonical\" href=\"https:\/\/www.manaus.am.gov.br\/semcom\/prefeitura-de-manaus-apresenta-a-cmm-acoes-de-cultura-e-turismo-do-segundo-trimestre-do-ano\/\" \/>\n<meta property=\"og:locale\" content=\"pt_BR\" \/>\n<meta property=\"og:type\" content=\"article\" \/>\n<meta property=\"og:title\" content=\"Prefeitura de Manaus apresenta \u00e0 CMM a\u00e7\u00f5es de cultura e turismo\" \/>\n<meta property=\"og:description\" content=\"A Prefeitura de Manaus, apresentou, nesta segunda-feira, 17\/4, \u00e0 CMM, diversos projetos para serem trabalhados em toda a cidade, com destaque para o Arte pela Cidade e o Festival Folcl\u00f3rico do Amazonas, previstos para este segundo trimestre de 2023.\" \/>\n<meta property=\"og:url\" content=\"https:\/\/www.manaus.am.gov.br\/semcom\/prefeitura-de-manaus-apresenta-a-cmm-acoes-de-cultura-e-turismo-do-segundo-trimestre-do-ano\/\" \/>\n<meta property=\"og:site_name\" content=\"SEMCOM\" \/>\n<meta property=\"article:published_time\" content=\"2023-04-18T00:54:09+00:00\" \/>\n<meta property=\"article:modified_time\" content=\"2023-04-18T17:20:46+00:00\" \/>\n<meta property=\"og:image\" content=\"https:\/\/www.manaus.am.gov.br\/semcom\/wp-content\/uploads\/sites\/5\/2023\/04\/IMG_2452-scaled.jpg\" \/>\n\t<meta property=\"og:image:width\" content=\"2560\" \/>\n\t<meta property=\"og:image:height\" content=\"1707\" \/>\n\t<meta property=\"og:image:type\" content=\"image\/jpeg\" \/>\n<meta name=\"author\" content=\"Renata Felix\" \/>\n<meta name=\"twitter:card\" content=\"summary_large_image\" \/>\n<meta name=\"twitter:label1\" content=\"Written by\" \/>\n\t<meta name=\"twitter:data1\" content=\"Renata Felix\" \/>\n\t<meta name=\"twitter:label2\" content=\"Est. reading time\" \/>\n\t<meta name=\"twitter:data2\" content=\"2 minutos\" \/>\n<script type=\"application\/ld+json\" class=\"yoast-schema-graph\">{\"@context\":\"https:\/\/schema.org\",\"@graph\":[{\"@type\":\"WebPage\",\"@id\":\"https:\/\/www.manaus.am.gov.br\/semcom\/prefeitura-de-manaus-apresenta-a-cmm-acoes-de-cultura-e-turismo-do-segundo-trimestre-do-ano\/\",\"url\":\"https:\/\/www.manaus.am.gov.br\/semcom\/prefeitura-de-manaus-apresenta-a-cmm-acoes-de-cultura-e-turismo-do-segundo-trimestre-do-ano\/\",\"name\":\"Prefeitura de Manaus apresenta \u00e0 CMM a\u00e7\u00f5es de cultura e turismo\",\"isPartOf\":{\"@id\":\"https:\/\/www.manaus.am.gov.br\/semcom\/#website\"},\"primaryImageOfPage\":{\"@id\":\"https:\/\/www.manaus.am.gov.br\/semcom\/prefeitura-de-manaus-apresenta-a-cmm-acoes-de-cultura-e-turismo-do-segundo-trimestre-do-ano\/#primaryimage\"},\"image\":{\"@id\":\"https:\/\/www.manaus.am.gov.br\/semcom\/prefeitura-de-manaus-apresenta-a-cmm-acoes-de-cultura-e-turismo-do-segundo-trimestre-do-ano\/#primaryimage\"},\"thumbnailUrl\":\"https:\/\/www.manaus.am.gov.br\/semcom\/wp-content\/uploads\/sites\/5\/2023\/04\/IMG_2452-scaled.jpg\",\"datePublished\":\"2023-04-18T00:54:09+00:00\",\"dateModified\":\"2023-04-18T17:20:46+00:00\",\"author\":{\"@id\":\"https:\/\/www.manaus.am.gov.br\/semcom\/#\/schema\/person\/4eea2a8f78dc853097abb026f728aa06\"},\"description\":\"A Prefeitura de Manaus, apresentou, nesta segunda-feira, 17\/4, \u00e0 CMM, diversos projetos para serem trabalhados em toda a cidade, com destaque para o Arte pela Cidade e o Festival Folcl\u00f3rico do Amazonas, previstos para este segundo trimestre de 2023.\",\"inLanguage\":\"pt-BR\",\"potentialAction\":[{\"@type\":\"ReadAction\",\"target\":[\"https:\/\/www.manaus.am.gov.br\/semcom\/prefeitura-de-manaus-apresenta-a-cmm-acoes-de-cultura-e-turismo-do-segundo-trimestre-do-ano\/\"]}]},{\"@type\":\"ImageObject\",\"inLanguage\":\"pt-BR\",\"@id\":\"https:\/\/www.manaus.am.gov.br\/semcom\/prefeitura-de-manaus-apresenta-a-cmm-acoes-de-cultura-e-turismo-do-segundo-trimestre-do-ano\/#primaryimage\",\"url\":\"https:\/\/www.manaus.am.gov.br\/semcom\/wp-content\/uploads\/sites\/5\/2023\/04\/IMG_2452-scaled.jpg\",\"contentUrl\":\"https:\/\/www.manaus.am.gov.br\/semcom\/wp-content\/uploads\/sites\/5\/2023\/04\/IMG_2452-scaled.jpg\",\"width\":2560,\"height\":1707},{\"@type\":\"WebSite\",\"@id\":\"https:\/\/www.manaus.am.gov.br\/semcom\/#website\",\"url\":\"https:\/\/www.manaus.am.gov.br\/semcom\/\",\"name\":\"SEMCOM\",\"description\":\"Secretaria Municipal de Comunica\u00e7\u00e3o\",\"potentialAction\":[{\"@type\":\"SearchAction\",\"target\":{\"@type\":\"EntryPoint\",\"urlTemplate\":\"https:\/\/www.manaus.am.gov.br\/semcom\/?s={search_term_string}\"},\"query-input\":\"required name=search_term_string\"}],\"inLanguage\":\"pt-BR\"},{\"@type\":\"Person\",\"@id\":\"https:\/\/www.manaus.am.gov.br\/semcom\/#\/schema\/person\/4eea2a8f78dc853097abb026f728aa06\",\"name\":\"Renata Felix\",\"image\":{\"@type\":\"ImageObject\",\"inLanguage\":\"pt-BR\",\"@id\":\"https:\/\/www.manaus.am.gov.br\/semcom\/#\/schema\/person\/image\/\",\"url\":\"https:\/\/secure.gravatar.com\/avatar\/3c196cf9d3b837b24c8edb2c50fd8f29?s=96&d=mm&r=g\",\"contentUrl\":\"https:\/\/secure.gravatar.com\/avatar\/3c196cf9d3b837b24c8edb2c50fd8f29?s=96&d=mm&r=g\",\"caption\":\"Renata Felix\"}}]}<\/script>\n<!-- \/ Yoast SEO plugin. -->","yoast_head_json":{"title":"Prefeitura de Manaus apresenta \u00e0 CMM a\u00e7\u00f5es de cultura e turismo","description":"A Prefeitura de Manaus, apresentou, nesta segunda-feira, 17\/4, \u00e0 CMM, diversos projetos para serem trabalhados em toda a cidade, com destaque para o Arte pela Cidade e o Festival Folcl\u00f3rico do Amazonas, previstos para este segundo trimestre de 2023.","robots":{"index":"index","follow":"follow","max-snippet":"max-snippet:-1","max-image-preview":"max-image-preview:large","max-video-preview":"max-video-preview:-1"},"canonical":"https:\/\/www.manaus.am.gov.br\/semcom\/prefeitura-de-manaus-apresenta-a-cmm-acoes-de-cultura-e-turismo-do-segundo-trimestre-do-ano\/","og_locale":"pt_BR","og_type":"article","og_title":"Prefeitura de Manaus apresenta \u00e0 CMM a\u00e7\u00f5es de cultura e turismo","og_description":"A Prefeitura de Manaus, apresentou, nesta segunda-feira, 17\/4, \u00e0 CMM, diversos projetos para serem trabalhados em toda a cidade, com destaque para o Arte pela Cidade e o Festival Folcl\u00f3rico do Amazonas, previstos para este segundo trimestre de 2023.","og_url":"https:\/\/www.manaus.am.gov.br\/semcom\/prefeitura-de-manaus-apresenta-a-cmm-acoes-de-cultura-e-turismo-do-segundo-trimestre-do-ano\/","og_site_name":"SEMCOM","article_published_time":"2023-04-18T00:54:09+00:00","article_modified_time":"2023-04-18T17:20:46+00:00","og_image":[{"width":2560,"height":1707,"url":"https:\/\/www.manaus.am.gov.br\/semcom\/wp-content\/uploads\/sites\/5\/2023\/04\/IMG_2452-scaled.jpg","type":"image\/jpeg"}],"author":"Renata Felix","twitter_card":"summary_large_image","twitter_misc":{"Written by":"Renata Felix","Est. reading time":"2 minutos"},"schema":{"@context":"https:\/\/schema.org","@graph":[{"@type":"WebPage","@id":"https:\/\/www.manaus.am.gov.br\/semcom\/prefeitura-de-manaus-apresenta-a-cmm-acoes-de-cultura-e-turismo-do-segundo-trimestre-do-ano\/","url":"https:\/\/www.manaus.am.gov.br\/semcom\/prefeitura-de-manaus-apresenta-a-cmm-acoes-de-cultura-e-turismo-do-segundo-trimestre-do-ano\/","name":"Prefeitura de Manaus apresenta \u00e0 CMM a\u00e7\u00f5es de cultura e turismo","isPartOf":{"@id":"https:\/\/www.manaus.am.gov.br\/semcom\/#website"},"primaryImageOfPage":{"@id":"https:\/\/www.manaus.am.gov.br\/semcom\/prefeitura-de-manaus-apresenta-a-cmm-acoes-de-cultura-e-turismo-do-segundo-trimestre-do-ano\/#primaryimage"},"image":{"@id":"https:\/\/www.manaus.am.gov.br\/semcom\/prefeitura-de-manaus-apresenta-a-cmm-acoes-de-cultura-e-turismo-do-segundo-trimestre-do-ano\/#primaryimage"},"thumbnailUrl":"https:\/\/www.manaus.am.gov.br\/semcom\/wp-content\/uploads\/sites\/5\/2023\/04\/IMG_2452-scaled.jpg","datePublished":"2023-04-18T00:54:09+00:00","dateModified":"2023-04-18T17:20:46+00:00","author":{"@id":"https:\/\/www.manaus.am.gov.br\/semcom\/#\/schema\/person\/4eea2a8f78dc853097abb026f728aa06"},"description":"A Prefeitura de Manaus, apresentou, nesta segunda-feira, 17\/4, \u00e0 CMM, diversos projetos para serem trabalhados em toda a cidade, com destaque para o Arte pela Cidade e o Festival Folcl\u00f3rico do Amazonas, previstos para este segundo trimestre de 2023.","inLanguage":"pt-BR","potentialAction":[{"@type":"ReadAction","target":["https:\/\/www.manaus.am.gov.br\/semcom\/prefeitura-de-manaus-apresenta-a-cmm-acoes-de-cultura-e-turismo-do-segundo-trimestre-do-ano\/"]}]},{"@type":"ImageObject","inLanguage":"pt-BR","@id":"https:\/\/www.manaus.am.gov.br\/semcom\/prefeitura-de-manaus-apresenta-a-cmm-acoes-de-cultura-e-turismo-do-segundo-trimestre-do-ano\/#primaryimage","url":"https:\/\/www.manaus.am.gov.br\/semcom\/wp-content\/uploads\/sites\/5\/2023\/04\/IMG_2452-scaled.jpg","contentUrl":"https:\/\/www.manaus.am.gov.br\/semcom\/wp-content\/uploads\/sites\/5\/2023\/04\/IMG_2452-scaled.jpg","width":2560,"height":1707},{"@type":"WebSite","@id":"https:\/\/www.manaus.am.gov.br\/semcom\/#website","url":"https:\/\/www.manaus.am.gov.br\/semcom\/","name":"SEMCOM","description":"Secretaria Municipal de Comunica\u00e7\u00e3o","potentialAction":[{"@type":"SearchAction","target":{"@type":"EntryPoint","urlTemplate":"https:\/\/www.manaus.am.gov.br\/semcom\/?s={search_term_string}"},"query-input":"required name=search_term_string"}],"inLanguage":"pt-BR"},{"@type":"Person","@id":"https:\/\/www.manaus.am.gov.br\/semcom\/#\/schema\/person\/4eea2a8f78dc853097abb026f728aa06","name":"Renata Felix","image":{"@type":"ImageObject","inLanguage":"pt-BR","@id":"https:\/\/www.manaus.am.gov.br\/semcom\/#\/schema\/person\/image\/","url":"https:\/\/secure.gravatar.com\/avatar\/3c196cf9d3b837b24c8edb2c50fd8f29?s=96&d=mm&r=g","contentUrl":"https:\/\/secure.gravatar.com\/avatar\/3c196cf9d3b837b24c8edb2c50fd8f29?s=96&d=mm&r=g","caption":"Renata Felix"}}]}},"_links":{"self":[{"href":"https:\/\/www.manaus.am.gov.br\/semcom\/wp-json\/wp\/v2\/posts\/212226"}],"collection":[{"href":"https:\/\/www.manaus.am.gov.br\/semcom\/wp-json\/wp\/v2\/posts"}],"about":[{"href":"https:\/\/www.manaus.am.gov.br\/semcom\/wp-json\/wp\/v2\/types\/post"}],"author":[{"embeddable":true,"href":"https:\/\/www.manaus.am.gov.br\/semcom\/wp-json\/wp\/v2\/users\/31"}],"replies":[{"embeddable":true,"href":"https:\/\/www.manaus.am.gov.br\/semcom\/wp-json\/wp\/v2\/comments?post=212226"}],"version-history":[{"count":1,"href":"https:\/\/www.manaus.am.gov.br\/semcom\/wp-json\/wp\/v2\/posts\/212226\/revisions"}],"predecessor-version":[{"id":212240,"href":"https:\/\/www.manaus.am.gov.br\/semcom\/wp-json\/wp\/v2\/posts\/212226\/revisions\/212240"}],"wp:featuredmedia":[{"embeddable":true,"href":"https:\/\/www.manaus.am.gov.br\/semcom\/wp-json\/wp\/v2\/media\/212227"}],"wp:attachment":[{"href":"https:\/\/www.manaus.am.gov.br\/semcom\/wp-json\/wp\/v2\/media?parent=212226"}],"wp:term":[{"taxonomy":"category","embeddable":true,"href":"https:\/\/www.manaus.am.gov.br\/semcom\/wp-json\/wp\/v2\/categories?post=212226"},{"taxonomy":"post_tag","embeddable":true,"href":"https:\/\/www.manaus.am.gov.br\/semcom\/wp-json\/wp\/v2\/tags?post=212226"}],"curies":[{"name":"wp","href":"https:\/\/api.w.org\/{rel}","templated":true}]}}