{"id":212205,"date":"2023-04-17T17:04:57","date_gmt":"2023-04-17T20:04:57","guid":{"rendered":"https:\/\/www.manaus.am.gov.br\/semcom\/conselho-de-assistencia-social-de-manaus-realiza-oficina-de-avaliacao-com-usuarios-do-suas\/"},"modified":"2023-04-17T17:04:58","modified_gmt":"2023-04-17T20:04:58","slug":"conselho-de-assistencia-social-de-manaus-realiza-oficina-de-avaliacao-com-usuarios-do-suas","status":"publish","type":"post","link":"https:\/\/www.manaus.am.gov.br\/semcom\/conselho-de-assistencia-social-de-manaus-realiza-oficina-de-avaliacao-com-usuarios-do-suas\/","title":{"rendered":"<strong>Conselho de Assist\u00eancia Social de Manaus realiza oficina de avalia\u00e7\u00e3o com usu\u00e1rios do Suas<\/strong>"},"content":{"rendered":"\n<p>O Conselho Municipal de Assist\u00eancia Social (CMAS\/Manaus), \u00f3rg\u00e3o de controle social integrante do Sistema \u00danico de Assist\u00eancia Social (Suas), realiza, na pr\u00f3xima quinta-feira, 20\/4, a oficina \u201cCh\u00e1 com os usu\u00e1rios do Suas&#8221;, com o objetivo de promover a participa\u00e7\u00e3o direta dos benefici\u00e1rios no processo de avalia\u00e7\u00e3o do sistema. O evento ser\u00e1 realizado das 13h \u00e0s 16h, na avenida Autaz Mirim, 5.561, bairro S\u00e3o Jos\u00e9 Oper\u00e1rio, zona Leste.<\/p>\n\n\n\n<p>O CMAS convida os usu\u00e1rios do Suas, residentes nas zonas Norte e Leste da capital amazonense, a participarem do encontro. O conselho ressalta que a oficina \u00e9 importante para o fortalecimento do Suas e para isso quer ouvir a opini\u00e3o dos benefici\u00e1rios sobre a oferta dos servi\u00e7os pela rede socioassistencial p\u00fablica e complementar.&nbsp; O encontro tamb\u00e9m ser\u00e1 realizado, posteriormente, em outras zonas da cidade.<\/p>\n\n\n\n<p>O presidente do CMAS, conselheiro Paulo Lamego, destaca a import\u00e2ncia da iniciativa. &#8220;S\u00f3 ser\u00e1 poss\u00edvel promover mudan\u00e7as e melhorar o sistema ouvindo os interessados. Pol\u00edtica p\u00fablica n\u00e3o se constr\u00f3i por procura\u00e7\u00e3o, \u00e9 preciso proatividade dos interessados, e o CMAS n\u00e3o s\u00f3 cumpre a sua obriga\u00e7\u00e3o constitucional de fiscalizar, acompanhar e monitorar, mas tamb\u00e9m promove audi\u00eancias p\u00fablicas para fazer a escuta qualificada de como anda a entrega dos servi\u00e7os aos seus usu\u00e1rios. Assim, a presen\u00e7a \u00e9 importante, necess\u00e1ria e indispens\u00e1vel&#8221;, afirmou.<\/p>\n\n\n\n<p><strong>Como participar<\/strong><\/p>\n\n\n\n<p>Os interessados em participar da oficina poder\u00e3o se inscrever at\u00e9 a pr\u00f3xima quarta-feira, 19\/4, de forma presencial nos Cras situados nas zonas Norte e Leste de Manaus, ou via organiza\u00e7\u00f5es habilitadas de assist\u00eancia social junto ao CMAS.<\/p>\n\n\n\n<p><strong>14\u00b0 Confer\u00eancia Municipal da Assist\u00eancia Social de Manaus<\/strong><\/p>\n\n\n\n<p>A oficina \u201cCh\u00e1 com os usu\u00e1rios do Suas\u201d ser\u00e1 uma pr\u00e9via da 14\u00aa Confer\u00eancia Municipal da Assist\u00eancia Social de Manaus, que ser\u00e1 realizada em julho deste ano, cujo objetivo \u00e9 promover um espa\u00e7o democr\u00e1tico para que a sociedade possa conferir, avaliar e deliberar sobre o funcionamento e execu\u00e7\u00e3o das pol\u00edticas p\u00fablicas destinadas ao atendimento das necessidades b\u00e1sicas das pessoas em situa\u00e7\u00e3o de vulnerabilidade social. A confer\u00eancia constitui ainda espa\u00e7o para construir propostas, ideias para o progresso econ\u00f4mico e social dessas pessoas.<\/p>\n\n\n\n<p>&#8212; &#8212; &#8212;<\/p>\n\n\n\n<p><strong>Texto \u2013&nbsp;<\/strong>Divulga\u00e7\u00e3o \/ Semasc<\/p>\n\n\n\n<p><strong>Foto&nbsp;<\/strong>\u2013 Jo\u00e3o Viana \/ Arquivo Semcom<\/p>\n\n\n\n<p>Dispon\u00edvel em &#8211;\u00a0<a href=\"https:\/\/flic.kr\/p\/2odGwmq\" target=\"_blank\" rel=\"noreferrer noopener\">https:\/\/flic.kr\/p\/2odGwmq<\/a><\/p>\n","protected":false},"excerpt":{"rendered":"","protected":false},"author":31,"featured_media":212206,"comment_status":"closed","ping_status":"closed","sticky":false,"template":"","format":"standard","meta":{"footnotes":""},"categories":[1895],"tags":[3127,249,3435],"acf":[],"yoast_head":"<!-- This site is optimized with the Yoast SEO plugin v23.0 - https:\/\/yoast.com\/wordpress\/plugins\/seo\/ -->\n<title>Conselho de Assist\u00eancia Social de Manaus realiza oficina de avalia\u00e7\u00e3o com usu\u00e1rios do Suas - SEMCOM<\/title>\n<meta name=\"robots\" content=\"index, follow, max-snippet:-1, max-image-preview:large, max-video-preview:-1\" \/>\n<link rel=\"canonical\" href=\"https:\/\/www.manaus.am.gov.br\/semcom\/conselho-de-assistencia-social-de-manaus-realiza-oficina-de-avaliacao-com-usuarios-do-suas\/\" \/>\n<meta property=\"og:locale\" content=\"pt_BR\" \/>\n<meta property=\"og:type\" content=\"article\" \/>\n<meta property=\"og:title\" content=\"Conselho de Assist\u00eancia Social de Manaus realiza oficina de avalia\u00e7\u00e3o com usu\u00e1rios do Suas - SEMCOM\" \/>\n<meta property=\"og:url\" content=\"https:\/\/www.manaus.am.gov.br\/semcom\/conselho-de-assistencia-social-de-manaus-realiza-oficina-de-avaliacao-com-usuarios-do-suas\/\" \/>\n<meta property=\"og:site_name\" content=\"SEMCOM\" \/>\n<meta property=\"article:published_time\" content=\"2023-04-17T20:04:57+00:00\" \/>\n<meta property=\"article:modified_time\" content=\"2023-04-17T20:04:58+00:00\" \/>\n<meta property=\"og:image\" content=\"https:\/\/www.manaus.am.gov.br\/semcom\/wp-content\/uploads\/sites\/5\/2023\/04\/52652245976_e1d1857fdd_c.jpg\" \/>\n\t<meta property=\"og:image:width\" content=\"799\" \/>\n\t<meta property=\"og:image:height\" content=\"533\" \/>\n\t<meta property=\"og:image:type\" content=\"image\/jpeg\" \/>\n<meta name=\"author\" content=\"Renata Felix\" \/>\n<meta name=\"twitter:card\" content=\"summary_large_image\" \/>\n<meta name=\"twitter:label1\" content=\"Written by\" \/>\n\t<meta name=\"twitter:data1\" content=\"Renata Felix\" \/>\n\t<meta name=\"twitter:label2\" content=\"Est. reading time\" \/>\n\t<meta name=\"twitter:data2\" content=\"2 minutos\" \/>\n<script type=\"application\/ld+json\" class=\"yoast-schema-graph\">{\"@context\":\"https:\/\/schema.org\",\"@graph\":[{\"@type\":\"WebPage\",\"@id\":\"https:\/\/www.manaus.am.gov.br\/semcom\/conselho-de-assistencia-social-de-manaus-realiza-oficina-de-avaliacao-com-usuarios-do-suas\/\",\"url\":\"https:\/\/www.manaus.am.gov.br\/semcom\/conselho-de-assistencia-social-de-manaus-realiza-oficina-de-avaliacao-com-usuarios-do-suas\/\",\"name\":\"Conselho de Assist\u00eancia Social de Manaus realiza oficina de avalia\u00e7\u00e3o com usu\u00e1rios do Suas - SEMCOM\",\"isPartOf\":{\"@id\":\"https:\/\/www.manaus.am.gov.br\/semcom\/#website\"},\"primaryImageOfPage\":{\"@id\":\"https:\/\/www.manaus.am.gov.br\/semcom\/conselho-de-assistencia-social-de-manaus-realiza-oficina-de-avaliacao-com-usuarios-do-suas\/#primaryimage\"},\"image\":{\"@id\":\"https:\/\/www.manaus.am.gov.br\/semcom\/conselho-de-assistencia-social-de-manaus-realiza-oficina-de-avaliacao-com-usuarios-do-suas\/#primaryimage\"},\"thumbnailUrl\":\"https:\/\/www.manaus.am.gov.br\/semcom\/wp-content\/uploads\/sites\/5\/2023\/04\/52652245976_e1d1857fdd_c.jpg\",\"datePublished\":\"2023-04-17T20:04:57+00:00\",\"dateModified\":\"2023-04-17T20:04:58+00:00\",\"author\":{\"@id\":\"https:\/\/www.manaus.am.gov.br\/semcom\/#\/schema\/person\/4eea2a8f78dc853097abb026f728aa06\"},\"inLanguage\":\"pt-BR\",\"potentialAction\":[{\"@type\":\"ReadAction\",\"target\":[\"https:\/\/www.manaus.am.gov.br\/semcom\/conselho-de-assistencia-social-de-manaus-realiza-oficina-de-avaliacao-com-usuarios-do-suas\/\"]}]},{\"@type\":\"ImageObject\",\"inLanguage\":\"pt-BR\",\"@id\":\"https:\/\/www.manaus.am.gov.br\/semcom\/conselho-de-assistencia-social-de-manaus-realiza-oficina-de-avaliacao-com-usuarios-do-suas\/#primaryimage\",\"url\":\"https:\/\/www.manaus.am.gov.br\/semcom\/wp-content\/uploads\/sites\/5\/2023\/04\/52652245976_e1d1857fdd_c.jpg\",\"contentUrl\":\"https:\/\/www.manaus.am.gov.br\/semcom\/wp-content\/uploads\/sites\/5\/2023\/04\/52652245976_e1d1857fdd_c.jpg\",\"width\":799,\"height\":533},{\"@type\":\"WebSite\",\"@id\":\"https:\/\/www.manaus.am.gov.br\/semcom\/#website\",\"url\":\"https:\/\/www.manaus.am.gov.br\/semcom\/\",\"name\":\"SEMCOM\",\"description\":\"Secretaria Municipal de Comunica\u00e7\u00e3o\",\"potentialAction\":[{\"@type\":\"SearchAction\",\"target\":{\"@type\":\"EntryPoint\",\"urlTemplate\":\"https:\/\/www.manaus.am.gov.br\/semcom\/?s={search_term_string}\"},\"query-input\":\"required name=search_term_string\"}],\"inLanguage\":\"pt-BR\"},{\"@type\":\"Person\",\"@id\":\"https:\/\/www.manaus.am.gov.br\/semcom\/#\/schema\/person\/4eea2a8f78dc853097abb026f728aa06\",\"name\":\"Renata Felix\",\"image\":{\"@type\":\"ImageObject\",\"inLanguage\":\"pt-BR\",\"@id\":\"https:\/\/www.manaus.am.gov.br\/semcom\/#\/schema\/person\/image\/\",\"url\":\"https:\/\/secure.gravatar.com\/avatar\/3c196cf9d3b837b24c8edb2c50fd8f29?s=96&d=mm&r=g\",\"contentUrl\":\"https:\/\/secure.gravatar.com\/avatar\/3c196cf9d3b837b24c8edb2c50fd8f29?s=96&d=mm&r=g\",\"caption\":\"Renata Felix\"}}]}<\/script>\n<!-- \/ Yoast SEO plugin. -->","yoast_head_json":{"title":"Conselho de Assist\u00eancia Social de Manaus realiza oficina de avalia\u00e7\u00e3o com usu\u00e1rios do Suas - SEMCOM","robots":{"index":"index","follow":"follow","max-snippet":"max-snippet:-1","max-image-preview":"max-image-preview:large","max-video-preview":"max-video-preview:-1"},"canonical":"https:\/\/www.manaus.am.gov.br\/semcom\/conselho-de-assistencia-social-de-manaus-realiza-oficina-de-avaliacao-com-usuarios-do-suas\/","og_locale":"pt_BR","og_type":"article","og_title":"Conselho de Assist\u00eancia Social de Manaus realiza oficina de avalia\u00e7\u00e3o com usu\u00e1rios do Suas - SEMCOM","og_url":"https:\/\/www.manaus.am.gov.br\/semcom\/conselho-de-assistencia-social-de-manaus-realiza-oficina-de-avaliacao-com-usuarios-do-suas\/","og_site_name":"SEMCOM","article_published_time":"2023-04-17T20:04:57+00:00","article_modified_time":"2023-04-17T20:04:58+00:00","og_image":[{"width":799,"height":533,"url":"https:\/\/www.manaus.am.gov.br\/semcom\/wp-content\/uploads\/sites\/5\/2023\/04\/52652245976_e1d1857fdd_c.jpg","type":"image\/jpeg"}],"author":"Renata Felix","twitter_card":"summary_large_image","twitter_misc":{"Written by":"Renata Felix","Est. reading time":"2 minutos"},"schema":{"@context":"https:\/\/schema.org","@graph":[{"@type":"WebPage","@id":"https:\/\/www.manaus.am.gov.br\/semcom\/conselho-de-assistencia-social-de-manaus-realiza-oficina-de-avaliacao-com-usuarios-do-suas\/","url":"https:\/\/www.manaus.am.gov.br\/semcom\/conselho-de-assistencia-social-de-manaus-realiza-oficina-de-avaliacao-com-usuarios-do-suas\/","name":"Conselho de Assist\u00eancia Social de Manaus realiza oficina de avalia\u00e7\u00e3o com usu\u00e1rios do Suas - SEMCOM","isPartOf":{"@id":"https:\/\/www.manaus.am.gov.br\/semcom\/#website"},"primaryImageOfPage":{"@id":"https:\/\/www.manaus.am.gov.br\/semcom\/conselho-de-assistencia-social-de-manaus-realiza-oficina-de-avaliacao-com-usuarios-do-suas\/#primaryimage"},"image":{"@id":"https:\/\/www.manaus.am.gov.br\/semcom\/conselho-de-assistencia-social-de-manaus-realiza-oficina-de-avaliacao-com-usuarios-do-suas\/#primaryimage"},"thumbnailUrl":"https:\/\/www.manaus.am.gov.br\/semcom\/wp-content\/uploads\/sites\/5\/2023\/04\/52652245976_e1d1857fdd_c.jpg","datePublished":"2023-04-17T20:04:57+00:00","dateModified":"2023-04-17T20:04:58+00:00","author":{"@id":"https:\/\/www.manaus.am.gov.br\/semcom\/#\/schema\/person\/4eea2a8f78dc853097abb026f728aa06"},"inLanguage":"pt-BR","potentialAction":[{"@type":"ReadAction","target":["https:\/\/www.manaus.am.gov.br\/semcom\/conselho-de-assistencia-social-de-manaus-realiza-oficina-de-avaliacao-com-usuarios-do-suas\/"]}]},{"@type":"ImageObject","inLanguage":"pt-BR","@id":"https:\/\/www.manaus.am.gov.br\/semcom\/conselho-de-assistencia-social-de-manaus-realiza-oficina-de-avaliacao-com-usuarios-do-suas\/#primaryimage","url":"https:\/\/www.manaus.am.gov.br\/semcom\/wp-content\/uploads\/sites\/5\/2023\/04\/52652245976_e1d1857fdd_c.jpg","contentUrl":"https:\/\/www.manaus.am.gov.br\/semcom\/wp-content\/uploads\/sites\/5\/2023\/04\/52652245976_e1d1857fdd_c.jpg","width":799,"height":533},{"@type":"WebSite","@id":"https:\/\/www.manaus.am.gov.br\/semcom\/#website","url":"https:\/\/www.manaus.am.gov.br\/semcom\/","name":"SEMCOM","description":"Secretaria Municipal de Comunica\u00e7\u00e3o","potentialAction":[{"@type":"SearchAction","target":{"@type":"EntryPoint","urlTemplate":"https:\/\/www.manaus.am.gov.br\/semcom\/?s={search_term_string}"},"query-input":"required name=search_term_string"}],"inLanguage":"pt-BR"},{"@type":"Person","@id":"https:\/\/www.manaus.am.gov.br\/semcom\/#\/schema\/person\/4eea2a8f78dc853097abb026f728aa06","name":"Renata Felix","image":{"@type":"ImageObject","inLanguage":"pt-BR","@id":"https:\/\/www.manaus.am.gov.br\/semcom\/#\/schema\/person\/image\/","url":"https:\/\/secure.gravatar.com\/avatar\/3c196cf9d3b837b24c8edb2c50fd8f29?s=96&d=mm&r=g","contentUrl":"https:\/\/secure.gravatar.com\/avatar\/3c196cf9d3b837b24c8edb2c50fd8f29?s=96&d=mm&r=g","caption":"Renata Felix"}}]}},"_links":{"self":[{"href":"https:\/\/www.manaus.am.gov.br\/semcom\/wp-json\/wp\/v2\/posts\/212205"}],"collection":[{"href":"https:\/\/www.manaus.am.gov.br\/semcom\/wp-json\/wp\/v2\/posts"}],"about":[{"href":"https:\/\/www.manaus.am.gov.br\/semcom\/wp-json\/wp\/v2\/types\/post"}],"author":[{"embeddable":true,"href":"https:\/\/www.manaus.am.gov.br\/semcom\/wp-json\/wp\/v2\/users\/31"}],"replies":[{"embeddable":true,"href":"https:\/\/www.manaus.am.gov.br\/semcom\/wp-json\/wp\/v2\/comments?post=212205"}],"version-history":[{"count":0,"href":"https:\/\/www.manaus.am.gov.br\/semcom\/wp-json\/wp\/v2\/posts\/212205\/revisions"}],"wp:featuredmedia":[{"embeddable":true,"href":"https:\/\/www.manaus.am.gov.br\/semcom\/wp-json\/wp\/v2\/media\/212206"}],"wp:attachment":[{"href":"https:\/\/www.manaus.am.gov.br\/semcom\/wp-json\/wp\/v2\/media?parent=212205"}],"wp:term":[{"taxonomy":"category","embeddable":true,"href":"https:\/\/www.manaus.am.gov.br\/semcom\/wp-json\/wp\/v2\/categories?post=212205"},{"taxonomy":"post_tag","embeddable":true,"href":"https:\/\/www.manaus.am.gov.br\/semcom\/wp-json\/wp\/v2\/tags?post=212205"}],"curies":[{"name":"wp","href":"https:\/\/api.w.org\/{rel}","templated":true}]}}