{"id":212087,"date":"2023-04-14T16:53:55","date_gmt":"2023-04-14T19:53:55","guid":{"rendered":"https:\/\/www.manaus.am.gov.br\/semcom\/prefeitura-de-manaus-e-cmdca-dao-inicio-ao-processo-eleitoral-de-novos-conselheiros-tutelares\/"},"modified":"2023-04-14T16:53:56","modified_gmt":"2023-04-14T19:53:56","slug":"prefeitura-de-manaus-e-cmdca-dao-inicio-ao-processo-eleitoral-de-novos-conselheiros-tutelares","status":"publish","type":"post","link":"https:\/\/www.manaus.am.gov.br\/semcom\/prefeitura-de-manaus-e-cmdca-dao-inicio-ao-processo-eleitoral-de-novos-conselheiros-tutelares\/","title":{"rendered":"<strong>Prefeitura de Manaus e CMDCA d\u00e3o in\u00edcio ao processo eleitoral de novos conselheiros tutelares<\/strong>"},"content":{"rendered":"\n<p>A Prefeitura de Manaus, por meio da Secretaria Municipal da Mulher, Assist\u00eancia Social e Cidadania (Semasc), e o Conselho Municipal dos Direitos da Crian\u00e7a e do Adolescente (CMDCA) tornaram p\u00fablica, por meio de edital publicado na Edi\u00e7\u00e3o 5565 do Di\u00e1rio Oficial do Munic\u00edpio, de 13\/4, a abertura do processo de escolha dos membros dos Conselhos Tutelares de Manaus, durante o quadri\u00eanio 2023\/2027.<\/p>\n\n\n\n<p>As inscri\u00e7\u00f5es e o processo de habilita\u00e7\u00e3o dos pr\u00e9-candidatos estar\u00e3o abertos a partir de segunda-feira, 17\/4, e se encerrar\u00e3o no dia 19\/5, com as inscri\u00e7\u00f5es devendo ser realizadas na sede do CMDCA, localizada no Centro Social Urbano (CSU) Parque 10, na avenida Perimetral, n\u00ba22, bairro Parque 10 de Novembro, zona Centro-Sul.<\/p>\n\n\n\n<p>\u201cO Conselho Tutelar \u00e9 uma pe\u00e7a fundamental na rede de prote\u00e7\u00e3o de crian\u00e7as e adolescentes e conselheiros bem capacitados, treinados e conhecedores do Estatuto da Crian\u00e7a e do Adolescente fortalecem, de maneira geral, toda a prote\u00e7\u00e3o social da cidade de Manaus\u201d, afirmou o secret\u00e1rio titular da Semasc, Eduardo Lucas.<\/p>\n\n\n\n<p><strong>Requisitos<\/strong><\/p>\n\n\n\n<p>Para se inscrever, o candidato precisa ter idade a partir de 21 anos, residir no munic\u00edpio de Manaus h\u00e1 pelo menos dois anos, ter experi\u00eancia com atividades de defesa, atendimento ou promo\u00e7\u00e3o dos direitos da crian\u00e7a e do adolescente, com o m\u00ednimo de dois anos de trabalho na \u00e1rea, estar em dia com as obriga\u00e7\u00f5es eleitorais e militares (em caso de candidato do sexo masculino), ser brasileiro nato ou naturalizado, apresentar comprova\u00e7\u00e3o de conclus\u00e3o do ensino m\u00e9dio e ter reconhecida sua idoneidade moral (comprovada por certid\u00f5es originais e atualizadas expedidas pelos foros c\u00edvel e criminal da Justi\u00e7a Federal e Estadual.<\/p>\n\n\n\n<p>Al\u00e9m de estabelecer e detalhar as normas para a realiza\u00e7\u00e3o do pleito, o edital ainda confirma a abertura de vagas para o &#8211; ainda em processo de implanta\u00e7\u00e3o &#8211; Conselho Tutelar da Zona Norte II, a d\u00e9cima unidade do \u00f3rg\u00e3o na cidade. Cada unidade contar\u00e1 com cinco titulares, totalizando 50 conselheiros tutelares eleitos.<\/p>\n\n\n\n<p><a><\/a>De acordo com a presidente do CMDCA, Gra\u00e7a Prola, a nova unidade \u00e9 uma importante adi\u00e7\u00e3o \u00e0 Rede de Prote\u00e7\u00e3o Social da cidade de Manaus. \u201cA zona Norte contar\u00e1 agora com dois conselhos tutelares dentro de sua \u00e1rea, dividindo um conjunto de bairros, comunidades e outras ocupa\u00e7\u00f5es existentes dentro daquele territ\u00f3rio, ampliando e qualificando o atendimento naquela que \u00e9 uma das zonas mais populosas da cidade e fortalecendo toda a rede de prote\u00e7\u00e3o no processo\u201d, explicou.&nbsp;&nbsp;<\/p>\n\n\n\n<p>O edital pode ser lido na \u00edntegra acessando o endere\u00e7o&nbsp;<a href=\"http:\/\/dom.manaus.am.gov.br\/\" target=\"_blank\" rel=\"noreferrer noopener\">dom.manaus.am.gov<\/a>, em que os interessados poder\u00e3o conferir maiores detalhes do processo eleitoral, como o conte\u00fado program\u00e1tico da prova escrita, com data, locais e hor\u00e1rio ainda a serem definidos e publicados pelo CMDCA.&nbsp;<\/p>\n\n\n\n<p>&#8212; &#8212; &#8212;<\/p>\n\n\n\n<p><strong>Texto<\/strong>&nbsp;&#8211; Guilherme Ara\u00fajo Pacheco \/ Semasc<\/p>\n\n\n\n<p><strong>Foto<\/strong>&nbsp;&#8211; Divulga\u00e7\u00e3o \/ Semasc<\/p>\n","protected":false},"excerpt":{"rendered":"","protected":false},"author":31,"featured_media":212088,"comment_status":"closed","ping_status":"closed","sticky":false,"template":"","format":"standard","meta":{"footnotes":""},"categories":[3335],"tags":[3336,3337,3338],"acf":[],"yoast_head":"<!-- This site is optimized with the Yoast SEO plugin v23.0 - https:\/\/yoast.com\/wordpress\/plugins\/seo\/ -->\n<title>Prefeitura de Manaus e CMDCA d\u00e3o in\u00edcio ao processo eleitoral de novos conselheiros tutelares - SEMCOM<\/title>\n<meta name=\"robots\" content=\"index, follow, max-snippet:-1, max-image-preview:large, max-video-preview:-1\" \/>\n<link rel=\"canonical\" href=\"https:\/\/www.manaus.am.gov.br\/semcom\/prefeitura-de-manaus-e-cmdca-dao-inicio-ao-processo-eleitoral-de-novos-conselheiros-tutelares\/\" \/>\n<meta property=\"og:locale\" content=\"pt_BR\" \/>\n<meta property=\"og:type\" content=\"article\" \/>\n<meta property=\"og:title\" content=\"Prefeitura de Manaus e CMDCA d\u00e3o in\u00edcio ao processo eleitoral de novos conselheiros tutelares - SEMCOM\" \/>\n<meta property=\"og:url\" content=\"https:\/\/www.manaus.am.gov.br\/semcom\/prefeitura-de-manaus-e-cmdca-dao-inicio-ao-processo-eleitoral-de-novos-conselheiros-tutelares\/\" \/>\n<meta property=\"og:site_name\" content=\"SEMCOM\" \/>\n<meta property=\"article:published_time\" content=\"2023-04-14T19:53:55+00:00\" \/>\n<meta property=\"article:modified_time\" content=\"2023-04-14T19:53:56+00:00\" \/>\n<meta property=\"og:image\" content=\"https:\/\/www.manaus.am.gov.br\/semcom\/wp-content\/uploads\/sites\/5\/2023\/04\/2-CONSELHEIRO-TUTELAR-EM-ACAO-scaled.jpg\" \/>\n\t<meta property=\"og:image:width\" content=\"2560\" \/>\n\t<meta property=\"og:image:height\" content=\"1707\" \/>\n\t<meta property=\"og:image:type\" content=\"image\/jpeg\" \/>\n<meta name=\"author\" content=\"Renata Felix\" \/>\n<meta name=\"twitter:card\" content=\"summary_large_image\" \/>\n<meta name=\"twitter:label1\" content=\"Written by\" \/>\n\t<meta name=\"twitter:data1\" content=\"Renata Felix\" \/>\n\t<meta name=\"twitter:label2\" content=\"Est. reading time\" \/>\n\t<meta name=\"twitter:data2\" content=\"3 minutos\" \/>\n<script type=\"application\/ld+json\" class=\"yoast-schema-graph\">{\"@context\":\"https:\/\/schema.org\",\"@graph\":[{\"@type\":\"WebPage\",\"@id\":\"https:\/\/www.manaus.am.gov.br\/semcom\/prefeitura-de-manaus-e-cmdca-dao-inicio-ao-processo-eleitoral-de-novos-conselheiros-tutelares\/\",\"url\":\"https:\/\/www.manaus.am.gov.br\/semcom\/prefeitura-de-manaus-e-cmdca-dao-inicio-ao-processo-eleitoral-de-novos-conselheiros-tutelares\/\",\"name\":\"Prefeitura de Manaus e CMDCA d\u00e3o in\u00edcio ao processo eleitoral de novos conselheiros tutelares - SEMCOM\",\"isPartOf\":{\"@id\":\"https:\/\/www.manaus.am.gov.br\/semcom\/#website\"},\"primaryImageOfPage\":{\"@id\":\"https:\/\/www.manaus.am.gov.br\/semcom\/prefeitura-de-manaus-e-cmdca-dao-inicio-ao-processo-eleitoral-de-novos-conselheiros-tutelares\/#primaryimage\"},\"image\":{\"@id\":\"https:\/\/www.manaus.am.gov.br\/semcom\/prefeitura-de-manaus-e-cmdca-dao-inicio-ao-processo-eleitoral-de-novos-conselheiros-tutelares\/#primaryimage\"},\"thumbnailUrl\":\"https:\/\/www.manaus.am.gov.br\/semcom\/wp-content\/uploads\/sites\/5\/2023\/04\/2-CONSELHEIRO-TUTELAR-EM-ACAO-scaled.jpg\",\"datePublished\":\"2023-04-14T19:53:55+00:00\",\"dateModified\":\"2023-04-14T19:53:56+00:00\",\"author\":{\"@id\":\"https:\/\/www.manaus.am.gov.br\/semcom\/#\/schema\/person\/4eea2a8f78dc853097abb026f728aa06\"},\"inLanguage\":\"pt-BR\",\"potentialAction\":[{\"@type\":\"ReadAction\",\"target\":[\"https:\/\/www.manaus.am.gov.br\/semcom\/prefeitura-de-manaus-e-cmdca-dao-inicio-ao-processo-eleitoral-de-novos-conselheiros-tutelares\/\"]}]},{\"@type\":\"ImageObject\",\"inLanguage\":\"pt-BR\",\"@id\":\"https:\/\/www.manaus.am.gov.br\/semcom\/prefeitura-de-manaus-e-cmdca-dao-inicio-ao-processo-eleitoral-de-novos-conselheiros-tutelares\/#primaryimage\",\"url\":\"https:\/\/www.manaus.am.gov.br\/semcom\/wp-content\/uploads\/sites\/5\/2023\/04\/2-CONSELHEIRO-TUTELAR-EM-ACAO-scaled.jpg\",\"contentUrl\":\"https:\/\/www.manaus.am.gov.br\/semcom\/wp-content\/uploads\/sites\/5\/2023\/04\/2-CONSELHEIRO-TUTELAR-EM-ACAO-scaled.jpg\",\"width\":2560,\"height\":1707},{\"@type\":\"WebSite\",\"@id\":\"https:\/\/www.manaus.am.gov.br\/semcom\/#website\",\"url\":\"https:\/\/www.manaus.am.gov.br\/semcom\/\",\"name\":\"SEMCOM\",\"description\":\"Secretaria Municipal de Comunica\u00e7\u00e3o\",\"potentialAction\":[{\"@type\":\"SearchAction\",\"target\":{\"@type\":\"EntryPoint\",\"urlTemplate\":\"https:\/\/www.manaus.am.gov.br\/semcom\/?s={search_term_string}\"},\"query-input\":\"required name=search_term_string\"}],\"inLanguage\":\"pt-BR\"},{\"@type\":\"Person\",\"@id\":\"https:\/\/www.manaus.am.gov.br\/semcom\/#\/schema\/person\/4eea2a8f78dc853097abb026f728aa06\",\"name\":\"Renata Felix\",\"image\":{\"@type\":\"ImageObject\",\"inLanguage\":\"pt-BR\",\"@id\":\"https:\/\/www.manaus.am.gov.br\/semcom\/#\/schema\/person\/image\/\",\"url\":\"https:\/\/secure.gravatar.com\/avatar\/3c196cf9d3b837b24c8edb2c50fd8f29?s=96&d=mm&r=g\",\"contentUrl\":\"https:\/\/secure.gravatar.com\/avatar\/3c196cf9d3b837b24c8edb2c50fd8f29?s=96&d=mm&r=g\",\"caption\":\"Renata Felix\"}}]}<\/script>\n<!-- \/ Yoast SEO plugin. -->","yoast_head_json":{"title":"Prefeitura de Manaus e CMDCA d\u00e3o in\u00edcio ao processo eleitoral de novos conselheiros tutelares - SEMCOM","robots":{"index":"index","follow":"follow","max-snippet":"max-snippet:-1","max-image-preview":"max-image-preview:large","max-video-preview":"max-video-preview:-1"},"canonical":"https:\/\/www.manaus.am.gov.br\/semcom\/prefeitura-de-manaus-e-cmdca-dao-inicio-ao-processo-eleitoral-de-novos-conselheiros-tutelares\/","og_locale":"pt_BR","og_type":"article","og_title":"Prefeitura de Manaus e CMDCA d\u00e3o in\u00edcio ao processo eleitoral de novos conselheiros tutelares - SEMCOM","og_url":"https:\/\/www.manaus.am.gov.br\/semcom\/prefeitura-de-manaus-e-cmdca-dao-inicio-ao-processo-eleitoral-de-novos-conselheiros-tutelares\/","og_site_name":"SEMCOM","article_published_time":"2023-04-14T19:53:55+00:00","article_modified_time":"2023-04-14T19:53:56+00:00","og_image":[{"width":2560,"height":1707,"url":"https:\/\/www.manaus.am.gov.br\/semcom\/wp-content\/uploads\/sites\/5\/2023\/04\/2-CONSELHEIRO-TUTELAR-EM-ACAO-scaled.jpg","type":"image\/jpeg"}],"author":"Renata Felix","twitter_card":"summary_large_image","twitter_misc":{"Written by":"Renata Felix","Est. reading time":"3 minutos"},"schema":{"@context":"https:\/\/schema.org","@graph":[{"@type":"WebPage","@id":"https:\/\/www.manaus.am.gov.br\/semcom\/prefeitura-de-manaus-e-cmdca-dao-inicio-ao-processo-eleitoral-de-novos-conselheiros-tutelares\/","url":"https:\/\/www.manaus.am.gov.br\/semcom\/prefeitura-de-manaus-e-cmdca-dao-inicio-ao-processo-eleitoral-de-novos-conselheiros-tutelares\/","name":"Prefeitura de Manaus e CMDCA d\u00e3o in\u00edcio ao processo eleitoral de novos conselheiros tutelares - SEMCOM","isPartOf":{"@id":"https:\/\/www.manaus.am.gov.br\/semcom\/#website"},"primaryImageOfPage":{"@id":"https:\/\/www.manaus.am.gov.br\/semcom\/prefeitura-de-manaus-e-cmdca-dao-inicio-ao-processo-eleitoral-de-novos-conselheiros-tutelares\/#primaryimage"},"image":{"@id":"https:\/\/www.manaus.am.gov.br\/semcom\/prefeitura-de-manaus-e-cmdca-dao-inicio-ao-processo-eleitoral-de-novos-conselheiros-tutelares\/#primaryimage"},"thumbnailUrl":"https:\/\/www.manaus.am.gov.br\/semcom\/wp-content\/uploads\/sites\/5\/2023\/04\/2-CONSELHEIRO-TUTELAR-EM-ACAO-scaled.jpg","datePublished":"2023-04-14T19:53:55+00:00","dateModified":"2023-04-14T19:53:56+00:00","author":{"@id":"https:\/\/www.manaus.am.gov.br\/semcom\/#\/schema\/person\/4eea2a8f78dc853097abb026f728aa06"},"inLanguage":"pt-BR","potentialAction":[{"@type":"ReadAction","target":["https:\/\/www.manaus.am.gov.br\/semcom\/prefeitura-de-manaus-e-cmdca-dao-inicio-ao-processo-eleitoral-de-novos-conselheiros-tutelares\/"]}]},{"@type":"ImageObject","inLanguage":"pt-BR","@id":"https:\/\/www.manaus.am.gov.br\/semcom\/prefeitura-de-manaus-e-cmdca-dao-inicio-ao-processo-eleitoral-de-novos-conselheiros-tutelares\/#primaryimage","url":"https:\/\/www.manaus.am.gov.br\/semcom\/wp-content\/uploads\/sites\/5\/2023\/04\/2-CONSELHEIRO-TUTELAR-EM-ACAO-scaled.jpg","contentUrl":"https:\/\/www.manaus.am.gov.br\/semcom\/wp-content\/uploads\/sites\/5\/2023\/04\/2-CONSELHEIRO-TUTELAR-EM-ACAO-scaled.jpg","width":2560,"height":1707},{"@type":"WebSite","@id":"https:\/\/www.manaus.am.gov.br\/semcom\/#website","url":"https:\/\/www.manaus.am.gov.br\/semcom\/","name":"SEMCOM","description":"Secretaria Municipal de Comunica\u00e7\u00e3o","potentialAction":[{"@type":"SearchAction","target":{"@type":"EntryPoint","urlTemplate":"https:\/\/www.manaus.am.gov.br\/semcom\/?s={search_term_string}"},"query-input":"required name=search_term_string"}],"inLanguage":"pt-BR"},{"@type":"Person","@id":"https:\/\/www.manaus.am.gov.br\/semcom\/#\/schema\/person\/4eea2a8f78dc853097abb026f728aa06","name":"Renata Felix","image":{"@type":"ImageObject","inLanguage":"pt-BR","@id":"https:\/\/www.manaus.am.gov.br\/semcom\/#\/schema\/person\/image\/","url":"https:\/\/secure.gravatar.com\/avatar\/3c196cf9d3b837b24c8edb2c50fd8f29?s=96&d=mm&r=g","contentUrl":"https:\/\/secure.gravatar.com\/avatar\/3c196cf9d3b837b24c8edb2c50fd8f29?s=96&d=mm&r=g","caption":"Renata Felix"}}]}},"_links":{"self":[{"href":"https:\/\/www.manaus.am.gov.br\/semcom\/wp-json\/wp\/v2\/posts\/212087"}],"collection":[{"href":"https:\/\/www.manaus.am.gov.br\/semcom\/wp-json\/wp\/v2\/posts"}],"about":[{"href":"https:\/\/www.manaus.am.gov.br\/semcom\/wp-json\/wp\/v2\/types\/post"}],"author":[{"embeddable":true,"href":"https:\/\/www.manaus.am.gov.br\/semcom\/wp-json\/wp\/v2\/users\/31"}],"replies":[{"embeddable":true,"href":"https:\/\/www.manaus.am.gov.br\/semcom\/wp-json\/wp\/v2\/comments?post=212087"}],"version-history":[{"count":0,"href":"https:\/\/www.manaus.am.gov.br\/semcom\/wp-json\/wp\/v2\/posts\/212087\/revisions"}],"wp:featuredmedia":[{"embeddable":true,"href":"https:\/\/www.manaus.am.gov.br\/semcom\/wp-json\/wp\/v2\/media\/212088"}],"wp:attachment":[{"href":"https:\/\/www.manaus.am.gov.br\/semcom\/wp-json\/wp\/v2\/media?parent=212087"}],"wp:term":[{"taxonomy":"category","embeddable":true,"href":"https:\/\/www.manaus.am.gov.br\/semcom\/wp-json\/wp\/v2\/categories?post=212087"},{"taxonomy":"post_tag","embeddable":true,"href":"https:\/\/www.manaus.am.gov.br\/semcom\/wp-json\/wp\/v2\/tags?post=212087"}],"curies":[{"name":"wp","href":"https:\/\/api.w.org\/{rel}","templated":true}]}}