{"id":211906,"date":"2022-10-29T18:11:00","date_gmt":"2022-10-29T21:11:00","guid":{"rendered":"https:\/\/www.manaus.am.gov.br\/semcom\/prefeitura-de-manaus-inicia-recadastramento-dos-atuais-prestadores-de-servico-dos-modais-alternativo-e-executivo\/"},"modified":"2023-04-10T17:45:50","modified_gmt":"2023-04-10T20:45:50","slug":"prefeitura-de-manaus-inicia-recadastramento-dos-atuais-prestadores-de-servico-dos-modais-alternativo-e-executivo","status":"publish","type":"post","link":"https:\/\/www.manaus.am.gov.br\/semcom\/prefeitura-de-manaus-inicia-recadastramento-dos-atuais-prestadores-de-servico-dos-modais-alternativo-e-executivo\/","title":{"rendered":"Prefeitura de Manaus inicia recadastramento dos atuais prestadores de servi\u00e7o dos modais alternativo e executivo"},"content":{"rendered":"\n<p>A Prefeitura de Manaus,&nbsp;por meio&nbsp;do Instituto Municipal de Mobilidade Urbana (IMMU), chama os atuais prestadores de servi\u00e7o do sistema de transporte,&nbsp;modais alternativo e executivo, constantes do&nbsp;censo de 2019,&nbsp;para realizar o recadastramento, a partir desta segunda-feira, 31\/10, junto ao \u00f3rg\u00e3o municipal. Al\u00e9m de manter o ordenamento operacional da frota, a medida tem o objetivo de garantir a qualidade&nbsp;do servi\u00e7o de transporte e a seguran\u00e7a dos usu\u00e1rios.<\/p>\n\n\n\n<p>\u201cExiste a necessidade de se fazer um novo recadastramento dos atuais prestadores de servi\u00e7o, provisoriamente e por tempo determinado dos modais alternativo e executivo, enquanto \u00e9 implementado o servi\u00e7o complementar que ir\u00e1 substitu\u00ed-los. O IMMU&nbsp;est\u00e1&nbsp;disponibilizando&nbsp;em seu site&nbsp;<a href=\"https:\/\/immu.manaus.am.gov.br\/\">https:\/\/immu.manaus.am.gov.br<\/a>, um link para o pr\u00e9-agendamento dos prestadores. Posteriormente, informaremos sobre a data e hor\u00e1rio em que devem comparecer e apresentar a documenta\u00e7\u00e3o\u201d, informou o vice-presidente de transportes do IMMU, Alexandre Frederico.<\/p>\n\n\n\n<p>O IMMU informa&nbsp;ainda&nbsp;que os documentos necess\u00e1rios ao recadastramento constam na Portaria n\u00ba 122\/2022, dispon\u00edvel&nbsp;no Di\u00e1rio Oficial do Munic\u00edpio (DOM), edi\u00e7\u00e3o 5.448, p\u00e1gina 32, publicado no dia 18 de outubro de 2022.<\/p>\n\n\n\n<p>O primeiro passo para o recadastramento \u00e9 o pr\u00e9-agendamento no site. Depois, o solicitante dever\u00e1 apresentar a documenta\u00e7\u00e3o requerida no IMMU, na data e hor\u00e1rio estabelecidos pelo \u00f3rg\u00e3o. Ap\u00f3s a an\u00e1lise documental, ser\u00e1 marcada a vistoria do ve\u00edculo.&nbsp;Os prestadores&nbsp;t\u00eam&nbsp;prazo de 60 dias para se recadastrarem. Somente aqueles que apresentarem regularidade receber\u00e3o Autoriza\u00e7\u00e3o de Tr\u00e1fego, para a presta\u00e7\u00e3o&nbsp;dos servi\u00e7os.<\/p>\n\n\n\n<hr class=\"wp-block-separator has-alpha-channel-opacity\"\/>\n\n\n\n<p><strong>Texto \u2013<\/strong>&nbsp;Marcelo Lima \/ IMMU<br><strong>Fotos \u2013<\/strong>&nbsp;Sidney Mendon\u00e7a \/ IMMU<\/p>\n","protected":false},"excerpt":{"rendered":"","protected":false},"author":27,"featured_media":211907,"comment_status":"closed","ping_status":"closed","sticky":false,"template":"","format":"standard","meta":{"footnotes":""},"categories":[9],"tags":[],"acf":[],"yoast_head":"<!-- This site is optimized with the Yoast SEO plugin v23.0 - https:\/\/yoast.com\/wordpress\/plugins\/seo\/ -->\n<title>Prefeitura de Manaus inicia recadastramento dos atuais prestadores de servi\u00e7o dos modais alternativo e executivo - SEMCOM<\/title>\n<meta name=\"robots\" content=\"index, follow, max-snippet:-1, max-image-preview:large, max-video-preview:-1\" \/>\n<link rel=\"canonical\" href=\"https:\/\/www.manaus.am.gov.br\/semcom\/prefeitura-de-manaus-inicia-recadastramento-dos-atuais-prestadores-de-servico-dos-modais-alternativo-e-executivo\/\" \/>\n<meta property=\"og:locale\" content=\"pt_BR\" \/>\n<meta property=\"og:type\" content=\"article\" \/>\n<meta property=\"og:title\" content=\"Prefeitura de Manaus inicia recadastramento dos atuais prestadores de servi\u00e7o dos modais alternativo e executivo - SEMCOM\" \/>\n<meta property=\"og:url\" content=\"https:\/\/www.manaus.am.gov.br\/semcom\/prefeitura-de-manaus-inicia-recadastramento-dos-atuais-prestadores-de-servico-dos-modais-alternativo-e-executivo\/\" \/>\n<meta property=\"og:site_name\" content=\"SEMCOM\" \/>\n<meta property=\"article:published_time\" content=\"2022-10-29T21:11:00+00:00\" \/>\n<meta property=\"article:modified_time\" content=\"2023-04-10T20:45:50+00:00\" \/>\n<meta property=\"og:image\" content=\"https:\/\/www.manaus.am.gov.br\/semcom\/wp-content\/uploads\/sites\/5\/2023\/04\/Prefeitura-de-Manaus-inicia-recadastramento-dos-atuais-prestadores-de-servico-dos-modais-alternativo-e-executivo.jpg\" \/>\n\t<meta property=\"og:image:width\" content=\"720\" \/>\n\t<meta property=\"og:image:height\" content=\"407\" \/>\n\t<meta property=\"og:image:type\" content=\"image\/jpeg\" \/>\n<meta name=\"author\" content=\"Imarketing Digital\" \/>\n<meta name=\"twitter:card\" content=\"summary_large_image\" \/>\n<meta name=\"twitter:label1\" content=\"Written by\" \/>\n\t<meta name=\"twitter:data1\" content=\"Imarketing Digital\" \/>\n\t<meta name=\"twitter:label2\" content=\"Est. reading time\" \/>\n\t<meta name=\"twitter:data2\" content=\"2 minutos\" \/>\n<script type=\"application\/ld+json\" class=\"yoast-schema-graph\">{\"@context\":\"https:\/\/schema.org\",\"@graph\":[{\"@type\":\"WebPage\",\"@id\":\"https:\/\/www.manaus.am.gov.br\/semcom\/prefeitura-de-manaus-inicia-recadastramento-dos-atuais-prestadores-de-servico-dos-modais-alternativo-e-executivo\/\",\"url\":\"https:\/\/www.manaus.am.gov.br\/semcom\/prefeitura-de-manaus-inicia-recadastramento-dos-atuais-prestadores-de-servico-dos-modais-alternativo-e-executivo\/\",\"name\":\"Prefeitura de Manaus inicia recadastramento dos atuais prestadores de servi\u00e7o dos modais alternativo e executivo - SEMCOM\",\"isPartOf\":{\"@id\":\"https:\/\/www.manaus.am.gov.br\/semcom\/#website\"},\"primaryImageOfPage\":{\"@id\":\"https:\/\/www.manaus.am.gov.br\/semcom\/prefeitura-de-manaus-inicia-recadastramento-dos-atuais-prestadores-de-servico-dos-modais-alternativo-e-executivo\/#primaryimage\"},\"image\":{\"@id\":\"https:\/\/www.manaus.am.gov.br\/semcom\/prefeitura-de-manaus-inicia-recadastramento-dos-atuais-prestadores-de-servico-dos-modais-alternativo-e-executivo\/#primaryimage\"},\"thumbnailUrl\":\"https:\/\/www.manaus.am.gov.br\/semcom\/wp-content\/uploads\/sites\/5\/2023\/04\/Prefeitura-de-Manaus-inicia-recadastramento-dos-atuais-prestadores-de-servico-dos-modais-alternativo-e-executivo.jpg\",\"datePublished\":\"2022-10-29T21:11:00+00:00\",\"dateModified\":\"2023-04-10T20:45:50+00:00\",\"author\":{\"@id\":\"https:\/\/www.manaus.am.gov.br\/semcom\/#\/schema\/person\/79525a47ac5902f50493820d995728ee\"},\"inLanguage\":\"pt-BR\",\"potentialAction\":[{\"@type\":\"ReadAction\",\"target\":[\"https:\/\/www.manaus.am.gov.br\/semcom\/prefeitura-de-manaus-inicia-recadastramento-dos-atuais-prestadores-de-servico-dos-modais-alternativo-e-executivo\/\"]}]},{\"@type\":\"ImageObject\",\"inLanguage\":\"pt-BR\",\"@id\":\"https:\/\/www.manaus.am.gov.br\/semcom\/prefeitura-de-manaus-inicia-recadastramento-dos-atuais-prestadores-de-servico-dos-modais-alternativo-e-executivo\/#primaryimage\",\"url\":\"https:\/\/www.manaus.am.gov.br\/semcom\/wp-content\/uploads\/sites\/5\/2023\/04\/Prefeitura-de-Manaus-inicia-recadastramento-dos-atuais-prestadores-de-servico-dos-modais-alternativo-e-executivo.jpg\",\"contentUrl\":\"https:\/\/www.manaus.am.gov.br\/semcom\/wp-content\/uploads\/sites\/5\/2023\/04\/Prefeitura-de-Manaus-inicia-recadastramento-dos-atuais-prestadores-de-servico-dos-modais-alternativo-e-executivo.jpg\",\"width\":720,\"height\":407,\"caption\":\"Prefeitura de Manaus inicia recadastramento dos atuais prestadores de servi\u00e7o dos modais alternativo e executivo\"},{\"@type\":\"WebSite\",\"@id\":\"https:\/\/www.manaus.am.gov.br\/semcom\/#website\",\"url\":\"https:\/\/www.manaus.am.gov.br\/semcom\/\",\"name\":\"SEMCOM\",\"description\":\"Secretaria Municipal de Comunica\u00e7\u00e3o\",\"potentialAction\":[{\"@type\":\"SearchAction\",\"target\":{\"@type\":\"EntryPoint\",\"urlTemplate\":\"https:\/\/www.manaus.am.gov.br\/semcom\/?s={search_term_string}\"},\"query-input\":\"required name=search_term_string\"}],\"inLanguage\":\"pt-BR\"},{\"@type\":\"Person\",\"@id\":\"https:\/\/www.manaus.am.gov.br\/semcom\/#\/schema\/person\/79525a47ac5902f50493820d995728ee\",\"name\":\"Imarketing Digital\",\"image\":{\"@type\":\"ImageObject\",\"inLanguage\":\"pt-BR\",\"@id\":\"https:\/\/www.manaus.am.gov.br\/semcom\/#\/schema\/person\/image\/\",\"url\":\"https:\/\/secure.gravatar.com\/avatar\/03432d3c57b756ed9760f7019c815a3a?s=96&d=mm&r=g\",\"contentUrl\":\"https:\/\/secure.gravatar.com\/avatar\/03432d3c57b756ed9760f7019c815a3a?s=96&d=mm&r=g\",\"caption\":\"Imarketing Digital\"}}]}<\/script>\n<!-- \/ Yoast SEO plugin. -->","yoast_head_json":{"title":"Prefeitura de Manaus inicia recadastramento dos atuais prestadores de servi\u00e7o dos modais alternativo e executivo - SEMCOM","robots":{"index":"index","follow":"follow","max-snippet":"max-snippet:-1","max-image-preview":"max-image-preview:large","max-video-preview":"max-video-preview:-1"},"canonical":"https:\/\/www.manaus.am.gov.br\/semcom\/prefeitura-de-manaus-inicia-recadastramento-dos-atuais-prestadores-de-servico-dos-modais-alternativo-e-executivo\/","og_locale":"pt_BR","og_type":"article","og_title":"Prefeitura de Manaus inicia recadastramento dos atuais prestadores de servi\u00e7o dos modais alternativo e executivo - SEMCOM","og_url":"https:\/\/www.manaus.am.gov.br\/semcom\/prefeitura-de-manaus-inicia-recadastramento-dos-atuais-prestadores-de-servico-dos-modais-alternativo-e-executivo\/","og_site_name":"SEMCOM","article_published_time":"2022-10-29T21:11:00+00:00","article_modified_time":"2023-04-10T20:45:50+00:00","og_image":[{"width":720,"height":407,"url":"https:\/\/www.manaus.am.gov.br\/semcom\/wp-content\/uploads\/sites\/5\/2023\/04\/Prefeitura-de-Manaus-inicia-recadastramento-dos-atuais-prestadores-de-servico-dos-modais-alternativo-e-executivo.jpg","type":"image\/jpeg"}],"author":"Imarketing Digital","twitter_card":"summary_large_image","twitter_misc":{"Written by":"Imarketing Digital","Est. reading time":"2 minutos"},"schema":{"@context":"https:\/\/schema.org","@graph":[{"@type":"WebPage","@id":"https:\/\/www.manaus.am.gov.br\/semcom\/prefeitura-de-manaus-inicia-recadastramento-dos-atuais-prestadores-de-servico-dos-modais-alternativo-e-executivo\/","url":"https:\/\/www.manaus.am.gov.br\/semcom\/prefeitura-de-manaus-inicia-recadastramento-dos-atuais-prestadores-de-servico-dos-modais-alternativo-e-executivo\/","name":"Prefeitura de Manaus inicia recadastramento dos atuais prestadores de servi\u00e7o dos modais alternativo e executivo - SEMCOM","isPartOf":{"@id":"https:\/\/www.manaus.am.gov.br\/semcom\/#website"},"primaryImageOfPage":{"@id":"https:\/\/www.manaus.am.gov.br\/semcom\/prefeitura-de-manaus-inicia-recadastramento-dos-atuais-prestadores-de-servico-dos-modais-alternativo-e-executivo\/#primaryimage"},"image":{"@id":"https:\/\/www.manaus.am.gov.br\/semcom\/prefeitura-de-manaus-inicia-recadastramento-dos-atuais-prestadores-de-servico-dos-modais-alternativo-e-executivo\/#primaryimage"},"thumbnailUrl":"https:\/\/www.manaus.am.gov.br\/semcom\/wp-content\/uploads\/sites\/5\/2023\/04\/Prefeitura-de-Manaus-inicia-recadastramento-dos-atuais-prestadores-de-servico-dos-modais-alternativo-e-executivo.jpg","datePublished":"2022-10-29T21:11:00+00:00","dateModified":"2023-04-10T20:45:50+00:00","author":{"@id":"https:\/\/www.manaus.am.gov.br\/semcom\/#\/schema\/person\/79525a47ac5902f50493820d995728ee"},"inLanguage":"pt-BR","potentialAction":[{"@type":"ReadAction","target":["https:\/\/www.manaus.am.gov.br\/semcom\/prefeitura-de-manaus-inicia-recadastramento-dos-atuais-prestadores-de-servico-dos-modais-alternativo-e-executivo\/"]}]},{"@type":"ImageObject","inLanguage":"pt-BR","@id":"https:\/\/www.manaus.am.gov.br\/semcom\/prefeitura-de-manaus-inicia-recadastramento-dos-atuais-prestadores-de-servico-dos-modais-alternativo-e-executivo\/#primaryimage","url":"https:\/\/www.manaus.am.gov.br\/semcom\/wp-content\/uploads\/sites\/5\/2023\/04\/Prefeitura-de-Manaus-inicia-recadastramento-dos-atuais-prestadores-de-servico-dos-modais-alternativo-e-executivo.jpg","contentUrl":"https:\/\/www.manaus.am.gov.br\/semcom\/wp-content\/uploads\/sites\/5\/2023\/04\/Prefeitura-de-Manaus-inicia-recadastramento-dos-atuais-prestadores-de-servico-dos-modais-alternativo-e-executivo.jpg","width":720,"height":407,"caption":"Prefeitura de Manaus inicia recadastramento dos atuais prestadores de servi\u00e7o dos modais alternativo e executivo"},{"@type":"WebSite","@id":"https:\/\/www.manaus.am.gov.br\/semcom\/#website","url":"https:\/\/www.manaus.am.gov.br\/semcom\/","name":"SEMCOM","description":"Secretaria Municipal de Comunica\u00e7\u00e3o","potentialAction":[{"@type":"SearchAction","target":{"@type":"EntryPoint","urlTemplate":"https:\/\/www.manaus.am.gov.br\/semcom\/?s={search_term_string}"},"query-input":"required name=search_term_string"}],"inLanguage":"pt-BR"},{"@type":"Person","@id":"https:\/\/www.manaus.am.gov.br\/semcom\/#\/schema\/person\/79525a47ac5902f50493820d995728ee","name":"Imarketing Digital","image":{"@type":"ImageObject","inLanguage":"pt-BR","@id":"https:\/\/www.manaus.am.gov.br\/semcom\/#\/schema\/person\/image\/","url":"https:\/\/secure.gravatar.com\/avatar\/03432d3c57b756ed9760f7019c815a3a?s=96&d=mm&r=g","contentUrl":"https:\/\/secure.gravatar.com\/avatar\/03432d3c57b756ed9760f7019c815a3a?s=96&d=mm&r=g","caption":"Imarketing Digital"}}]}},"_links":{"self":[{"href":"https:\/\/www.manaus.am.gov.br\/semcom\/wp-json\/wp\/v2\/posts\/211906"}],"collection":[{"href":"https:\/\/www.manaus.am.gov.br\/semcom\/wp-json\/wp\/v2\/posts"}],"about":[{"href":"https:\/\/www.manaus.am.gov.br\/semcom\/wp-json\/wp\/v2\/types\/post"}],"author":[{"embeddable":true,"href":"https:\/\/www.manaus.am.gov.br\/semcom\/wp-json\/wp\/v2\/users\/27"}],"replies":[{"embeddable":true,"href":"https:\/\/www.manaus.am.gov.br\/semcom\/wp-json\/wp\/v2\/comments?post=211906"}],"version-history":[{"count":0,"href":"https:\/\/www.manaus.am.gov.br\/semcom\/wp-json\/wp\/v2\/posts\/211906\/revisions"}],"wp:featuredmedia":[{"embeddable":true,"href":"https:\/\/www.manaus.am.gov.br\/semcom\/wp-json\/wp\/v2\/media\/211907"}],"wp:attachment":[{"href":"https:\/\/www.manaus.am.gov.br\/semcom\/wp-json\/wp\/v2\/media?parent=211906"}],"wp:term":[{"taxonomy":"category","embeddable":true,"href":"https:\/\/www.manaus.am.gov.br\/semcom\/wp-json\/wp\/v2\/categories?post=211906"},{"taxonomy":"post_tag","embeddable":true,"href":"https:\/\/www.manaus.am.gov.br\/semcom\/wp-json\/wp\/v2\/tags?post=211906"}],"curies":[{"name":"wp","href":"https:\/\/api.w.org\/{rel}","templated":true}]}}