{"id":211851,"date":"2021-10-20T17:14:35","date_gmt":"2021-10-20T20:14:35","guid":{"rendered":"https:\/\/www.manaus.am.gov.br\/semcom\/prefeitura-de-manaus-promove-acoes-de-saude-em-alusao-ao-outubro-rosa-as-servidoras-do-immu\/"},"modified":"2023-04-10T17:19:44","modified_gmt":"2023-04-10T20:19:44","slug":"prefeitura-de-manaus-promove-acoes-de-saude-em-alusao-ao-outubro-rosa-as-servidoras-do-immu","status":"publish","type":"post","link":"https:\/\/www.manaus.am.gov.br\/semcom\/prefeitura-de-manaus-promove-acoes-de-saude-em-alusao-ao-outubro-rosa-as-servidoras-do-immu\/","title":{"rendered":"Prefeitura de Manaus promove a\u00e7\u00f5es de sa\u00fade em alus\u00e3o ao &#8216;Outubro Rosa&#8217; \u00e0s servidoras do IMMU"},"content":{"rendered":"\n<p>A Prefeitura de Manaus promover\u00e1, na pr\u00f3xima segunda-feira, 25\/10, e ter\u00e7a-feira, 26, a\u00e7\u00f5es voltadas ao &#8220;Outubro Rosa&#8221;, campanha de preven\u00e7\u00e3o contra os c\u00e2nceres de mama e de \u00fatero, \u00e0s servidoras do&nbsp; Instituto Municipal de Mobilidade Urbana (IMMU).<\/p>\n\n\n\n<p>Planejado pelo setor de Servi\u00e7o Social do IMMU, a programa\u00e7\u00e3o contar\u00e1, na segunda-feira, com tratamento est\u00e9tico para servidoras, em a\u00e7\u00f5es que envolvem design de sobrancelhas, sobrancelhas em henna e higieniza\u00e7\u00e3o facial.<\/p>\n\n\n\n<p>Ainda na noite de segunda, o pr\u00e9dio-sede do IMMU ser\u00e1 iluminado com a cor rosa em refer\u00eancia ao m\u00eas da campanha. \u201cEstaremos com diretores, servidoras do turno e outras pessoas para sinalizar que apoiamos esta campanha. A cor rosa aparece em lacinhos, bal\u00f5es, flores, n\u00e3o significa que a cor seja apenas feminina, \u00e9 rosa de aten\u00e7\u00e3o para a gente se conhecer e se tratar\u201d, frisou a chefe do Servi\u00e7o Social do IMMU, a assistente social Eneyde Oliveira.<\/p>\n\n\n\n<p>Na ter\u00e7a-feira, a programa\u00e7\u00e3o contar\u00e1 com uma \u201cOficina de Flores\u201d e ainda com uma roda de conversa sobre c\u00e2ncer de mama.<\/p>\n\n\n\n<p>\u201cA roda de conversa inicia \u00e0s 9h com uma enfermeira da Secretaria Municipal de Sa\u00fade (Semsa) e ainda teremos uma oficina de flores, que n\u00e3o ser\u00e1 para produzir as flores. Uma professora de \u2018ikebana\u2019 (arte japonesa de arranjos florais) ajudar\u00e1 as participantes a fazerem arranjos florais, que \u00e9 ainda uma forma de terapia\u201d, destacou Eneyde.<\/p>\n\n\n\n<p>&#8212; &#8212; &#8212;<\/p>\n\n\n\n<p><strong>Texto &#8211;<\/strong> \u00c1lisson Castro\/IMMU<\/p>\n\n\n\n<p><strong>Fotos &#8211;&nbsp; <\/strong>Divulga\u00e7\u00e3o \/ IMMU<\/p>\n","protected":false},"excerpt":{"rendered":"","protected":false},"author":24,"featured_media":211852,"comment_status":"closed","ping_status":"closed","sticky":false,"template":"","format":"standard","meta":{"footnotes":""},"categories":[1584],"tags":[1365,12,3175,1001,1965,1651,1893],"acf":[],"yoast_head":"<!-- This site is optimized with the Yoast SEO plugin v23.0 - https:\/\/yoast.com\/wordpress\/plugins\/seo\/ -->\n<title>Prefeitura de Manaus promove a\u00e7\u00f5es de sa\u00fade em alus\u00e3o ao &#039;Outubro Rosa&#039; \u00e0s servidoras do IMMU - SEMCOM<\/title>\n<meta name=\"robots\" content=\"index, follow, max-snippet:-1, max-image-preview:large, max-video-preview:-1\" \/>\n<link rel=\"canonical\" href=\"https:\/\/www.manaus.am.gov.br\/semcom\/prefeitura-de-manaus-promove-acoes-de-saude-em-alusao-ao-outubro-rosa-as-servidoras-do-immu\/\" \/>\n<meta property=\"og:locale\" content=\"pt_BR\" \/>\n<meta property=\"og:type\" content=\"article\" \/>\n<meta property=\"og:title\" content=\"Prefeitura de Manaus promove a\u00e7\u00f5es de sa\u00fade em alus\u00e3o ao &#039;Outubro Rosa&#039; \u00e0s servidoras do IMMU - SEMCOM\" \/>\n<meta property=\"og:url\" content=\"https:\/\/www.manaus.am.gov.br\/semcom\/prefeitura-de-manaus-promove-acoes-de-saude-em-alusao-ao-outubro-rosa-as-servidoras-do-immu\/\" \/>\n<meta property=\"og:site_name\" content=\"SEMCOM\" \/>\n<meta property=\"article:published_time\" content=\"2021-10-20T20:14:35+00:00\" \/>\n<meta property=\"article:modified_time\" content=\"2023-04-10T20:19:44+00:00\" \/>\n<meta property=\"og:image\" content=\"https:\/\/www.manaus.am.gov.br\/semcom\/wp-content\/uploads\/sites\/5\/2023\/04\/IMMU-foto.jpeg\" \/>\n\t<meta property=\"og:image:width\" content=\"1280\" \/>\n\t<meta property=\"og:image:height\" content=\"853\" \/>\n\t<meta property=\"og:image:type\" content=\"image\/jpeg\" \/>\n<meta name=\"author\" content=\"Cl\u00e1udia Barbosa\" \/>\n<meta name=\"twitter:card\" content=\"summary_large_image\" \/>\n<meta name=\"twitter:label1\" content=\"Written by\" \/>\n\t<meta name=\"twitter:data1\" content=\"Cl\u00e1udia Barbosa\" \/>\n\t<meta name=\"twitter:label2\" content=\"Est. reading time\" \/>\n\t<meta name=\"twitter:data2\" content=\"2 minutos\" \/>\n<script type=\"application\/ld+json\" class=\"yoast-schema-graph\">{\"@context\":\"https:\/\/schema.org\",\"@graph\":[{\"@type\":\"WebPage\",\"@id\":\"https:\/\/www.manaus.am.gov.br\/semcom\/prefeitura-de-manaus-promove-acoes-de-saude-em-alusao-ao-outubro-rosa-as-servidoras-do-immu\/\",\"url\":\"https:\/\/www.manaus.am.gov.br\/semcom\/prefeitura-de-manaus-promove-acoes-de-saude-em-alusao-ao-outubro-rosa-as-servidoras-do-immu\/\",\"name\":\"Prefeitura de Manaus promove a\u00e7\u00f5es de sa\u00fade em alus\u00e3o ao 'Outubro Rosa' \u00e0s servidoras do IMMU - SEMCOM\",\"isPartOf\":{\"@id\":\"https:\/\/www.manaus.am.gov.br\/semcom\/#website\"},\"primaryImageOfPage\":{\"@id\":\"https:\/\/www.manaus.am.gov.br\/semcom\/prefeitura-de-manaus-promove-acoes-de-saude-em-alusao-ao-outubro-rosa-as-servidoras-do-immu\/#primaryimage\"},\"image\":{\"@id\":\"https:\/\/www.manaus.am.gov.br\/semcom\/prefeitura-de-manaus-promove-acoes-de-saude-em-alusao-ao-outubro-rosa-as-servidoras-do-immu\/#primaryimage\"},\"thumbnailUrl\":\"https:\/\/www.manaus.am.gov.br\/semcom\/wp-content\/uploads\/sites\/5\/2023\/04\/IMMU-foto.jpeg\",\"datePublished\":\"2021-10-20T20:14:35+00:00\",\"dateModified\":\"2023-04-10T20:19:44+00:00\",\"author\":{\"@id\":\"https:\/\/www.manaus.am.gov.br\/semcom\/#\/schema\/person\/d0a166b5031154c33c77794ddc9a827e\"},\"inLanguage\":\"pt-BR\",\"potentialAction\":[{\"@type\":\"ReadAction\",\"target\":[\"https:\/\/www.manaus.am.gov.br\/semcom\/prefeitura-de-manaus-promove-acoes-de-saude-em-alusao-ao-outubro-rosa-as-servidoras-do-immu\/\"]}]},{\"@type\":\"ImageObject\",\"inLanguage\":\"pt-BR\",\"@id\":\"https:\/\/www.manaus.am.gov.br\/semcom\/prefeitura-de-manaus-promove-acoes-de-saude-em-alusao-ao-outubro-rosa-as-servidoras-do-immu\/#primaryimage\",\"url\":\"https:\/\/www.manaus.am.gov.br\/semcom\/wp-content\/uploads\/sites\/5\/2023\/04\/IMMU-foto.jpeg\",\"contentUrl\":\"https:\/\/www.manaus.am.gov.br\/semcom\/wp-content\/uploads\/sites\/5\/2023\/04\/IMMU-foto.jpeg\",\"width\":1280,\"height\":853},{\"@type\":\"WebSite\",\"@id\":\"https:\/\/www.manaus.am.gov.br\/semcom\/#website\",\"url\":\"https:\/\/www.manaus.am.gov.br\/semcom\/\",\"name\":\"SEMCOM\",\"description\":\"Secretaria Municipal de Comunica\u00e7\u00e3o\",\"potentialAction\":[{\"@type\":\"SearchAction\",\"target\":{\"@type\":\"EntryPoint\",\"urlTemplate\":\"https:\/\/www.manaus.am.gov.br\/semcom\/?s={search_term_string}\"},\"query-input\":\"required name=search_term_string\"}],\"inLanguage\":\"pt-BR\"},{\"@type\":\"Person\",\"@id\":\"https:\/\/www.manaus.am.gov.br\/semcom\/#\/schema\/person\/d0a166b5031154c33c77794ddc9a827e\",\"name\":\"Cl\u00e1udia Barbosa\",\"image\":{\"@type\":\"ImageObject\",\"inLanguage\":\"pt-BR\",\"@id\":\"https:\/\/www.manaus.am.gov.br\/semcom\/#\/schema\/person\/image\/\",\"url\":\"https:\/\/secure.gravatar.com\/avatar\/42958a1cf007f1a00534009218c72590?s=96&d=mm&r=g\",\"contentUrl\":\"https:\/\/secure.gravatar.com\/avatar\/42958a1cf007f1a00534009218c72590?s=96&d=mm&r=g\",\"caption\":\"Cl\u00e1udia Barbosa\"}}]}<\/script>\n<!-- \/ Yoast SEO plugin. -->","yoast_head_json":{"title":"Prefeitura de Manaus promove a\u00e7\u00f5es de sa\u00fade em alus\u00e3o ao 'Outubro Rosa' \u00e0s servidoras do IMMU - SEMCOM","robots":{"index":"index","follow":"follow","max-snippet":"max-snippet:-1","max-image-preview":"max-image-preview:large","max-video-preview":"max-video-preview:-1"},"canonical":"https:\/\/www.manaus.am.gov.br\/semcom\/prefeitura-de-manaus-promove-acoes-de-saude-em-alusao-ao-outubro-rosa-as-servidoras-do-immu\/","og_locale":"pt_BR","og_type":"article","og_title":"Prefeitura de Manaus promove a\u00e7\u00f5es de sa\u00fade em alus\u00e3o ao 'Outubro Rosa' \u00e0s servidoras do IMMU - SEMCOM","og_url":"https:\/\/www.manaus.am.gov.br\/semcom\/prefeitura-de-manaus-promove-acoes-de-saude-em-alusao-ao-outubro-rosa-as-servidoras-do-immu\/","og_site_name":"SEMCOM","article_published_time":"2021-10-20T20:14:35+00:00","article_modified_time":"2023-04-10T20:19:44+00:00","og_image":[{"width":1280,"height":853,"url":"https:\/\/www.manaus.am.gov.br\/semcom\/wp-content\/uploads\/sites\/5\/2023\/04\/IMMU-foto.jpeg","type":"image\/jpeg"}],"author":"Cl\u00e1udia Barbosa","twitter_card":"summary_large_image","twitter_misc":{"Written by":"Cl\u00e1udia Barbosa","Est. reading time":"2 minutos"},"schema":{"@context":"https:\/\/schema.org","@graph":[{"@type":"WebPage","@id":"https:\/\/www.manaus.am.gov.br\/semcom\/prefeitura-de-manaus-promove-acoes-de-saude-em-alusao-ao-outubro-rosa-as-servidoras-do-immu\/","url":"https:\/\/www.manaus.am.gov.br\/semcom\/prefeitura-de-manaus-promove-acoes-de-saude-em-alusao-ao-outubro-rosa-as-servidoras-do-immu\/","name":"Prefeitura de Manaus promove a\u00e7\u00f5es de sa\u00fade em alus\u00e3o ao 'Outubro Rosa' \u00e0s servidoras do IMMU - SEMCOM","isPartOf":{"@id":"https:\/\/www.manaus.am.gov.br\/semcom\/#website"},"primaryImageOfPage":{"@id":"https:\/\/www.manaus.am.gov.br\/semcom\/prefeitura-de-manaus-promove-acoes-de-saude-em-alusao-ao-outubro-rosa-as-servidoras-do-immu\/#primaryimage"},"image":{"@id":"https:\/\/www.manaus.am.gov.br\/semcom\/prefeitura-de-manaus-promove-acoes-de-saude-em-alusao-ao-outubro-rosa-as-servidoras-do-immu\/#primaryimage"},"thumbnailUrl":"https:\/\/www.manaus.am.gov.br\/semcom\/wp-content\/uploads\/sites\/5\/2023\/04\/IMMU-foto.jpeg","datePublished":"2021-10-20T20:14:35+00:00","dateModified":"2023-04-10T20:19:44+00:00","author":{"@id":"https:\/\/www.manaus.am.gov.br\/semcom\/#\/schema\/person\/d0a166b5031154c33c77794ddc9a827e"},"inLanguage":"pt-BR","potentialAction":[{"@type":"ReadAction","target":["https:\/\/www.manaus.am.gov.br\/semcom\/prefeitura-de-manaus-promove-acoes-de-saude-em-alusao-ao-outubro-rosa-as-servidoras-do-immu\/"]}]},{"@type":"ImageObject","inLanguage":"pt-BR","@id":"https:\/\/www.manaus.am.gov.br\/semcom\/prefeitura-de-manaus-promove-acoes-de-saude-em-alusao-ao-outubro-rosa-as-servidoras-do-immu\/#primaryimage","url":"https:\/\/www.manaus.am.gov.br\/semcom\/wp-content\/uploads\/sites\/5\/2023\/04\/IMMU-foto.jpeg","contentUrl":"https:\/\/www.manaus.am.gov.br\/semcom\/wp-content\/uploads\/sites\/5\/2023\/04\/IMMU-foto.jpeg","width":1280,"height":853},{"@type":"WebSite","@id":"https:\/\/www.manaus.am.gov.br\/semcom\/#website","url":"https:\/\/www.manaus.am.gov.br\/semcom\/","name":"SEMCOM","description":"Secretaria Municipal de Comunica\u00e7\u00e3o","potentialAction":[{"@type":"SearchAction","target":{"@type":"EntryPoint","urlTemplate":"https:\/\/www.manaus.am.gov.br\/semcom\/?s={search_term_string}"},"query-input":"required name=search_term_string"}],"inLanguage":"pt-BR"},{"@type":"Person","@id":"https:\/\/www.manaus.am.gov.br\/semcom\/#\/schema\/person\/d0a166b5031154c33c77794ddc9a827e","name":"Cl\u00e1udia Barbosa","image":{"@type":"ImageObject","inLanguage":"pt-BR","@id":"https:\/\/www.manaus.am.gov.br\/semcom\/#\/schema\/person\/image\/","url":"https:\/\/secure.gravatar.com\/avatar\/42958a1cf007f1a00534009218c72590?s=96&d=mm&r=g","contentUrl":"https:\/\/secure.gravatar.com\/avatar\/42958a1cf007f1a00534009218c72590?s=96&d=mm&r=g","caption":"Cl\u00e1udia Barbosa"}}]}},"_links":{"self":[{"href":"https:\/\/www.manaus.am.gov.br\/semcom\/wp-json\/wp\/v2\/posts\/211851"}],"collection":[{"href":"https:\/\/www.manaus.am.gov.br\/semcom\/wp-json\/wp\/v2\/posts"}],"about":[{"href":"https:\/\/www.manaus.am.gov.br\/semcom\/wp-json\/wp\/v2\/types\/post"}],"author":[{"embeddable":true,"href":"https:\/\/www.manaus.am.gov.br\/semcom\/wp-json\/wp\/v2\/users\/24"}],"replies":[{"embeddable":true,"href":"https:\/\/www.manaus.am.gov.br\/semcom\/wp-json\/wp\/v2\/comments?post=211851"}],"version-history":[{"count":0,"href":"https:\/\/www.manaus.am.gov.br\/semcom\/wp-json\/wp\/v2\/posts\/211851\/revisions"}],"wp:featuredmedia":[{"embeddable":true,"href":"https:\/\/www.manaus.am.gov.br\/semcom\/wp-json\/wp\/v2\/media\/211852"}],"wp:attachment":[{"href":"https:\/\/www.manaus.am.gov.br\/semcom\/wp-json\/wp\/v2\/media?parent=211851"}],"wp:term":[{"taxonomy":"category","embeddable":true,"href":"https:\/\/www.manaus.am.gov.br\/semcom\/wp-json\/wp\/v2\/categories?post=211851"},{"taxonomy":"post_tag","embeddable":true,"href":"https:\/\/www.manaus.am.gov.br\/semcom\/wp-json\/wp\/v2\/tags?post=211851"}],"curies":[{"name":"wp","href":"https:\/\/api.w.org\/{rel}","templated":true}]}}