{"id":211833,"date":"2022-06-13T14:47:03","date_gmt":"2022-06-13T17:47:03","guid":{"rendered":"https:\/\/www.manaus.am.gov.br\/semcom\/ageman-e-immu-discutem-plano-de-acao-para-reforcar-fiscalizacao-no-centro\/"},"modified":"2023-04-10T17:12:05","modified_gmt":"2023-04-10T20:12:05","slug":"ageman-e-immu-discutem-plano-de-acao-para-reforcar-fiscalizacao-no-centro","status":"publish","type":"post","link":"https:\/\/www.manaus.am.gov.br\/semcom\/ageman-e-immu-discutem-plano-de-acao-para-reforcar-fiscalizacao-no-centro\/","title":{"rendered":"Ageman e IMMU discutem plano de a\u00e7\u00e3o para refor\u00e7ar fiscaliza\u00e7\u00e3o no Centro"},"content":{"rendered":"\n<p>Equipes t\u00e9cnicas da Ag\u00eancia Reguladora dos Servi\u00e7os P\u00fablicos Delegados do Munic\u00edpio de Manaus (Ageman) e do Instituto Municipal de Mobilidade Urbana (IMMU) est\u00e3o alinhando medidas do plano de a\u00e7\u00e3o a ser colocado em pr\u00e1tica, nos pr\u00f3ximos dias, para refor\u00e7ar a fiscaliza\u00e7\u00e3o no centro de Manaus. A iniciativa foi apresentada ao diretor-presidente do IMMU, Paulo Henrique, pelo diretor-presidente da Ageman, Elson Ferreira.<\/p>\n\n\n\n<p>A medida, conforme afirmou Elson, visa orientar comerciantes, motoristas e vendedores ambulantes sobre o mau uso das vagas destinadas ao servi\u00e7o de estacionamento rotativo pago Zona Azul, bem como das vagas exclusivas para idosos, deficientes e as \u00e1reas destinadas a carga e descarga de mercadorias.<\/p>\n\n\n\n<p>O ponto alvo da a\u00e7\u00e3o ser\u00e1 a \u00e1rea localizada nas imedia\u00e7\u00f5es do mercado municipal Adolpho Lisboa, como as ruas dos Bar\u00e9s, Miranda Le\u00e3o, Rocha dos Santos, dos Andradas e Marqu\u00eas de Santa Cruz.<\/p>\n\n\n\n<p>\u201cEstamos recebendo diversas reclama\u00e7\u00f5es de comerciantes e motoristas do Centro sobre o uso irregular das vagas preferenciais e exclusivas, bem como das \u00e1reas destinadas ao Zona Azul. Com isso, estamos somando esfor\u00e7os para colocar esse plano de a\u00e7\u00e3o em pr\u00e1tica\u201d, afirmou o diretor-presidente da Ageman, Elson Ferreira.<\/p>\n\n\n\n<p>A expans\u00e3o do Zona Azul foi implementada h\u00e1 pouco mais de um m\u00eas e garantiu a cria\u00e7\u00e3o de 1.100 novas vagas.<\/p>\n\n\n\n<h2 class=\"wp-block-heading\">Sistema<\/h2>\n\n\n\n<p>O servi\u00e7o Zona Azul \u00e9 operado pela empresa Cons\u00f3rcio Amaz\u00f4nia, Tecnologia de Tr\u00e2nsito da Amaz\u00f4nia SPE \u2013 Ltda., detentora da outorga do servi\u00e7o, conforme contrato n\u00ba 014\/2015 \u2013 celebrado com o munic\u00edpio de Manaus. O sistema come\u00e7ou a funcionar em Manaus com tarifa de R$ 2,45, a hora.<\/p>\n\n\n\n<p>Os cr\u00e9ditos para a utiliza\u00e7\u00e3o do servi\u00e7o podem ser adquiridos por meio do aplicativo Zona Azul Manaus, site\u00a0<a data-saferedirecturl=\"https:\/\/www.google.com\/url?q=http:\/\/www.zamanaus.com.br&amp;source=gmail&amp;ust=1655224048318000&amp;usg=AOvVaw3L4S3P7rSLl6cgPGaGwCbW\" href=\"http:\/\/www.zamanaus.com.br\/\">www.zamanaus.com.br<\/a>, nos postos de venda autorizados ou ainda com os monitores.<\/p>\n\n\n\n<p>&#8212; &#8212; &#8212;<\/p>\n\n\n\n<p><strong>Texto &#8211; <\/strong>Tereza Te\u00f3filo\/Ageman<strong><br>Fotos \u2013 <\/strong>Divulga\u00e7\u00e3o\/Ageman e Divulga\u00e7\u00e3o\/IMMU<\/p>\n\n\n\n<p>&nbsp;<\/p>\n\n\n\n<p>&nbsp;<\/p>\n\n\n\n<p>&nbsp;<\/p>\n","protected":false},"excerpt":{"rendered":"","protected":false},"author":23,"featured_media":211834,"comment_status":"closed","ping_status":"closed","sticky":false,"template":"","format":"standard","meta":{"footnotes":""},"categories":[43],"tags":[215,3146,358,88,12,1378,222],"acf":[],"yoast_head":"<!-- This site is optimized with the Yoast SEO plugin v23.0 - https:\/\/yoast.com\/wordpress\/plugins\/seo\/ -->\n<title>Ageman e IMMU discutem plano de a\u00e7\u00e3o para refor\u00e7ar fiscaliza\u00e7\u00e3o no Centro - SEMCOM<\/title>\n<meta name=\"robots\" content=\"index, follow, max-snippet:-1, max-image-preview:large, max-video-preview:-1\" \/>\n<link rel=\"canonical\" href=\"https:\/\/www.manaus.am.gov.br\/semcom\/ageman-e-immu-discutem-plano-de-acao-para-reforcar-fiscalizacao-no-centro\/\" \/>\n<meta property=\"og:locale\" content=\"pt_BR\" \/>\n<meta property=\"og:type\" content=\"article\" \/>\n<meta property=\"og:title\" content=\"Ageman e IMMU discutem plano de a\u00e7\u00e3o para refor\u00e7ar fiscaliza\u00e7\u00e3o no Centro - SEMCOM\" \/>\n<meta property=\"og:url\" content=\"https:\/\/www.manaus.am.gov.br\/semcom\/ageman-e-immu-discutem-plano-de-acao-para-reforcar-fiscalizacao-no-centro\/\" \/>\n<meta property=\"og:site_name\" content=\"SEMCOM\" \/>\n<meta property=\"article:published_time\" content=\"2022-06-13T17:47:03+00:00\" \/>\n<meta property=\"article:modified_time\" content=\"2023-04-10T20:12:05+00:00\" \/>\n<meta property=\"og:image\" content=\"https:\/\/www.manaus.am.gov.br\/semcom\/wp-content\/uploads\/sites\/5\/2023\/04\/WhatsApp-Image-2022-06-13-at-13.22.51.jpeg\" \/>\n\t<meta property=\"og:image:width\" content=\"1280\" \/>\n\t<meta property=\"og:image:height\" content=\"773\" \/>\n\t<meta property=\"og:image:type\" content=\"image\/jpeg\" \/>\n<meta name=\"author\" content=\"Adriana Costa\" \/>\n<meta name=\"twitter:card\" content=\"summary_large_image\" \/>\n<meta name=\"twitter:label1\" content=\"Written by\" \/>\n\t<meta name=\"twitter:data1\" content=\"Adriana Costa\" \/>\n\t<meta name=\"twitter:label2\" content=\"Est. reading time\" \/>\n\t<meta name=\"twitter:data2\" content=\"2 minutos\" \/>\n<script type=\"application\/ld+json\" class=\"yoast-schema-graph\">{\"@context\":\"https:\/\/schema.org\",\"@graph\":[{\"@type\":\"WebPage\",\"@id\":\"https:\/\/www.manaus.am.gov.br\/semcom\/ageman-e-immu-discutem-plano-de-acao-para-reforcar-fiscalizacao-no-centro\/\",\"url\":\"https:\/\/www.manaus.am.gov.br\/semcom\/ageman-e-immu-discutem-plano-de-acao-para-reforcar-fiscalizacao-no-centro\/\",\"name\":\"Ageman e IMMU discutem plano de a\u00e7\u00e3o para refor\u00e7ar fiscaliza\u00e7\u00e3o no Centro - SEMCOM\",\"isPartOf\":{\"@id\":\"https:\/\/www.manaus.am.gov.br\/semcom\/#website\"},\"primaryImageOfPage\":{\"@id\":\"https:\/\/www.manaus.am.gov.br\/semcom\/ageman-e-immu-discutem-plano-de-acao-para-reforcar-fiscalizacao-no-centro\/#primaryimage\"},\"image\":{\"@id\":\"https:\/\/www.manaus.am.gov.br\/semcom\/ageman-e-immu-discutem-plano-de-acao-para-reforcar-fiscalizacao-no-centro\/#primaryimage\"},\"thumbnailUrl\":\"https:\/\/www.manaus.am.gov.br\/semcom\/wp-content\/uploads\/sites\/5\/2023\/04\/WhatsApp-Image-2022-06-13-at-13.22.51.jpeg\",\"datePublished\":\"2022-06-13T17:47:03+00:00\",\"dateModified\":\"2023-04-10T20:12:05+00:00\",\"author\":{\"@id\":\"https:\/\/www.manaus.am.gov.br\/semcom\/#\/schema\/person\/4e49f4e267757a06ca072ec61b2b9968\"},\"inLanguage\":\"pt-BR\",\"potentialAction\":[{\"@type\":\"ReadAction\",\"target\":[\"https:\/\/www.manaus.am.gov.br\/semcom\/ageman-e-immu-discutem-plano-de-acao-para-reforcar-fiscalizacao-no-centro\/\"]}]},{\"@type\":\"ImageObject\",\"inLanguage\":\"pt-BR\",\"@id\":\"https:\/\/www.manaus.am.gov.br\/semcom\/ageman-e-immu-discutem-plano-de-acao-para-reforcar-fiscalizacao-no-centro\/#primaryimage\",\"url\":\"https:\/\/www.manaus.am.gov.br\/semcom\/wp-content\/uploads\/sites\/5\/2023\/04\/WhatsApp-Image-2022-06-13-at-13.22.51.jpeg\",\"contentUrl\":\"https:\/\/www.manaus.am.gov.br\/semcom\/wp-content\/uploads\/sites\/5\/2023\/04\/WhatsApp-Image-2022-06-13-at-13.22.51.jpeg\",\"width\":1280,\"height\":773},{\"@type\":\"WebSite\",\"@id\":\"https:\/\/www.manaus.am.gov.br\/semcom\/#website\",\"url\":\"https:\/\/www.manaus.am.gov.br\/semcom\/\",\"name\":\"SEMCOM\",\"description\":\"Secretaria Municipal de Comunica\u00e7\u00e3o\",\"potentialAction\":[{\"@type\":\"SearchAction\",\"target\":{\"@type\":\"EntryPoint\",\"urlTemplate\":\"https:\/\/www.manaus.am.gov.br\/semcom\/?s={search_term_string}\"},\"query-input\":\"required name=search_term_string\"}],\"inLanguage\":\"pt-BR\"},{\"@type\":\"Person\",\"@id\":\"https:\/\/www.manaus.am.gov.br\/semcom\/#\/schema\/person\/4e49f4e267757a06ca072ec61b2b9968\",\"name\":\"Adriana Costa\",\"image\":{\"@type\":\"ImageObject\",\"inLanguage\":\"pt-BR\",\"@id\":\"https:\/\/www.manaus.am.gov.br\/semcom\/#\/schema\/person\/image\/\",\"url\":\"https:\/\/secure.gravatar.com\/avatar\/576258617ef7194f718179e766d57bd4?s=96&d=mm&r=g\",\"contentUrl\":\"https:\/\/secure.gravatar.com\/avatar\/576258617ef7194f718179e766d57bd4?s=96&d=mm&r=g\",\"caption\":\"Adriana Costa\"}}]}<\/script>\n<!-- \/ Yoast SEO plugin. -->","yoast_head_json":{"title":"Ageman e IMMU discutem plano de a\u00e7\u00e3o para refor\u00e7ar fiscaliza\u00e7\u00e3o no Centro - SEMCOM","robots":{"index":"index","follow":"follow","max-snippet":"max-snippet:-1","max-image-preview":"max-image-preview:large","max-video-preview":"max-video-preview:-1"},"canonical":"https:\/\/www.manaus.am.gov.br\/semcom\/ageman-e-immu-discutem-plano-de-acao-para-reforcar-fiscalizacao-no-centro\/","og_locale":"pt_BR","og_type":"article","og_title":"Ageman e IMMU discutem plano de a\u00e7\u00e3o para refor\u00e7ar fiscaliza\u00e7\u00e3o no Centro - SEMCOM","og_url":"https:\/\/www.manaus.am.gov.br\/semcom\/ageman-e-immu-discutem-plano-de-acao-para-reforcar-fiscalizacao-no-centro\/","og_site_name":"SEMCOM","article_published_time":"2022-06-13T17:47:03+00:00","article_modified_time":"2023-04-10T20:12:05+00:00","og_image":[{"width":1280,"height":773,"url":"https:\/\/www.manaus.am.gov.br\/semcom\/wp-content\/uploads\/sites\/5\/2023\/04\/WhatsApp-Image-2022-06-13-at-13.22.51.jpeg","type":"image\/jpeg"}],"author":"Adriana Costa","twitter_card":"summary_large_image","twitter_misc":{"Written by":"Adriana Costa","Est. reading time":"2 minutos"},"schema":{"@context":"https:\/\/schema.org","@graph":[{"@type":"WebPage","@id":"https:\/\/www.manaus.am.gov.br\/semcom\/ageman-e-immu-discutem-plano-de-acao-para-reforcar-fiscalizacao-no-centro\/","url":"https:\/\/www.manaus.am.gov.br\/semcom\/ageman-e-immu-discutem-plano-de-acao-para-reforcar-fiscalizacao-no-centro\/","name":"Ageman e IMMU discutem plano de a\u00e7\u00e3o para refor\u00e7ar fiscaliza\u00e7\u00e3o no Centro - SEMCOM","isPartOf":{"@id":"https:\/\/www.manaus.am.gov.br\/semcom\/#website"},"primaryImageOfPage":{"@id":"https:\/\/www.manaus.am.gov.br\/semcom\/ageman-e-immu-discutem-plano-de-acao-para-reforcar-fiscalizacao-no-centro\/#primaryimage"},"image":{"@id":"https:\/\/www.manaus.am.gov.br\/semcom\/ageman-e-immu-discutem-plano-de-acao-para-reforcar-fiscalizacao-no-centro\/#primaryimage"},"thumbnailUrl":"https:\/\/www.manaus.am.gov.br\/semcom\/wp-content\/uploads\/sites\/5\/2023\/04\/WhatsApp-Image-2022-06-13-at-13.22.51.jpeg","datePublished":"2022-06-13T17:47:03+00:00","dateModified":"2023-04-10T20:12:05+00:00","author":{"@id":"https:\/\/www.manaus.am.gov.br\/semcom\/#\/schema\/person\/4e49f4e267757a06ca072ec61b2b9968"},"inLanguage":"pt-BR","potentialAction":[{"@type":"ReadAction","target":["https:\/\/www.manaus.am.gov.br\/semcom\/ageman-e-immu-discutem-plano-de-acao-para-reforcar-fiscalizacao-no-centro\/"]}]},{"@type":"ImageObject","inLanguage":"pt-BR","@id":"https:\/\/www.manaus.am.gov.br\/semcom\/ageman-e-immu-discutem-plano-de-acao-para-reforcar-fiscalizacao-no-centro\/#primaryimage","url":"https:\/\/www.manaus.am.gov.br\/semcom\/wp-content\/uploads\/sites\/5\/2023\/04\/WhatsApp-Image-2022-06-13-at-13.22.51.jpeg","contentUrl":"https:\/\/www.manaus.am.gov.br\/semcom\/wp-content\/uploads\/sites\/5\/2023\/04\/WhatsApp-Image-2022-06-13-at-13.22.51.jpeg","width":1280,"height":773},{"@type":"WebSite","@id":"https:\/\/www.manaus.am.gov.br\/semcom\/#website","url":"https:\/\/www.manaus.am.gov.br\/semcom\/","name":"SEMCOM","description":"Secretaria Municipal de Comunica\u00e7\u00e3o","potentialAction":[{"@type":"SearchAction","target":{"@type":"EntryPoint","urlTemplate":"https:\/\/www.manaus.am.gov.br\/semcom\/?s={search_term_string}"},"query-input":"required name=search_term_string"}],"inLanguage":"pt-BR"},{"@type":"Person","@id":"https:\/\/www.manaus.am.gov.br\/semcom\/#\/schema\/person\/4e49f4e267757a06ca072ec61b2b9968","name":"Adriana Costa","image":{"@type":"ImageObject","inLanguage":"pt-BR","@id":"https:\/\/www.manaus.am.gov.br\/semcom\/#\/schema\/person\/image\/","url":"https:\/\/secure.gravatar.com\/avatar\/576258617ef7194f718179e766d57bd4?s=96&d=mm&r=g","contentUrl":"https:\/\/secure.gravatar.com\/avatar\/576258617ef7194f718179e766d57bd4?s=96&d=mm&r=g","caption":"Adriana Costa"}}]}},"_links":{"self":[{"href":"https:\/\/www.manaus.am.gov.br\/semcom\/wp-json\/wp\/v2\/posts\/211833"}],"collection":[{"href":"https:\/\/www.manaus.am.gov.br\/semcom\/wp-json\/wp\/v2\/posts"}],"about":[{"href":"https:\/\/www.manaus.am.gov.br\/semcom\/wp-json\/wp\/v2\/types\/post"}],"author":[{"embeddable":true,"href":"https:\/\/www.manaus.am.gov.br\/semcom\/wp-json\/wp\/v2\/users\/23"}],"replies":[{"embeddable":true,"href":"https:\/\/www.manaus.am.gov.br\/semcom\/wp-json\/wp\/v2\/comments?post=211833"}],"version-history":[{"count":0,"href":"https:\/\/www.manaus.am.gov.br\/semcom\/wp-json\/wp\/v2\/posts\/211833\/revisions"}],"wp:featuredmedia":[{"embeddable":true,"href":"https:\/\/www.manaus.am.gov.br\/semcom\/wp-json\/wp\/v2\/media\/211834"}],"wp:attachment":[{"href":"https:\/\/www.manaus.am.gov.br\/semcom\/wp-json\/wp\/v2\/media?parent=211833"}],"wp:term":[{"taxonomy":"category","embeddable":true,"href":"https:\/\/www.manaus.am.gov.br\/semcom\/wp-json\/wp\/v2\/categories?post=211833"},{"taxonomy":"post_tag","embeddable":true,"href":"https:\/\/www.manaus.am.gov.br\/semcom\/wp-json\/wp\/v2\/tags?post=211833"}],"curies":[{"name":"wp","href":"https:\/\/api.w.org\/{rel}","templated":true}]}}