{"id":211812,"date":"2022-11-10T11:12:00","date_gmt":"2022-11-10T14:12:00","guid":{"rendered":"https:\/\/www.manaus.am.gov.br\/semcom\/prefeitura-realiza-visita-tecnica-ao-centro-de-controle-operacional-do-immu\/"},"modified":"2023-04-10T17:05:40","modified_gmt":"2023-04-10T20:05:40","slug":"prefeitura-realiza-visita-tecnica-ao-centro-de-controle-operacional-do-immu","status":"publish","type":"post","link":"https:\/\/www.manaus.am.gov.br\/semcom\/prefeitura-realiza-visita-tecnica-ao-centro-de-controle-operacional-do-immu\/","title":{"rendered":"Prefeitura realiza visita t\u00e9cnica ao Centro de Controle Operacional do IMMU"},"content":{"rendered":"\n<p>A Prefeitura de Manaus, por meio do Instituto Municipal de Mobilidade Urbana (IMMU), realizou na tarde desta quarta-feira, 9\/11, uma visita t\u00e9cnica ao pr\u00e9dio onde ser\u00e1 o Centro de Controle Operacional do IMMU. O local est\u00e1 situado na avenida Theom\u00e1rio Pinto, bairro Chapada, zona Centro-Oeste da cidade, e vai receber as demandas de tr\u00e2nsito, transportes e ainda estar\u00e1 integrado com os sistemas do Sindicato das Empresas de Transporte de Passageiros do Estado do Amazonas (Sinetram), para monitoramento dos \u00f4nibus em tempo real.<\/p>\n\n\n\n<p>\u201cNesse local ir\u00e1 funcionar o Centro de Controle Operacional do IMMU. Aqui ser\u00e3o analisadas as medidas imediatas a serem aplicadas na mobilidade urbana da cidade. Vamos monitorar as linhas de \u00f4nibus para que cumpram as viagens, estaremos integrados com o sistema do Sinetram para acompanharmos os hor\u00e1rios das linhas e verificar se a viagem foi integralmente realizada. Tamb\u00e9m estaremos em contato direto com os agentes nas ruas, para que qualquer situa\u00e7\u00e3o que prejudique a fluidez seja resolvida\u201d, informou o diretor-presidente do IMMU, Paulo Henrique Martins.<\/p>\n\n\n\n<p>O novo local ir\u00e1 monitorar todo o sistema do aplicativo \u201cCad\u00ea meu \u00f4nibus\u201d, utilizado para os usu\u00e1rios saberem as linhas, itiner\u00e1rios e hor\u00e1rios dos coletivos e estar\u00e1 linkado com o sistema da Prefeitura de Manaus. O app permitir\u00e1 verificar onde o \u00f4nibus est\u00e1, se est\u00e1 atrasado e o motivo da eventualidade na via.<\/p>\n\n\n\n<p>\u201cN\u00f3s vamos trabalhar a partir das informa\u00e7\u00f5es que vamos receber em tempo real do Sinetram, dos agentes que estar\u00e3o nas ruas e das c\u00e2meras que est\u00e3o instaladas dentro dos \u00f4nibus e, a partir da\u00ed, poderemos tomar decis\u00f5es que v\u00e3o beneficiar os usu\u00e1rios, melhorar a situa\u00e7\u00e3o das viagens dos coletivos e permitir melhor fluidez nas vias\u201d, finalizou Paulo Henrique.<\/p>\n\n\n\n<p>O Centro Operacional tamb\u00e9m ir\u00e1 acompanhar o Sistema de Sem\u00e1foros Inteligentes que vai estar conectado com a programa\u00e7\u00e3o de todo o sistema de transporte urbano, o que vai permitir que haja mais fluidez para os \u00f4nibus nos corredores vi\u00e1rios, como tamb\u00e9m vai melhorar o tempo de viagens dos coletivos, beneficiando a popula\u00e7\u00e3o com um servi\u00e7o de qualidade nos transportes.<\/p>\n\n\n\n<hr class=\"wp-block-separator has-alpha-channel-opacity\"\/>\n\n\n\n<p><strong>Texto \u2013<\/strong>&nbsp;Marcelo Lima \/ IMMU<br><strong>Foto \u2013<\/strong>&nbsp;Sidney Mendon\u00e7a \/ IMMU<\/p>\n","protected":false},"excerpt":{"rendered":"","protected":false},"author":27,"featured_media":211813,"comment_status":"closed","ping_status":"closed","sticky":false,"template":"","format":"standard","meta":{"footnotes":""},"categories":[2047],"tags":[],"acf":[],"yoast_head":"<!-- This site is optimized with the Yoast SEO plugin v23.0 - https:\/\/yoast.com\/wordpress\/plugins\/seo\/ -->\n<title>Prefeitura realiza visita t\u00e9cnica ao Centro de Controle Operacional do IMMU - SEMCOM<\/title>\n<meta name=\"robots\" content=\"index, follow, max-snippet:-1, max-image-preview:large, max-video-preview:-1\" \/>\n<link rel=\"canonical\" href=\"https:\/\/www.manaus.am.gov.br\/semcom\/prefeitura-realiza-visita-tecnica-ao-centro-de-controle-operacional-do-immu\/\" \/>\n<meta property=\"og:locale\" content=\"pt_BR\" \/>\n<meta property=\"og:type\" content=\"article\" \/>\n<meta property=\"og:title\" content=\"Prefeitura realiza visita t\u00e9cnica ao Centro de Controle Operacional do IMMU - SEMCOM\" \/>\n<meta property=\"og:url\" content=\"https:\/\/www.manaus.am.gov.br\/semcom\/prefeitura-realiza-visita-tecnica-ao-centro-de-controle-operacional-do-immu\/\" \/>\n<meta property=\"og:site_name\" content=\"SEMCOM\" \/>\n<meta property=\"article:published_time\" content=\"2022-11-10T14:12:00+00:00\" \/>\n<meta property=\"article:modified_time\" content=\"2023-04-10T20:05:40+00:00\" \/>\n<meta property=\"og:image\" content=\"https:\/\/www.manaus.am.gov.br\/semcom\/wp-content\/uploads\/sites\/5\/2023\/04\/Prefeitura-realiza-visita-tecnica-ao-Centro-de-Controle-Operacional-do-IMMU.jpg\" \/>\n\t<meta property=\"og:image:width\" content=\"720\" \/>\n\t<meta property=\"og:image:height\" content=\"407\" \/>\n\t<meta property=\"og:image:type\" content=\"image\/jpeg\" \/>\n<meta name=\"author\" content=\"Imarketing Digital\" \/>\n<meta name=\"twitter:card\" content=\"summary_large_image\" \/>\n<meta name=\"twitter:label1\" content=\"Written by\" \/>\n\t<meta name=\"twitter:data1\" content=\"Imarketing Digital\" \/>\n\t<meta name=\"twitter:label2\" content=\"Est. reading time\" \/>\n\t<meta name=\"twitter:data2\" content=\"2 minutos\" \/>\n<script type=\"application\/ld+json\" class=\"yoast-schema-graph\">{\"@context\":\"https:\/\/schema.org\",\"@graph\":[{\"@type\":\"WebPage\",\"@id\":\"https:\/\/www.manaus.am.gov.br\/semcom\/prefeitura-realiza-visita-tecnica-ao-centro-de-controle-operacional-do-immu\/\",\"url\":\"https:\/\/www.manaus.am.gov.br\/semcom\/prefeitura-realiza-visita-tecnica-ao-centro-de-controle-operacional-do-immu\/\",\"name\":\"Prefeitura realiza visita t\u00e9cnica ao Centro de Controle Operacional do IMMU - SEMCOM\",\"isPartOf\":{\"@id\":\"https:\/\/www.manaus.am.gov.br\/semcom\/#website\"},\"primaryImageOfPage\":{\"@id\":\"https:\/\/www.manaus.am.gov.br\/semcom\/prefeitura-realiza-visita-tecnica-ao-centro-de-controle-operacional-do-immu\/#primaryimage\"},\"image\":{\"@id\":\"https:\/\/www.manaus.am.gov.br\/semcom\/prefeitura-realiza-visita-tecnica-ao-centro-de-controle-operacional-do-immu\/#primaryimage\"},\"thumbnailUrl\":\"https:\/\/www.manaus.am.gov.br\/semcom\/wp-content\/uploads\/sites\/5\/2023\/04\/Prefeitura-realiza-visita-tecnica-ao-Centro-de-Controle-Operacional-do-IMMU.jpg\",\"datePublished\":\"2022-11-10T14:12:00+00:00\",\"dateModified\":\"2023-04-10T20:05:40+00:00\",\"author\":{\"@id\":\"https:\/\/www.manaus.am.gov.br\/semcom\/#\/schema\/person\/79525a47ac5902f50493820d995728ee\"},\"inLanguage\":\"pt-BR\",\"potentialAction\":[{\"@type\":\"ReadAction\",\"target\":[\"https:\/\/www.manaus.am.gov.br\/semcom\/prefeitura-realiza-visita-tecnica-ao-centro-de-controle-operacional-do-immu\/\"]}]},{\"@type\":\"ImageObject\",\"inLanguage\":\"pt-BR\",\"@id\":\"https:\/\/www.manaus.am.gov.br\/semcom\/prefeitura-realiza-visita-tecnica-ao-centro-de-controle-operacional-do-immu\/#primaryimage\",\"url\":\"https:\/\/www.manaus.am.gov.br\/semcom\/wp-content\/uploads\/sites\/5\/2023\/04\/Prefeitura-realiza-visita-tecnica-ao-Centro-de-Controle-Operacional-do-IMMU.jpg\",\"contentUrl\":\"https:\/\/www.manaus.am.gov.br\/semcom\/wp-content\/uploads\/sites\/5\/2023\/04\/Prefeitura-realiza-visita-tecnica-ao-Centro-de-Controle-Operacional-do-IMMU.jpg\",\"width\":720,\"height\":407,\"caption\":\"Prefeitura realiza visita t\u00e9cnica ao Centro de Controle Operacional do IMMU\"},{\"@type\":\"WebSite\",\"@id\":\"https:\/\/www.manaus.am.gov.br\/semcom\/#website\",\"url\":\"https:\/\/www.manaus.am.gov.br\/semcom\/\",\"name\":\"SEMCOM\",\"description\":\"Secretaria Municipal de Comunica\u00e7\u00e3o\",\"potentialAction\":[{\"@type\":\"SearchAction\",\"target\":{\"@type\":\"EntryPoint\",\"urlTemplate\":\"https:\/\/www.manaus.am.gov.br\/semcom\/?s={search_term_string}\"},\"query-input\":\"required name=search_term_string\"}],\"inLanguage\":\"pt-BR\"},{\"@type\":\"Person\",\"@id\":\"https:\/\/www.manaus.am.gov.br\/semcom\/#\/schema\/person\/79525a47ac5902f50493820d995728ee\",\"name\":\"Imarketing Digital\",\"image\":{\"@type\":\"ImageObject\",\"inLanguage\":\"pt-BR\",\"@id\":\"https:\/\/www.manaus.am.gov.br\/semcom\/#\/schema\/person\/image\/\",\"url\":\"https:\/\/secure.gravatar.com\/avatar\/03432d3c57b756ed9760f7019c815a3a?s=96&d=mm&r=g\",\"contentUrl\":\"https:\/\/secure.gravatar.com\/avatar\/03432d3c57b756ed9760f7019c815a3a?s=96&d=mm&r=g\",\"caption\":\"Imarketing Digital\"}}]}<\/script>\n<!-- \/ Yoast SEO plugin. -->","yoast_head_json":{"title":"Prefeitura realiza visita t\u00e9cnica ao Centro de Controle Operacional do IMMU - SEMCOM","robots":{"index":"index","follow":"follow","max-snippet":"max-snippet:-1","max-image-preview":"max-image-preview:large","max-video-preview":"max-video-preview:-1"},"canonical":"https:\/\/www.manaus.am.gov.br\/semcom\/prefeitura-realiza-visita-tecnica-ao-centro-de-controle-operacional-do-immu\/","og_locale":"pt_BR","og_type":"article","og_title":"Prefeitura realiza visita t\u00e9cnica ao Centro de Controle Operacional do IMMU - SEMCOM","og_url":"https:\/\/www.manaus.am.gov.br\/semcom\/prefeitura-realiza-visita-tecnica-ao-centro-de-controle-operacional-do-immu\/","og_site_name":"SEMCOM","article_published_time":"2022-11-10T14:12:00+00:00","article_modified_time":"2023-04-10T20:05:40+00:00","og_image":[{"width":720,"height":407,"url":"https:\/\/www.manaus.am.gov.br\/semcom\/wp-content\/uploads\/sites\/5\/2023\/04\/Prefeitura-realiza-visita-tecnica-ao-Centro-de-Controle-Operacional-do-IMMU.jpg","type":"image\/jpeg"}],"author":"Imarketing Digital","twitter_card":"summary_large_image","twitter_misc":{"Written by":"Imarketing Digital","Est. reading time":"2 minutos"},"schema":{"@context":"https:\/\/schema.org","@graph":[{"@type":"WebPage","@id":"https:\/\/www.manaus.am.gov.br\/semcom\/prefeitura-realiza-visita-tecnica-ao-centro-de-controle-operacional-do-immu\/","url":"https:\/\/www.manaus.am.gov.br\/semcom\/prefeitura-realiza-visita-tecnica-ao-centro-de-controle-operacional-do-immu\/","name":"Prefeitura realiza visita t\u00e9cnica ao Centro de Controle Operacional do IMMU - SEMCOM","isPartOf":{"@id":"https:\/\/www.manaus.am.gov.br\/semcom\/#website"},"primaryImageOfPage":{"@id":"https:\/\/www.manaus.am.gov.br\/semcom\/prefeitura-realiza-visita-tecnica-ao-centro-de-controle-operacional-do-immu\/#primaryimage"},"image":{"@id":"https:\/\/www.manaus.am.gov.br\/semcom\/prefeitura-realiza-visita-tecnica-ao-centro-de-controle-operacional-do-immu\/#primaryimage"},"thumbnailUrl":"https:\/\/www.manaus.am.gov.br\/semcom\/wp-content\/uploads\/sites\/5\/2023\/04\/Prefeitura-realiza-visita-tecnica-ao-Centro-de-Controle-Operacional-do-IMMU.jpg","datePublished":"2022-11-10T14:12:00+00:00","dateModified":"2023-04-10T20:05:40+00:00","author":{"@id":"https:\/\/www.manaus.am.gov.br\/semcom\/#\/schema\/person\/79525a47ac5902f50493820d995728ee"},"inLanguage":"pt-BR","potentialAction":[{"@type":"ReadAction","target":["https:\/\/www.manaus.am.gov.br\/semcom\/prefeitura-realiza-visita-tecnica-ao-centro-de-controle-operacional-do-immu\/"]}]},{"@type":"ImageObject","inLanguage":"pt-BR","@id":"https:\/\/www.manaus.am.gov.br\/semcom\/prefeitura-realiza-visita-tecnica-ao-centro-de-controle-operacional-do-immu\/#primaryimage","url":"https:\/\/www.manaus.am.gov.br\/semcom\/wp-content\/uploads\/sites\/5\/2023\/04\/Prefeitura-realiza-visita-tecnica-ao-Centro-de-Controle-Operacional-do-IMMU.jpg","contentUrl":"https:\/\/www.manaus.am.gov.br\/semcom\/wp-content\/uploads\/sites\/5\/2023\/04\/Prefeitura-realiza-visita-tecnica-ao-Centro-de-Controle-Operacional-do-IMMU.jpg","width":720,"height":407,"caption":"Prefeitura realiza visita t\u00e9cnica ao Centro de Controle Operacional do IMMU"},{"@type":"WebSite","@id":"https:\/\/www.manaus.am.gov.br\/semcom\/#website","url":"https:\/\/www.manaus.am.gov.br\/semcom\/","name":"SEMCOM","description":"Secretaria Municipal de Comunica\u00e7\u00e3o","potentialAction":[{"@type":"SearchAction","target":{"@type":"EntryPoint","urlTemplate":"https:\/\/www.manaus.am.gov.br\/semcom\/?s={search_term_string}"},"query-input":"required name=search_term_string"}],"inLanguage":"pt-BR"},{"@type":"Person","@id":"https:\/\/www.manaus.am.gov.br\/semcom\/#\/schema\/person\/79525a47ac5902f50493820d995728ee","name":"Imarketing Digital","image":{"@type":"ImageObject","inLanguage":"pt-BR","@id":"https:\/\/www.manaus.am.gov.br\/semcom\/#\/schema\/person\/image\/","url":"https:\/\/secure.gravatar.com\/avatar\/03432d3c57b756ed9760f7019c815a3a?s=96&d=mm&r=g","contentUrl":"https:\/\/secure.gravatar.com\/avatar\/03432d3c57b756ed9760f7019c815a3a?s=96&d=mm&r=g","caption":"Imarketing Digital"}}]}},"_links":{"self":[{"href":"https:\/\/www.manaus.am.gov.br\/semcom\/wp-json\/wp\/v2\/posts\/211812"}],"collection":[{"href":"https:\/\/www.manaus.am.gov.br\/semcom\/wp-json\/wp\/v2\/posts"}],"about":[{"href":"https:\/\/www.manaus.am.gov.br\/semcom\/wp-json\/wp\/v2\/types\/post"}],"author":[{"embeddable":true,"href":"https:\/\/www.manaus.am.gov.br\/semcom\/wp-json\/wp\/v2\/users\/27"}],"replies":[{"embeddable":true,"href":"https:\/\/www.manaus.am.gov.br\/semcom\/wp-json\/wp\/v2\/comments?post=211812"}],"version-history":[{"count":0,"href":"https:\/\/www.manaus.am.gov.br\/semcom\/wp-json\/wp\/v2\/posts\/211812\/revisions"}],"wp:featuredmedia":[{"embeddable":true,"href":"https:\/\/www.manaus.am.gov.br\/semcom\/wp-json\/wp\/v2\/media\/211813"}],"wp:attachment":[{"href":"https:\/\/www.manaus.am.gov.br\/semcom\/wp-json\/wp\/v2\/media?parent=211812"}],"wp:term":[{"taxonomy":"category","embeddable":true,"href":"https:\/\/www.manaus.am.gov.br\/semcom\/wp-json\/wp\/v2\/categories?post=211812"},{"taxonomy":"post_tag","embeddable":true,"href":"https:\/\/www.manaus.am.gov.br\/semcom\/wp-json\/wp\/v2\/tags?post=211812"}],"curies":[{"name":"wp","href":"https:\/\/api.w.org\/{rel}","templated":true}]}}