{"id":211633,"date":"2023-04-04T21:04:46","date_gmt":"2023-04-05T00:04:46","guid":{"rendered":"https:\/\/www.manaus.am.gov.br\/semcom\/justica-reconhece-legalidade-e-mantem-adequacao-do-t6-para-nova-rodoviaria-em-manaus\/"},"modified":"2023-04-14T13:51:43","modified_gmt":"2023-04-14T16:51:43","slug":"justica-reconhece-legalidade-e-mantem-adequacao-do-t6-para-nova-rodoviaria-em-manaus","status":"publish","type":"post","link":"https:\/\/www.manaus.am.gov.br\/semcom\/justica-reconhece-legalidade-e-mantem-adequacao-do-t6-para-nova-rodoviaria-em-manaus\/","title":{"rendered":"<strong>Justi\u00e7a reconhece legalidade e mant\u00e9m adequa\u00e7\u00e3o do T6 para nova rodovi\u00e1ria em Manaus<\/strong>"},"content":{"rendered":"\n<p>A ju\u00edza da 3\u00b0 Vara da Fazenda P\u00fablica de Manaus, Etelvina Lobo Braga, n\u00e3o encontrou ilegalidades e reconheceu, nesta ter\u00e7a-feira, 4\/4 o processo licitat\u00f3rio da Prefeitura de Manaus, para adequa\u00e7\u00e3o e adapta\u00e7\u00e3o do Terminal 6 (T6), localizado no conjunto Viver Melhor, bairro Lago Azul, zona Norte, para opera\u00e7\u00e3o de transporte intermunicipal, interestadual e internacional do Munic\u00edpio de Manaus.<\/p>\n\n\n\n<p>O procurador-geral do munic\u00edpio, Rafael Lins Bertazzo, esclareceu que a decis\u00e3o evita que haja suspens\u00e3o na continuidade do processo de mudan\u00e7a da rodovi\u00e1ria, ou seja, pode-se continuar havendo an\u00e1lises e procedimentos de consulta a todos os interessados.<\/p>\n\n\n\n<p>\u201cA decis\u00e3o proferida pela ju\u00edza da terceira Vara da Fazenda P\u00fablica, Etelvina Lobo Braga, acatou os argumentos da prefeitura no sentido de que houve uma an\u00e1lise operacional por parte do Instituto Municipal de Mobilidade Urbana, o IMMU, da transfer\u00eancia da atual rodovi\u00e1ria para o im\u00f3vel que seria o Terminal 6, bem como houve sim um debate pr\u00e9vio com os envolvidos, como os atuais permission\u00e1rios, diferentemente do que a defensoria alegou no in\u00edcio\u201d, completou Bertazzo.<\/p>\n\n\n\n<p>Em sua decis\u00e3o, a ju\u00edza Etelvina Lobo, afirma que \u201cao analisar as provas acostadas aos autos pelos requeridos, afls. 111\/213 e 242\/1761, foi poss\u00edvel verificar que, n\u00e3o h\u00e1 qualquer irregularidade nos procedimentos adotados pela Administra\u00e7\u00e3o P\u00fablica\u201d.<\/p>\n\n\n\n<p>\u201cConv\u00e9m ressaltar que houve cumprimento do princ\u00edpio da publicidade durante a condu\u00e7\u00e3o do procedimento licitat\u00f3rio. Assim, em sede de cogni\u00e7\u00e3o sum\u00e1ria, n\u00e3o vislumbro qualquer irregularidade formal ou material no procedimento licitat\u00f3rio que a parte autora visa suspender e alega na inicial\u201d, afirmou Etelvina Lobo.<\/p>\n\n\n\n<p>Rafael Bertazzo afirma que mesmo que haja recurso da Defensoria P\u00fablica do Estado do Amazonas (DPE-AM) contra a decis\u00e3o, a Prefeitura de Manaus por meio da Procuradoria-Geral do Munic\u00edpio (PGM) manter\u00e1 a defesa irrestrita da legalidade da obra.<\/p>\n\n\n\n<p>&#8212; &#8212; &#8212;<\/p>\n\n\n\n<p><strong>Texto &#8211;<\/strong> Beathriz Torres \/ Semcom<\/p>\n\n\n\n<p><strong>Foto \u2013 <\/strong>Divulga\u00e7\u00e3o \/ Semcom<\/p>\n","protected":false},"excerpt":{"rendered":"","protected":false},"author":39,"featured_media":211634,"comment_status":"closed","ping_status":"closed","sticky":false,"template":"","format":"standard","meta":{"footnotes":""},"categories":[514],"tags":[3005,515,518,3006],"acf":[],"yoast_head":"<!-- This site is optimized with the Yoast SEO plugin v23.0 - https:\/\/yoast.com\/wordpress\/plugins\/seo\/ -->\n<title>Justi\u00e7a reconhece legalidade e mant\u00e9m adequa\u00e7\u00e3o do T6 para nova rodovi\u00e1ria em Manaus<\/title>\n<meta name=\"description\" content=\"Em sua decis\u00e3o, a ju\u00edza Etelvina Lobo, afirma que \u201cao analisar as provas acostadas aos autos pelos requeridos, afls. 111\/213 e 242\/1761, foi poss\u00edvel verificar que, n\u00e3o h\u00e1 qualquer irregularidade nos procedimentos adotados pela Administra\u00e7\u00e3o P\u00fablica\u201d.\" \/>\n<meta name=\"robots\" content=\"index, follow, max-snippet:-1, max-image-preview:large, max-video-preview:-1\" \/>\n<link rel=\"canonical\" href=\"https:\/\/www.manaus.am.gov.br\/semcom\/justica-reconhece-legalidade-e-mantem-adequacao-do-t6-para-nova-rodoviaria-em-manaus\/\" \/>\n<meta property=\"og:locale\" content=\"pt_BR\" \/>\n<meta property=\"og:type\" content=\"article\" \/>\n<meta property=\"og:title\" content=\"Justi\u00e7a reconhece legalidade e mant\u00e9m adequa\u00e7\u00e3o do T6 para nova rodovi\u00e1ria em Manaus\" \/>\n<meta property=\"og:description\" content=\"Em sua decis\u00e3o, a ju\u00edza Etelvina Lobo, afirma que \u201cao analisar as provas acostadas aos autos pelos requeridos, afls. 111\/213 e 242\/1761, foi poss\u00edvel verificar que, n\u00e3o h\u00e1 qualquer irregularidade nos procedimentos adotados pela Administra\u00e7\u00e3o P\u00fablica\u201d.\" \/>\n<meta property=\"og:url\" content=\"https:\/\/www.manaus.am.gov.br\/semcom\/justica-reconhece-legalidade-e-mantem-adequacao-do-t6-para-nova-rodoviaria-em-manaus\/\" \/>\n<meta property=\"og:site_name\" content=\"SEMCOM\" \/>\n<meta property=\"article:published_time\" content=\"2023-04-05T00:04:46+00:00\" \/>\n<meta property=\"article:modified_time\" content=\"2023-04-14T16:51:43+00:00\" \/>\n<meta property=\"og:image\" content=\"https:\/\/www.manaus.am.gov.br\/semcom\/wp-content\/uploads\/sites\/5\/2023\/04\/Adequacao-do-T6-para-nova-rodoviaria-em-Manaus-1.jpeg\" \/>\n\t<meta property=\"og:image:width\" content=\"1600\" \/>\n\t<meta property=\"og:image:height\" content=\"900\" \/>\n\t<meta property=\"og:image:type\" content=\"image\/jpeg\" \/>\n<meta name=\"author\" content=\"Bruna Greco\" \/>\n<meta name=\"twitter:card\" content=\"summary_large_image\" \/>\n<meta name=\"twitter:label1\" content=\"Written by\" \/>\n\t<meta name=\"twitter:data1\" content=\"Bruna Greco\" \/>\n\t<meta name=\"twitter:label2\" content=\"Est. reading time\" \/>\n\t<meta name=\"twitter:data2\" content=\"2 minutos\" \/>\n<script type=\"application\/ld+json\" class=\"yoast-schema-graph\">{\"@context\":\"https:\/\/schema.org\",\"@graph\":[{\"@type\":\"WebPage\",\"@id\":\"https:\/\/www.manaus.am.gov.br\/semcom\/justica-reconhece-legalidade-e-mantem-adequacao-do-t6-para-nova-rodoviaria-em-manaus\/\",\"url\":\"https:\/\/www.manaus.am.gov.br\/semcom\/justica-reconhece-legalidade-e-mantem-adequacao-do-t6-para-nova-rodoviaria-em-manaus\/\",\"name\":\"Justi\u00e7a reconhece legalidade e mant\u00e9m adequa\u00e7\u00e3o do T6 para nova rodovi\u00e1ria em Manaus\",\"isPartOf\":{\"@id\":\"https:\/\/www.manaus.am.gov.br\/semcom\/#website\"},\"primaryImageOfPage\":{\"@id\":\"https:\/\/www.manaus.am.gov.br\/semcom\/justica-reconhece-legalidade-e-mantem-adequacao-do-t6-para-nova-rodoviaria-em-manaus\/#primaryimage\"},\"image\":{\"@id\":\"https:\/\/www.manaus.am.gov.br\/semcom\/justica-reconhece-legalidade-e-mantem-adequacao-do-t6-para-nova-rodoviaria-em-manaus\/#primaryimage\"},\"thumbnailUrl\":\"https:\/\/www.manaus.am.gov.br\/semcom\/wp-content\/uploads\/sites\/5\/2023\/04\/Adequacao-do-T6-para-nova-rodoviaria-em-Manaus-1.jpeg\",\"datePublished\":\"2023-04-05T00:04:46+00:00\",\"dateModified\":\"2023-04-14T16:51:43+00:00\",\"author\":{\"@id\":\"https:\/\/www.manaus.am.gov.br\/semcom\/#\/schema\/person\/05d223aea2bf115f9883a6ff3683d81b\"},\"description\":\"Em sua decis\u00e3o, a ju\u00edza Etelvina Lobo, afirma que \u201cao analisar as provas acostadas aos autos pelos requeridos, afls. 111\/213 e 242\/1761, foi poss\u00edvel verificar que, n\u00e3o h\u00e1 qualquer irregularidade nos procedimentos adotados pela Administra\u00e7\u00e3o P\u00fablica\u201d.\",\"inLanguage\":\"pt-BR\",\"potentialAction\":[{\"@type\":\"ReadAction\",\"target\":[\"https:\/\/www.manaus.am.gov.br\/semcom\/justica-reconhece-legalidade-e-mantem-adequacao-do-t6-para-nova-rodoviaria-em-manaus\/\"]}]},{\"@type\":\"ImageObject\",\"inLanguage\":\"pt-BR\",\"@id\":\"https:\/\/www.manaus.am.gov.br\/semcom\/justica-reconhece-legalidade-e-mantem-adequacao-do-t6-para-nova-rodoviaria-em-manaus\/#primaryimage\",\"url\":\"https:\/\/www.manaus.am.gov.br\/semcom\/wp-content\/uploads\/sites\/5\/2023\/04\/Adequacao-do-T6-para-nova-rodoviaria-em-Manaus-1.jpeg\",\"contentUrl\":\"https:\/\/www.manaus.am.gov.br\/semcom\/wp-content\/uploads\/sites\/5\/2023\/04\/Adequacao-do-T6-para-nova-rodoviaria-em-Manaus-1.jpeg\",\"width\":1600,\"height\":900},{\"@type\":\"WebSite\",\"@id\":\"https:\/\/www.manaus.am.gov.br\/semcom\/#website\",\"url\":\"https:\/\/www.manaus.am.gov.br\/semcom\/\",\"name\":\"SEMCOM\",\"description\":\"Secretaria Municipal de Comunica\u00e7\u00e3o\",\"potentialAction\":[{\"@type\":\"SearchAction\",\"target\":{\"@type\":\"EntryPoint\",\"urlTemplate\":\"https:\/\/www.manaus.am.gov.br\/semcom\/?s={search_term_string}\"},\"query-input\":\"required name=search_term_string\"}],\"inLanguage\":\"pt-BR\"},{\"@type\":\"Person\",\"@id\":\"https:\/\/www.manaus.am.gov.br\/semcom\/#\/schema\/person\/05d223aea2bf115f9883a6ff3683d81b\",\"name\":\"Bruna Greco\",\"image\":{\"@type\":\"ImageObject\",\"inLanguage\":\"pt-BR\",\"@id\":\"https:\/\/www.manaus.am.gov.br\/semcom\/#\/schema\/person\/image\/\",\"url\":\"https:\/\/secure.gravatar.com\/avatar\/9c877d1a6adc2a055330e5c09a8653ce?s=96&d=mm&r=g\",\"contentUrl\":\"https:\/\/secure.gravatar.com\/avatar\/9c877d1a6adc2a055330e5c09a8653ce?s=96&d=mm&r=g\",\"caption\":\"Bruna Greco\"}}]}<\/script>\n<!-- \/ Yoast SEO plugin. -->","yoast_head_json":{"title":"Justi\u00e7a reconhece legalidade e mant\u00e9m adequa\u00e7\u00e3o do T6 para nova rodovi\u00e1ria em Manaus","description":"Em sua decis\u00e3o, a ju\u00edza Etelvina Lobo, afirma que \u201cao analisar as provas acostadas aos autos pelos requeridos, afls. 111\/213 e 242\/1761, foi poss\u00edvel verificar que, n\u00e3o h\u00e1 qualquer irregularidade nos procedimentos adotados pela Administra\u00e7\u00e3o P\u00fablica\u201d.","robots":{"index":"index","follow":"follow","max-snippet":"max-snippet:-1","max-image-preview":"max-image-preview:large","max-video-preview":"max-video-preview:-1"},"canonical":"https:\/\/www.manaus.am.gov.br\/semcom\/justica-reconhece-legalidade-e-mantem-adequacao-do-t6-para-nova-rodoviaria-em-manaus\/","og_locale":"pt_BR","og_type":"article","og_title":"Justi\u00e7a reconhece legalidade e mant\u00e9m adequa\u00e7\u00e3o do T6 para nova rodovi\u00e1ria em Manaus","og_description":"Em sua decis\u00e3o, a ju\u00edza Etelvina Lobo, afirma que \u201cao analisar as provas acostadas aos autos pelos requeridos, afls. 111\/213 e 242\/1761, foi poss\u00edvel verificar que, n\u00e3o h\u00e1 qualquer irregularidade nos procedimentos adotados pela Administra\u00e7\u00e3o P\u00fablica\u201d.","og_url":"https:\/\/www.manaus.am.gov.br\/semcom\/justica-reconhece-legalidade-e-mantem-adequacao-do-t6-para-nova-rodoviaria-em-manaus\/","og_site_name":"SEMCOM","article_published_time":"2023-04-05T00:04:46+00:00","article_modified_time":"2023-04-14T16:51:43+00:00","og_image":[{"width":1600,"height":900,"url":"https:\/\/www.manaus.am.gov.br\/semcom\/wp-content\/uploads\/sites\/5\/2023\/04\/Adequacao-do-T6-para-nova-rodoviaria-em-Manaus-1.jpeg","type":"image\/jpeg"}],"author":"Bruna Greco","twitter_card":"summary_large_image","twitter_misc":{"Written by":"Bruna Greco","Est. reading time":"2 minutos"},"schema":{"@context":"https:\/\/schema.org","@graph":[{"@type":"WebPage","@id":"https:\/\/www.manaus.am.gov.br\/semcom\/justica-reconhece-legalidade-e-mantem-adequacao-do-t6-para-nova-rodoviaria-em-manaus\/","url":"https:\/\/www.manaus.am.gov.br\/semcom\/justica-reconhece-legalidade-e-mantem-adequacao-do-t6-para-nova-rodoviaria-em-manaus\/","name":"Justi\u00e7a reconhece legalidade e mant\u00e9m adequa\u00e7\u00e3o do T6 para nova rodovi\u00e1ria em Manaus","isPartOf":{"@id":"https:\/\/www.manaus.am.gov.br\/semcom\/#website"},"primaryImageOfPage":{"@id":"https:\/\/www.manaus.am.gov.br\/semcom\/justica-reconhece-legalidade-e-mantem-adequacao-do-t6-para-nova-rodoviaria-em-manaus\/#primaryimage"},"image":{"@id":"https:\/\/www.manaus.am.gov.br\/semcom\/justica-reconhece-legalidade-e-mantem-adequacao-do-t6-para-nova-rodoviaria-em-manaus\/#primaryimage"},"thumbnailUrl":"https:\/\/www.manaus.am.gov.br\/semcom\/wp-content\/uploads\/sites\/5\/2023\/04\/Adequacao-do-T6-para-nova-rodoviaria-em-Manaus-1.jpeg","datePublished":"2023-04-05T00:04:46+00:00","dateModified":"2023-04-14T16:51:43+00:00","author":{"@id":"https:\/\/www.manaus.am.gov.br\/semcom\/#\/schema\/person\/05d223aea2bf115f9883a6ff3683d81b"},"description":"Em sua decis\u00e3o, a ju\u00edza Etelvina Lobo, afirma que \u201cao analisar as provas acostadas aos autos pelos requeridos, afls. 111\/213 e 242\/1761, foi poss\u00edvel verificar que, n\u00e3o h\u00e1 qualquer irregularidade nos procedimentos adotados pela Administra\u00e7\u00e3o P\u00fablica\u201d.","inLanguage":"pt-BR","potentialAction":[{"@type":"ReadAction","target":["https:\/\/www.manaus.am.gov.br\/semcom\/justica-reconhece-legalidade-e-mantem-adequacao-do-t6-para-nova-rodoviaria-em-manaus\/"]}]},{"@type":"ImageObject","inLanguage":"pt-BR","@id":"https:\/\/www.manaus.am.gov.br\/semcom\/justica-reconhece-legalidade-e-mantem-adequacao-do-t6-para-nova-rodoviaria-em-manaus\/#primaryimage","url":"https:\/\/www.manaus.am.gov.br\/semcom\/wp-content\/uploads\/sites\/5\/2023\/04\/Adequacao-do-T6-para-nova-rodoviaria-em-Manaus-1.jpeg","contentUrl":"https:\/\/www.manaus.am.gov.br\/semcom\/wp-content\/uploads\/sites\/5\/2023\/04\/Adequacao-do-T6-para-nova-rodoviaria-em-Manaus-1.jpeg","width":1600,"height":900},{"@type":"WebSite","@id":"https:\/\/www.manaus.am.gov.br\/semcom\/#website","url":"https:\/\/www.manaus.am.gov.br\/semcom\/","name":"SEMCOM","description":"Secretaria Municipal de Comunica\u00e7\u00e3o","potentialAction":[{"@type":"SearchAction","target":{"@type":"EntryPoint","urlTemplate":"https:\/\/www.manaus.am.gov.br\/semcom\/?s={search_term_string}"},"query-input":"required name=search_term_string"}],"inLanguage":"pt-BR"},{"@type":"Person","@id":"https:\/\/www.manaus.am.gov.br\/semcom\/#\/schema\/person\/05d223aea2bf115f9883a6ff3683d81b","name":"Bruna Greco","image":{"@type":"ImageObject","inLanguage":"pt-BR","@id":"https:\/\/www.manaus.am.gov.br\/semcom\/#\/schema\/person\/image\/","url":"https:\/\/secure.gravatar.com\/avatar\/9c877d1a6adc2a055330e5c09a8653ce?s=96&d=mm&r=g","contentUrl":"https:\/\/secure.gravatar.com\/avatar\/9c877d1a6adc2a055330e5c09a8653ce?s=96&d=mm&r=g","caption":"Bruna Greco"}}]}},"_links":{"self":[{"href":"https:\/\/www.manaus.am.gov.br\/semcom\/wp-json\/wp\/v2\/posts\/211633"}],"collection":[{"href":"https:\/\/www.manaus.am.gov.br\/semcom\/wp-json\/wp\/v2\/posts"}],"about":[{"href":"https:\/\/www.manaus.am.gov.br\/semcom\/wp-json\/wp\/v2\/types\/post"}],"author":[{"embeddable":true,"href":"https:\/\/www.manaus.am.gov.br\/semcom\/wp-json\/wp\/v2\/users\/39"}],"replies":[{"embeddable":true,"href":"https:\/\/www.manaus.am.gov.br\/semcom\/wp-json\/wp\/v2\/comments?post=211633"}],"version-history":[{"count":1,"href":"https:\/\/www.manaus.am.gov.br\/semcom\/wp-json\/wp\/v2\/posts\/211633\/revisions"}],"predecessor-version":[{"id":212074,"href":"https:\/\/www.manaus.am.gov.br\/semcom\/wp-json\/wp\/v2\/posts\/211633\/revisions\/212074"}],"wp:featuredmedia":[{"embeddable":true,"href":"https:\/\/www.manaus.am.gov.br\/semcom\/wp-json\/wp\/v2\/media\/211634"}],"wp:attachment":[{"href":"https:\/\/www.manaus.am.gov.br\/semcom\/wp-json\/wp\/v2\/media?parent=211633"}],"wp:term":[{"taxonomy":"category","embeddable":true,"href":"https:\/\/www.manaus.am.gov.br\/semcom\/wp-json\/wp\/v2\/categories?post=211633"},{"taxonomy":"post_tag","embeddable":true,"href":"https:\/\/www.manaus.am.gov.br\/semcom\/wp-json\/wp\/v2\/tags?post=211633"}],"curies":[{"name":"wp","href":"https:\/\/api.w.org\/{rel}","templated":true}]}}