{"id":211562,"date":"2023-04-04T13:50:22","date_gmt":"2023-04-04T16:50:22","guid":{"rendered":"https:\/\/www.manaus.am.gov.br\/semcom\/como-prevencao-ao-mes-das-chuvas-prefeitura-de-manaus-realiza-manutencao-de-galerias-pluviais-do-bairro-dom-pedro\/"},"modified":"2023-04-04T13:50:23","modified_gmt":"2023-04-04T16:50:23","slug":"como-prevencao-ao-mes-das-chuvas-prefeitura-de-manaus-realiza-manutencao-de-galerias-pluviais-do-bairro-dom-pedro","status":"publish","type":"post","link":"https:\/\/www.manaus.am.gov.br\/semcom\/como-prevencao-ao-mes-das-chuvas-prefeitura-de-manaus-realiza-manutencao-de-galerias-pluviais-do-bairro-dom-pedro\/","title":{"rendered":"<strong>Como preven\u00e7\u00e3o ao m\u00eas das chuvas, Prefeitura de Manaus realiza manuten\u00e7\u00e3o de galerias pluviais do bairro Dom Pedro<\/strong>"},"content":{"rendered":"\n<p>A Prefeitura de Manaus, por meio da Secretaria Municipal de Infraestrutura (Seminf), realiza manuten\u00e7\u00e3o nas galerias de \u00e1guas pluviais do bairro Dom Pedro, zona Centro-Oeste. As equipes atuam no local ap\u00f3s mapearem redes danificadas e obstru\u00eddas e intensificam, nesta ter\u00e7a-feira, 4\/4, os trabalhos preventivos \u00e0s fortes chuvas caracter\u00edsticas do m\u00eas de abril.<\/p>\n\n\n\n<p>Na avenida Ant\u00f4nio Raposo Tavares, o rompimento da rede de drenagem provocou uma eros\u00e3o e, consequentemente, o afundamento lateral da via. Os tubos danificados est\u00e3o sendo substitu\u00eddos por manilhas em concreto, uma tecnologia mais moderna e de maior durabilidade.<\/p>\n\n\n\n<p>Conforme a engenheira respons\u00e1vel pelas obras, Socorro Diniz, a alta das chuvas era marcada por alagamentos provocados pelo inadequado escoamento das \u00e1guas pluviais nas ruas e avenidas do bairro. \u201cAgora, mesmo com o volume de chuva acima da m\u00e9dia, essas intercorr\u00eancias t\u00eam diminu\u00eddo, gra\u00e7as ao trabalho preventivo realizado pela Seminf\u201d, afirmou Socorro.<\/p>\n\n\n\n<p>\u201cDiariamente desenvolvemos servi\u00e7os de limpeza, desobstru\u00e7\u00e3o, recupera\u00e7\u00e3o e reconstru\u00e7\u00e3o das tubula\u00e7\u00f5es de \u00e1guas pluviais, a fim de proporcionar o escoamento da \u00e1gua das chuvas, como determina o prefeito David Almeida e o secret\u00e1rio de Obras, Renato Junior. Intensificamos as a\u00e7\u00f5es e atuamos de maneira planejada, priorizando as obras emergenciais\u201d, complementou a engenheira.<\/p>\n\n\n\n<p>Outra frente de obras est\u00e1 na rua C\u00e9sar Emir Duarte, onde o foco do trabalho \u00e9 recuperar a rede de drenagem que rompeu devido \u00e0 sobrecarga de uma liga\u00e7\u00e3o clandestina de esgoto. As equipes est\u00e3o desfazendo a canaliza\u00e7\u00e3o irregular e trocando as pe\u00e7as danificadas da galeria subterr\u00e2nea, que tem a finalidade de comportar exclusivamente as \u00e1guas das chuvas.<\/p>\n\n\n\n<p>Na rua Ant\u00f4nio Lobo Sobrinho, o fluxo intenso de \u00e1guas provocou o desanelamento dos tubos. As equipes fazem o realinhamento para garantir o escoamento correto das \u00e1guas pluviais.<\/p>\n\n\n\n<p>As obras ser\u00e3o finalizadas com os servi\u00e7os de reaterro, recupera\u00e7\u00e3o asf\u00e1ltica e implanta\u00e7\u00e3o de meio-fio e sarjeta nos trechos atingidos.<\/p>\n\n\n\n<p>Em paralelo aos 17 distritos de obras espalhados na cidade, que realizam servi\u00e7os de infraestrutura, o programa \u201cAsfalta Manaus\u201d segue recapeando as vias da cidade, com a meta de asfaltar 10 mil vias.<\/p>\n\n\n\n<p>&#8212; &#8212; &#8212;<\/p>\n\n\n\n<p><strong>Texto &#8211;&nbsp;<\/strong>Valesca Martins \/ Seminf<\/p>\n\n\n\n<p><strong>Fotos \u2013&nbsp;<\/strong>Divulga\u00e7\u00e3o \/ Seminf<\/p>\n","protected":false},"excerpt":{"rendered":"","protected":false},"author":24,"featured_media":211563,"comment_status":"closed","ping_status":"closed","sticky":false,"template":"","format":"standard","meta":{"footnotes":""},"categories":[127],"tags":[2467,2081,35,2964,205,77,199,439,353,2965],"acf":[],"yoast_head":"<!-- This site is optimized with the Yoast SEO plugin v23.0 - https:\/\/yoast.com\/wordpress\/plugins\/seo\/ -->\n<title>Como preven\u00e7\u00e3o ao m\u00eas das chuvas, Prefeitura de Manaus realiza manuten\u00e7\u00e3o de galerias pluviais do bairro Dom Pedro<\/title>\n<meta name=\"description\" content=\"A Prefeitura de Manaus, por meio da Secretaria Municipal de Infraestrutura (Seminf), realiza manuten\u00e7\u00e3o nas galerias de \u00e1guas pluviais do bairro Dom Pedro, zona Centro-Oeste.\" \/>\n<meta name=\"robots\" content=\"index, follow, max-snippet:-1, max-image-preview:large, max-video-preview:-1\" \/>\n<link rel=\"canonical\" href=\"https:\/\/www.manaus.am.gov.br\/semcom\/como-prevencao-ao-mes-das-chuvas-prefeitura-de-manaus-realiza-manutencao-de-galerias-pluviais-do-bairro-dom-pedro\/\" \/>\n<meta property=\"og:locale\" content=\"pt_BR\" \/>\n<meta property=\"og:type\" content=\"article\" \/>\n<meta property=\"og:title\" content=\"Como preven\u00e7\u00e3o ao m\u00eas das chuvas, Prefeitura de Manaus realiza manuten\u00e7\u00e3o de galerias pluviais do bairro Dom Pedro\" \/>\n<meta property=\"og:description\" content=\"A Prefeitura de Manaus, por meio da Secretaria Municipal de Infraestrutura (Seminf), realiza manuten\u00e7\u00e3o nas galerias de \u00e1guas pluviais do bairro Dom Pedro, zona Centro-Oeste.\" \/>\n<meta property=\"og:url\" content=\"https:\/\/www.manaus.am.gov.br\/semcom\/como-prevencao-ao-mes-das-chuvas-prefeitura-de-manaus-realiza-manutencao-de-galerias-pluviais-do-bairro-dom-pedro\/\" \/>\n<meta property=\"og:site_name\" content=\"SEMCOM\" \/>\n<meta property=\"article:published_time\" content=\"2023-04-04T16:50:22+00:00\" \/>\n<meta property=\"article:modified_time\" content=\"2023-04-04T16:50:23+00:00\" \/>\n<meta property=\"og:image\" content=\"https:\/\/www.manaus.am.gov.br\/semcom\/wp-content\/uploads\/sites\/5\/2023\/04\/Como-prevencao-ao-mes-das-chuvas-Prefeitura-de-Manaus-realiza-manutencao-de-galerias-pluviais-do-bairro-Dom-Pedro-3.jpeg\" \/>\n\t<meta property=\"og:image:width\" content=\"1600\" \/>\n\t<meta property=\"og:image:height\" content=\"900\" \/>\n\t<meta property=\"og:image:type\" content=\"image\/jpeg\" \/>\n<meta name=\"author\" content=\"Cl\u00e1udia Barbosa\" \/>\n<meta name=\"twitter:card\" content=\"summary_large_image\" \/>\n<meta name=\"twitter:label1\" content=\"Written by\" \/>\n\t<meta name=\"twitter:data1\" content=\"Cl\u00e1udia Barbosa\" \/>\n\t<meta name=\"twitter:label2\" content=\"Est. reading time\" \/>\n\t<meta name=\"twitter:data2\" content=\"2 minutos\" \/>\n<script type=\"application\/ld+json\" class=\"yoast-schema-graph\">{\"@context\":\"https:\/\/schema.org\",\"@graph\":[{\"@type\":\"WebPage\",\"@id\":\"https:\/\/www.manaus.am.gov.br\/semcom\/como-prevencao-ao-mes-das-chuvas-prefeitura-de-manaus-realiza-manutencao-de-galerias-pluviais-do-bairro-dom-pedro\/\",\"url\":\"https:\/\/www.manaus.am.gov.br\/semcom\/como-prevencao-ao-mes-das-chuvas-prefeitura-de-manaus-realiza-manutencao-de-galerias-pluviais-do-bairro-dom-pedro\/\",\"name\":\"Como preven\u00e7\u00e3o ao m\u00eas das chuvas, Prefeitura de Manaus realiza manuten\u00e7\u00e3o de galerias pluviais do bairro Dom Pedro\",\"isPartOf\":{\"@id\":\"https:\/\/www.manaus.am.gov.br\/semcom\/#website\"},\"primaryImageOfPage\":{\"@id\":\"https:\/\/www.manaus.am.gov.br\/semcom\/como-prevencao-ao-mes-das-chuvas-prefeitura-de-manaus-realiza-manutencao-de-galerias-pluviais-do-bairro-dom-pedro\/#primaryimage\"},\"image\":{\"@id\":\"https:\/\/www.manaus.am.gov.br\/semcom\/como-prevencao-ao-mes-das-chuvas-prefeitura-de-manaus-realiza-manutencao-de-galerias-pluviais-do-bairro-dom-pedro\/#primaryimage\"},\"thumbnailUrl\":\"https:\/\/www.manaus.am.gov.br\/semcom\/wp-content\/uploads\/sites\/5\/2023\/04\/Como-prevencao-ao-mes-das-chuvas-Prefeitura-de-Manaus-realiza-manutencao-de-galerias-pluviais-do-bairro-Dom-Pedro-3.jpeg\",\"datePublished\":\"2023-04-04T16:50:22+00:00\",\"dateModified\":\"2023-04-04T16:50:23+00:00\",\"author\":{\"@id\":\"https:\/\/www.manaus.am.gov.br\/semcom\/#\/schema\/person\/d0a166b5031154c33c77794ddc9a827e\"},\"description\":\"A Prefeitura de Manaus, por meio da Secretaria Municipal de Infraestrutura (Seminf), realiza manuten\u00e7\u00e3o nas galerias de \u00e1guas pluviais do bairro Dom Pedro, zona Centro-Oeste.\",\"inLanguage\":\"pt-BR\",\"potentialAction\":[{\"@type\":\"ReadAction\",\"target\":[\"https:\/\/www.manaus.am.gov.br\/semcom\/como-prevencao-ao-mes-das-chuvas-prefeitura-de-manaus-realiza-manutencao-de-galerias-pluviais-do-bairro-dom-pedro\/\"]}]},{\"@type\":\"ImageObject\",\"inLanguage\":\"pt-BR\",\"@id\":\"https:\/\/www.manaus.am.gov.br\/semcom\/como-prevencao-ao-mes-das-chuvas-prefeitura-de-manaus-realiza-manutencao-de-galerias-pluviais-do-bairro-dom-pedro\/#primaryimage\",\"url\":\"https:\/\/www.manaus.am.gov.br\/semcom\/wp-content\/uploads\/sites\/5\/2023\/04\/Como-prevencao-ao-mes-das-chuvas-Prefeitura-de-Manaus-realiza-manutencao-de-galerias-pluviais-do-bairro-Dom-Pedro-3.jpeg\",\"contentUrl\":\"https:\/\/www.manaus.am.gov.br\/semcom\/wp-content\/uploads\/sites\/5\/2023\/04\/Como-prevencao-ao-mes-das-chuvas-Prefeitura-de-Manaus-realiza-manutencao-de-galerias-pluviais-do-bairro-Dom-Pedro-3.jpeg\",\"width\":1600,\"height\":900},{\"@type\":\"WebSite\",\"@id\":\"https:\/\/www.manaus.am.gov.br\/semcom\/#website\",\"url\":\"https:\/\/www.manaus.am.gov.br\/semcom\/\",\"name\":\"SEMCOM\",\"description\":\"Secretaria Municipal de Comunica\u00e7\u00e3o\",\"potentialAction\":[{\"@type\":\"SearchAction\",\"target\":{\"@type\":\"EntryPoint\",\"urlTemplate\":\"https:\/\/www.manaus.am.gov.br\/semcom\/?s={search_term_string}\"},\"query-input\":\"required name=search_term_string\"}],\"inLanguage\":\"pt-BR\"},{\"@type\":\"Person\",\"@id\":\"https:\/\/www.manaus.am.gov.br\/semcom\/#\/schema\/person\/d0a166b5031154c33c77794ddc9a827e\",\"name\":\"Cl\u00e1udia Barbosa\",\"image\":{\"@type\":\"ImageObject\",\"inLanguage\":\"pt-BR\",\"@id\":\"https:\/\/www.manaus.am.gov.br\/semcom\/#\/schema\/person\/image\/\",\"url\":\"https:\/\/secure.gravatar.com\/avatar\/42958a1cf007f1a00534009218c72590?s=96&d=mm&r=g\",\"contentUrl\":\"https:\/\/secure.gravatar.com\/avatar\/42958a1cf007f1a00534009218c72590?s=96&d=mm&r=g\",\"caption\":\"Cl\u00e1udia Barbosa\"}}]}<\/script>\n<!-- \/ Yoast SEO plugin. -->","yoast_head_json":{"title":"Como preven\u00e7\u00e3o ao m\u00eas das chuvas, Prefeitura de Manaus realiza manuten\u00e7\u00e3o de galerias pluviais do bairro Dom Pedro","description":"A Prefeitura de Manaus, por meio da Secretaria Municipal de Infraestrutura (Seminf), realiza manuten\u00e7\u00e3o nas galerias de \u00e1guas pluviais do bairro Dom Pedro, zona Centro-Oeste.","robots":{"index":"index","follow":"follow","max-snippet":"max-snippet:-1","max-image-preview":"max-image-preview:large","max-video-preview":"max-video-preview:-1"},"canonical":"https:\/\/www.manaus.am.gov.br\/semcom\/como-prevencao-ao-mes-das-chuvas-prefeitura-de-manaus-realiza-manutencao-de-galerias-pluviais-do-bairro-dom-pedro\/","og_locale":"pt_BR","og_type":"article","og_title":"Como preven\u00e7\u00e3o ao m\u00eas das chuvas, Prefeitura de Manaus realiza manuten\u00e7\u00e3o de galerias pluviais do bairro Dom Pedro","og_description":"A Prefeitura de Manaus, por meio da Secretaria Municipal de Infraestrutura (Seminf), realiza manuten\u00e7\u00e3o nas galerias de \u00e1guas pluviais do bairro Dom Pedro, zona Centro-Oeste.","og_url":"https:\/\/www.manaus.am.gov.br\/semcom\/como-prevencao-ao-mes-das-chuvas-prefeitura-de-manaus-realiza-manutencao-de-galerias-pluviais-do-bairro-dom-pedro\/","og_site_name":"SEMCOM","article_published_time":"2023-04-04T16:50:22+00:00","article_modified_time":"2023-04-04T16:50:23+00:00","og_image":[{"width":1600,"height":900,"url":"https:\/\/www.manaus.am.gov.br\/semcom\/wp-content\/uploads\/sites\/5\/2023\/04\/Como-prevencao-ao-mes-das-chuvas-Prefeitura-de-Manaus-realiza-manutencao-de-galerias-pluviais-do-bairro-Dom-Pedro-3.jpeg","type":"image\/jpeg"}],"author":"Cl\u00e1udia Barbosa","twitter_card":"summary_large_image","twitter_misc":{"Written by":"Cl\u00e1udia Barbosa","Est. reading time":"2 minutos"},"schema":{"@context":"https:\/\/schema.org","@graph":[{"@type":"WebPage","@id":"https:\/\/www.manaus.am.gov.br\/semcom\/como-prevencao-ao-mes-das-chuvas-prefeitura-de-manaus-realiza-manutencao-de-galerias-pluviais-do-bairro-dom-pedro\/","url":"https:\/\/www.manaus.am.gov.br\/semcom\/como-prevencao-ao-mes-das-chuvas-prefeitura-de-manaus-realiza-manutencao-de-galerias-pluviais-do-bairro-dom-pedro\/","name":"Como preven\u00e7\u00e3o ao m\u00eas das chuvas, Prefeitura de Manaus realiza manuten\u00e7\u00e3o de galerias pluviais do bairro Dom Pedro","isPartOf":{"@id":"https:\/\/www.manaus.am.gov.br\/semcom\/#website"},"primaryImageOfPage":{"@id":"https:\/\/www.manaus.am.gov.br\/semcom\/como-prevencao-ao-mes-das-chuvas-prefeitura-de-manaus-realiza-manutencao-de-galerias-pluviais-do-bairro-dom-pedro\/#primaryimage"},"image":{"@id":"https:\/\/www.manaus.am.gov.br\/semcom\/como-prevencao-ao-mes-das-chuvas-prefeitura-de-manaus-realiza-manutencao-de-galerias-pluviais-do-bairro-dom-pedro\/#primaryimage"},"thumbnailUrl":"https:\/\/www.manaus.am.gov.br\/semcom\/wp-content\/uploads\/sites\/5\/2023\/04\/Como-prevencao-ao-mes-das-chuvas-Prefeitura-de-Manaus-realiza-manutencao-de-galerias-pluviais-do-bairro-Dom-Pedro-3.jpeg","datePublished":"2023-04-04T16:50:22+00:00","dateModified":"2023-04-04T16:50:23+00:00","author":{"@id":"https:\/\/www.manaus.am.gov.br\/semcom\/#\/schema\/person\/d0a166b5031154c33c77794ddc9a827e"},"description":"A Prefeitura de Manaus, por meio da Secretaria Municipal de Infraestrutura (Seminf), realiza manuten\u00e7\u00e3o nas galerias de \u00e1guas pluviais do bairro Dom Pedro, zona Centro-Oeste.","inLanguage":"pt-BR","potentialAction":[{"@type":"ReadAction","target":["https:\/\/www.manaus.am.gov.br\/semcom\/como-prevencao-ao-mes-das-chuvas-prefeitura-de-manaus-realiza-manutencao-de-galerias-pluviais-do-bairro-dom-pedro\/"]}]},{"@type":"ImageObject","inLanguage":"pt-BR","@id":"https:\/\/www.manaus.am.gov.br\/semcom\/como-prevencao-ao-mes-das-chuvas-prefeitura-de-manaus-realiza-manutencao-de-galerias-pluviais-do-bairro-dom-pedro\/#primaryimage","url":"https:\/\/www.manaus.am.gov.br\/semcom\/wp-content\/uploads\/sites\/5\/2023\/04\/Como-prevencao-ao-mes-das-chuvas-Prefeitura-de-Manaus-realiza-manutencao-de-galerias-pluviais-do-bairro-Dom-Pedro-3.jpeg","contentUrl":"https:\/\/www.manaus.am.gov.br\/semcom\/wp-content\/uploads\/sites\/5\/2023\/04\/Como-prevencao-ao-mes-das-chuvas-Prefeitura-de-Manaus-realiza-manutencao-de-galerias-pluviais-do-bairro-Dom-Pedro-3.jpeg","width":1600,"height":900},{"@type":"WebSite","@id":"https:\/\/www.manaus.am.gov.br\/semcom\/#website","url":"https:\/\/www.manaus.am.gov.br\/semcom\/","name":"SEMCOM","description":"Secretaria Municipal de Comunica\u00e7\u00e3o","potentialAction":[{"@type":"SearchAction","target":{"@type":"EntryPoint","urlTemplate":"https:\/\/www.manaus.am.gov.br\/semcom\/?s={search_term_string}"},"query-input":"required name=search_term_string"}],"inLanguage":"pt-BR"},{"@type":"Person","@id":"https:\/\/www.manaus.am.gov.br\/semcom\/#\/schema\/person\/d0a166b5031154c33c77794ddc9a827e","name":"Cl\u00e1udia Barbosa","image":{"@type":"ImageObject","inLanguage":"pt-BR","@id":"https:\/\/www.manaus.am.gov.br\/semcom\/#\/schema\/person\/image\/","url":"https:\/\/secure.gravatar.com\/avatar\/42958a1cf007f1a00534009218c72590?s=96&d=mm&r=g","contentUrl":"https:\/\/secure.gravatar.com\/avatar\/42958a1cf007f1a00534009218c72590?s=96&d=mm&r=g","caption":"Cl\u00e1udia Barbosa"}}]}},"_links":{"self":[{"href":"https:\/\/www.manaus.am.gov.br\/semcom\/wp-json\/wp\/v2\/posts\/211562"}],"collection":[{"href":"https:\/\/www.manaus.am.gov.br\/semcom\/wp-json\/wp\/v2\/posts"}],"about":[{"href":"https:\/\/www.manaus.am.gov.br\/semcom\/wp-json\/wp\/v2\/types\/post"}],"author":[{"embeddable":true,"href":"https:\/\/www.manaus.am.gov.br\/semcom\/wp-json\/wp\/v2\/users\/24"}],"replies":[{"embeddable":true,"href":"https:\/\/www.manaus.am.gov.br\/semcom\/wp-json\/wp\/v2\/comments?post=211562"}],"version-history":[{"count":0,"href":"https:\/\/www.manaus.am.gov.br\/semcom\/wp-json\/wp\/v2\/posts\/211562\/revisions"}],"wp:featuredmedia":[{"embeddable":true,"href":"https:\/\/www.manaus.am.gov.br\/semcom\/wp-json\/wp\/v2\/media\/211563"}],"wp:attachment":[{"href":"https:\/\/www.manaus.am.gov.br\/semcom\/wp-json\/wp\/v2\/media?parent=211562"}],"wp:term":[{"taxonomy":"category","embeddable":true,"href":"https:\/\/www.manaus.am.gov.br\/semcom\/wp-json\/wp\/v2\/categories?post=211562"},{"taxonomy":"post_tag","embeddable":true,"href":"https:\/\/www.manaus.am.gov.br\/semcom\/wp-json\/wp\/v2\/tags?post=211562"}],"curies":[{"name":"wp","href":"https:\/\/api.w.org\/{rel}","templated":true}]}}